{"id":11262,"date":"2013-04-26T23:21:07","date_gmt":"2013-04-26T23:21:07","guid":{"rendered":"http:\/\/www.tvcnoticias.com.ar\/?p=11262"},"modified":"2013-04-26T23:21:07","modified_gmt":"2013-04-26T23:21:07","slug":"mas-herramientas-para-los-productores-del-distrito-fotos","status":"publish","type":"post","link":"https:\/\/www.celttv.com.ar\/index.php\/2013\/04\/26\/mas-herramientas-para-los-productores-del-distrito-fotos\/","title":{"rendered":"MAS HERRAMIENTAS PARA LOS PRODUCTORES DEL DISTRITO (fotos)"},"content":{"rendered":"<p><br \/>\nProductores del distrito de Tornquist se vieron beneficiados hoy con la entrega de moledoras y parideras que complementan los n\u00facleos gen\u00e9ticos porcinos entregados oportunamente para fortalecer el programa que se viene desarrollando, durante un acto que se llev\u00f3 a cabo en la ciudad de Pig\u00fc\u00e9, y que cont\u00f3 con la presencia del ministro de Asuntos Agrarios de la Provincia de Buenos Aires, Gustavo Arrieta, y el intendente municipal, licenciado Gustavo Trankels.<br \/>\nDe la jornada tambi\u00e9n participaron los jefes comunales Hugo Corvatta (Saavedra), Jabier Garc\u00e9s (Patagones), N\u00e9stor Alvarez (Guamin\u00ed) y Facundo Castelli (Puan), la diputada provincial Anal\u00eda Richmond, el Jefe de Gabinete del MAA, Juan Angel Cruz, y el subsecretario de Producci\u00f3n, Econom\u00eda y Desarrollo Rural bonaerense, Sergio Etchetto.<br \/>\nAdem\u00e1s estuvieron los secretarios de Producci\u00f3n de las comunas del sudoeste, entre ellos Ricardo Valentini, y tambi\u00e9n la concejal Patricia V\u00e1zquez.<br \/>\nDurante el acto, que se desarroll\u00f3 en el predio del aut\u00f3dgromo \u201cCiudad de Pig\u00fc\u00e9\u201d, Trankels realiz\u00f3 la entrega simb\u00f3lica de los elementos a los productores locales. En representaci\u00f3n de los mismos subi\u00f3 al escenario la ingeniera Berenice Muscillo.<br \/>\n\u201cDesde el gobierno nacional que conduce la presidenta Cristina Fern\u00e1ndez de Kirchner y el gobierno provincial que lleva adelante el gobernador Daniel Scioli se planific\u00f3 una pol\u00edtica muy clara para el tema puntual del cerdo. Los argentinos consumimos poco cerdo, por debajo de la media de la regi\u00f3n, pero no obstante se importa el 30 por ciento\u201d, se\u00f1al\u00f3 el ministro Arrieta.<br \/>\n\u201cDe tal manera, tenemos un 30 por ciento para avanzar, en virtud de la demanda interna y tenemos la posibilidad, por intermedio de un trabajo articulado que no puede dejar afuera a las entidades del sector y a las escuelas agropecuarias, de \u00b4progresar en la construcci\u00f3n de conciencia que les permita a todos los argentinos consumir una mayor cantidad de cerdo por habitante. Si as\u00ed no fuera, de todos modos tenemos mucho para crecer en t\u00e9rminos del mercado interno\u201d, consider\u00f3.<br \/>\nEste plan implementado desde la Provincia, con el apoyo del gobierno nacional, ayuda a fortalecer la producci\u00f3n porcina y el cambio de gen\u00e9tica en el distrito de Tornquist.<br \/>\n\u201cHace un a\u00f1o y medio \u00a0que estamos avanzando fuertemente con los n\u00facleos gen\u00e9ticos. Llevamos entregados alrededor de 70 en el sudoeste y 550 en toda la provincia de Buenos Aires, con el componente alimenticio y la entrega de una paridera m\u00f3vil para facilitar el trabajo de los productores y el circuito de asociaci\u00f3n\u201d, recalc\u00f3 y admiti\u00f3 que el objetivo es sustituir importaciones en el mediano plazo.<br \/>\n\u201cTenemos la intenci\u00f3n de avanzar para consolidar frigor\u00edficos regionales que permitan defender el precio del productor ante los grandes operadores y complementarlo con otro componente que consideramos b\u00e1sico, las pistas de engorde comunitarias\u201d, confi\u00f3.<br \/>\nAdem\u00e1s de lo ya mencionado, los productores del partido recibieron semillas. La entrega se enmarc\u00f3 dentro del Plan Ganadero que promueve el Ministerio de Asuntos Agrarios.<br \/>\nEl intendente Trankels agradeci\u00f3 el apoyo permanente del ministro de Agricultura, Ganader\u00eda y Pesca de la Naci\u00f3n, Norberto Yauhar, y del ministro de Asuntos Agrarios provincial, Gustavo Arrieta.<br \/>\n\u201cCon ellos hemos articulado distintos programas para ponerlos a disposici\u00f3n de nuestros peque\u00f1os y medianos productores\u201d, asegur\u00f3, al tiempo que destac\u00f3 el trabajo interdisciplinario que se est\u00e1 desarrollando con la Secretar\u00eda de Producci\u00f3n comunal, el INTA y ambos ministerios.<br \/>\n\u201cTambi\u00e9n quiero agradecerle a los productores que conf\u00edan en esta gesti\u00f3n de gobierno municipal, provincial y nacional. Por sobre todas las cosas, buscamos que nuestros productores agr\u00edcola ganaderos tengan m\u00e1s herramientas a disposici\u00f3n para producir y generar trabajo genuino\u201d, resalt\u00f3.<br \/>\nLos restantes distritos del sudoeste bonaerense tambi\u00e9n accedieron a m\u00f3dulos porcinos.<br \/>\n&nbsp;<\/p>\n","protected":false},"excerpt":{"rendered":"<p>Productores del distrito de Tornquist se vieron beneficiados hoy con la entrega de moledoras y parideras que complementan los n\u00facleos gen\u00e9ticos porcinos entregados oportunamente para fortalecer el programa que se viene desarrollando, durante un acto que se llev\u00f3 a cabo en la ciudad de Pig\u00fc\u00e9, y que cont\u00f3 con la presencia del ministro de Asuntos [&hellip;]<\/p>\n","protected":false},"author":1,"featured_media":0,"comment_status":"closed","ping_status":"open","sticky":false,"template":"","format":"standard","meta":{"footnotes":""},"categories":[51,52,53],"tags":[],"class_list":["post-11262","post","type-post","status-publish","format-standard","hentry","category-comunidad","category-destacadas","category-politica"],"yoast_head":"<!-- This site is optimized with the Yoast SEO plugin v19.7.1 - https:\/\/yoast.com\/wordpress\/plugins\/seo\/ -->\n<title>MAS HERRAMIENTAS PARA LOS PRODUCTORES DEL DISTRITO (fotos) - CELTTV<\/title>\n<meta name=\"description\" content=\"Sitio web de noticias de la localidad de Tornquist, provincia de Buenos Aires, Rep\u00fablica Argentina. Contenido propio originado por periodistas de CELTTV, el canal de TV local de la Cooperativa El\u00e9ctrica de Tornquist. Turismo, Pol\u00edtica, Sociedad, Deporte, Cultura y todo el contenido de inter\u00e9s general que la gente del pueblo y la regi\u00f3n debe conocer.\" \/>\n<meta name=\"robots\" content=\"index, follow, max-snippet:-1, max-image-preview:large, max-video-preview:-1\" \/>\n<link rel=\"canonical\" href=\"https:\/\/www.celttv.com.ar\/index.php\/2013\/04\/26\/mas-herramientas-para-los-productores-del-distrito-fotos\/\" \/>\n<meta property=\"og:locale\" content=\"es_ES\" \/>\n<meta property=\"og:type\" content=\"article\" \/>\n<meta property=\"og:title\" content=\"MAS HERRAMIENTAS PARA LOS PRODUCTORES DEL DISTRITO (fotos) - CELTTV\" \/>\n<meta property=\"og:description\" content=\"Sitio web de noticias de la localidad de Tornquist, provincia de Buenos Aires, Rep\u00fablica Argentina. Contenido propio originado por periodistas de CELTTV, el canal de TV local de la Cooperativa El\u00e9ctrica de Tornquist. Turismo, Pol\u00edtica, Sociedad, Deporte, Cultura y todo el contenido de inter\u00e9s general que la gente del pueblo y la regi\u00f3n debe conocer.\" \/>\n<meta property=\"og:url\" content=\"https:\/\/www.celttv.com.ar\/index.php\/2013\/04\/26\/mas-herramientas-para-los-productores-del-distrito-fotos\/\" \/>\n<meta property=\"og:site_name\" content=\"CELTTV\" \/>\n<meta property=\"article:publisher\" content=\"https:\/\/www.facebook.com\/celtTV\/\" \/>\n<meta property=\"article:published_time\" content=\"2013-04-26T23:21:07+00:00\" \/>\n<meta name=\"author\" content=\"ulises\" \/>\n<meta name=\"twitter:card\" content=\"summary_large_image\" \/>\n<meta name=\"twitter:label1\" content=\"Escrito por\" \/>\n\t<meta name=\"twitter:data1\" content=\"ulises\" \/>\n\t<meta name=\"twitter:label2\" content=\"Tiempo de lectura\" \/>\n\t<meta name=\"twitter:data2\" content=\"3 minutos\" \/>\n<script type=\"application\/ld+json\" class=\"yoast-schema-graph\">{\"@context\":\"https:\/\/schema.org\",\"@graph\":[{\"@type\":\"NewsArticle\",\"@id\":\"https:\/\/www.celttv.com.ar\/index.php\/2013\/04\/26\/mas-herramientas-para-los-productores-del-distrito-fotos\/#article\",\"isPartOf\":{\"@id\":\"https:\/\/www.celttv.com.ar\/index.php\/2013\/04\/26\/mas-herramientas-para-los-productores-del-distrito-fotos\/\"},\"author\":{\"name\":\"ulises\",\"@id\":\"https:\/\/www.celttv.com.ar\/#\/schema\/person\/6d99c072dba59953809c81446e9d0ace\"},\"headline\":\"MAS HERRAMIENTAS PARA LOS PRODUCTORES DEL DISTRITO (fotos)\",\"datePublished\":\"2013-04-26T23:21:07+00:00\",\"dateModified\":\"2013-04-26T23:21:07+00:00\",\"mainEntityOfPage\":{\"@id\":\"https:\/\/www.celttv.com.ar\/index.php\/2013\/04\/26\/mas-herramientas-para-los-productores-del-distrito-fotos\/\"},\"wordCount\":645,\"publisher\":{\"@id\":\"https:\/\/www.celttv.com.ar\/#organization\"},\"articleSection\":[\"Comunidad\",\"Destacadas\",\"Pol\u00edtica\"],\"inLanguage\":\"es\"},{\"@type\":\"WebPage\",\"@id\":\"https:\/\/www.celttv.com.ar\/index.php\/2013\/04\/26\/mas-herramientas-para-los-productores-del-distrito-fotos\/\",\"url\":\"https:\/\/www.celttv.com.ar\/index.php\/2013\/04\/26\/mas-herramientas-para-los-productores-del-distrito-fotos\/\",\"name\":\"MAS HERRAMIENTAS PARA LOS PRODUCTORES DEL DISTRITO (fotos) - CELTTV\",\"isPartOf\":{\"@id\":\"https:\/\/www.celttv.com.ar\/#website\"},\"datePublished\":\"2013-04-26T23:21:07+00:00\",\"dateModified\":\"2013-04-26T23:21:07+00:00\",\"description\":\"Sitio web de noticias de la localidad de Tornquist, provincia de Buenos Aires, Rep\u00fablica Argentina. Contenido propio originado por periodistas de CELTTV, el canal de TV local de la Cooperativa El\u00e9ctrica de Tornquist. Turismo, Pol\u00edtica, Sociedad, Deporte, Cultura y todo el contenido de inter\u00e9s general que la gente del pueblo y la regi\u00f3n debe conocer.\",\"breadcrumb\":{\"@id\":\"https:\/\/www.celttv.com.ar\/index.php\/2013\/04\/26\/mas-herramientas-para-los-productores-del-distrito-fotos\/#breadcrumb\"},\"inLanguage\":\"es\",\"potentialAction\":[{\"@type\":\"ReadAction\",\"target\":[\"https:\/\/www.celttv.com.ar\/index.php\/2013\/04\/26\/mas-herramientas-para-los-productores-del-distrito-fotos\/\"]}]},{\"@type\":\"BreadcrumbList\",\"@id\":\"https:\/\/www.celttv.com.ar\/index.php\/2013\/04\/26\/mas-herramientas-para-los-productores-del-distrito-fotos\/#breadcrumb\",\"itemListElement\":[{\"@type\":\"ListItem\",\"position\":1,\"name\":\"Inicio\",\"item\":\"https:\/\/www.celttv.com.ar\/\"},{\"@type\":\"ListItem\",\"position\":2,\"name\":\"MAS HERRAMIENTAS PARA LOS PRODUCTORES DEL DISTRITO (fotos)\"}]},{\"@type\":\"WebSite\",\"@id\":\"https:\/\/www.celttv.com.ar\/#website\",\"url\":\"https:\/\/www.celttv.com.ar\/\",\"name\":\"CELTTV\",\"description\":\"Cooperativa El\u00e9ctrica de Tornquist\",\"publisher\":{\"@id\":\"https:\/\/www.celttv.com.ar\/#organization\"},\"potentialAction\":[{\"@type\":\"SearchAction\",\"target\":{\"@type\":\"EntryPoint\",\"urlTemplate\":\"https:\/\/www.celttv.com.ar\/?s={search_term_string}\"},\"query-input\":\"required name=search_term_string\"}],\"inLanguage\":\"es\"},{\"@type\":\"Organization\",\"@id\":\"https:\/\/www.celttv.com.ar\/#organization\",\"name\":\"CELTTV\",\"url\":\"https:\/\/www.celttv.com.ar\/\",\"sameAs\":[\"https:\/\/www.youtube.com\/channel\/UCz_oIt8Hig64Ub-EmcNPIhg\",\"https:\/\/www.facebook.com\/celtTV\/\"],\"logo\":{\"@type\":\"ImageObject\",\"inLanguage\":\"es\",\"@id\":\"https:\/\/www.celttv.com.ar\/#\/schema\/logo\/image\/\",\"url\":\"http:\/\/www.celttv.com.ar\/wp-content\/uploads\/2022\/08\/logo-1.png\",\"contentUrl\":\"http:\/\/www.celttv.com.ar\/wp-content\/uploads\/2022\/08\/logo-1.png\",\"width\":461,\"height\":159,\"caption\":\"CELTTV\"},\"image\":{\"@id\":\"https:\/\/www.celttv.com.ar\/#\/schema\/logo\/image\/\"}},{\"@type\":\"Person\",\"@id\":\"https:\/\/www.celttv.com.ar\/#\/schema\/person\/6d99c072dba59953809c81446e9d0ace\",\"name\":\"ulises\",\"image\":{\"@type\":\"ImageObject\",\"inLanguage\":\"es\",\"@id\":\"https:\/\/www.celttv.com.ar\/#\/schema\/person\/image\/\",\"url\":\"https:\/\/secure.gravatar.com\/avatar\/7f2c48bdc33b30088f941fb6082e555f2874c98e20cb159d7b92b50eadfce793?s=96&d=mm&r=g\",\"contentUrl\":\"https:\/\/secure.gravatar.com\/avatar\/7f2c48bdc33b30088f941fb6082e555f2874c98e20cb159d7b92b50eadfce793?s=96&d=mm&r=g\",\"caption\":\"ulises\"},\"sameAs\":[\"http:\/\/www.celttv.com.ar\"]}]}<\/script>\n<!-- \/ Yoast SEO plugin. -->","yoast_head_json":{"title":"MAS HERRAMIENTAS PARA LOS PRODUCTORES DEL DISTRITO (fotos) - CELTTV","description":"Sitio web de noticias de la localidad de Tornquist, provincia de Buenos Aires, Rep\u00fablica Argentina. Contenido propio originado por periodistas de CELTTV, el canal de TV local de la Cooperativa El\u00e9ctrica de Tornquist. Turismo, Pol\u00edtica, Sociedad, Deporte, Cultura y todo el contenido de inter\u00e9s general que la gente del pueblo y la regi\u00f3n debe conocer.","robots":{"index":"index","follow":"follow","max-snippet":"max-snippet:-1","max-image-preview":"max-image-preview:large","max-video-preview":"max-video-preview:-1"},"canonical":"https:\/\/www.celttv.com.ar\/index.php\/2013\/04\/26\/mas-herramientas-para-los-productores-del-distrito-fotos\/","og_locale":"es_ES","og_type":"article","og_title":"MAS HERRAMIENTAS PARA LOS PRODUCTORES DEL DISTRITO (fotos) - CELTTV","og_description":"Sitio web de noticias de la localidad de Tornquist, provincia de Buenos Aires, Rep\u00fablica Argentina. Contenido propio originado por periodistas de CELTTV, el canal de TV local de la Cooperativa El\u00e9ctrica de Tornquist. Turismo, Pol\u00edtica, Sociedad, Deporte, Cultura y todo el contenido de inter\u00e9s general que la gente del pueblo y la regi\u00f3n debe conocer.","og_url":"https:\/\/www.celttv.com.ar\/index.php\/2013\/04\/26\/mas-herramientas-para-los-productores-del-distrito-fotos\/","og_site_name":"CELTTV","article_publisher":"https:\/\/www.facebook.com\/celtTV\/","article_published_time":"2013-04-26T23:21:07+00:00","author":"ulises","twitter_card":"summary_large_image","twitter_misc":{"Escrito por":"ulises","Tiempo de lectura":"3 minutos"},"schema":{"@context":"https:\/\/schema.org","@graph":[{"@type":"NewsArticle","@id":"https:\/\/www.celttv.com.ar\/index.php\/2013\/04\/26\/mas-herramientas-para-los-productores-del-distrito-fotos\/#article","isPartOf":{"@id":"https:\/\/www.celttv.com.ar\/index.php\/2013\/04\/26\/mas-herramientas-para-los-productores-del-distrito-fotos\/"},"author":{"name":"ulises","@id":"https:\/\/www.celttv.com.ar\/#\/schema\/person\/6d99c072dba59953809c81446e9d0ace"},"headline":"MAS HERRAMIENTAS PARA LOS PRODUCTORES DEL DISTRITO (fotos)","datePublished":"2013-04-26T23:21:07+00:00","dateModified":"2013-04-26T23:21:07+00:00","mainEntityOfPage":{"@id":"https:\/\/www.celttv.com.ar\/index.php\/2013\/04\/26\/mas-herramientas-para-los-productores-del-distrito-fotos\/"},"wordCount":645,"publisher":{"@id":"https:\/\/www.celttv.com.ar\/#organization"},"articleSection":["Comunidad","Destacadas","Pol\u00edtica"],"inLanguage":"es"},{"@type":"WebPage","@id":"https:\/\/www.celttv.com.ar\/index.php\/2013\/04\/26\/mas-herramientas-para-los-productores-del-distrito-fotos\/","url":"https:\/\/www.celttv.com.ar\/index.php\/2013\/04\/26\/mas-herramientas-para-los-productores-del-distrito-fotos\/","name":"MAS HERRAMIENTAS PARA LOS PRODUCTORES DEL DISTRITO (fotos) - CELTTV","isPartOf":{"@id":"https:\/\/www.celttv.com.ar\/#website"},"datePublished":"2013-04-26T23:21:07+00:00","dateModified":"2013-04-26T23:21:07+00:00","description":"Sitio web de noticias de la localidad de Tornquist, provincia de Buenos Aires, Rep\u00fablica Argentina. Contenido propio originado por periodistas de CELTTV, el canal de TV local de la Cooperativa El\u00e9ctrica de Tornquist. Turismo, Pol\u00edtica, Sociedad, Deporte, Cultura y todo el contenido de inter\u00e9s general que la gente del pueblo y la regi\u00f3n debe conocer.","breadcrumb":{"@id":"https:\/\/www.celttv.com.ar\/index.php\/2013\/04\/26\/mas-herramientas-para-los-productores-del-distrito-fotos\/#breadcrumb"},"inLanguage":"es","potentialAction":[{"@type":"ReadAction","target":["https:\/\/www.celttv.com.ar\/index.php\/2013\/04\/26\/mas-herramientas-para-los-productores-del-distrito-fotos\/"]}]},{"@type":"BreadcrumbList","@id":"https:\/\/www.celttv.com.ar\/index.php\/2013\/04\/26\/mas-herramientas-para-los-productores-del-distrito-fotos\/#breadcrumb","itemListElement":[{"@type":"ListItem","position":1,"name":"Inicio","item":"https:\/\/www.celttv.com.ar\/"},{"@type":"ListItem","position":2,"name":"MAS HERRAMIENTAS PARA LOS PRODUCTORES DEL DISTRITO (fotos)"}]},{"@type":"WebSite","@id":"https:\/\/www.celttv.com.ar\/#website","url":"https:\/\/www.celttv.com.ar\/","name":"CELTTV","description":"Cooperativa El\u00e9ctrica de Tornquist","publisher":{"@id":"https:\/\/www.celttv.com.ar\/#organization"},"potentialAction":[{"@type":"SearchAction","target":{"@type":"EntryPoint","urlTemplate":"https:\/\/www.celttv.com.ar\/?s={search_term_string}"},"query-input":"required name=search_term_string"}],"inLanguage":"es"},{"@type":"Organization","@id":"https:\/\/www.celttv.com.ar\/#organization","name":"CELTTV","url":"https:\/\/www.celttv.com.ar\/","sameAs":["https:\/\/www.youtube.com\/channel\/UCz_oIt8Hig64Ub-EmcNPIhg","https:\/\/www.facebook.com\/celtTV\/"],"logo":{"@type":"ImageObject","inLanguage":"es","@id":"https:\/\/www.celttv.com.ar\/#\/schema\/logo\/image\/","url":"http:\/\/www.celttv.com.ar\/wp-content\/uploads\/2022\/08\/logo-1.png","contentUrl":"http:\/\/www.celttv.com.ar\/wp-content\/uploads\/2022\/08\/logo-1.png","width":461,"height":159,"caption":"CELTTV"},"image":{"@id":"https:\/\/www.celttv.com.ar\/#\/schema\/logo\/image\/"}},{"@type":"Person","@id":"https:\/\/www.celttv.com.ar\/#\/schema\/person\/6d99c072dba59953809c81446e9d0ace","name":"ulises","image":{"@type":"ImageObject","inLanguage":"es","@id":"https:\/\/www.celttv.com.ar\/#\/schema\/person\/image\/","url":"https:\/\/secure.gravatar.com\/avatar\/7f2c48bdc33b30088f941fb6082e555f2874c98e20cb159d7b92b50eadfce793?s=96&d=mm&r=g","contentUrl":"https:\/\/secure.gravatar.com\/avatar\/7f2c48bdc33b30088f941fb6082e555f2874c98e20cb159d7b92b50eadfce793?s=96&d=mm&r=g","caption":"ulises"},"sameAs":["http:\/\/www.celttv.com.ar"]}]}},"_links":{"self":[{"href":"https:\/\/www.celttv.com.ar\/index.php\/wp-json\/wp\/v2\/posts\/11262","targetHints":{"allow":["GET"]}}],"collection":[{"href":"https:\/\/www.celttv.com.ar\/index.php\/wp-json\/wp\/v2\/posts"}],"about":[{"href":"https:\/\/www.celttv.com.ar\/index.php\/wp-json\/wp\/v2\/types\/post"}],"author":[{"embeddable":true,"href":"https:\/\/www.celttv.com.ar\/index.php\/wp-json\/wp\/v2\/users\/1"}],"replies":[{"embeddable":true,"href":"https:\/\/www.celttv.com.ar\/index.php\/wp-json\/wp\/v2\/comments?post=11262"}],"version-history":[{"count":0,"href":"https:\/\/www.celttv.com.ar\/index.php\/wp-json\/wp\/v2\/posts\/11262\/revisions"}],"wp:attachment":[{"href":"https:\/\/www.celttv.com.ar\/index.php\/wp-json\/wp\/v2\/media?parent=11262"}],"wp:term":[{"taxonomy":"category","embeddable":true,"href":"https:\/\/www.celttv.com.ar\/index.php\/wp-json\/wp\/v2\/categories?post=11262"},{"taxonomy":"post_tag","embeddable":true,"href":"https:\/\/www.celttv.com.ar\/index.php\/wp-json\/wp\/v2\/tags?post=11262"}],"curies":[{"name":"wp","href":"https:\/\/api.w.org\/{rel}","templated":true}]}}