{"id":11300,"date":"2013-04-29T22:26:49","date_gmt":"2013-04-29T22:26:49","guid":{"rendered":"http:\/\/www.tvcnoticias.com.ar\/?p=11300"},"modified":"2013-04-29T22:26:49","modified_gmt":"2013-04-29T22:26:49","slug":"tres-heridos-en-un-accidente-en-el-acceso-a-saldungaray-fotos","status":"publish","type":"post","link":"https:\/\/www.celttv.com.ar\/index.php\/2013\/04\/29\/tres-heridos-en-un-accidente-en-el-acceso-a-saldungaray-fotos\/","title":{"rendered":"TRES HERIDOS EN UN ACCIDENTE EN EL ACCESO A SALDUNGARAY (Fotos)"},"content":{"rendered":"<p>En la madrugada del d\u00eda de la fecha, personal policial de Saldungaray intervino en el despiste sucedido en la curva de acceso esta localidad por ruta provincial n\u00b0 72 a escasos metros del Rio Sauce Grande del veh\u00edculo FIAT PALIO dominio EAN-591 conducido por el ciudadano JORGE ANSELMO ANGLADETTE de 45 a\u00f1os de edad quien era acompa\u00f1ado por su hijo menor de edad, su madre NELIDA OFELIA GIORDANO de 63 a\u00f1os y su padrastro CARLOS ROBERTO FARCY de 64 a\u00f1os, todos ellos oriundos de la localidad de Coronel Pringles.<br \/>\nEl siniestro sucedi\u00f3 circunstancias en que el veh\u00edculo mencionado circulaba en direcci\u00f3n Fra-Pal \u2013 Saldungaray, donde al ingresar a la curva es encandilado por otro veh\u00edculo que circulaba en direcci\u00f3n contraria perdi\u00e9ndose la noci\u00f3n de giro produci\u00e9ndose el despiste y posterior choque contra el guarda raid con su cubierta delantera derecha golpeando luego, por la misma inercia, con todo el lateral derecho del veh\u00edculo contra el elemento de seguridad para posteriormente continuar por varios metros sobre el centro de la cinta asf\u00e1ltica.<br \/>\nComo consecuencia y con la r\u00e1pida presencia de la ambulancia local, fueron trasladados hasta la Sala de Primeros Auxilios de este medio los ciudadanos <strong>ANGLADETTE<\/strong> quien sufri\u00f3 fractura de clav\u00edcula derecha, la ciudadana <strong>N\u00c9LIDA OFELIA GIORDANO<\/strong> cual sufri\u00f3 traumatismo de muslo derecho y <strong>CARLOS ROBERTO FARCY<\/strong> quien sufri\u00f3 Traumatismo de Cr\u00e1neo con herida cortante en cuero cabelludo y traumatismo de hemitorax derecho cerrado, todos ellos fuera de peligro, mientras que el menor result\u00f3 ileso.<br \/>\nA ra\u00edz de ello, se iniciaron actuaciones caratuladas \u201c<strong><span style=\"text-decoration: underline;\">ACCIDENTE Y LESIONES CULPOSAS DESISTIDAS<\/span><\/strong>\u201d\u00a0 con injerencia de la Ayudant\u00eda Fiscal del partido de Tornquist a cargo del Dr. Mauro Marini del Departamento Judicial de la ciudad de Bah\u00eda Blanca.<br \/>\nFdo. SERGIO MARTIN GUZMAN \u2013 OFICIAL PRINCIPAL &#8211;\u00a0 JEFE DE LA SUBESTACI\u00d3N DE POLIC\u00cdA COMUNAL SALDUNGARAY.-<br \/>\n<br \/>\n<strong> <\/strong><br \/>\n&nbsp;<\/p>\n","protected":false},"excerpt":{"rendered":"<p>En la madrugada del d\u00eda de la fecha, personal policial de Saldungaray intervino en el despiste sucedido en la curva de acceso esta localidad por ruta provincial n\u00b0 72 a escasos metros del Rio Sauce Grande del veh\u00edculo FIAT PALIO dominio EAN-591 conducido por el ciudadano JORGE ANSELMO ANGLADETTE de 45 a\u00f1os de edad quien [&hellip;]<\/p>\n","protected":false},"author":1,"featured_media":0,"comment_status":"closed","ping_status":"open","sticky":false,"template":"","format":"standard","meta":{"footnotes":""},"categories":[52,61],"tags":[],"class_list":["post-11300","post","type-post","status-publish","format-standard","hentry","category-destacadas","category-policiales"],"yoast_head":"<!-- This site is optimized with the Yoast SEO plugin v19.7.1 - https:\/\/yoast.com\/wordpress\/plugins\/seo\/ -->\n<title>TRES HERIDOS EN UN ACCIDENTE EN EL ACCESO A SALDUNGARAY (Fotos) - CELTTV<\/title>\n<meta name=\"description\" content=\"Sitio web de noticias de la localidad de Tornquist, provincia de Buenos Aires, Rep\u00fablica Argentina. Contenido propio originado por periodistas de CELTTV, el canal de TV local de la Cooperativa El\u00e9ctrica de Tornquist. Turismo, Pol\u00edtica, Sociedad, Deporte, Cultura y todo el contenido de inter\u00e9s general que la gente del pueblo y la regi\u00f3n debe conocer.\" \/>\n<meta name=\"robots\" content=\"index, follow, max-snippet:-1, max-image-preview:large, max-video-preview:-1\" \/>\n<link rel=\"canonical\" href=\"https:\/\/www.celttv.com.ar\/index.php\/2013\/04\/29\/tres-heridos-en-un-accidente-en-el-acceso-a-saldungaray-fotos\/\" \/>\n<meta property=\"og:locale\" content=\"es_ES\" \/>\n<meta property=\"og:type\" content=\"article\" \/>\n<meta property=\"og:title\" content=\"TRES HERIDOS EN UN ACCIDENTE EN EL ACCESO A SALDUNGARAY (Fotos) - CELTTV\" \/>\n<meta property=\"og:description\" content=\"Sitio web de noticias de la localidad de Tornquist, provincia de Buenos Aires, Rep\u00fablica Argentina. Contenido propio originado por periodistas de CELTTV, el canal de TV local de la Cooperativa El\u00e9ctrica de Tornquist. Turismo, Pol\u00edtica, Sociedad, Deporte, Cultura y todo el contenido de inter\u00e9s general que la gente del pueblo y la regi\u00f3n debe conocer.\" \/>\n<meta property=\"og:url\" content=\"https:\/\/www.celttv.com.ar\/index.php\/2013\/04\/29\/tres-heridos-en-un-accidente-en-el-acceso-a-saldungaray-fotos\/\" \/>\n<meta property=\"og:site_name\" content=\"CELTTV\" \/>\n<meta property=\"article:publisher\" content=\"https:\/\/www.facebook.com\/celtTV\/\" \/>\n<meta property=\"article:published_time\" content=\"2013-04-29T22:26:49+00:00\" \/>\n<meta name=\"author\" content=\"ulises\" \/>\n<meta name=\"twitter:card\" content=\"summary_large_image\" \/>\n<meta name=\"twitter:label1\" content=\"Escrito por\" \/>\n\t<meta name=\"twitter:data1\" content=\"ulises\" \/>\n\t<meta name=\"twitter:label2\" content=\"Tiempo de lectura\" \/>\n\t<meta name=\"twitter:data2\" content=\"2 minutos\" \/>\n<script type=\"application\/ld+json\" class=\"yoast-schema-graph\">{\"@context\":\"https:\/\/schema.org\",\"@graph\":[{\"@type\":\"NewsArticle\",\"@id\":\"https:\/\/www.celttv.com.ar\/index.php\/2013\/04\/29\/tres-heridos-en-un-accidente-en-el-acceso-a-saldungaray-fotos\/#article\",\"isPartOf\":{\"@id\":\"https:\/\/www.celttv.com.ar\/index.php\/2013\/04\/29\/tres-heridos-en-un-accidente-en-el-acceso-a-saldungaray-fotos\/\"},\"author\":{\"name\":\"ulises\",\"@id\":\"https:\/\/www.celttv.com.ar\/#\/schema\/person\/6d99c072dba59953809c81446e9d0ace\"},\"headline\":\"TRES HERIDOS EN UN ACCIDENTE EN EL ACCESO A SALDUNGARAY (Fotos)\",\"datePublished\":\"2013-04-29T22:26:49+00:00\",\"dateModified\":\"2013-04-29T22:26:49+00:00\",\"mainEntityOfPage\":{\"@id\":\"https:\/\/www.celttv.com.ar\/index.php\/2013\/04\/29\/tres-heridos-en-un-accidente-en-el-acceso-a-saldungaray-fotos\/\"},\"wordCount\":334,\"publisher\":{\"@id\":\"https:\/\/www.celttv.com.ar\/#organization\"},\"articleSection\":[\"Destacadas\",\"Policiales\"],\"inLanguage\":\"es\"},{\"@type\":\"WebPage\",\"@id\":\"https:\/\/www.celttv.com.ar\/index.php\/2013\/04\/29\/tres-heridos-en-un-accidente-en-el-acceso-a-saldungaray-fotos\/\",\"url\":\"https:\/\/www.celttv.com.ar\/index.php\/2013\/04\/29\/tres-heridos-en-un-accidente-en-el-acceso-a-saldungaray-fotos\/\",\"name\":\"TRES HERIDOS EN UN ACCIDENTE EN EL ACCESO A SALDUNGARAY (Fotos) - CELTTV\",\"isPartOf\":{\"@id\":\"https:\/\/www.celttv.com.ar\/#website\"},\"datePublished\":\"2013-04-29T22:26:49+00:00\",\"dateModified\":\"2013-04-29T22:26:49+00:00\",\"description\":\"Sitio web de noticias de la localidad de Tornquist, provincia de Buenos Aires, Rep\u00fablica Argentina. Contenido propio originado por periodistas de CELTTV, el canal de TV local de la Cooperativa El\u00e9ctrica de Tornquist. Turismo, Pol\u00edtica, Sociedad, Deporte, Cultura y todo el contenido de inter\u00e9s general que la gente del pueblo y la regi\u00f3n debe conocer.\",\"breadcrumb\":{\"@id\":\"https:\/\/www.celttv.com.ar\/index.php\/2013\/04\/29\/tres-heridos-en-un-accidente-en-el-acceso-a-saldungaray-fotos\/#breadcrumb\"},\"inLanguage\":\"es\",\"potentialAction\":[{\"@type\":\"ReadAction\",\"target\":[\"https:\/\/www.celttv.com.ar\/index.php\/2013\/04\/29\/tres-heridos-en-un-accidente-en-el-acceso-a-saldungaray-fotos\/\"]}]},{\"@type\":\"BreadcrumbList\",\"@id\":\"https:\/\/www.celttv.com.ar\/index.php\/2013\/04\/29\/tres-heridos-en-un-accidente-en-el-acceso-a-saldungaray-fotos\/#breadcrumb\",\"itemListElement\":[{\"@type\":\"ListItem\",\"position\":1,\"name\":\"Inicio\",\"item\":\"https:\/\/www.celttv.com.ar\/\"},{\"@type\":\"ListItem\",\"position\":2,\"name\":\"TRES HERIDOS EN UN ACCIDENTE EN EL ACCESO A SALDUNGARAY (Fotos)\"}]},{\"@type\":\"WebSite\",\"@id\":\"https:\/\/www.celttv.com.ar\/#website\",\"url\":\"https:\/\/www.celttv.com.ar\/\",\"name\":\"CELTTV\",\"description\":\"Cooperativa El\u00e9ctrica de Tornquist\",\"publisher\":{\"@id\":\"https:\/\/www.celttv.com.ar\/#organization\"},\"potentialAction\":[{\"@type\":\"SearchAction\",\"target\":{\"@type\":\"EntryPoint\",\"urlTemplate\":\"https:\/\/www.celttv.com.ar\/?s={search_term_string}\"},\"query-input\":\"required name=search_term_string\"}],\"inLanguage\":\"es\"},{\"@type\":\"Organization\",\"@id\":\"https:\/\/www.celttv.com.ar\/#organization\",\"name\":\"CELTTV\",\"url\":\"https:\/\/www.celttv.com.ar\/\",\"sameAs\":[\"https:\/\/www.youtube.com\/channel\/UCz_oIt8Hig64Ub-EmcNPIhg\",\"https:\/\/www.facebook.com\/celtTV\/\"],\"logo\":{\"@type\":\"ImageObject\",\"inLanguage\":\"es\",\"@id\":\"https:\/\/www.celttv.com.ar\/#\/schema\/logo\/image\/\",\"url\":\"http:\/\/www.celttv.com.ar\/wp-content\/uploads\/2022\/08\/logo-1.png\",\"contentUrl\":\"http:\/\/www.celttv.com.ar\/wp-content\/uploads\/2022\/08\/logo-1.png\",\"width\":461,\"height\":159,\"caption\":\"CELTTV\"},\"image\":{\"@id\":\"https:\/\/www.celttv.com.ar\/#\/schema\/logo\/image\/\"}},{\"@type\":\"Person\",\"@id\":\"https:\/\/www.celttv.com.ar\/#\/schema\/person\/6d99c072dba59953809c81446e9d0ace\",\"name\":\"ulises\",\"image\":{\"@type\":\"ImageObject\",\"inLanguage\":\"es\",\"@id\":\"https:\/\/www.celttv.com.ar\/#\/schema\/person\/image\/\",\"url\":\"https:\/\/secure.gravatar.com\/avatar\/7f2c48bdc33b30088f941fb6082e555f2874c98e20cb159d7b92b50eadfce793?s=96&d=mm&r=g\",\"contentUrl\":\"https:\/\/secure.gravatar.com\/avatar\/7f2c48bdc33b30088f941fb6082e555f2874c98e20cb159d7b92b50eadfce793?s=96&d=mm&r=g\",\"caption\":\"ulises\"},\"sameAs\":[\"http:\/\/www.celttv.com.ar\"]}]}<\/script>\n<!-- \/ Yoast SEO plugin. -->","yoast_head_json":{"title":"TRES HERIDOS EN UN ACCIDENTE EN EL ACCESO A SALDUNGARAY (Fotos) - CELTTV","description":"Sitio web de noticias de la localidad de Tornquist, provincia de Buenos Aires, Rep\u00fablica Argentina. Contenido propio originado por periodistas de CELTTV, el canal de TV local de la Cooperativa El\u00e9ctrica de Tornquist. Turismo, Pol\u00edtica, Sociedad, Deporte, Cultura y todo el contenido de inter\u00e9s general que la gente del pueblo y la regi\u00f3n debe conocer.","robots":{"index":"index","follow":"follow","max-snippet":"max-snippet:-1","max-image-preview":"max-image-preview:large","max-video-preview":"max-video-preview:-1"},"canonical":"https:\/\/www.celttv.com.ar\/index.php\/2013\/04\/29\/tres-heridos-en-un-accidente-en-el-acceso-a-saldungaray-fotos\/","og_locale":"es_ES","og_type":"article","og_title":"TRES HERIDOS EN UN ACCIDENTE EN EL ACCESO A SALDUNGARAY (Fotos) - CELTTV","og_description":"Sitio web de noticias de la localidad de Tornquist, provincia de Buenos Aires, Rep\u00fablica Argentina. Contenido propio originado por periodistas de CELTTV, el canal de TV local de la Cooperativa El\u00e9ctrica de Tornquist. Turismo, Pol\u00edtica, Sociedad, Deporte, Cultura y todo el contenido de inter\u00e9s general que la gente del pueblo y la regi\u00f3n debe conocer.","og_url":"https:\/\/www.celttv.com.ar\/index.php\/2013\/04\/29\/tres-heridos-en-un-accidente-en-el-acceso-a-saldungaray-fotos\/","og_site_name":"CELTTV","article_publisher":"https:\/\/www.facebook.com\/celtTV\/","article_published_time":"2013-04-29T22:26:49+00:00","author":"ulises","twitter_card":"summary_large_image","twitter_misc":{"Escrito por":"ulises","Tiempo de lectura":"2 minutos"},"schema":{"@context":"https:\/\/schema.org","@graph":[{"@type":"NewsArticle","@id":"https:\/\/www.celttv.com.ar\/index.php\/2013\/04\/29\/tres-heridos-en-un-accidente-en-el-acceso-a-saldungaray-fotos\/#article","isPartOf":{"@id":"https:\/\/www.celttv.com.ar\/index.php\/2013\/04\/29\/tres-heridos-en-un-accidente-en-el-acceso-a-saldungaray-fotos\/"},"author":{"name":"ulises","@id":"https:\/\/www.celttv.com.ar\/#\/schema\/person\/6d99c072dba59953809c81446e9d0ace"},"headline":"TRES HERIDOS EN UN ACCIDENTE EN EL ACCESO A SALDUNGARAY (Fotos)","datePublished":"2013-04-29T22:26:49+00:00","dateModified":"2013-04-29T22:26:49+00:00","mainEntityOfPage":{"@id":"https:\/\/www.celttv.com.ar\/index.php\/2013\/04\/29\/tres-heridos-en-un-accidente-en-el-acceso-a-saldungaray-fotos\/"},"wordCount":334,"publisher":{"@id":"https:\/\/www.celttv.com.ar\/#organization"},"articleSection":["Destacadas","Policiales"],"inLanguage":"es"},{"@type":"WebPage","@id":"https:\/\/www.celttv.com.ar\/index.php\/2013\/04\/29\/tres-heridos-en-un-accidente-en-el-acceso-a-saldungaray-fotos\/","url":"https:\/\/www.celttv.com.ar\/index.php\/2013\/04\/29\/tres-heridos-en-un-accidente-en-el-acceso-a-saldungaray-fotos\/","name":"TRES HERIDOS EN UN ACCIDENTE EN EL ACCESO A SALDUNGARAY (Fotos) - CELTTV","isPartOf":{"@id":"https:\/\/www.celttv.com.ar\/#website"},"datePublished":"2013-04-29T22:26:49+00:00","dateModified":"2013-04-29T22:26:49+00:00","description":"Sitio web de noticias de la localidad de Tornquist, provincia de Buenos Aires, Rep\u00fablica Argentina. Contenido propio originado por periodistas de CELTTV, el canal de TV local de la Cooperativa El\u00e9ctrica de Tornquist. Turismo, Pol\u00edtica, Sociedad, Deporte, Cultura y todo el contenido de inter\u00e9s general que la gente del pueblo y la regi\u00f3n debe conocer.","breadcrumb":{"@id":"https:\/\/www.celttv.com.ar\/index.php\/2013\/04\/29\/tres-heridos-en-un-accidente-en-el-acceso-a-saldungaray-fotos\/#breadcrumb"},"inLanguage":"es","potentialAction":[{"@type":"ReadAction","target":["https:\/\/www.celttv.com.ar\/index.php\/2013\/04\/29\/tres-heridos-en-un-accidente-en-el-acceso-a-saldungaray-fotos\/"]}]},{"@type":"BreadcrumbList","@id":"https:\/\/www.celttv.com.ar\/index.php\/2013\/04\/29\/tres-heridos-en-un-accidente-en-el-acceso-a-saldungaray-fotos\/#breadcrumb","itemListElement":[{"@type":"ListItem","position":1,"name":"Inicio","item":"https:\/\/www.celttv.com.ar\/"},{"@type":"ListItem","position":2,"name":"TRES HERIDOS EN UN ACCIDENTE EN EL ACCESO A SALDUNGARAY (Fotos)"}]},{"@type":"WebSite","@id":"https:\/\/www.celttv.com.ar\/#website","url":"https:\/\/www.celttv.com.ar\/","name":"CELTTV","description":"Cooperativa El\u00e9ctrica de Tornquist","publisher":{"@id":"https:\/\/www.celttv.com.ar\/#organization"},"potentialAction":[{"@type":"SearchAction","target":{"@type":"EntryPoint","urlTemplate":"https:\/\/www.celttv.com.ar\/?s={search_term_string}"},"query-input":"required name=search_term_string"}],"inLanguage":"es"},{"@type":"Organization","@id":"https:\/\/www.celttv.com.ar\/#organization","name":"CELTTV","url":"https:\/\/www.celttv.com.ar\/","sameAs":["https:\/\/www.youtube.com\/channel\/UCz_oIt8Hig64Ub-EmcNPIhg","https:\/\/www.facebook.com\/celtTV\/"],"logo":{"@type":"ImageObject","inLanguage":"es","@id":"https:\/\/www.celttv.com.ar\/#\/schema\/logo\/image\/","url":"http:\/\/www.celttv.com.ar\/wp-content\/uploads\/2022\/08\/logo-1.png","contentUrl":"http:\/\/www.celttv.com.ar\/wp-content\/uploads\/2022\/08\/logo-1.png","width":461,"height":159,"caption":"CELTTV"},"image":{"@id":"https:\/\/www.celttv.com.ar\/#\/schema\/logo\/image\/"}},{"@type":"Person","@id":"https:\/\/www.celttv.com.ar\/#\/schema\/person\/6d99c072dba59953809c81446e9d0ace","name":"ulises","image":{"@type":"ImageObject","inLanguage":"es","@id":"https:\/\/www.celttv.com.ar\/#\/schema\/person\/image\/","url":"https:\/\/secure.gravatar.com\/avatar\/7f2c48bdc33b30088f941fb6082e555f2874c98e20cb159d7b92b50eadfce793?s=96&d=mm&r=g","contentUrl":"https:\/\/secure.gravatar.com\/avatar\/7f2c48bdc33b30088f941fb6082e555f2874c98e20cb159d7b92b50eadfce793?s=96&d=mm&r=g","caption":"ulises"},"sameAs":["http:\/\/www.celttv.com.ar"]}]}},"_links":{"self":[{"href":"https:\/\/www.celttv.com.ar\/index.php\/wp-json\/wp\/v2\/posts\/11300","targetHints":{"allow":["GET"]}}],"collection":[{"href":"https:\/\/www.celttv.com.ar\/index.php\/wp-json\/wp\/v2\/posts"}],"about":[{"href":"https:\/\/www.celttv.com.ar\/index.php\/wp-json\/wp\/v2\/types\/post"}],"author":[{"embeddable":true,"href":"https:\/\/www.celttv.com.ar\/index.php\/wp-json\/wp\/v2\/users\/1"}],"replies":[{"embeddable":true,"href":"https:\/\/www.celttv.com.ar\/index.php\/wp-json\/wp\/v2\/comments?post=11300"}],"version-history":[{"count":0,"href":"https:\/\/www.celttv.com.ar\/index.php\/wp-json\/wp\/v2\/posts\/11300\/revisions"}],"wp:attachment":[{"href":"https:\/\/www.celttv.com.ar\/index.php\/wp-json\/wp\/v2\/media?parent=11300"}],"wp:term":[{"taxonomy":"category","embeddable":true,"href":"https:\/\/www.celttv.com.ar\/index.php\/wp-json\/wp\/v2\/categories?post=11300"},{"taxonomy":"post_tag","embeddable":true,"href":"https:\/\/www.celttv.com.ar\/index.php\/wp-json\/wp\/v2\/tags?post=11300"}],"curies":[{"name":"wp","href":"https:\/\/api.w.org\/{rel}","templated":true}]}}