{"id":11318,"date":"2013-04-30T21:43:13","date_gmt":"2013-04-30T21:43:13","guid":{"rendered":"http:\/\/www.tvcnoticias.com.ar\/?p=11318"},"modified":"2013-04-30T21:43:13","modified_gmt":"2013-04-30T21:43:13","slug":"fueron-bendecidas-mascotas-en-el-dia-del-animal-imagenes-de-la-bendicion-del-padre-norberto","status":"publish","type":"post","link":"https:\/\/www.celttv.com.ar\/index.php\/2013\/04\/30\/fueron-bendecidas-mascotas-en-el-dia-del-animal-imagenes-de-la-bendicion-del-padre-norberto\/","title":{"rendered":"FUERON BENDECIDAS MASCOTAS EN EL DIA DEL ANIMAL (Im\u00e1genes de la bendici\u00f3n del Padre Norberto)"},"content":{"rendered":"<p><a href=\"http:\/\/www.youtube.com\/watch?v=5uqB4TAIH3Y\"><a href=\"http:\/\/www.youtube.com\/watch?v=5uqB4TAIH3Y\">httpv:\/\/www.youtube.com\/watch?v=5uqB4TAIH3Y<\/a><\/a><br \/>\nFrente a la Parroquia Santa Rosa de Lima y con motivo del D\u00eda del Animal, el padre Norberto Lopez bendijo a un n\u00famero importante de mascotas que sus due\u00f1os acercaron hasta el lugar.<\/p>\n","protected":false},"excerpt":{"rendered":"<p>httpv:\/\/www.youtube.com\/watch?v=5uqB4TAIH3Y Frente a la Parroquia Santa Rosa de Lima y con motivo del D\u00eda del Animal, el padre Norberto Lopez bendijo a un n\u00famero importante de mascotas que sus due\u00f1os acercaron hasta el lugar.<\/p>\n","protected":false},"author":1,"featured_media":0,"comment_status":"closed","ping_status":"open","sticky":false,"template":"","format":"standard","meta":{"footnotes":""},"categories":[51,52,64],"tags":[],"class_list":["post-11318","post","type-post","status-publish","format-standard","hentry","category-comunidad","category-destacadas","category-videos-destacados"],"yoast_head":"<!-- This site is optimized with the Yoast SEO plugin v19.7.1 - https:\/\/yoast.com\/wordpress\/plugins\/seo\/ -->\n<title>FUERON BENDECIDAS MASCOTAS EN EL DIA DEL ANIMAL (Im\u00e1genes de la bendici\u00f3n del Padre Norberto) - CELTTV<\/title>\n<meta name=\"description\" content=\"Sitio web de noticias de la localidad de Tornquist, provincia de Buenos Aires, Rep\u00fablica Argentina. Contenido propio originado por periodistas de CELTTV, el canal de TV local de la Cooperativa El\u00e9ctrica de Tornquist. Turismo, Pol\u00edtica, Sociedad, Deporte, Cultura y todo el contenido de inter\u00e9s general que la gente del pueblo y la regi\u00f3n debe conocer.\" \/>\n<meta name=\"robots\" content=\"index, follow, max-snippet:-1, max-image-preview:large, max-video-preview:-1\" \/>\n<link rel=\"canonical\" href=\"https:\/\/www.celttv.com.ar\/index.php\/2013\/04\/30\/fueron-bendecidas-mascotas-en-el-dia-del-animal-imagenes-de-la-bendicion-del-padre-norberto\/\" \/>\n<meta property=\"og:locale\" content=\"es_ES\" \/>\n<meta property=\"og:type\" content=\"article\" \/>\n<meta property=\"og:title\" content=\"FUERON BENDECIDAS MASCOTAS EN EL DIA DEL ANIMAL (Im\u00e1genes de la bendici\u00f3n del Padre Norberto) - CELTTV\" \/>\n<meta property=\"og:description\" content=\"Sitio web de noticias de la localidad de Tornquist, provincia de Buenos Aires, Rep\u00fablica Argentina. Contenido propio originado por periodistas de CELTTV, el canal de TV local de la Cooperativa El\u00e9ctrica de Tornquist. Turismo, Pol\u00edtica, Sociedad, Deporte, Cultura y todo el contenido de inter\u00e9s general que la gente del pueblo y la regi\u00f3n debe conocer.\" \/>\n<meta property=\"og:url\" content=\"https:\/\/www.celttv.com.ar\/index.php\/2013\/04\/30\/fueron-bendecidas-mascotas-en-el-dia-del-animal-imagenes-de-la-bendicion-del-padre-norberto\/\" \/>\n<meta property=\"og:site_name\" content=\"CELTTV\" \/>\n<meta property=\"article:publisher\" content=\"https:\/\/www.facebook.com\/celtTV\/\" \/>\n<meta property=\"article:published_time\" content=\"2013-04-30T21:43:13+00:00\" \/>\n<meta name=\"author\" content=\"ulises\" \/>\n<meta name=\"twitter:card\" content=\"summary_large_image\" \/>\n<meta name=\"twitter:label1\" content=\"Escrito por\" \/>\n\t<meta name=\"twitter:data1\" content=\"ulises\" \/>\n<script type=\"application\/ld+json\" class=\"yoast-schema-graph\">{\"@context\":\"https:\/\/schema.org\",\"@graph\":[{\"@type\":\"NewsArticle\",\"@id\":\"https:\/\/www.celttv.com.ar\/index.php\/2013\/04\/30\/fueron-bendecidas-mascotas-en-el-dia-del-animal-imagenes-de-la-bendicion-del-padre-norberto\/#article\",\"isPartOf\":{\"@id\":\"https:\/\/www.celttv.com.ar\/index.php\/2013\/04\/30\/fueron-bendecidas-mascotas-en-el-dia-del-animal-imagenes-de-la-bendicion-del-padre-norberto\/\"},\"author\":{\"name\":\"ulises\",\"@id\":\"https:\/\/www.celttv.com.ar\/#\/schema\/person\/6d99c072dba59953809c81446e9d0ace\"},\"headline\":\"FUERON BENDECIDAS MASCOTAS EN EL DIA DEL ANIMAL (Im\u00e1genes de la bendici\u00f3n del Padre Norberto)\",\"datePublished\":\"2013-04-30T21:43:13+00:00\",\"dateModified\":\"2013-04-30T21:43:13+00:00\",\"mainEntityOfPage\":{\"@id\":\"https:\/\/www.celttv.com.ar\/index.php\/2013\/04\/30\/fueron-bendecidas-mascotas-en-el-dia-del-animal-imagenes-de-la-bendicion-del-padre-norberto\/\"},\"wordCount\":62,\"publisher\":{\"@id\":\"https:\/\/www.celttv.com.ar\/#organization\"},\"articleSection\":[\"Comunidad\",\"Destacadas\",\"Videos Destacados\"],\"inLanguage\":\"es\"},{\"@type\":\"WebPage\",\"@id\":\"https:\/\/www.celttv.com.ar\/index.php\/2013\/04\/30\/fueron-bendecidas-mascotas-en-el-dia-del-animal-imagenes-de-la-bendicion-del-padre-norberto\/\",\"url\":\"https:\/\/www.celttv.com.ar\/index.php\/2013\/04\/30\/fueron-bendecidas-mascotas-en-el-dia-del-animal-imagenes-de-la-bendicion-del-padre-norberto\/\",\"name\":\"FUERON BENDECIDAS MASCOTAS EN EL DIA DEL ANIMAL (Im\u00e1genes de la bendici\u00f3n del Padre Norberto) - CELTTV\",\"isPartOf\":{\"@id\":\"https:\/\/www.celttv.com.ar\/#website\"},\"datePublished\":\"2013-04-30T21:43:13+00:00\",\"dateModified\":\"2013-04-30T21:43:13+00:00\",\"description\":\"Sitio web de noticias de la localidad de Tornquist, provincia de Buenos Aires, Rep\u00fablica Argentina. Contenido propio originado por periodistas de CELTTV, el canal de TV local de la Cooperativa El\u00e9ctrica de Tornquist. Turismo, Pol\u00edtica, Sociedad, Deporte, Cultura y todo el contenido de inter\u00e9s general que la gente del pueblo y la regi\u00f3n debe conocer.\",\"breadcrumb\":{\"@id\":\"https:\/\/www.celttv.com.ar\/index.php\/2013\/04\/30\/fueron-bendecidas-mascotas-en-el-dia-del-animal-imagenes-de-la-bendicion-del-padre-norberto\/#breadcrumb\"},\"inLanguage\":\"es\",\"potentialAction\":[{\"@type\":\"ReadAction\",\"target\":[\"https:\/\/www.celttv.com.ar\/index.php\/2013\/04\/30\/fueron-bendecidas-mascotas-en-el-dia-del-animal-imagenes-de-la-bendicion-del-padre-norberto\/\"]}]},{\"@type\":\"BreadcrumbList\",\"@id\":\"https:\/\/www.celttv.com.ar\/index.php\/2013\/04\/30\/fueron-bendecidas-mascotas-en-el-dia-del-animal-imagenes-de-la-bendicion-del-padre-norberto\/#breadcrumb\",\"itemListElement\":[{\"@type\":\"ListItem\",\"position\":1,\"name\":\"Inicio\",\"item\":\"https:\/\/www.celttv.com.ar\/\"},{\"@type\":\"ListItem\",\"position\":2,\"name\":\"FUERON BENDECIDAS MASCOTAS EN EL DIA DEL ANIMAL (Im\u00e1genes de la bendici\u00f3n del Padre Norberto)\"}]},{\"@type\":\"WebSite\",\"@id\":\"https:\/\/www.celttv.com.ar\/#website\",\"url\":\"https:\/\/www.celttv.com.ar\/\",\"name\":\"CELTTV\",\"description\":\"Cooperativa El\u00e9ctrica de Tornquist\",\"publisher\":{\"@id\":\"https:\/\/www.celttv.com.ar\/#organization\"},\"potentialAction\":[{\"@type\":\"SearchAction\",\"target\":{\"@type\":\"EntryPoint\",\"urlTemplate\":\"https:\/\/www.celttv.com.ar\/?s={search_term_string}\"},\"query-input\":\"required name=search_term_string\"}],\"inLanguage\":\"es\"},{\"@type\":\"Organization\",\"@id\":\"https:\/\/www.celttv.com.ar\/#organization\",\"name\":\"CELTTV\",\"url\":\"https:\/\/www.celttv.com.ar\/\",\"sameAs\":[\"https:\/\/www.youtube.com\/channel\/UCz_oIt8Hig64Ub-EmcNPIhg\",\"https:\/\/www.facebook.com\/celtTV\/\"],\"logo\":{\"@type\":\"ImageObject\",\"inLanguage\":\"es\",\"@id\":\"https:\/\/www.celttv.com.ar\/#\/schema\/logo\/image\/\",\"url\":\"http:\/\/www.celttv.com.ar\/wp-content\/uploads\/2022\/08\/logo-1.png\",\"contentUrl\":\"http:\/\/www.celttv.com.ar\/wp-content\/uploads\/2022\/08\/logo-1.png\",\"width\":461,\"height\":159,\"caption\":\"CELTTV\"},\"image\":{\"@id\":\"https:\/\/www.celttv.com.ar\/#\/schema\/logo\/image\/\"}},{\"@type\":\"Person\",\"@id\":\"https:\/\/www.celttv.com.ar\/#\/schema\/person\/6d99c072dba59953809c81446e9d0ace\",\"name\":\"ulises\",\"image\":{\"@type\":\"ImageObject\",\"inLanguage\":\"es\",\"@id\":\"https:\/\/www.celttv.com.ar\/#\/schema\/person\/image\/\",\"url\":\"https:\/\/secure.gravatar.com\/avatar\/7f2c48bdc33b30088f941fb6082e555f2874c98e20cb159d7b92b50eadfce793?s=96&d=mm&r=g\",\"contentUrl\":\"https:\/\/secure.gravatar.com\/avatar\/7f2c48bdc33b30088f941fb6082e555f2874c98e20cb159d7b92b50eadfce793?s=96&d=mm&r=g\",\"caption\":\"ulises\"},\"sameAs\":[\"http:\/\/www.celttv.com.ar\"]}]}<\/script>\n<!-- \/ Yoast SEO plugin. -->","yoast_head_json":{"title":"FUERON BENDECIDAS MASCOTAS EN EL DIA DEL ANIMAL (Im\u00e1genes de la bendici\u00f3n del Padre Norberto) - CELTTV","description":"Sitio web de noticias de la localidad de Tornquist, provincia de Buenos Aires, Rep\u00fablica Argentina. Contenido propio originado por periodistas de CELTTV, el canal de TV local de la Cooperativa El\u00e9ctrica de Tornquist. Turismo, Pol\u00edtica, Sociedad, Deporte, Cultura y todo el contenido de inter\u00e9s general que la gente del pueblo y la regi\u00f3n debe conocer.","robots":{"index":"index","follow":"follow","max-snippet":"max-snippet:-1","max-image-preview":"max-image-preview:large","max-video-preview":"max-video-preview:-1"},"canonical":"https:\/\/www.celttv.com.ar\/index.php\/2013\/04\/30\/fueron-bendecidas-mascotas-en-el-dia-del-animal-imagenes-de-la-bendicion-del-padre-norberto\/","og_locale":"es_ES","og_type":"article","og_title":"FUERON BENDECIDAS MASCOTAS EN EL DIA DEL ANIMAL (Im\u00e1genes de la bendici\u00f3n del Padre Norberto) - CELTTV","og_description":"Sitio web de noticias de la localidad de Tornquist, provincia de Buenos Aires, Rep\u00fablica Argentina. Contenido propio originado por periodistas de CELTTV, el canal de TV local de la Cooperativa El\u00e9ctrica de Tornquist. Turismo, Pol\u00edtica, Sociedad, Deporte, Cultura y todo el contenido de inter\u00e9s general que la gente del pueblo y la regi\u00f3n debe conocer.","og_url":"https:\/\/www.celttv.com.ar\/index.php\/2013\/04\/30\/fueron-bendecidas-mascotas-en-el-dia-del-animal-imagenes-de-la-bendicion-del-padre-norberto\/","og_site_name":"CELTTV","article_publisher":"https:\/\/www.facebook.com\/celtTV\/","article_published_time":"2013-04-30T21:43:13+00:00","author":"ulises","twitter_card":"summary_large_image","twitter_misc":{"Escrito por":"ulises"},"schema":{"@context":"https:\/\/schema.org","@graph":[{"@type":"NewsArticle","@id":"https:\/\/www.celttv.com.ar\/index.php\/2013\/04\/30\/fueron-bendecidas-mascotas-en-el-dia-del-animal-imagenes-de-la-bendicion-del-padre-norberto\/#article","isPartOf":{"@id":"https:\/\/www.celttv.com.ar\/index.php\/2013\/04\/30\/fueron-bendecidas-mascotas-en-el-dia-del-animal-imagenes-de-la-bendicion-del-padre-norberto\/"},"author":{"name":"ulises","@id":"https:\/\/www.celttv.com.ar\/#\/schema\/person\/6d99c072dba59953809c81446e9d0ace"},"headline":"FUERON BENDECIDAS MASCOTAS EN EL DIA DEL ANIMAL (Im\u00e1genes de la bendici\u00f3n del Padre Norberto)","datePublished":"2013-04-30T21:43:13+00:00","dateModified":"2013-04-30T21:43:13+00:00","mainEntityOfPage":{"@id":"https:\/\/www.celttv.com.ar\/index.php\/2013\/04\/30\/fueron-bendecidas-mascotas-en-el-dia-del-animal-imagenes-de-la-bendicion-del-padre-norberto\/"},"wordCount":62,"publisher":{"@id":"https:\/\/www.celttv.com.ar\/#organization"},"articleSection":["Comunidad","Destacadas","Videos Destacados"],"inLanguage":"es"},{"@type":"WebPage","@id":"https:\/\/www.celttv.com.ar\/index.php\/2013\/04\/30\/fueron-bendecidas-mascotas-en-el-dia-del-animal-imagenes-de-la-bendicion-del-padre-norberto\/","url":"https:\/\/www.celttv.com.ar\/index.php\/2013\/04\/30\/fueron-bendecidas-mascotas-en-el-dia-del-animal-imagenes-de-la-bendicion-del-padre-norberto\/","name":"FUERON BENDECIDAS MASCOTAS EN EL DIA DEL ANIMAL (Im\u00e1genes de la bendici\u00f3n del Padre Norberto) - CELTTV","isPartOf":{"@id":"https:\/\/www.celttv.com.ar\/#website"},"datePublished":"2013-04-30T21:43:13+00:00","dateModified":"2013-04-30T21:43:13+00:00","description":"Sitio web de noticias de la localidad de Tornquist, provincia de Buenos Aires, Rep\u00fablica Argentina. Contenido propio originado por periodistas de CELTTV, el canal de TV local de la Cooperativa El\u00e9ctrica de Tornquist. Turismo, Pol\u00edtica, Sociedad, Deporte, Cultura y todo el contenido de inter\u00e9s general que la gente del pueblo y la regi\u00f3n debe conocer.","breadcrumb":{"@id":"https:\/\/www.celttv.com.ar\/index.php\/2013\/04\/30\/fueron-bendecidas-mascotas-en-el-dia-del-animal-imagenes-de-la-bendicion-del-padre-norberto\/#breadcrumb"},"inLanguage":"es","potentialAction":[{"@type":"ReadAction","target":["https:\/\/www.celttv.com.ar\/index.php\/2013\/04\/30\/fueron-bendecidas-mascotas-en-el-dia-del-animal-imagenes-de-la-bendicion-del-padre-norberto\/"]}]},{"@type":"BreadcrumbList","@id":"https:\/\/www.celttv.com.ar\/index.php\/2013\/04\/30\/fueron-bendecidas-mascotas-en-el-dia-del-animal-imagenes-de-la-bendicion-del-padre-norberto\/#breadcrumb","itemListElement":[{"@type":"ListItem","position":1,"name":"Inicio","item":"https:\/\/www.celttv.com.ar\/"},{"@type":"ListItem","position":2,"name":"FUERON BENDECIDAS MASCOTAS EN EL DIA DEL ANIMAL (Im\u00e1genes de la bendici\u00f3n del Padre Norberto)"}]},{"@type":"WebSite","@id":"https:\/\/www.celttv.com.ar\/#website","url":"https:\/\/www.celttv.com.ar\/","name":"CELTTV","description":"Cooperativa El\u00e9ctrica de Tornquist","publisher":{"@id":"https:\/\/www.celttv.com.ar\/#organization"},"potentialAction":[{"@type":"SearchAction","target":{"@type":"EntryPoint","urlTemplate":"https:\/\/www.celttv.com.ar\/?s={search_term_string}"},"query-input":"required name=search_term_string"}],"inLanguage":"es"},{"@type":"Organization","@id":"https:\/\/www.celttv.com.ar\/#organization","name":"CELTTV","url":"https:\/\/www.celttv.com.ar\/","sameAs":["https:\/\/www.youtube.com\/channel\/UCz_oIt8Hig64Ub-EmcNPIhg","https:\/\/www.facebook.com\/celtTV\/"],"logo":{"@type":"ImageObject","inLanguage":"es","@id":"https:\/\/www.celttv.com.ar\/#\/schema\/logo\/image\/","url":"http:\/\/www.celttv.com.ar\/wp-content\/uploads\/2022\/08\/logo-1.png","contentUrl":"http:\/\/www.celttv.com.ar\/wp-content\/uploads\/2022\/08\/logo-1.png","width":461,"height":159,"caption":"CELTTV"},"image":{"@id":"https:\/\/www.celttv.com.ar\/#\/schema\/logo\/image\/"}},{"@type":"Person","@id":"https:\/\/www.celttv.com.ar\/#\/schema\/person\/6d99c072dba59953809c81446e9d0ace","name":"ulises","image":{"@type":"ImageObject","inLanguage":"es","@id":"https:\/\/www.celttv.com.ar\/#\/schema\/person\/image\/","url":"https:\/\/secure.gravatar.com\/avatar\/7f2c48bdc33b30088f941fb6082e555f2874c98e20cb159d7b92b50eadfce793?s=96&d=mm&r=g","contentUrl":"https:\/\/secure.gravatar.com\/avatar\/7f2c48bdc33b30088f941fb6082e555f2874c98e20cb159d7b92b50eadfce793?s=96&d=mm&r=g","caption":"ulises"},"sameAs":["http:\/\/www.celttv.com.ar"]}]}},"_links":{"self":[{"href":"https:\/\/www.celttv.com.ar\/index.php\/wp-json\/wp\/v2\/posts\/11318","targetHints":{"allow":["GET"]}}],"collection":[{"href":"https:\/\/www.celttv.com.ar\/index.php\/wp-json\/wp\/v2\/posts"}],"about":[{"href":"https:\/\/www.celttv.com.ar\/index.php\/wp-json\/wp\/v2\/types\/post"}],"author":[{"embeddable":true,"href":"https:\/\/www.celttv.com.ar\/index.php\/wp-json\/wp\/v2\/users\/1"}],"replies":[{"embeddable":true,"href":"https:\/\/www.celttv.com.ar\/index.php\/wp-json\/wp\/v2\/comments?post=11318"}],"version-history":[{"count":0,"href":"https:\/\/www.celttv.com.ar\/index.php\/wp-json\/wp\/v2\/posts\/11318\/revisions"}],"wp:attachment":[{"href":"https:\/\/www.celttv.com.ar\/index.php\/wp-json\/wp\/v2\/media?parent=11318"}],"wp:term":[{"taxonomy":"category","embeddable":true,"href":"https:\/\/www.celttv.com.ar\/index.php\/wp-json\/wp\/v2\/categories?post=11318"},{"taxonomy":"post_tag","embeddable":true,"href":"https:\/\/www.celttv.com.ar\/index.php\/wp-json\/wp\/v2\/tags?post=11318"}],"curies":[{"name":"wp","href":"https:\/\/api.w.org\/{rel}","templated":true}]}}