{"id":11360,"date":"2013-05-07T19:22:33","date_gmt":"2013-05-07T19:22:33","guid":{"rendered":"http:\/\/www.tvcnoticias.com.ar\/?p=11360"},"modified":"2013-05-07T19:22:33","modified_gmt":"2013-05-07T19:22:33","slug":"hcd-informan-sobre-la-funcion-del-servicio-local-y-zonal-de-promocion-y-proteccion-de-los-derechos-del-nino","status":"publish","type":"post","link":"https:\/\/www.celttv.com.ar\/index.php\/2013\/05\/07\/hcd-informan-sobre-la-funcion-del-servicio-local-y-zonal-de-promocion-y-proteccion-de-los-derechos-del-nino\/","title":{"rendered":"HCD.: Informan sobre la funci\u00f3n del Servicio Local y Zonal de Promoci\u00f3n y  Protecci\u00f3n de los derechos del ni\u00f1o"},"content":{"rendered":"<p><br \/>\nEl d\u00eda jueves pr\u00f3ximo pasado los Ediles fueron convocados a \u00a0una reuni\u00f3n en el Recinto del Honorable Concejo Deliberante a ra\u00edz de una solicitud efectuada por el Secretario de Desarrollo Social \u00a0Sr. Daniel Natali.\u00a0 \u00a0Se hicieron presentes en la oportunidad el Coordinador del Servicio Zonal de Promoci\u00f3n y Protecci\u00f3n de los Derechos del Ni\u00f1o, Ni\u00f1a y Adolescente Sr. Floreal Gramajo, los integrantes del Servicio Local de Promoci\u00f3n y Protecci\u00f3n de los Derechos del Ni\u00f1o, y el Secretario de Desarrollo Social y Derechos Humanos Sr. Daniel Natali.\u00a0 \u00a0El tema central de la reuni\u00f3n fue informar a los Concejales la funci\u00f3n y el rol que cumple el Servicio Local, y la diferencia que debe existir entre el rol que desempe\u00f1a un Consejo Local, el cual actualmente no est\u00e1 funcionando en Tornquist.\u00a0 El Sr. Gramajo, quien tiene bajo su responsabilidad una zona que abarca desde Carmen de Patagones a Benito Ju\u00e1rez, explic\u00f3 a los presentes como se debe trabajar en minoridad a partir de la Ley Nacional 26061 \u00a0y la Ley Provincial 13298, y sus modificatorias. A partir de estas nuevas leyes, el ni\u00f1o es sujeto de derechos, y el estado debe velar por hacer valer esos derechos. Desaparece la figura del juez como el que determina el destino de un ni\u00f1o, y aparece la figura del Servicio Local y el Servicio Zonal.\u00a0 \u00a0Durante su alocuci\u00f3n manifest\u00f3 que el Servicio Local es la autoridad de aplicaci\u00f3n de la ley de minoridad en el lugar, y siempre debe actuar con el aval del Servicio Zonal en segunda instancia, y por \u00faltimo del juzgado. Es el especialista en el tema de minoridad. Est\u00e1 conformado por un equipo de profesionales t\u00e9cnicos que trabajan interdisciplinariamente: psic\u00f3logo, abogado y trabajador social. Dise\u00f1an las estrategias para la restituci\u00f3n de derechos a los ni\u00f1os con derechos afectados, es decir toda vez que un ni\u00f1o tenga sus necesidades b\u00e1sicas o cualquier otro derecho vulnerado. Interviene en casos particulares, y act\u00faa en consecuencia. Debe preservar siempre la identidad de los ni\u00f1os. Los \u00fanicos especialistas en la restituci\u00f3n de los derechos del ni\u00f1o son los servicios locales. El poder pol\u00edtico no puede intervenir en cuestiones de \u00edndole t\u00e9cnico. Los servicios locales no est\u00e1n integrados por funcionarios pol\u00edticos.\u00a0 Coment\u00f3 que de acuerdo a la ley, el Consejo Local por su parte tiene como objetivo realizar un diagn\u00f3stico distrital, para elaborar pol\u00edticas p\u00fablicas a llevar a cabo en el distrito. Tiene un abordaje distinto al Servicio Local, no trabaja en casos particulares. El Consejo Local debe ser convocado por el Departamento Ejecutivo, y lo debe integrar representantes de instituciones con personer\u00eda jur\u00eddica que puedan acreditar el trabajo con \u00a0ni\u00f1os.\u00a0 \u00a0Pasada toda la explicaci\u00f3n dada por el Sr. Gramajo, los Concejales pudieron realizar preguntas que fueron respondidas de inmediato.\u00a0 \u00a0El funcionario Natali expres\u00f3 que es intenci\u00f3n del Departamento Ejecutivo volver a formar el Consejo Local en nuestro distrito.\u00a0Prensa HCD.<br \/>\ne<\/p>\n","protected":false},"excerpt":{"rendered":"<p>El d\u00eda jueves pr\u00f3ximo pasado los Ediles fueron convocados a \u00a0una reuni\u00f3n en el Recinto del Honorable Concejo Deliberante a ra\u00edz de una solicitud efectuada por el Secretario de Desarrollo Social \u00a0Sr. Daniel Natali.\u00a0 \u00a0Se hicieron presentes en la oportunidad el Coordinador del Servicio Zonal de Promoci\u00f3n y Protecci\u00f3n de los Derechos del Ni\u00f1o, Ni\u00f1a [&hellip;]<\/p>\n","protected":false},"author":1,"featured_media":0,"comment_status":"closed","ping_status":"open","sticky":false,"template":"","format":"standard","meta":{"footnotes":""},"categories":[51,52,53],"tags":[],"class_list":["post-11360","post","type-post","status-publish","format-standard","hentry","category-comunidad","category-destacadas","category-politica"],"yoast_head":"<!-- This site is optimized with the Yoast SEO plugin v19.7.1 - https:\/\/yoast.com\/wordpress\/plugins\/seo\/ -->\n<title>HCD.: Informan sobre la funci\u00f3n del Servicio Local y Zonal de Promoci\u00f3n y Protecci\u00f3n de los derechos del ni\u00f1o - CELTTV<\/title>\n<meta name=\"description\" content=\"Sitio web de noticias de la localidad de Tornquist, provincia de Buenos Aires, Rep\u00fablica Argentina. Contenido propio originado por periodistas de CELTTV, el canal de TV local de la Cooperativa El\u00e9ctrica de Tornquist. Turismo, Pol\u00edtica, Sociedad, Deporte, Cultura y todo el contenido de inter\u00e9s general que la gente del pueblo y la regi\u00f3n debe conocer.\" \/>\n<meta name=\"robots\" content=\"index, follow, max-snippet:-1, max-image-preview:large, max-video-preview:-1\" \/>\n<link rel=\"canonical\" href=\"https:\/\/www.celttv.com.ar\/index.php\/2013\/05\/07\/hcd-informan-sobre-la-funcion-del-servicio-local-y-zonal-de-promocion-y-proteccion-de-los-derechos-del-nino\/\" \/>\n<meta property=\"og:locale\" content=\"es_ES\" \/>\n<meta property=\"og:type\" content=\"article\" \/>\n<meta property=\"og:title\" content=\"HCD.: Informan sobre la funci\u00f3n del Servicio Local y Zonal de Promoci\u00f3n y Protecci\u00f3n de los derechos del ni\u00f1o - CELTTV\" \/>\n<meta property=\"og:description\" content=\"Sitio web de noticias de la localidad de Tornquist, provincia de Buenos Aires, Rep\u00fablica Argentina. Contenido propio originado por periodistas de CELTTV, el canal de TV local de la Cooperativa El\u00e9ctrica de Tornquist. Turismo, Pol\u00edtica, Sociedad, Deporte, Cultura y todo el contenido de inter\u00e9s general que la gente del pueblo y la regi\u00f3n debe conocer.\" \/>\n<meta property=\"og:url\" content=\"https:\/\/www.celttv.com.ar\/index.php\/2013\/05\/07\/hcd-informan-sobre-la-funcion-del-servicio-local-y-zonal-de-promocion-y-proteccion-de-los-derechos-del-nino\/\" \/>\n<meta property=\"og:site_name\" content=\"CELTTV\" \/>\n<meta property=\"article:publisher\" content=\"https:\/\/www.facebook.com\/celtTV\/\" \/>\n<meta property=\"article:published_time\" content=\"2013-05-07T19:22:33+00:00\" \/>\n<meta name=\"author\" content=\"ulises\" \/>\n<meta name=\"twitter:card\" content=\"summary_large_image\" \/>\n<meta name=\"twitter:label1\" content=\"Escrito por\" \/>\n\t<meta name=\"twitter:data1\" content=\"ulises\" \/>\n\t<meta name=\"twitter:label2\" content=\"Tiempo de lectura\" \/>\n\t<meta name=\"twitter:data2\" content=\"3 minutos\" \/>\n<script type=\"application\/ld+json\" class=\"yoast-schema-graph\">{\"@context\":\"https:\/\/schema.org\",\"@graph\":[{\"@type\":\"NewsArticle\",\"@id\":\"https:\/\/www.celttv.com.ar\/index.php\/2013\/05\/07\/hcd-informan-sobre-la-funcion-del-servicio-local-y-zonal-de-promocion-y-proteccion-de-los-derechos-del-nino\/#article\",\"isPartOf\":{\"@id\":\"https:\/\/www.celttv.com.ar\/index.php\/2013\/05\/07\/hcd-informan-sobre-la-funcion-del-servicio-local-y-zonal-de-promocion-y-proteccion-de-los-derechos-del-nino\/\"},\"author\":{\"name\":\"ulises\",\"@id\":\"https:\/\/www.celttv.com.ar\/#\/schema\/person\/6d99c072dba59953809c81446e9d0ace\"},\"headline\":\"HCD.: Informan sobre la funci\u00f3n del Servicio Local y Zonal de Promoci\u00f3n y Protecci\u00f3n de los derechos del ni\u00f1o\",\"datePublished\":\"2013-05-07T19:22:33+00:00\",\"dateModified\":\"2013-05-07T19:22:33+00:00\",\"mainEntityOfPage\":{\"@id\":\"https:\/\/www.celttv.com.ar\/index.php\/2013\/05\/07\/hcd-informan-sobre-la-funcion-del-servicio-local-y-zonal-de-promocion-y-proteccion-de-los-derechos-del-nino\/\"},\"wordCount\":542,\"publisher\":{\"@id\":\"https:\/\/www.celttv.com.ar\/#organization\"},\"articleSection\":[\"Comunidad\",\"Destacadas\",\"Pol\u00edtica\"],\"inLanguage\":\"es\"},{\"@type\":\"WebPage\",\"@id\":\"https:\/\/www.celttv.com.ar\/index.php\/2013\/05\/07\/hcd-informan-sobre-la-funcion-del-servicio-local-y-zonal-de-promocion-y-proteccion-de-los-derechos-del-nino\/\",\"url\":\"https:\/\/www.celttv.com.ar\/index.php\/2013\/05\/07\/hcd-informan-sobre-la-funcion-del-servicio-local-y-zonal-de-promocion-y-proteccion-de-los-derechos-del-nino\/\",\"name\":\"HCD.: Informan sobre la funci\u00f3n del Servicio Local y Zonal de Promoci\u00f3n y Protecci\u00f3n de los derechos del ni\u00f1o - CELTTV\",\"isPartOf\":{\"@id\":\"https:\/\/www.celttv.com.ar\/#website\"},\"datePublished\":\"2013-05-07T19:22:33+00:00\",\"dateModified\":\"2013-05-07T19:22:33+00:00\",\"description\":\"Sitio web de noticias de la localidad de Tornquist, provincia de Buenos Aires, Rep\u00fablica Argentina. Contenido propio originado por periodistas de CELTTV, el canal de TV local de la Cooperativa El\u00e9ctrica de Tornquist. Turismo, Pol\u00edtica, Sociedad, Deporte, Cultura y todo el contenido de inter\u00e9s general que la gente del pueblo y la regi\u00f3n debe conocer.\",\"breadcrumb\":{\"@id\":\"https:\/\/www.celttv.com.ar\/index.php\/2013\/05\/07\/hcd-informan-sobre-la-funcion-del-servicio-local-y-zonal-de-promocion-y-proteccion-de-los-derechos-del-nino\/#breadcrumb\"},\"inLanguage\":\"es\",\"potentialAction\":[{\"@type\":\"ReadAction\",\"target\":[\"https:\/\/www.celttv.com.ar\/index.php\/2013\/05\/07\/hcd-informan-sobre-la-funcion-del-servicio-local-y-zonal-de-promocion-y-proteccion-de-los-derechos-del-nino\/\"]}]},{\"@type\":\"BreadcrumbList\",\"@id\":\"https:\/\/www.celttv.com.ar\/index.php\/2013\/05\/07\/hcd-informan-sobre-la-funcion-del-servicio-local-y-zonal-de-promocion-y-proteccion-de-los-derechos-del-nino\/#breadcrumb\",\"itemListElement\":[{\"@type\":\"ListItem\",\"position\":1,\"name\":\"Inicio\",\"item\":\"https:\/\/www.celttv.com.ar\/\"},{\"@type\":\"ListItem\",\"position\":2,\"name\":\"HCD.: Informan sobre la funci\u00f3n del Servicio Local y Zonal de Promoci\u00f3n y Protecci\u00f3n de los derechos del ni\u00f1o\"}]},{\"@type\":\"WebSite\",\"@id\":\"https:\/\/www.celttv.com.ar\/#website\",\"url\":\"https:\/\/www.celttv.com.ar\/\",\"name\":\"CELTTV\",\"description\":\"Cooperativa El\u00e9ctrica de Tornquist\",\"publisher\":{\"@id\":\"https:\/\/www.celttv.com.ar\/#organization\"},\"potentialAction\":[{\"@type\":\"SearchAction\",\"target\":{\"@type\":\"EntryPoint\",\"urlTemplate\":\"https:\/\/www.celttv.com.ar\/?s={search_term_string}\"},\"query-input\":\"required name=search_term_string\"}],\"inLanguage\":\"es\"},{\"@type\":\"Organization\",\"@id\":\"https:\/\/www.celttv.com.ar\/#organization\",\"name\":\"CELTTV\",\"url\":\"https:\/\/www.celttv.com.ar\/\",\"sameAs\":[\"https:\/\/www.youtube.com\/channel\/UCz_oIt8Hig64Ub-EmcNPIhg\",\"https:\/\/www.facebook.com\/celtTV\/\"],\"logo\":{\"@type\":\"ImageObject\",\"inLanguage\":\"es\",\"@id\":\"https:\/\/www.celttv.com.ar\/#\/schema\/logo\/image\/\",\"url\":\"http:\/\/www.celttv.com.ar\/wp-content\/uploads\/2022\/08\/logo-1.png\",\"contentUrl\":\"http:\/\/www.celttv.com.ar\/wp-content\/uploads\/2022\/08\/logo-1.png\",\"width\":461,\"height\":159,\"caption\":\"CELTTV\"},\"image\":{\"@id\":\"https:\/\/www.celttv.com.ar\/#\/schema\/logo\/image\/\"}},{\"@type\":\"Person\",\"@id\":\"https:\/\/www.celttv.com.ar\/#\/schema\/person\/6d99c072dba59953809c81446e9d0ace\",\"name\":\"ulises\",\"image\":{\"@type\":\"ImageObject\",\"inLanguage\":\"es\",\"@id\":\"https:\/\/www.celttv.com.ar\/#\/schema\/person\/image\/\",\"url\":\"https:\/\/secure.gravatar.com\/avatar\/7f2c48bdc33b30088f941fb6082e555f2874c98e20cb159d7b92b50eadfce793?s=96&d=mm&r=g\",\"contentUrl\":\"https:\/\/secure.gravatar.com\/avatar\/7f2c48bdc33b30088f941fb6082e555f2874c98e20cb159d7b92b50eadfce793?s=96&d=mm&r=g\",\"caption\":\"ulises\"},\"sameAs\":[\"http:\/\/www.celttv.com.ar\"]}]}<\/script>\n<!-- \/ Yoast SEO plugin. -->","yoast_head_json":{"title":"HCD.: Informan sobre la funci\u00f3n del Servicio Local y Zonal de Promoci\u00f3n y Protecci\u00f3n de los derechos del ni\u00f1o - CELTTV","description":"Sitio web de noticias de la localidad de Tornquist, provincia de Buenos Aires, Rep\u00fablica Argentina. Contenido propio originado por periodistas de CELTTV, el canal de TV local de la Cooperativa El\u00e9ctrica de Tornquist. Turismo, Pol\u00edtica, Sociedad, Deporte, Cultura y todo el contenido de inter\u00e9s general que la gente del pueblo y la regi\u00f3n debe conocer.","robots":{"index":"index","follow":"follow","max-snippet":"max-snippet:-1","max-image-preview":"max-image-preview:large","max-video-preview":"max-video-preview:-1"},"canonical":"https:\/\/www.celttv.com.ar\/index.php\/2013\/05\/07\/hcd-informan-sobre-la-funcion-del-servicio-local-y-zonal-de-promocion-y-proteccion-de-los-derechos-del-nino\/","og_locale":"es_ES","og_type":"article","og_title":"HCD.: Informan sobre la funci\u00f3n del Servicio Local y Zonal de Promoci\u00f3n y Protecci\u00f3n de los derechos del ni\u00f1o - CELTTV","og_description":"Sitio web de noticias de la localidad de Tornquist, provincia de Buenos Aires, Rep\u00fablica Argentina. Contenido propio originado por periodistas de CELTTV, el canal de TV local de la Cooperativa El\u00e9ctrica de Tornquist. Turismo, Pol\u00edtica, Sociedad, Deporte, Cultura y todo el contenido de inter\u00e9s general que la gente del pueblo y la regi\u00f3n debe conocer.","og_url":"https:\/\/www.celttv.com.ar\/index.php\/2013\/05\/07\/hcd-informan-sobre-la-funcion-del-servicio-local-y-zonal-de-promocion-y-proteccion-de-los-derechos-del-nino\/","og_site_name":"CELTTV","article_publisher":"https:\/\/www.facebook.com\/celtTV\/","article_published_time":"2013-05-07T19:22:33+00:00","author":"ulises","twitter_card":"summary_large_image","twitter_misc":{"Escrito por":"ulises","Tiempo de lectura":"3 minutos"},"schema":{"@context":"https:\/\/schema.org","@graph":[{"@type":"NewsArticle","@id":"https:\/\/www.celttv.com.ar\/index.php\/2013\/05\/07\/hcd-informan-sobre-la-funcion-del-servicio-local-y-zonal-de-promocion-y-proteccion-de-los-derechos-del-nino\/#article","isPartOf":{"@id":"https:\/\/www.celttv.com.ar\/index.php\/2013\/05\/07\/hcd-informan-sobre-la-funcion-del-servicio-local-y-zonal-de-promocion-y-proteccion-de-los-derechos-del-nino\/"},"author":{"name":"ulises","@id":"https:\/\/www.celttv.com.ar\/#\/schema\/person\/6d99c072dba59953809c81446e9d0ace"},"headline":"HCD.: Informan sobre la funci\u00f3n del Servicio Local y Zonal de Promoci\u00f3n y Protecci\u00f3n de los derechos del ni\u00f1o","datePublished":"2013-05-07T19:22:33+00:00","dateModified":"2013-05-07T19:22:33+00:00","mainEntityOfPage":{"@id":"https:\/\/www.celttv.com.ar\/index.php\/2013\/05\/07\/hcd-informan-sobre-la-funcion-del-servicio-local-y-zonal-de-promocion-y-proteccion-de-los-derechos-del-nino\/"},"wordCount":542,"publisher":{"@id":"https:\/\/www.celttv.com.ar\/#organization"},"articleSection":["Comunidad","Destacadas","Pol\u00edtica"],"inLanguage":"es"},{"@type":"WebPage","@id":"https:\/\/www.celttv.com.ar\/index.php\/2013\/05\/07\/hcd-informan-sobre-la-funcion-del-servicio-local-y-zonal-de-promocion-y-proteccion-de-los-derechos-del-nino\/","url":"https:\/\/www.celttv.com.ar\/index.php\/2013\/05\/07\/hcd-informan-sobre-la-funcion-del-servicio-local-y-zonal-de-promocion-y-proteccion-de-los-derechos-del-nino\/","name":"HCD.: Informan sobre la funci\u00f3n del Servicio Local y Zonal de Promoci\u00f3n y Protecci\u00f3n de los derechos del ni\u00f1o - CELTTV","isPartOf":{"@id":"https:\/\/www.celttv.com.ar\/#website"},"datePublished":"2013-05-07T19:22:33+00:00","dateModified":"2013-05-07T19:22:33+00:00","description":"Sitio web de noticias de la localidad de Tornquist, provincia de Buenos Aires, Rep\u00fablica Argentina. Contenido propio originado por periodistas de CELTTV, el canal de TV local de la Cooperativa El\u00e9ctrica de Tornquist. Turismo, Pol\u00edtica, Sociedad, Deporte, Cultura y todo el contenido de inter\u00e9s general que la gente del pueblo y la regi\u00f3n debe conocer.","breadcrumb":{"@id":"https:\/\/www.celttv.com.ar\/index.php\/2013\/05\/07\/hcd-informan-sobre-la-funcion-del-servicio-local-y-zonal-de-promocion-y-proteccion-de-los-derechos-del-nino\/#breadcrumb"},"inLanguage":"es","potentialAction":[{"@type":"ReadAction","target":["https:\/\/www.celttv.com.ar\/index.php\/2013\/05\/07\/hcd-informan-sobre-la-funcion-del-servicio-local-y-zonal-de-promocion-y-proteccion-de-los-derechos-del-nino\/"]}]},{"@type":"BreadcrumbList","@id":"https:\/\/www.celttv.com.ar\/index.php\/2013\/05\/07\/hcd-informan-sobre-la-funcion-del-servicio-local-y-zonal-de-promocion-y-proteccion-de-los-derechos-del-nino\/#breadcrumb","itemListElement":[{"@type":"ListItem","position":1,"name":"Inicio","item":"https:\/\/www.celttv.com.ar\/"},{"@type":"ListItem","position":2,"name":"HCD.: Informan sobre la funci\u00f3n del Servicio Local y Zonal de Promoci\u00f3n y Protecci\u00f3n de los derechos del ni\u00f1o"}]},{"@type":"WebSite","@id":"https:\/\/www.celttv.com.ar\/#website","url":"https:\/\/www.celttv.com.ar\/","name":"CELTTV","description":"Cooperativa El\u00e9ctrica de Tornquist","publisher":{"@id":"https:\/\/www.celttv.com.ar\/#organization"},"potentialAction":[{"@type":"SearchAction","target":{"@type":"EntryPoint","urlTemplate":"https:\/\/www.celttv.com.ar\/?s={search_term_string}"},"query-input":"required name=search_term_string"}],"inLanguage":"es"},{"@type":"Organization","@id":"https:\/\/www.celttv.com.ar\/#organization","name":"CELTTV","url":"https:\/\/www.celttv.com.ar\/","sameAs":["https:\/\/www.youtube.com\/channel\/UCz_oIt8Hig64Ub-EmcNPIhg","https:\/\/www.facebook.com\/celtTV\/"],"logo":{"@type":"ImageObject","inLanguage":"es","@id":"https:\/\/www.celttv.com.ar\/#\/schema\/logo\/image\/","url":"http:\/\/www.celttv.com.ar\/wp-content\/uploads\/2022\/08\/logo-1.png","contentUrl":"http:\/\/www.celttv.com.ar\/wp-content\/uploads\/2022\/08\/logo-1.png","width":461,"height":159,"caption":"CELTTV"},"image":{"@id":"https:\/\/www.celttv.com.ar\/#\/schema\/logo\/image\/"}},{"@type":"Person","@id":"https:\/\/www.celttv.com.ar\/#\/schema\/person\/6d99c072dba59953809c81446e9d0ace","name":"ulises","image":{"@type":"ImageObject","inLanguage":"es","@id":"https:\/\/www.celttv.com.ar\/#\/schema\/person\/image\/","url":"https:\/\/secure.gravatar.com\/avatar\/7f2c48bdc33b30088f941fb6082e555f2874c98e20cb159d7b92b50eadfce793?s=96&d=mm&r=g","contentUrl":"https:\/\/secure.gravatar.com\/avatar\/7f2c48bdc33b30088f941fb6082e555f2874c98e20cb159d7b92b50eadfce793?s=96&d=mm&r=g","caption":"ulises"},"sameAs":["http:\/\/www.celttv.com.ar"]}]}},"_links":{"self":[{"href":"https:\/\/www.celttv.com.ar\/index.php\/wp-json\/wp\/v2\/posts\/11360","targetHints":{"allow":["GET"]}}],"collection":[{"href":"https:\/\/www.celttv.com.ar\/index.php\/wp-json\/wp\/v2\/posts"}],"about":[{"href":"https:\/\/www.celttv.com.ar\/index.php\/wp-json\/wp\/v2\/types\/post"}],"author":[{"embeddable":true,"href":"https:\/\/www.celttv.com.ar\/index.php\/wp-json\/wp\/v2\/users\/1"}],"replies":[{"embeddable":true,"href":"https:\/\/www.celttv.com.ar\/index.php\/wp-json\/wp\/v2\/comments?post=11360"}],"version-history":[{"count":0,"href":"https:\/\/www.celttv.com.ar\/index.php\/wp-json\/wp\/v2\/posts\/11360\/revisions"}],"wp:attachment":[{"href":"https:\/\/www.celttv.com.ar\/index.php\/wp-json\/wp\/v2\/media?parent=11360"}],"wp:term":[{"taxonomy":"category","embeddable":true,"href":"https:\/\/www.celttv.com.ar\/index.php\/wp-json\/wp\/v2\/categories?post=11360"},{"taxonomy":"post_tag","embeddable":true,"href":"https:\/\/www.celttv.com.ar\/index.php\/wp-json\/wp\/v2\/tags?post=11360"}],"curies":[{"name":"wp","href":"https:\/\/api.w.org\/{rel}","templated":true}]}}