{"id":11468,"date":"2013-05-10T18:53:11","date_gmt":"2013-05-10T18:53:11","guid":{"rendered":"http:\/\/www.tvcnoticias.com.ar\/?p=11468"},"modified":"2013-05-10T18:53:11","modified_gmt":"2013-05-10T18:53:11","slug":"el-colegio-nuestra-de-lujan-continua-con-las-mejoras-edilicias-y-su-tarea-inclusiva-notas-con-la-hna-marta-allaltuni","status":"publish","type":"post","link":"https:\/\/www.celttv.com.ar\/index.php\/2013\/05\/10\/el-colegio-nuestra-de-lujan-continua-con-las-mejoras-edilicias-y-su-tarea-inclusiva-notas-con-la-hna-marta-allaltuni\/","title":{"rendered":"EL COLEGIO NUESTRA SE\u00d1ORA DE LUJAN CONTINUA CON LAS MEJORAS EDILICIAS Y SU TAREA INCLUSIVA (Notas con la Hna. Marta Allaltuni)"},"content":{"rendered":"<p><a href=\"http:\/\/www.youtube.com\/watch?v=Z14w5ecPZK4\"><\/a><a href=\"http:\/\/www.youtube.com\/watch?v=Z14w5ecPZK4\">httpv:\/\/www.youtube.com\/watch?v=Z14w5ecPZK4<\/a><br \/>\n<a href=\"http:\/\/www.youtube.com\/watch?v=0tw0YKOwXbg\"><\/a><a href=\"http:\/\/www.youtube.com\/watch?v=0tw0YKOwXbg\">httpv:\/\/www.youtube.com\/watch?v=0tw0YKOwXbg<\/a><br \/>\n<a href=\"http:\/\/www.youtube.com\/watch?v=GhRzmB-o_KM\"><\/a><a href=\"http:\/\/www.youtube.com\/watch?v=GhRzmB-o_KM\">httpv:\/\/www.youtube.com\/watch?v=GhRzmB-o_KM<\/a><br \/>\nLa directora del Colegio Nuestra Se\u00f1ora de Luj\u00e1n comenta las novedades surgidas en cuanto a las \u00faltimas reformas edilicias realizadas en el establecimiento educativo, como as\u00ed tambi\u00e9n sobre las tareas inclusivas que directivos, docentes y alumnos comparten articulando con otros establecimientos educativos.<\/p>\n","protected":false},"excerpt":{"rendered":"<p>httpv:\/\/www.youtube.com\/watch?v=Z14w5ecPZK4 httpv:\/\/www.youtube.com\/watch?v=0tw0YKOwXbg httpv:\/\/www.youtube.com\/watch?v=GhRzmB-o_KM La directora del Colegio Nuestra Se\u00f1ora de Luj\u00e1n comenta las novedades surgidas en cuanto a las \u00faltimas reformas edilicias realizadas en el establecimiento educativo, como as\u00ed tambi\u00e9n sobre las tareas inclusivas que directivos, docentes y alumnos comparten articulando con otros establecimientos educativos.<\/p>\n","protected":false},"author":1,"featured_media":0,"comment_status":"closed","ping_status":"open","sticky":false,"template":"","format":"standard","meta":{"footnotes":""},"categories":[51,52,64],"tags":[],"class_list":["post-11468","post","type-post","status-publish","format-standard","hentry","category-comunidad","category-destacadas","category-videos-destacados"],"yoast_head":"<!-- This site is optimized with the Yoast SEO plugin v19.7.1 - https:\/\/yoast.com\/wordpress\/plugins\/seo\/ -->\n<title>EL COLEGIO NUESTRA SE\u00d1ORA DE LUJAN CONTINUA CON LAS MEJORAS EDILICIAS Y SU TAREA INCLUSIVA (Notas con la Hna. Marta Allaltuni) - CELTTV<\/title>\n<meta name=\"description\" content=\"Sitio web de noticias de la localidad de Tornquist, provincia de Buenos Aires, Rep\u00fablica Argentina. Contenido propio originado por periodistas de CELTTV, el canal de TV local de la Cooperativa El\u00e9ctrica de Tornquist. Turismo, Pol\u00edtica, Sociedad, Deporte, Cultura y todo el contenido de inter\u00e9s general que la gente del pueblo y la regi\u00f3n debe conocer.\" \/>\n<meta name=\"robots\" content=\"index, follow, max-snippet:-1, max-image-preview:large, max-video-preview:-1\" \/>\n<link rel=\"canonical\" href=\"https:\/\/www.celttv.com.ar\/index.php\/2013\/05\/10\/el-colegio-nuestra-de-lujan-continua-con-las-mejoras-edilicias-y-su-tarea-inclusiva-notas-con-la-hna-marta-allaltuni\/\" \/>\n<meta property=\"og:locale\" content=\"es_ES\" \/>\n<meta property=\"og:type\" content=\"article\" \/>\n<meta property=\"og:title\" content=\"EL COLEGIO NUESTRA SE\u00d1ORA DE LUJAN CONTINUA CON LAS MEJORAS EDILICIAS Y SU TAREA INCLUSIVA (Notas con la Hna. Marta Allaltuni) - CELTTV\" \/>\n<meta property=\"og:description\" content=\"Sitio web de noticias de la localidad de Tornquist, provincia de Buenos Aires, Rep\u00fablica Argentina. Contenido propio originado por periodistas de CELTTV, el canal de TV local de la Cooperativa El\u00e9ctrica de Tornquist. Turismo, Pol\u00edtica, Sociedad, Deporte, Cultura y todo el contenido de inter\u00e9s general que la gente del pueblo y la regi\u00f3n debe conocer.\" \/>\n<meta property=\"og:url\" content=\"https:\/\/www.celttv.com.ar\/index.php\/2013\/05\/10\/el-colegio-nuestra-de-lujan-continua-con-las-mejoras-edilicias-y-su-tarea-inclusiva-notas-con-la-hna-marta-allaltuni\/\" \/>\n<meta property=\"og:site_name\" content=\"CELTTV\" \/>\n<meta property=\"article:publisher\" content=\"https:\/\/www.facebook.com\/celtTV\/\" \/>\n<meta property=\"article:published_time\" content=\"2013-05-10T18:53:11+00:00\" \/>\n<meta name=\"author\" content=\"ulises\" \/>\n<meta name=\"twitter:card\" content=\"summary_large_image\" \/>\n<meta name=\"twitter:label1\" content=\"Escrito por\" \/>\n\t<meta name=\"twitter:data1\" content=\"ulises\" \/>\n<script type=\"application\/ld+json\" class=\"yoast-schema-graph\">{\"@context\":\"https:\/\/schema.org\",\"@graph\":[{\"@type\":\"NewsArticle\",\"@id\":\"https:\/\/www.celttv.com.ar\/index.php\/2013\/05\/10\/el-colegio-nuestra-de-lujan-continua-con-las-mejoras-edilicias-y-su-tarea-inclusiva-notas-con-la-hna-marta-allaltuni\/#article\",\"isPartOf\":{\"@id\":\"https:\/\/www.celttv.com.ar\/index.php\/2013\/05\/10\/el-colegio-nuestra-de-lujan-continua-con-las-mejoras-edilicias-y-su-tarea-inclusiva-notas-con-la-hna-marta-allaltuni\/\"},\"author\":{\"name\":\"ulises\",\"@id\":\"https:\/\/www.celttv.com.ar\/#\/schema\/person\/6d99c072dba59953809c81446e9d0ace\"},\"headline\":\"EL COLEGIO NUESTRA SE\u00d1ORA DE LUJAN CONTINUA CON LAS MEJORAS EDILICIAS Y SU TAREA INCLUSIVA (Notas con la Hna. Marta Allaltuni)\",\"datePublished\":\"2013-05-10T18:53:11+00:00\",\"dateModified\":\"2013-05-10T18:53:11+00:00\",\"mainEntityOfPage\":{\"@id\":\"https:\/\/www.celttv.com.ar\/index.php\/2013\/05\/10\/el-colegio-nuestra-de-lujan-continua-con-las-mejoras-edilicias-y-su-tarea-inclusiva-notas-con-la-hna-marta-allaltuni\/\"},\"wordCount\":92,\"publisher\":{\"@id\":\"https:\/\/www.celttv.com.ar\/#organization\"},\"articleSection\":[\"Comunidad\",\"Destacadas\",\"Videos Destacados\"],\"inLanguage\":\"es\"},{\"@type\":\"WebPage\",\"@id\":\"https:\/\/www.celttv.com.ar\/index.php\/2013\/05\/10\/el-colegio-nuestra-de-lujan-continua-con-las-mejoras-edilicias-y-su-tarea-inclusiva-notas-con-la-hna-marta-allaltuni\/\",\"url\":\"https:\/\/www.celttv.com.ar\/index.php\/2013\/05\/10\/el-colegio-nuestra-de-lujan-continua-con-las-mejoras-edilicias-y-su-tarea-inclusiva-notas-con-la-hna-marta-allaltuni\/\",\"name\":\"EL COLEGIO NUESTRA SE\u00d1ORA DE LUJAN CONTINUA CON LAS MEJORAS EDILICIAS Y SU TAREA INCLUSIVA (Notas con la Hna. Marta Allaltuni) - CELTTV\",\"isPartOf\":{\"@id\":\"https:\/\/www.celttv.com.ar\/#website\"},\"datePublished\":\"2013-05-10T18:53:11+00:00\",\"dateModified\":\"2013-05-10T18:53:11+00:00\",\"description\":\"Sitio web de noticias de la localidad de Tornquist, provincia de Buenos Aires, Rep\u00fablica Argentina. Contenido propio originado por periodistas de CELTTV, el canal de TV local de la Cooperativa El\u00e9ctrica de Tornquist. Turismo, Pol\u00edtica, Sociedad, Deporte, Cultura y todo el contenido de inter\u00e9s general que la gente del pueblo y la regi\u00f3n debe conocer.\",\"breadcrumb\":{\"@id\":\"https:\/\/www.celttv.com.ar\/index.php\/2013\/05\/10\/el-colegio-nuestra-de-lujan-continua-con-las-mejoras-edilicias-y-su-tarea-inclusiva-notas-con-la-hna-marta-allaltuni\/#breadcrumb\"},\"inLanguage\":\"es\",\"potentialAction\":[{\"@type\":\"ReadAction\",\"target\":[\"https:\/\/www.celttv.com.ar\/index.php\/2013\/05\/10\/el-colegio-nuestra-de-lujan-continua-con-las-mejoras-edilicias-y-su-tarea-inclusiva-notas-con-la-hna-marta-allaltuni\/\"]}]},{\"@type\":\"BreadcrumbList\",\"@id\":\"https:\/\/www.celttv.com.ar\/index.php\/2013\/05\/10\/el-colegio-nuestra-de-lujan-continua-con-las-mejoras-edilicias-y-su-tarea-inclusiva-notas-con-la-hna-marta-allaltuni\/#breadcrumb\",\"itemListElement\":[{\"@type\":\"ListItem\",\"position\":1,\"name\":\"Inicio\",\"item\":\"https:\/\/www.celttv.com.ar\/\"},{\"@type\":\"ListItem\",\"position\":2,\"name\":\"EL COLEGIO NUESTRA SE\u00d1ORA DE LUJAN CONTINUA CON LAS MEJORAS EDILICIAS Y SU TAREA INCLUSIVA (Notas con la Hna. Marta Allaltuni)\"}]},{\"@type\":\"WebSite\",\"@id\":\"https:\/\/www.celttv.com.ar\/#website\",\"url\":\"https:\/\/www.celttv.com.ar\/\",\"name\":\"CELTTV\",\"description\":\"Cooperativa El\u00e9ctrica de Tornquist\",\"publisher\":{\"@id\":\"https:\/\/www.celttv.com.ar\/#organization\"},\"potentialAction\":[{\"@type\":\"SearchAction\",\"target\":{\"@type\":\"EntryPoint\",\"urlTemplate\":\"https:\/\/www.celttv.com.ar\/?s={search_term_string}\"},\"query-input\":\"required name=search_term_string\"}],\"inLanguage\":\"es\"},{\"@type\":\"Organization\",\"@id\":\"https:\/\/www.celttv.com.ar\/#organization\",\"name\":\"CELTTV\",\"url\":\"https:\/\/www.celttv.com.ar\/\",\"sameAs\":[\"https:\/\/www.youtube.com\/channel\/UCz_oIt8Hig64Ub-EmcNPIhg\",\"https:\/\/www.facebook.com\/celtTV\/\"],\"logo\":{\"@type\":\"ImageObject\",\"inLanguage\":\"es\",\"@id\":\"https:\/\/www.celttv.com.ar\/#\/schema\/logo\/image\/\",\"url\":\"http:\/\/www.celttv.com.ar\/wp-content\/uploads\/2022\/08\/logo-1.png\",\"contentUrl\":\"http:\/\/www.celttv.com.ar\/wp-content\/uploads\/2022\/08\/logo-1.png\",\"width\":461,\"height\":159,\"caption\":\"CELTTV\"},\"image\":{\"@id\":\"https:\/\/www.celttv.com.ar\/#\/schema\/logo\/image\/\"}},{\"@type\":\"Person\",\"@id\":\"https:\/\/www.celttv.com.ar\/#\/schema\/person\/6d99c072dba59953809c81446e9d0ace\",\"name\":\"ulises\",\"image\":{\"@type\":\"ImageObject\",\"inLanguage\":\"es\",\"@id\":\"https:\/\/www.celttv.com.ar\/#\/schema\/person\/image\/\",\"url\":\"https:\/\/secure.gravatar.com\/avatar\/7f2c48bdc33b30088f941fb6082e555f2874c98e20cb159d7b92b50eadfce793?s=96&d=mm&r=g\",\"contentUrl\":\"https:\/\/secure.gravatar.com\/avatar\/7f2c48bdc33b30088f941fb6082e555f2874c98e20cb159d7b92b50eadfce793?s=96&d=mm&r=g\",\"caption\":\"ulises\"},\"sameAs\":[\"http:\/\/www.celttv.com.ar\"]}]}<\/script>\n<!-- \/ Yoast SEO plugin. -->","yoast_head_json":{"title":"EL COLEGIO NUESTRA SE\u00d1ORA DE LUJAN CONTINUA CON LAS MEJORAS EDILICIAS Y SU TAREA INCLUSIVA (Notas con la Hna. Marta Allaltuni) - CELTTV","description":"Sitio web de noticias de la localidad de Tornquist, provincia de Buenos Aires, Rep\u00fablica Argentina. Contenido propio originado por periodistas de CELTTV, el canal de TV local de la Cooperativa El\u00e9ctrica de Tornquist. Turismo, Pol\u00edtica, Sociedad, Deporte, Cultura y todo el contenido de inter\u00e9s general que la gente del pueblo y la regi\u00f3n debe conocer.","robots":{"index":"index","follow":"follow","max-snippet":"max-snippet:-1","max-image-preview":"max-image-preview:large","max-video-preview":"max-video-preview:-1"},"canonical":"https:\/\/www.celttv.com.ar\/index.php\/2013\/05\/10\/el-colegio-nuestra-de-lujan-continua-con-las-mejoras-edilicias-y-su-tarea-inclusiva-notas-con-la-hna-marta-allaltuni\/","og_locale":"es_ES","og_type":"article","og_title":"EL COLEGIO NUESTRA SE\u00d1ORA DE LUJAN CONTINUA CON LAS MEJORAS EDILICIAS Y SU TAREA INCLUSIVA (Notas con la Hna. Marta Allaltuni) - CELTTV","og_description":"Sitio web de noticias de la localidad de Tornquist, provincia de Buenos Aires, Rep\u00fablica Argentina. Contenido propio originado por periodistas de CELTTV, el canal de TV local de la Cooperativa El\u00e9ctrica de Tornquist. Turismo, Pol\u00edtica, Sociedad, Deporte, Cultura y todo el contenido de inter\u00e9s general que la gente del pueblo y la regi\u00f3n debe conocer.","og_url":"https:\/\/www.celttv.com.ar\/index.php\/2013\/05\/10\/el-colegio-nuestra-de-lujan-continua-con-las-mejoras-edilicias-y-su-tarea-inclusiva-notas-con-la-hna-marta-allaltuni\/","og_site_name":"CELTTV","article_publisher":"https:\/\/www.facebook.com\/celtTV\/","article_published_time":"2013-05-10T18:53:11+00:00","author":"ulises","twitter_card":"summary_large_image","twitter_misc":{"Escrito por":"ulises"},"schema":{"@context":"https:\/\/schema.org","@graph":[{"@type":"NewsArticle","@id":"https:\/\/www.celttv.com.ar\/index.php\/2013\/05\/10\/el-colegio-nuestra-de-lujan-continua-con-las-mejoras-edilicias-y-su-tarea-inclusiva-notas-con-la-hna-marta-allaltuni\/#article","isPartOf":{"@id":"https:\/\/www.celttv.com.ar\/index.php\/2013\/05\/10\/el-colegio-nuestra-de-lujan-continua-con-las-mejoras-edilicias-y-su-tarea-inclusiva-notas-con-la-hna-marta-allaltuni\/"},"author":{"name":"ulises","@id":"https:\/\/www.celttv.com.ar\/#\/schema\/person\/6d99c072dba59953809c81446e9d0ace"},"headline":"EL COLEGIO NUESTRA SE\u00d1ORA DE LUJAN CONTINUA CON LAS MEJORAS EDILICIAS Y SU TAREA INCLUSIVA (Notas con la Hna. Marta Allaltuni)","datePublished":"2013-05-10T18:53:11+00:00","dateModified":"2013-05-10T18:53:11+00:00","mainEntityOfPage":{"@id":"https:\/\/www.celttv.com.ar\/index.php\/2013\/05\/10\/el-colegio-nuestra-de-lujan-continua-con-las-mejoras-edilicias-y-su-tarea-inclusiva-notas-con-la-hna-marta-allaltuni\/"},"wordCount":92,"publisher":{"@id":"https:\/\/www.celttv.com.ar\/#organization"},"articleSection":["Comunidad","Destacadas","Videos Destacados"],"inLanguage":"es"},{"@type":"WebPage","@id":"https:\/\/www.celttv.com.ar\/index.php\/2013\/05\/10\/el-colegio-nuestra-de-lujan-continua-con-las-mejoras-edilicias-y-su-tarea-inclusiva-notas-con-la-hna-marta-allaltuni\/","url":"https:\/\/www.celttv.com.ar\/index.php\/2013\/05\/10\/el-colegio-nuestra-de-lujan-continua-con-las-mejoras-edilicias-y-su-tarea-inclusiva-notas-con-la-hna-marta-allaltuni\/","name":"EL COLEGIO NUESTRA SE\u00d1ORA DE LUJAN CONTINUA CON LAS MEJORAS EDILICIAS Y SU TAREA INCLUSIVA (Notas con la Hna. Marta Allaltuni) - CELTTV","isPartOf":{"@id":"https:\/\/www.celttv.com.ar\/#website"},"datePublished":"2013-05-10T18:53:11+00:00","dateModified":"2013-05-10T18:53:11+00:00","description":"Sitio web de noticias de la localidad de Tornquist, provincia de Buenos Aires, Rep\u00fablica Argentina. Contenido propio originado por periodistas de CELTTV, el canal de TV local de la Cooperativa El\u00e9ctrica de Tornquist. Turismo, Pol\u00edtica, Sociedad, Deporte, Cultura y todo el contenido de inter\u00e9s general que la gente del pueblo y la regi\u00f3n debe conocer.","breadcrumb":{"@id":"https:\/\/www.celttv.com.ar\/index.php\/2013\/05\/10\/el-colegio-nuestra-de-lujan-continua-con-las-mejoras-edilicias-y-su-tarea-inclusiva-notas-con-la-hna-marta-allaltuni\/#breadcrumb"},"inLanguage":"es","potentialAction":[{"@type":"ReadAction","target":["https:\/\/www.celttv.com.ar\/index.php\/2013\/05\/10\/el-colegio-nuestra-de-lujan-continua-con-las-mejoras-edilicias-y-su-tarea-inclusiva-notas-con-la-hna-marta-allaltuni\/"]}]},{"@type":"BreadcrumbList","@id":"https:\/\/www.celttv.com.ar\/index.php\/2013\/05\/10\/el-colegio-nuestra-de-lujan-continua-con-las-mejoras-edilicias-y-su-tarea-inclusiva-notas-con-la-hna-marta-allaltuni\/#breadcrumb","itemListElement":[{"@type":"ListItem","position":1,"name":"Inicio","item":"https:\/\/www.celttv.com.ar\/"},{"@type":"ListItem","position":2,"name":"EL COLEGIO NUESTRA SE\u00d1ORA DE LUJAN CONTINUA CON LAS MEJORAS EDILICIAS Y SU TAREA INCLUSIVA (Notas con la Hna. Marta Allaltuni)"}]},{"@type":"WebSite","@id":"https:\/\/www.celttv.com.ar\/#website","url":"https:\/\/www.celttv.com.ar\/","name":"CELTTV","description":"Cooperativa El\u00e9ctrica de Tornquist","publisher":{"@id":"https:\/\/www.celttv.com.ar\/#organization"},"potentialAction":[{"@type":"SearchAction","target":{"@type":"EntryPoint","urlTemplate":"https:\/\/www.celttv.com.ar\/?s={search_term_string}"},"query-input":"required name=search_term_string"}],"inLanguage":"es"},{"@type":"Organization","@id":"https:\/\/www.celttv.com.ar\/#organization","name":"CELTTV","url":"https:\/\/www.celttv.com.ar\/","sameAs":["https:\/\/www.youtube.com\/channel\/UCz_oIt8Hig64Ub-EmcNPIhg","https:\/\/www.facebook.com\/celtTV\/"],"logo":{"@type":"ImageObject","inLanguage":"es","@id":"https:\/\/www.celttv.com.ar\/#\/schema\/logo\/image\/","url":"http:\/\/www.celttv.com.ar\/wp-content\/uploads\/2022\/08\/logo-1.png","contentUrl":"http:\/\/www.celttv.com.ar\/wp-content\/uploads\/2022\/08\/logo-1.png","width":461,"height":159,"caption":"CELTTV"},"image":{"@id":"https:\/\/www.celttv.com.ar\/#\/schema\/logo\/image\/"}},{"@type":"Person","@id":"https:\/\/www.celttv.com.ar\/#\/schema\/person\/6d99c072dba59953809c81446e9d0ace","name":"ulises","image":{"@type":"ImageObject","inLanguage":"es","@id":"https:\/\/www.celttv.com.ar\/#\/schema\/person\/image\/","url":"https:\/\/secure.gravatar.com\/avatar\/7f2c48bdc33b30088f941fb6082e555f2874c98e20cb159d7b92b50eadfce793?s=96&d=mm&r=g","contentUrl":"https:\/\/secure.gravatar.com\/avatar\/7f2c48bdc33b30088f941fb6082e555f2874c98e20cb159d7b92b50eadfce793?s=96&d=mm&r=g","caption":"ulises"},"sameAs":["http:\/\/www.celttv.com.ar"]}]}},"_links":{"self":[{"href":"https:\/\/www.celttv.com.ar\/index.php\/wp-json\/wp\/v2\/posts\/11468","targetHints":{"allow":["GET"]}}],"collection":[{"href":"https:\/\/www.celttv.com.ar\/index.php\/wp-json\/wp\/v2\/posts"}],"about":[{"href":"https:\/\/www.celttv.com.ar\/index.php\/wp-json\/wp\/v2\/types\/post"}],"author":[{"embeddable":true,"href":"https:\/\/www.celttv.com.ar\/index.php\/wp-json\/wp\/v2\/users\/1"}],"replies":[{"embeddable":true,"href":"https:\/\/www.celttv.com.ar\/index.php\/wp-json\/wp\/v2\/comments?post=11468"}],"version-history":[{"count":0,"href":"https:\/\/www.celttv.com.ar\/index.php\/wp-json\/wp\/v2\/posts\/11468\/revisions"}],"wp:attachment":[{"href":"https:\/\/www.celttv.com.ar\/index.php\/wp-json\/wp\/v2\/media?parent=11468"}],"wp:term":[{"taxonomy":"category","embeddable":true,"href":"https:\/\/www.celttv.com.ar\/index.php\/wp-json\/wp\/v2\/categories?post=11468"},{"taxonomy":"post_tag","embeddable":true,"href":"https:\/\/www.celttv.com.ar\/index.php\/wp-json\/wp\/v2\/tags?post=11468"}],"curies":[{"name":"wp","href":"https:\/\/api.w.org\/{rel}","templated":true}]}}