{"id":11475,"date":"2013-05-10T20:25:17","date_gmt":"2013-05-10T20:25:17","guid":{"rendered":"http:\/\/www.tvcnoticias.com.ar\/?p=11475"},"modified":"2013-05-10T20:25:17","modified_gmt":"2013-05-10T20:25:17","slug":"en-manotas-disco-se-realiza-el-primer-encuentro-de-centros-de-dia-y-talleres-protegidos","status":"publish","type":"post","link":"https:\/\/www.celttv.com.ar\/index.php\/2013\/05\/10\/en-manotas-disco-se-realiza-el-primer-encuentro-de-centros-de-dia-y-talleres-protegidos\/","title":{"rendered":"EN MANOTAS DISCO SE REALIZA EL PRIMER ENCUENTRO DE CENTROS DE DIA Y TALLERES PROTEGIDOS"},"content":{"rendered":"<p>El Centro de D\u00eda Tornquist, quiere dar a conocer que el d\u00eda Viernes 17 de Mayo, a partir de las 13:00hs, relizar\u00e1 el <strong>primer encuentro <\/strong>con los distintos Centros de D\u00eda y talleres Protegidos de la zona y sus alrededores.<br \/>\nEl encuentro se llevar\u00e1 a cabo en el Boliche \u201cMANOTAS DISCO\u201d de nuestra ciudad, con motivo de incentivar espacios de diversi\u00f3n y recreaci\u00f3n, mediante actividades y propuestas acordes a los intereses y edades de las personas con discapacidad, propiciando el fortalecimiento entre las Instituciones afines.<br \/>\n&nbsp;<br \/>\nSi bien la poblaci\u00f3n invitada se limita a Centros de D\u00eda y Talleres Protegidos, deseamos aclarar que queda abierta la posibilidad de participaci\u00f3n de otras personas con discapacidad en edad adulta.<br \/>\n&nbsp;<br \/>\nAnte cualquier duda comunicarse al tel\u00e9fono: 0291-4940777\/ 154725480.<br \/>\n&nbsp;<br \/>\n&nbsp;<br \/>\nPanzitta Antonela, Trabajadora Social de la Instituci\u00f3n.<br \/>\nMUCHAS GRACIAS!!!<br \/>\n&nbsp;<\/p>\n","protected":false},"excerpt":{"rendered":"<p>El Centro de D\u00eda Tornquist, quiere dar a conocer que el d\u00eda Viernes 17 de Mayo, a partir de las 13:00hs, relizar\u00e1 el primer encuentro con los distintos Centros de D\u00eda y talleres Protegidos de la zona y sus alrededores. El encuentro se llevar\u00e1 a cabo en el Boliche \u201cMANOTAS DISCO\u201d de nuestra ciudad, con [&hellip;]<\/p>\n","protected":false},"author":1,"featured_media":0,"comment_status":"closed","ping_status":"open","sticky":false,"template":"","format":"standard","meta":{"footnotes":""},"categories":[51,52,56],"tags":[],"class_list":["post-11475","post","type-post","status-publish","format-standard","hentry","category-comunidad","category-destacadas","category-espectaculos"],"yoast_head":"<!-- This site is optimized with the Yoast SEO plugin v19.7.1 - https:\/\/yoast.com\/wordpress\/plugins\/seo\/ -->\n<title>EN MANOTAS DISCO SE REALIZA EL PRIMER ENCUENTRO DE CENTROS DE DIA Y TALLERES PROTEGIDOS - CELTTV<\/title>\n<meta name=\"description\" content=\"Sitio web de noticias de la localidad de Tornquist, provincia de Buenos Aires, Rep\u00fablica Argentina. Contenido propio originado por periodistas de CELTTV, el canal de TV local de la Cooperativa El\u00e9ctrica de Tornquist. Turismo, Pol\u00edtica, Sociedad, Deporte, Cultura y todo el contenido de inter\u00e9s general que la gente del pueblo y la regi\u00f3n debe conocer.\" \/>\n<meta name=\"robots\" content=\"index, follow, max-snippet:-1, max-image-preview:large, max-video-preview:-1\" \/>\n<link rel=\"canonical\" href=\"https:\/\/www.celttv.com.ar\/index.php\/2013\/05\/10\/en-manotas-disco-se-realiza-el-primer-encuentro-de-centros-de-dia-y-talleres-protegidos\/\" \/>\n<meta property=\"og:locale\" content=\"es_ES\" \/>\n<meta property=\"og:type\" content=\"article\" \/>\n<meta property=\"og:title\" content=\"EN MANOTAS DISCO SE REALIZA EL PRIMER ENCUENTRO DE CENTROS DE DIA Y TALLERES PROTEGIDOS - CELTTV\" \/>\n<meta property=\"og:description\" content=\"Sitio web de noticias de la localidad de Tornquist, provincia de Buenos Aires, Rep\u00fablica Argentina. Contenido propio originado por periodistas de CELTTV, el canal de TV local de la Cooperativa El\u00e9ctrica de Tornquist. Turismo, Pol\u00edtica, Sociedad, Deporte, Cultura y todo el contenido de inter\u00e9s general que la gente del pueblo y la regi\u00f3n debe conocer.\" \/>\n<meta property=\"og:url\" content=\"https:\/\/www.celttv.com.ar\/index.php\/2013\/05\/10\/en-manotas-disco-se-realiza-el-primer-encuentro-de-centros-de-dia-y-talleres-protegidos\/\" \/>\n<meta property=\"og:site_name\" content=\"CELTTV\" \/>\n<meta property=\"article:publisher\" content=\"https:\/\/www.facebook.com\/celtTV\/\" \/>\n<meta property=\"article:published_time\" content=\"2013-05-10T20:25:17+00:00\" \/>\n<meta name=\"author\" content=\"ulises\" \/>\n<meta name=\"twitter:card\" content=\"summary_large_image\" \/>\n<meta name=\"twitter:label1\" content=\"Escrito por\" \/>\n\t<meta name=\"twitter:data1\" content=\"ulises\" \/>\n\t<meta name=\"twitter:label2\" content=\"Tiempo de lectura\" \/>\n\t<meta name=\"twitter:data2\" content=\"1 minuto\" \/>\n<script type=\"application\/ld+json\" class=\"yoast-schema-graph\">{\"@context\":\"https:\/\/schema.org\",\"@graph\":[{\"@type\":\"NewsArticle\",\"@id\":\"https:\/\/www.celttv.com.ar\/index.php\/2013\/05\/10\/en-manotas-disco-se-realiza-el-primer-encuentro-de-centros-de-dia-y-talleres-protegidos\/#article\",\"isPartOf\":{\"@id\":\"https:\/\/www.celttv.com.ar\/index.php\/2013\/05\/10\/en-manotas-disco-se-realiza-el-primer-encuentro-de-centros-de-dia-y-talleres-protegidos\/\"},\"author\":{\"name\":\"ulises\",\"@id\":\"https:\/\/www.celttv.com.ar\/#\/schema\/person\/6d99c072dba59953809c81446e9d0ace\"},\"headline\":\"EN MANOTAS DISCO SE REALIZA EL PRIMER ENCUENTRO DE CENTROS DE DIA Y TALLERES PROTEGIDOS\",\"datePublished\":\"2013-05-10T20:25:17+00:00\",\"dateModified\":\"2013-05-10T20:25:17+00:00\",\"mainEntityOfPage\":{\"@id\":\"https:\/\/www.celttv.com.ar\/index.php\/2013\/05\/10\/en-manotas-disco-se-realiza-el-primer-encuentro-de-centros-de-dia-y-talleres-protegidos\/\"},\"wordCount\":161,\"publisher\":{\"@id\":\"https:\/\/www.celttv.com.ar\/#organization\"},\"articleSection\":[\"Comunidad\",\"Destacadas\",\"Espect\u00e1culos\"],\"inLanguage\":\"es\"},{\"@type\":\"WebPage\",\"@id\":\"https:\/\/www.celttv.com.ar\/index.php\/2013\/05\/10\/en-manotas-disco-se-realiza-el-primer-encuentro-de-centros-de-dia-y-talleres-protegidos\/\",\"url\":\"https:\/\/www.celttv.com.ar\/index.php\/2013\/05\/10\/en-manotas-disco-se-realiza-el-primer-encuentro-de-centros-de-dia-y-talleres-protegidos\/\",\"name\":\"EN MANOTAS DISCO SE REALIZA EL PRIMER ENCUENTRO DE CENTROS DE DIA Y TALLERES PROTEGIDOS - CELTTV\",\"isPartOf\":{\"@id\":\"https:\/\/www.celttv.com.ar\/#website\"},\"datePublished\":\"2013-05-10T20:25:17+00:00\",\"dateModified\":\"2013-05-10T20:25:17+00:00\",\"description\":\"Sitio web de noticias de la localidad de Tornquist, provincia de Buenos Aires, Rep\u00fablica Argentina. Contenido propio originado por periodistas de CELTTV, el canal de TV local de la Cooperativa El\u00e9ctrica de Tornquist. Turismo, Pol\u00edtica, Sociedad, Deporte, Cultura y todo el contenido de inter\u00e9s general que la gente del pueblo y la regi\u00f3n debe conocer.\",\"breadcrumb\":{\"@id\":\"https:\/\/www.celttv.com.ar\/index.php\/2013\/05\/10\/en-manotas-disco-se-realiza-el-primer-encuentro-de-centros-de-dia-y-talleres-protegidos\/#breadcrumb\"},\"inLanguage\":\"es\",\"potentialAction\":[{\"@type\":\"ReadAction\",\"target\":[\"https:\/\/www.celttv.com.ar\/index.php\/2013\/05\/10\/en-manotas-disco-se-realiza-el-primer-encuentro-de-centros-de-dia-y-talleres-protegidos\/\"]}]},{\"@type\":\"BreadcrumbList\",\"@id\":\"https:\/\/www.celttv.com.ar\/index.php\/2013\/05\/10\/en-manotas-disco-se-realiza-el-primer-encuentro-de-centros-de-dia-y-talleres-protegidos\/#breadcrumb\",\"itemListElement\":[{\"@type\":\"ListItem\",\"position\":1,\"name\":\"Inicio\",\"item\":\"https:\/\/www.celttv.com.ar\/\"},{\"@type\":\"ListItem\",\"position\":2,\"name\":\"EN MANOTAS DISCO SE REALIZA EL PRIMER ENCUENTRO DE CENTROS DE DIA Y TALLERES PROTEGIDOS\"}]},{\"@type\":\"WebSite\",\"@id\":\"https:\/\/www.celttv.com.ar\/#website\",\"url\":\"https:\/\/www.celttv.com.ar\/\",\"name\":\"CELTTV\",\"description\":\"Cooperativa El\u00e9ctrica de Tornquist\",\"publisher\":{\"@id\":\"https:\/\/www.celttv.com.ar\/#organization\"},\"potentialAction\":[{\"@type\":\"SearchAction\",\"target\":{\"@type\":\"EntryPoint\",\"urlTemplate\":\"https:\/\/www.celttv.com.ar\/?s={search_term_string}\"},\"query-input\":\"required name=search_term_string\"}],\"inLanguage\":\"es\"},{\"@type\":\"Organization\",\"@id\":\"https:\/\/www.celttv.com.ar\/#organization\",\"name\":\"CELTTV\",\"url\":\"https:\/\/www.celttv.com.ar\/\",\"sameAs\":[\"https:\/\/www.youtube.com\/channel\/UCz_oIt8Hig64Ub-EmcNPIhg\",\"https:\/\/www.facebook.com\/celtTV\/\"],\"logo\":{\"@type\":\"ImageObject\",\"inLanguage\":\"es\",\"@id\":\"https:\/\/www.celttv.com.ar\/#\/schema\/logo\/image\/\",\"url\":\"http:\/\/www.celttv.com.ar\/wp-content\/uploads\/2022\/08\/logo-1.png\",\"contentUrl\":\"http:\/\/www.celttv.com.ar\/wp-content\/uploads\/2022\/08\/logo-1.png\",\"width\":461,\"height\":159,\"caption\":\"CELTTV\"},\"image\":{\"@id\":\"https:\/\/www.celttv.com.ar\/#\/schema\/logo\/image\/\"}},{\"@type\":\"Person\",\"@id\":\"https:\/\/www.celttv.com.ar\/#\/schema\/person\/6d99c072dba59953809c81446e9d0ace\",\"name\":\"ulises\",\"image\":{\"@type\":\"ImageObject\",\"inLanguage\":\"es\",\"@id\":\"https:\/\/www.celttv.com.ar\/#\/schema\/person\/image\/\",\"url\":\"https:\/\/secure.gravatar.com\/avatar\/7f2c48bdc33b30088f941fb6082e555f2874c98e20cb159d7b92b50eadfce793?s=96&d=mm&r=g\",\"contentUrl\":\"https:\/\/secure.gravatar.com\/avatar\/7f2c48bdc33b30088f941fb6082e555f2874c98e20cb159d7b92b50eadfce793?s=96&d=mm&r=g\",\"caption\":\"ulises\"},\"sameAs\":[\"http:\/\/www.celttv.com.ar\"]}]}<\/script>\n<!-- \/ Yoast SEO plugin. -->","yoast_head_json":{"title":"EN MANOTAS DISCO SE REALIZA EL PRIMER ENCUENTRO DE CENTROS DE DIA Y TALLERES PROTEGIDOS - CELTTV","description":"Sitio web de noticias de la localidad de Tornquist, provincia de Buenos Aires, Rep\u00fablica Argentina. Contenido propio originado por periodistas de CELTTV, el canal de TV local de la Cooperativa El\u00e9ctrica de Tornquist. Turismo, Pol\u00edtica, Sociedad, Deporte, Cultura y todo el contenido de inter\u00e9s general que la gente del pueblo y la regi\u00f3n debe conocer.","robots":{"index":"index","follow":"follow","max-snippet":"max-snippet:-1","max-image-preview":"max-image-preview:large","max-video-preview":"max-video-preview:-1"},"canonical":"https:\/\/www.celttv.com.ar\/index.php\/2013\/05\/10\/en-manotas-disco-se-realiza-el-primer-encuentro-de-centros-de-dia-y-talleres-protegidos\/","og_locale":"es_ES","og_type":"article","og_title":"EN MANOTAS DISCO SE REALIZA EL PRIMER ENCUENTRO DE CENTROS DE DIA Y TALLERES PROTEGIDOS - CELTTV","og_description":"Sitio web de noticias de la localidad de Tornquist, provincia de Buenos Aires, Rep\u00fablica Argentina. Contenido propio originado por periodistas de CELTTV, el canal de TV local de la Cooperativa El\u00e9ctrica de Tornquist. Turismo, Pol\u00edtica, Sociedad, Deporte, Cultura y todo el contenido de inter\u00e9s general que la gente del pueblo y la regi\u00f3n debe conocer.","og_url":"https:\/\/www.celttv.com.ar\/index.php\/2013\/05\/10\/en-manotas-disco-se-realiza-el-primer-encuentro-de-centros-de-dia-y-talleres-protegidos\/","og_site_name":"CELTTV","article_publisher":"https:\/\/www.facebook.com\/celtTV\/","article_published_time":"2013-05-10T20:25:17+00:00","author":"ulises","twitter_card":"summary_large_image","twitter_misc":{"Escrito por":"ulises","Tiempo de lectura":"1 minuto"},"schema":{"@context":"https:\/\/schema.org","@graph":[{"@type":"NewsArticle","@id":"https:\/\/www.celttv.com.ar\/index.php\/2013\/05\/10\/en-manotas-disco-se-realiza-el-primer-encuentro-de-centros-de-dia-y-talleres-protegidos\/#article","isPartOf":{"@id":"https:\/\/www.celttv.com.ar\/index.php\/2013\/05\/10\/en-manotas-disco-se-realiza-el-primer-encuentro-de-centros-de-dia-y-talleres-protegidos\/"},"author":{"name":"ulises","@id":"https:\/\/www.celttv.com.ar\/#\/schema\/person\/6d99c072dba59953809c81446e9d0ace"},"headline":"EN MANOTAS DISCO SE REALIZA EL PRIMER ENCUENTRO DE CENTROS DE DIA Y TALLERES PROTEGIDOS","datePublished":"2013-05-10T20:25:17+00:00","dateModified":"2013-05-10T20:25:17+00:00","mainEntityOfPage":{"@id":"https:\/\/www.celttv.com.ar\/index.php\/2013\/05\/10\/en-manotas-disco-se-realiza-el-primer-encuentro-de-centros-de-dia-y-talleres-protegidos\/"},"wordCount":161,"publisher":{"@id":"https:\/\/www.celttv.com.ar\/#organization"},"articleSection":["Comunidad","Destacadas","Espect\u00e1culos"],"inLanguage":"es"},{"@type":"WebPage","@id":"https:\/\/www.celttv.com.ar\/index.php\/2013\/05\/10\/en-manotas-disco-se-realiza-el-primer-encuentro-de-centros-de-dia-y-talleres-protegidos\/","url":"https:\/\/www.celttv.com.ar\/index.php\/2013\/05\/10\/en-manotas-disco-se-realiza-el-primer-encuentro-de-centros-de-dia-y-talleres-protegidos\/","name":"EN MANOTAS DISCO SE REALIZA EL PRIMER ENCUENTRO DE CENTROS DE DIA Y TALLERES PROTEGIDOS - CELTTV","isPartOf":{"@id":"https:\/\/www.celttv.com.ar\/#website"},"datePublished":"2013-05-10T20:25:17+00:00","dateModified":"2013-05-10T20:25:17+00:00","description":"Sitio web de noticias de la localidad de Tornquist, provincia de Buenos Aires, Rep\u00fablica Argentina. Contenido propio originado por periodistas de CELTTV, el canal de TV local de la Cooperativa El\u00e9ctrica de Tornquist. Turismo, Pol\u00edtica, Sociedad, Deporte, Cultura y todo el contenido de inter\u00e9s general que la gente del pueblo y la regi\u00f3n debe conocer.","breadcrumb":{"@id":"https:\/\/www.celttv.com.ar\/index.php\/2013\/05\/10\/en-manotas-disco-se-realiza-el-primer-encuentro-de-centros-de-dia-y-talleres-protegidos\/#breadcrumb"},"inLanguage":"es","potentialAction":[{"@type":"ReadAction","target":["https:\/\/www.celttv.com.ar\/index.php\/2013\/05\/10\/en-manotas-disco-se-realiza-el-primer-encuentro-de-centros-de-dia-y-talleres-protegidos\/"]}]},{"@type":"BreadcrumbList","@id":"https:\/\/www.celttv.com.ar\/index.php\/2013\/05\/10\/en-manotas-disco-se-realiza-el-primer-encuentro-de-centros-de-dia-y-talleres-protegidos\/#breadcrumb","itemListElement":[{"@type":"ListItem","position":1,"name":"Inicio","item":"https:\/\/www.celttv.com.ar\/"},{"@type":"ListItem","position":2,"name":"EN MANOTAS DISCO SE REALIZA EL PRIMER ENCUENTRO DE CENTROS DE DIA Y TALLERES PROTEGIDOS"}]},{"@type":"WebSite","@id":"https:\/\/www.celttv.com.ar\/#website","url":"https:\/\/www.celttv.com.ar\/","name":"CELTTV","description":"Cooperativa El\u00e9ctrica de Tornquist","publisher":{"@id":"https:\/\/www.celttv.com.ar\/#organization"},"potentialAction":[{"@type":"SearchAction","target":{"@type":"EntryPoint","urlTemplate":"https:\/\/www.celttv.com.ar\/?s={search_term_string}"},"query-input":"required name=search_term_string"}],"inLanguage":"es"},{"@type":"Organization","@id":"https:\/\/www.celttv.com.ar\/#organization","name":"CELTTV","url":"https:\/\/www.celttv.com.ar\/","sameAs":["https:\/\/www.youtube.com\/channel\/UCz_oIt8Hig64Ub-EmcNPIhg","https:\/\/www.facebook.com\/celtTV\/"],"logo":{"@type":"ImageObject","inLanguage":"es","@id":"https:\/\/www.celttv.com.ar\/#\/schema\/logo\/image\/","url":"http:\/\/www.celttv.com.ar\/wp-content\/uploads\/2022\/08\/logo-1.png","contentUrl":"http:\/\/www.celttv.com.ar\/wp-content\/uploads\/2022\/08\/logo-1.png","width":461,"height":159,"caption":"CELTTV"},"image":{"@id":"https:\/\/www.celttv.com.ar\/#\/schema\/logo\/image\/"}},{"@type":"Person","@id":"https:\/\/www.celttv.com.ar\/#\/schema\/person\/6d99c072dba59953809c81446e9d0ace","name":"ulises","image":{"@type":"ImageObject","inLanguage":"es","@id":"https:\/\/www.celttv.com.ar\/#\/schema\/person\/image\/","url":"https:\/\/secure.gravatar.com\/avatar\/7f2c48bdc33b30088f941fb6082e555f2874c98e20cb159d7b92b50eadfce793?s=96&d=mm&r=g","contentUrl":"https:\/\/secure.gravatar.com\/avatar\/7f2c48bdc33b30088f941fb6082e555f2874c98e20cb159d7b92b50eadfce793?s=96&d=mm&r=g","caption":"ulises"},"sameAs":["http:\/\/www.celttv.com.ar"]}]}},"_links":{"self":[{"href":"https:\/\/www.celttv.com.ar\/index.php\/wp-json\/wp\/v2\/posts\/11475","targetHints":{"allow":["GET"]}}],"collection":[{"href":"https:\/\/www.celttv.com.ar\/index.php\/wp-json\/wp\/v2\/posts"}],"about":[{"href":"https:\/\/www.celttv.com.ar\/index.php\/wp-json\/wp\/v2\/types\/post"}],"author":[{"embeddable":true,"href":"https:\/\/www.celttv.com.ar\/index.php\/wp-json\/wp\/v2\/users\/1"}],"replies":[{"embeddable":true,"href":"https:\/\/www.celttv.com.ar\/index.php\/wp-json\/wp\/v2\/comments?post=11475"}],"version-history":[{"count":0,"href":"https:\/\/www.celttv.com.ar\/index.php\/wp-json\/wp\/v2\/posts\/11475\/revisions"}],"wp:attachment":[{"href":"https:\/\/www.celttv.com.ar\/index.php\/wp-json\/wp\/v2\/media?parent=11475"}],"wp:term":[{"taxonomy":"category","embeddable":true,"href":"https:\/\/www.celttv.com.ar\/index.php\/wp-json\/wp\/v2\/categories?post=11475"},{"taxonomy":"post_tag","embeddable":true,"href":"https:\/\/www.celttv.com.ar\/index.php\/wp-json\/wp\/v2\/tags?post=11475"}],"curies":[{"name":"wp","href":"https:\/\/api.w.org\/{rel}","templated":true}]}}