{"id":11479,"date":"2013-05-10T20:42:03","date_gmt":"2013-05-10T20:42:03","guid":{"rendered":"http:\/\/www.tvcnoticias.com.ar\/?p=11479"},"modified":"2013-05-10T20:42:03","modified_gmt":"2013-05-10T20:42:03","slug":"la-copa-amistad-de-voley-continua-este-sabado-imagenes-y-nota-con-federico-mutti","status":"publish","type":"post","link":"https:\/\/www.celttv.com.ar\/index.php\/2013\/05\/10\/la-copa-amistad-de-voley-continua-este-sabado-imagenes-y-nota-con-federico-mutti\/","title":{"rendered":"LA COPA &#8220;AMISTAD&#8221; DE VOLEY CONTINUA ESTE SABADO (im\u00e1genes y nota con Federico Mutti)"},"content":{"rendered":"<p><a href=\"http:\/\/www.youtube.com\/watch?v=0ZLxny7qLOw\"><a href=\"http:\/\/www.youtube.com\/watch?v=0ZLxny7qLOw\">httpv:\/\/www.youtube.com\/watch?v=0ZLxny7qLOw<\/a><\/a><br \/>\nEl pasado s\u00e1bado comenz\u00f3 a disputarse el torneo de voley organizado por el Automoto Club Deportivo en sus distintas categor\u00edas, que continuar\u00e1 \u00e9ste s\u00e1bado completando las categor\u00edas femeninaas y arrancando el torneo de varones.<br \/>\nResultados de los Partidos correspondientes al s\u00e1bado 4 de mayo:<br \/>\nFecha 11\u00b0 Ferreter\u00eda G\u00fcemes 0 Electrotec 3*\u00a02\u00b0 Ferreter\u00eda Alemana 3 Viginet 03\u00b0 Ferreter\u00eda G\u00fcemes 1 Zacconi Hogar 3Libre: Casa Daguerre<br \/>\nEste \u00a0s\u00e1bado 11 se completa la fecha 1 femenina y arranca el torneo de Varones<br \/>\n1\u00b0 Casa Daguerre vs Ferreter\u00eda Alemana<br \/>\nEQUIPOS FEMENINOS QUE PARTICIPANElectrotecFerreter\u00eda AlemanaFerreter\u00eda G\u00fcemesViginetZacconi Hogar<br \/>\nEQUIPOS MASCULINOSFerreter\u00eda AlemanaElectrotecViginetFerreter\u00eda G\u00fcemesZacconi HogarCasa Daguerre<br \/>\nFuente y fotos: Club Automoto Pasi\u00f3n<\/p>\n","protected":false},"excerpt":{"rendered":"<p>httpv:\/\/www.youtube.com\/watch?v=0ZLxny7qLOw El pasado s\u00e1bado comenz\u00f3 a disputarse el torneo de voley organizado por el Automoto Club Deportivo en sus distintas categor\u00edas, que continuar\u00e1 \u00e9ste s\u00e1bado completando las categor\u00edas femeninaas y arrancando el torneo de varones. Resultados de los Partidos correspondientes al s\u00e1bado 4 de mayo: Fecha 11\u00b0 Ferreter\u00eda G\u00fcemes 0 Electrotec 3*\u00a02\u00b0 Ferreter\u00eda Alemana 3 [&hellip;]<\/p>\n","protected":false},"author":1,"featured_media":0,"comment_status":"closed","ping_status":"open","sticky":false,"template":"","format":"standard","meta":{"footnotes":""},"categories":[60,52,64],"tags":[],"class_list":["post-11479","post","type-post","status-publish","format-standard","hentry","category-deporte","category-destacadas","category-videos-destacados"],"yoast_head":"<!-- This site is optimized with the Yoast SEO plugin v19.7.1 - https:\/\/yoast.com\/wordpress\/plugins\/seo\/ -->\n<title>LA COPA &quot;AMISTAD&quot; DE VOLEY CONTINUA ESTE SABADO (im\u00e1genes y nota con Federico Mutti) - CELTTV<\/title>\n<meta name=\"description\" content=\"Sitio web de noticias de la localidad de Tornquist, provincia de Buenos Aires, Rep\u00fablica Argentina. Contenido propio originado por periodistas de CELTTV, el canal de TV local de la Cooperativa El\u00e9ctrica de Tornquist. Turismo, Pol\u00edtica, Sociedad, Deporte, Cultura y todo el contenido de inter\u00e9s general que la gente del pueblo y la regi\u00f3n debe conocer.\" \/>\n<meta name=\"robots\" content=\"index, follow, max-snippet:-1, max-image-preview:large, max-video-preview:-1\" \/>\n<link rel=\"canonical\" href=\"https:\/\/www.celttv.com.ar\/index.php\/2013\/05\/10\/la-copa-amistad-de-voley-continua-este-sabado-imagenes-y-nota-con-federico-mutti\/\" \/>\n<meta property=\"og:locale\" content=\"es_ES\" \/>\n<meta property=\"og:type\" content=\"article\" \/>\n<meta property=\"og:title\" content=\"LA COPA &quot;AMISTAD&quot; DE VOLEY CONTINUA ESTE SABADO (im\u00e1genes y nota con Federico Mutti) - CELTTV\" \/>\n<meta property=\"og:description\" content=\"Sitio web de noticias de la localidad de Tornquist, provincia de Buenos Aires, Rep\u00fablica Argentina. Contenido propio originado por periodistas de CELTTV, el canal de TV local de la Cooperativa El\u00e9ctrica de Tornquist. Turismo, Pol\u00edtica, Sociedad, Deporte, Cultura y todo el contenido de inter\u00e9s general que la gente del pueblo y la regi\u00f3n debe conocer.\" \/>\n<meta property=\"og:url\" content=\"https:\/\/www.celttv.com.ar\/index.php\/2013\/05\/10\/la-copa-amistad-de-voley-continua-este-sabado-imagenes-y-nota-con-federico-mutti\/\" \/>\n<meta property=\"og:site_name\" content=\"CELTTV\" \/>\n<meta property=\"article:publisher\" content=\"https:\/\/www.facebook.com\/celtTV\/\" \/>\n<meta property=\"article:published_time\" content=\"2013-05-10T20:42:03+00:00\" \/>\n<meta name=\"author\" content=\"ulises\" \/>\n<meta name=\"twitter:card\" content=\"summary_large_image\" \/>\n<meta name=\"twitter:label1\" content=\"Escrito por\" \/>\n\t<meta name=\"twitter:data1\" content=\"ulises\" \/>\n\t<meta name=\"twitter:label2\" content=\"Tiempo de lectura\" \/>\n\t<meta name=\"twitter:data2\" content=\"1 minuto\" \/>\n<script type=\"application\/ld+json\" class=\"yoast-schema-graph\">{\"@context\":\"https:\/\/schema.org\",\"@graph\":[{\"@type\":\"NewsArticle\",\"@id\":\"https:\/\/www.celttv.com.ar\/index.php\/2013\/05\/10\/la-copa-amistad-de-voley-continua-este-sabado-imagenes-y-nota-con-federico-mutti\/#article\",\"isPartOf\":{\"@id\":\"https:\/\/www.celttv.com.ar\/index.php\/2013\/05\/10\/la-copa-amistad-de-voley-continua-este-sabado-imagenes-y-nota-con-federico-mutti\/\"},\"author\":{\"name\":\"ulises\",\"@id\":\"https:\/\/www.celttv.com.ar\/#\/schema\/person\/6d99c072dba59953809c81446e9d0ace\"},\"headline\":\"LA COPA &#8220;AMISTAD&#8221; DE VOLEY CONTINUA ESTE SABADO (im\u00e1genes y nota con Federico Mutti)\",\"datePublished\":\"2013-05-10T20:42:03+00:00\",\"dateModified\":\"2013-05-10T20:42:03+00:00\",\"mainEntityOfPage\":{\"@id\":\"https:\/\/www.celttv.com.ar\/index.php\/2013\/05\/10\/la-copa-amistad-de-voley-continua-este-sabado-imagenes-y-nota-con-federico-mutti\/\"},\"wordCount\":136,\"publisher\":{\"@id\":\"https:\/\/www.celttv.com.ar\/#organization\"},\"articleSection\":[\"Deporte\",\"Destacadas\",\"Videos Destacados\"],\"inLanguage\":\"es\"},{\"@type\":\"WebPage\",\"@id\":\"https:\/\/www.celttv.com.ar\/index.php\/2013\/05\/10\/la-copa-amistad-de-voley-continua-este-sabado-imagenes-y-nota-con-federico-mutti\/\",\"url\":\"https:\/\/www.celttv.com.ar\/index.php\/2013\/05\/10\/la-copa-amistad-de-voley-continua-este-sabado-imagenes-y-nota-con-federico-mutti\/\",\"name\":\"LA COPA \\\"AMISTAD\\\" DE VOLEY CONTINUA ESTE SABADO (im\u00e1genes y nota con Federico Mutti) - CELTTV\",\"isPartOf\":{\"@id\":\"https:\/\/www.celttv.com.ar\/#website\"},\"datePublished\":\"2013-05-10T20:42:03+00:00\",\"dateModified\":\"2013-05-10T20:42:03+00:00\",\"description\":\"Sitio web de noticias de la localidad de Tornquist, provincia de Buenos Aires, Rep\u00fablica Argentina. Contenido propio originado por periodistas de CELTTV, el canal de TV local de la Cooperativa El\u00e9ctrica de Tornquist. Turismo, Pol\u00edtica, Sociedad, Deporte, Cultura y todo el contenido de inter\u00e9s general que la gente del pueblo y la regi\u00f3n debe conocer.\",\"breadcrumb\":{\"@id\":\"https:\/\/www.celttv.com.ar\/index.php\/2013\/05\/10\/la-copa-amistad-de-voley-continua-este-sabado-imagenes-y-nota-con-federico-mutti\/#breadcrumb\"},\"inLanguage\":\"es\",\"potentialAction\":[{\"@type\":\"ReadAction\",\"target\":[\"https:\/\/www.celttv.com.ar\/index.php\/2013\/05\/10\/la-copa-amistad-de-voley-continua-este-sabado-imagenes-y-nota-con-federico-mutti\/\"]}]},{\"@type\":\"BreadcrumbList\",\"@id\":\"https:\/\/www.celttv.com.ar\/index.php\/2013\/05\/10\/la-copa-amistad-de-voley-continua-este-sabado-imagenes-y-nota-con-federico-mutti\/#breadcrumb\",\"itemListElement\":[{\"@type\":\"ListItem\",\"position\":1,\"name\":\"Inicio\",\"item\":\"https:\/\/www.celttv.com.ar\/\"},{\"@type\":\"ListItem\",\"position\":2,\"name\":\"LA COPA &#8220;AMISTAD&#8221; DE VOLEY CONTINUA ESTE SABADO (im\u00e1genes y nota con Federico Mutti)\"}]},{\"@type\":\"WebSite\",\"@id\":\"https:\/\/www.celttv.com.ar\/#website\",\"url\":\"https:\/\/www.celttv.com.ar\/\",\"name\":\"CELTTV\",\"description\":\"Cooperativa El\u00e9ctrica de Tornquist\",\"publisher\":{\"@id\":\"https:\/\/www.celttv.com.ar\/#organization\"},\"potentialAction\":[{\"@type\":\"SearchAction\",\"target\":{\"@type\":\"EntryPoint\",\"urlTemplate\":\"https:\/\/www.celttv.com.ar\/?s={search_term_string}\"},\"query-input\":\"required name=search_term_string\"}],\"inLanguage\":\"es\"},{\"@type\":\"Organization\",\"@id\":\"https:\/\/www.celttv.com.ar\/#organization\",\"name\":\"CELTTV\",\"url\":\"https:\/\/www.celttv.com.ar\/\",\"sameAs\":[\"https:\/\/www.youtube.com\/channel\/UCz_oIt8Hig64Ub-EmcNPIhg\",\"https:\/\/www.facebook.com\/celtTV\/\"],\"logo\":{\"@type\":\"ImageObject\",\"inLanguage\":\"es\",\"@id\":\"https:\/\/www.celttv.com.ar\/#\/schema\/logo\/image\/\",\"url\":\"http:\/\/www.celttv.com.ar\/wp-content\/uploads\/2022\/08\/logo-1.png\",\"contentUrl\":\"http:\/\/www.celttv.com.ar\/wp-content\/uploads\/2022\/08\/logo-1.png\",\"width\":461,\"height\":159,\"caption\":\"CELTTV\"},\"image\":{\"@id\":\"https:\/\/www.celttv.com.ar\/#\/schema\/logo\/image\/\"}},{\"@type\":\"Person\",\"@id\":\"https:\/\/www.celttv.com.ar\/#\/schema\/person\/6d99c072dba59953809c81446e9d0ace\",\"name\":\"ulises\",\"image\":{\"@type\":\"ImageObject\",\"inLanguage\":\"es\",\"@id\":\"https:\/\/www.celttv.com.ar\/#\/schema\/person\/image\/\",\"url\":\"https:\/\/secure.gravatar.com\/avatar\/7f2c48bdc33b30088f941fb6082e555f2874c98e20cb159d7b92b50eadfce793?s=96&d=mm&r=g\",\"contentUrl\":\"https:\/\/secure.gravatar.com\/avatar\/7f2c48bdc33b30088f941fb6082e555f2874c98e20cb159d7b92b50eadfce793?s=96&d=mm&r=g\",\"caption\":\"ulises\"},\"sameAs\":[\"http:\/\/www.celttv.com.ar\"]}]}<\/script>\n<!-- \/ Yoast SEO plugin. -->","yoast_head_json":{"title":"LA COPA \"AMISTAD\" DE VOLEY CONTINUA ESTE SABADO (im\u00e1genes y nota con Federico Mutti) - CELTTV","description":"Sitio web de noticias de la localidad de Tornquist, provincia de Buenos Aires, Rep\u00fablica Argentina. Contenido propio originado por periodistas de CELTTV, el canal de TV local de la Cooperativa El\u00e9ctrica de Tornquist. Turismo, Pol\u00edtica, Sociedad, Deporte, Cultura y todo el contenido de inter\u00e9s general que la gente del pueblo y la regi\u00f3n debe conocer.","robots":{"index":"index","follow":"follow","max-snippet":"max-snippet:-1","max-image-preview":"max-image-preview:large","max-video-preview":"max-video-preview:-1"},"canonical":"https:\/\/www.celttv.com.ar\/index.php\/2013\/05\/10\/la-copa-amistad-de-voley-continua-este-sabado-imagenes-y-nota-con-federico-mutti\/","og_locale":"es_ES","og_type":"article","og_title":"LA COPA \"AMISTAD\" DE VOLEY CONTINUA ESTE SABADO (im\u00e1genes y nota con Federico Mutti) - CELTTV","og_description":"Sitio web de noticias de la localidad de Tornquist, provincia de Buenos Aires, Rep\u00fablica Argentina. Contenido propio originado por periodistas de CELTTV, el canal de TV local de la Cooperativa El\u00e9ctrica de Tornquist. Turismo, Pol\u00edtica, Sociedad, Deporte, Cultura y todo el contenido de inter\u00e9s general que la gente del pueblo y la regi\u00f3n debe conocer.","og_url":"https:\/\/www.celttv.com.ar\/index.php\/2013\/05\/10\/la-copa-amistad-de-voley-continua-este-sabado-imagenes-y-nota-con-federico-mutti\/","og_site_name":"CELTTV","article_publisher":"https:\/\/www.facebook.com\/celtTV\/","article_published_time":"2013-05-10T20:42:03+00:00","author":"ulises","twitter_card":"summary_large_image","twitter_misc":{"Escrito por":"ulises","Tiempo de lectura":"1 minuto"},"schema":{"@context":"https:\/\/schema.org","@graph":[{"@type":"NewsArticle","@id":"https:\/\/www.celttv.com.ar\/index.php\/2013\/05\/10\/la-copa-amistad-de-voley-continua-este-sabado-imagenes-y-nota-con-federico-mutti\/#article","isPartOf":{"@id":"https:\/\/www.celttv.com.ar\/index.php\/2013\/05\/10\/la-copa-amistad-de-voley-continua-este-sabado-imagenes-y-nota-con-federico-mutti\/"},"author":{"name":"ulises","@id":"https:\/\/www.celttv.com.ar\/#\/schema\/person\/6d99c072dba59953809c81446e9d0ace"},"headline":"LA COPA &#8220;AMISTAD&#8221; DE VOLEY CONTINUA ESTE SABADO (im\u00e1genes y nota con Federico Mutti)","datePublished":"2013-05-10T20:42:03+00:00","dateModified":"2013-05-10T20:42:03+00:00","mainEntityOfPage":{"@id":"https:\/\/www.celttv.com.ar\/index.php\/2013\/05\/10\/la-copa-amistad-de-voley-continua-este-sabado-imagenes-y-nota-con-federico-mutti\/"},"wordCount":136,"publisher":{"@id":"https:\/\/www.celttv.com.ar\/#organization"},"articleSection":["Deporte","Destacadas","Videos Destacados"],"inLanguage":"es"},{"@type":"WebPage","@id":"https:\/\/www.celttv.com.ar\/index.php\/2013\/05\/10\/la-copa-amistad-de-voley-continua-este-sabado-imagenes-y-nota-con-federico-mutti\/","url":"https:\/\/www.celttv.com.ar\/index.php\/2013\/05\/10\/la-copa-amistad-de-voley-continua-este-sabado-imagenes-y-nota-con-federico-mutti\/","name":"LA COPA \"AMISTAD\" DE VOLEY CONTINUA ESTE SABADO (im\u00e1genes y nota con Federico Mutti) - CELTTV","isPartOf":{"@id":"https:\/\/www.celttv.com.ar\/#website"},"datePublished":"2013-05-10T20:42:03+00:00","dateModified":"2013-05-10T20:42:03+00:00","description":"Sitio web de noticias de la localidad de Tornquist, provincia de Buenos Aires, Rep\u00fablica Argentina. Contenido propio originado por periodistas de CELTTV, el canal de TV local de la Cooperativa El\u00e9ctrica de Tornquist. Turismo, Pol\u00edtica, Sociedad, Deporte, Cultura y todo el contenido de inter\u00e9s general que la gente del pueblo y la regi\u00f3n debe conocer.","breadcrumb":{"@id":"https:\/\/www.celttv.com.ar\/index.php\/2013\/05\/10\/la-copa-amistad-de-voley-continua-este-sabado-imagenes-y-nota-con-federico-mutti\/#breadcrumb"},"inLanguage":"es","potentialAction":[{"@type":"ReadAction","target":["https:\/\/www.celttv.com.ar\/index.php\/2013\/05\/10\/la-copa-amistad-de-voley-continua-este-sabado-imagenes-y-nota-con-federico-mutti\/"]}]},{"@type":"BreadcrumbList","@id":"https:\/\/www.celttv.com.ar\/index.php\/2013\/05\/10\/la-copa-amistad-de-voley-continua-este-sabado-imagenes-y-nota-con-federico-mutti\/#breadcrumb","itemListElement":[{"@type":"ListItem","position":1,"name":"Inicio","item":"https:\/\/www.celttv.com.ar\/"},{"@type":"ListItem","position":2,"name":"LA COPA &#8220;AMISTAD&#8221; DE VOLEY CONTINUA ESTE SABADO (im\u00e1genes y nota con Federico Mutti)"}]},{"@type":"WebSite","@id":"https:\/\/www.celttv.com.ar\/#website","url":"https:\/\/www.celttv.com.ar\/","name":"CELTTV","description":"Cooperativa El\u00e9ctrica de Tornquist","publisher":{"@id":"https:\/\/www.celttv.com.ar\/#organization"},"potentialAction":[{"@type":"SearchAction","target":{"@type":"EntryPoint","urlTemplate":"https:\/\/www.celttv.com.ar\/?s={search_term_string}"},"query-input":"required name=search_term_string"}],"inLanguage":"es"},{"@type":"Organization","@id":"https:\/\/www.celttv.com.ar\/#organization","name":"CELTTV","url":"https:\/\/www.celttv.com.ar\/","sameAs":["https:\/\/www.youtube.com\/channel\/UCz_oIt8Hig64Ub-EmcNPIhg","https:\/\/www.facebook.com\/celtTV\/"],"logo":{"@type":"ImageObject","inLanguage":"es","@id":"https:\/\/www.celttv.com.ar\/#\/schema\/logo\/image\/","url":"http:\/\/www.celttv.com.ar\/wp-content\/uploads\/2022\/08\/logo-1.png","contentUrl":"http:\/\/www.celttv.com.ar\/wp-content\/uploads\/2022\/08\/logo-1.png","width":461,"height":159,"caption":"CELTTV"},"image":{"@id":"https:\/\/www.celttv.com.ar\/#\/schema\/logo\/image\/"}},{"@type":"Person","@id":"https:\/\/www.celttv.com.ar\/#\/schema\/person\/6d99c072dba59953809c81446e9d0ace","name":"ulises","image":{"@type":"ImageObject","inLanguage":"es","@id":"https:\/\/www.celttv.com.ar\/#\/schema\/person\/image\/","url":"https:\/\/secure.gravatar.com\/avatar\/7f2c48bdc33b30088f941fb6082e555f2874c98e20cb159d7b92b50eadfce793?s=96&d=mm&r=g","contentUrl":"https:\/\/secure.gravatar.com\/avatar\/7f2c48bdc33b30088f941fb6082e555f2874c98e20cb159d7b92b50eadfce793?s=96&d=mm&r=g","caption":"ulises"},"sameAs":["http:\/\/www.celttv.com.ar"]}]}},"_links":{"self":[{"href":"https:\/\/www.celttv.com.ar\/index.php\/wp-json\/wp\/v2\/posts\/11479","targetHints":{"allow":["GET"]}}],"collection":[{"href":"https:\/\/www.celttv.com.ar\/index.php\/wp-json\/wp\/v2\/posts"}],"about":[{"href":"https:\/\/www.celttv.com.ar\/index.php\/wp-json\/wp\/v2\/types\/post"}],"author":[{"embeddable":true,"href":"https:\/\/www.celttv.com.ar\/index.php\/wp-json\/wp\/v2\/users\/1"}],"replies":[{"embeddable":true,"href":"https:\/\/www.celttv.com.ar\/index.php\/wp-json\/wp\/v2\/comments?post=11479"}],"version-history":[{"count":0,"href":"https:\/\/www.celttv.com.ar\/index.php\/wp-json\/wp\/v2\/posts\/11479\/revisions"}],"wp:attachment":[{"href":"https:\/\/www.celttv.com.ar\/index.php\/wp-json\/wp\/v2\/media?parent=11479"}],"wp:term":[{"taxonomy":"category","embeddable":true,"href":"https:\/\/www.celttv.com.ar\/index.php\/wp-json\/wp\/v2\/categories?post=11479"},{"taxonomy":"post_tag","embeddable":true,"href":"https:\/\/www.celttv.com.ar\/index.php\/wp-json\/wp\/v2\/tags?post=11479"}],"curies":[{"name":"wp","href":"https:\/\/api.w.org\/{rel}","templated":true}]}}