{"id":11485,"date":"2013-05-11T00:46:00","date_gmt":"2013-05-11T00:46:00","guid":{"rendered":"http:\/\/www.tvcnoticias.com.ar\/?p=11485"},"modified":"2013-05-11T00:46:00","modified_gmt":"2013-05-11T00:46:00","slug":"hcd-los-temas-tratados-en-la-sesion-del-ultimo-martes-opiniones","status":"publish","type":"post","link":"https:\/\/www.celttv.com.ar\/index.php\/2013\/05\/11\/hcd-los-temas-tratados-en-la-sesion-del-ultimo-martes-opiniones\/","title":{"rendered":"HCD. LOS TEMAS TRATADOS EN LA SESION DEL ULTIMO MARTES (Opiniones)"},"content":{"rendered":"<p><a href=\"http:\/\/www.youtube.com\/watch?v=PLIouggjPs8\"><a href=\"http:\/\/www.youtube.com\/watch?v=PLIouggjPs8\">httpv:\/\/www.youtube.com\/watch?v=PLIouggjPs8<\/a><\/a><br \/>\n<a href=\"http:\/\/www.youtube.com\/watch?v=7cIMUAAe-Rg\"><a href=\"http:\/\/www.youtube.com\/watch?v=7cIMUAAe-Rg\">httpv:\/\/www.youtube.com\/watch?v=7cIMUAAe-Rg<\/a><\/a><br \/>\n<a href=\"http:\/\/www.youtube.com\/watch?v=L9_ubQvQ-6g\"><a href=\"http:\/\/www.youtube.com\/watch?v=L9_ubQvQ-6g\">httpv:\/\/www.youtube.com\/watch?v=L9_ubQvQ-6g<\/a><\/a><br \/>\n<a href=\"http:\/\/www.youtube.com\/watch?v=cshe8N3hpV0\"><a href=\"http:\/\/www.youtube.com\/watch?v=cshe8N3hpV0\">httpv:\/\/www.youtube.com\/watch?v=cshe8N3hpV0<\/a><\/a><br \/>\n<a href=\"http:\/\/www.youtube.com\/watch?v=iJDoO81bjXA\"><a href=\"http:\/\/www.youtube.com\/watch?v=iJDoO81bjXA\">httpv:\/\/www.youtube.com\/watch?v=iJDoO81bjXA<\/a><\/a><br \/>\n<a href=\"http:\/\/www.youtube.com\/watch?v=H3iqkqvHvkY\"><a href=\"http:\/\/www.youtube.com\/watch?v=H3iqkqvHvkY\">httpv:\/\/www.youtube.com\/watch?v=H3iqkqvHvkY<\/a><\/a><br \/>\n<a href=\"http:\/\/www.youtube.com\/watch?v=tF2Awhq6RI8\"><a href=\"http:\/\/www.youtube.com\/watch?v=tF2Awhq6RI8\">httpv:\/\/www.youtube.com\/watch?v=tF2Awhq6RI8<\/a><\/a><br \/>\n&nbsp;<br \/>\nINFORME SESI\u00d3N ORDINARIA DE FECHA 7 de MAYO<br \/>\n&nbsp;<br \/>\nTemas tratados en la Sesi\u00f3n Ordinaria del d\u00eda 7 de mayo:<br \/>\n&nbsp;<br \/>\n<strong><span style=\"text-decoration: underline;\">Comunicaciones Oficiales y Dict\u00e1menes de las Comisiones:<\/span><\/strong><br \/>\n<strong><span style=\"text-decoration: underline;\"> <\/span><\/strong><br \/>\n<strong><span style=\"text-decoration: underline;\">Expte. N\u00ba 091\/13:<\/span><\/strong> \u201cD.E. \u2013 Convalida la firma del Contrato de Locaci\u00f3n entre el Sr. Miguel \u00c1ngel Brunoldi y la Municipalidad de Tornquist \u2013 Residencia Estudiantil Bah\u00eda Blanca\u201d.<br \/>\nExpediente que pasa a las Comisiones de Interpretaci\u00f3n y Reglamento, y Presupuesto y Hacienda.<br \/>\n&nbsp;<br \/>\n<strong><span style=\"text-decoration: underline;\">Expte. N\u00ba 093\/13:<\/span><\/strong> \u201cD.E. \u2013 Convalidaci\u00f3n del Contrato de Locaci\u00f3n de Obra con el Instituto M\u00e9dico Integral\u201d.<br \/>\nExpediente que pasa a las Comisiones de Interpretaci\u00f3n y Reglamento, Salud P\u00fablica y Presupuesto y Hacienda.<br \/>\n&nbsp;<br \/>\n<strong><span style=\"text-decoration: underline;\">Expte. N\u00ba 119\/13:<\/span><\/strong> \u201cD.E. &#8211; Convalida el Convenio entre el Ministerio de Trabajo, Empleo y Seguridad de la Naci\u00f3n y la Municipalidad de Tornquist.\u201d<br \/>\nExpediente que pasa a las Comisiones de Interpretaci\u00f3n y Reglamento, y Asuntos Municipales.<br \/>\n<strong><span style=\"text-decoration: underline;\"> <\/span><\/strong><br \/>\n<strong><span style=\"text-decoration: underline;\">Expte. N\u00ba 079\/13:<\/span><\/strong> \u201cD.E. &#8211; Convalida la firma del Convenio entre la Cooperadora de la Escuela N\u00ba 502 de Saldungaray y el Municipio de Tornquist\u201d<br \/>\nSeg\u00fan el dictamen de las Comisiones de Presupuesto y Hacienda, e Interpretaci\u00f3n y Reglamento se aprueba por unanimidad la Ordenanza bajo el N\u00ba 2576\/13 por la que se Convalida el Convenio entre la Municipalidad de Tornquist representada por el Sr. Intendente Municipal Lic. Gustavo Trankels y la Cooperadora de la Escuela N\u00ba 502 de Saldungaray, representada por la Sra. Alejandra Cutugno. Tiene como finalidad incorporar a la instituci\u00f3n como Centro de Acopio Primario en el marco del Proyecto \u201cAVU: Biodiesel a partir de aceite usado\u201d, a los efectos de desarrollar actividades coordinadas en materia de recolecci\u00f3n y acopio de aceite vegetal usado generado en el \u00e1mbito municipal para su posterior transformaci\u00f3n en biodiesel.<br \/>\n<strong><span style=\"text-decoration: underline;\"> <\/span><\/strong><br \/>\n<strong><span style=\"text-decoration: underline;\">Expte. N\u00ba 080\/13:<\/span><\/strong> \u201cD.E. Convalida la firma del Convenio entre el Taller Protegido de Tornquist y la Municipalidad de Tornquist\u201d.<br \/>\nDe acuerdo al dictamen de las \u00a0Comisiones de Presupuesto y Hacienda, e Interpretaci\u00f3n y Reglamento se aprueba por unanimidad la Ordenanza bajo el N\u00ba 2577\/13 por \u00a0la que se Convalida el Convenio entre la Municipalidad de Tornquist representada por el Sr. Intendente Municipal Lic. Gustavo Trankels y el Taller Protegido de Tornquist, representado\u00a0 por la Sra.  Mirta Astobiza. Tiene como finalidad incorporar a la instituci\u00f3n como Centro de Acopio Primario en el marco del Proyecto \u201cAVU: Biodiesel a partir de aceite usado\u201d, a los efectos de desarrollar actividades coordinadas en materia de recolecci\u00f3n y acopio de aceite vegetal usado generado en el \u00e1mbito municipal para su posterior transformaci\u00f3n en biodiesel.<br \/>\n<strong><span style=\"text-decoration: underline;\"> <\/span><\/strong><br \/>\n<strong><span style=\"text-decoration: underline;\">Expte. N\u00ba 6398\/11:<\/span><\/strong> \u201cH.C.D. \u2013 Proyecto de Ordenanza: Ref. Control del correcto manejo de Agroqu\u00edmicos\u201d. Tornquist, 03 de mayo de 2013\u201d.<br \/>\nSe aprueba por unanimidad lo dispuesto por las Comisiones de<strong> <\/strong>Ecolog\u00eda y Medio Ambiente e Interpretaci\u00f3n y Reglamento, que aconsejan invitar por Secretar\u00eda\u00a0 a las \u00e1reas de Salud, y Producci\u00f3n y Medio Ambiente, con el fin de seguir avanzando en las propuestas surgidas, como as\u00ed mismo solicitarle al \u00e1rea de Salud las encuestas que se est\u00e1n haciendo seg\u00fan se nos ha informado en reuniones mantenidas con el \u00e1rea de Producci\u00f3n y Medio Ambiente.-<br \/>\n&nbsp;<br \/>\n<strong><span style=\"text-decoration: underline;\">Expte. N\u00ba 6415\/12:<\/span><\/strong> \u201cN.P.- ONG Ambiente Comarca: Presenta copia nota enviada al Sr. Daniel M\u00e1s Ref. a diques clandestinos en la Cuenca Alta del R\u00edo Sauce Grande\u201d.<br \/>\nSe aprueba por unanimidad el dictamen de la Comisi\u00f3n de<strong> <\/strong>Ecolog\u00eda y Medio Ambiente<strong> <\/strong>que aconseja enviar por Secretar\u00eda nota a la  Direcci\u00f3n Provincial de Saneamiento y Obras Hidr\u00e1ulicas, Ingeniero Daniel M\u00e1s solicitando \u00a0respuesta a las notas enviadas anteriormente \u00a0sobre los Diques clandestinos.<br \/>\n&nbsp;<br \/>\n<strong><span style=\"text-decoration: underline;\">Expte. N\u00ba 6453\/12:<\/span><\/strong> \u201cN.P. \u2013 Coop. de Provisi\u00f3n de Agua Potable B\u00ba Parque Golf- Sierra de la  Ventana Ltda.: Solicita exenci\u00f3n de Tasa Municipal para los Lotes Ptda. N\u00ba 5591 y 8262\u201d.<br \/>\nSe aprueba por unanimidad el dictamen de las Comisiones de<strong> <\/strong>Asuntos Municipales y Presupuesto y Hacienda,<strong> <\/strong>que<strong> <\/strong>aconsejan enviar el mismo al Archivo, debido a que lo solicitado se ha cumplimentado a trav\u00e9s de la Ordenanza N\u00ba 2543\/12.<br \/>\n<strong><span style=\"text-decoration: underline;\"> <\/span><\/strong><br \/>\n<strong><span style=\"text-decoration: underline;\">Expte. N\u00ba 6468\/12:<\/span><\/strong> \u201cBloques UCR y UDESO \u2013 Proyecto de Ordenanza: Creaci\u00f3n del Banco Municipal de Tierras del Distrito de Tornquist.- Tornquist, 03 de mayo de 2013\u201d.<br \/>\nSe aprueba por unanimidad el dictamen de las \u00a0Comisiones de<strong> <\/strong>Obras P\u00fablicas e Interpretaci\u00f3n y Reglamento<strong> <\/strong>que aconsejan invitar a una reuni\u00f3n al Secretario de Gobierno y Hacienda y al \u00e1rea que \u00e9l crea conveniente, para tratar los alcances de dicho Expte.<br \/>\n<strong><span style=\"text-decoration: underline;\"> <\/span><\/strong><br \/>\n<strong><span style=\"text-decoration: underline;\">Expte. N\u00ba 6486\/12:<\/span><\/strong> \u201cN.P. \u2013 PUAF: Solicita que en el Presupuesto anual se ingrese una Partida destina a las castraciones\u201d.<br \/>\nSe aprueba por unanimidad el dictamen de las Comisiones de<strong> <\/strong>Interpretaci\u00f3n y Reglamento, y Salud P\u00fablica que aconsejan enviar el mismo al Archivo, ya que desde el \u00c1rea de Bromatolog\u00eda se ha informado el detalle de los gastos en castraciones desde el a\u00f1o 2009 hasta el a\u00f1o 2012. En el mismo informe se manifiesta que del a\u00f1o\u00a0 2011 al a\u00f1o 2012 ese gasto tuvo un incremento del 86 % aproximadamente.<br \/>\n<strong><span style=\"text-decoration: underline;\"> <\/span><\/strong><br \/>\n<strong><span style=\"text-decoration: underline;\">Expte. N\u00ba 6489\/12:<\/span><\/strong> \u201cN.P. &#8211; Indalecio Ramos: Presenta propuestas de Ordenanzas, Ref. Reserva Provincial de Humedales \u2013 Villa Ventana y uso racional del agua\u201d.<br \/>\nSe aprueba por unanimidad el dictamen de las Comisiones de<strong> <\/strong>Obras P\u00fablicas e<strong> <\/strong>Interpretaci\u00f3n y Reglamento<strong> <\/strong>que aconsejan enviar una nota por Secretar\u00eda invitando al Sr. Indalecio Ramos a una reuni\u00f3n con este Honorable Cuerpo con el fin de ampliarnos sus conceptos referidos a dicho Expte.<br \/>\n<strong><span style=\"text-decoration: underline;\"> <\/span><\/strong><br \/>\n<strong><span style=\"text-decoration: underline;\">Expte. N\u00ba 6492\/12:<\/span><\/strong> \u201cN.P. <strong>\u2013<\/strong> Dardo Fern\u00e1ndez: Solicita aprobaci\u00f3n de las tarifas de derecho a uso de las Piletas Municipales Temporada 2012\/2013 (Sierra de la Ventana)\u201d.<br \/>\nSe aprueba por unanimidad el dictamen de la \u00a0Comisi\u00f3n de<strong> <\/strong>Presupuesto y Hacienda<strong> <\/strong>que \u00a0aconseja enviar el mismo al Archivo de acuerdo a que el pedido solicitado de incremento de tarifas fue aprobado mediante Ordenanza N\u00ba 2547\/12.<br \/>\n<strong><span style=\"text-decoration: underline;\"> <\/span><\/strong><br \/>\n<strong><span style=\"text-decoration: underline;\">Expte. N\u00ba 6494\/12:<\/span><\/strong> \u201cBloques F.P.V. &#8211; F.J.P.V. \u2013 Proyecto de Ordenanza: Reglamenta mantenimiento de veredas y terrenos bald\u00edos libres de basura y pastizales\u201d.<br \/>\nSe aprueba por unanimidad lo dispuesto por las Comisiones de<strong> <\/strong>Interpretaci\u00f3n y Reglamento, y Asuntos Municipales<strong> <\/strong>que aconsejan enviar el mismo al Archivo.<br \/>\n<strong><span style=\"text-decoration: underline;\"> <\/span><\/strong><br \/>\n<strong><span style=\"text-decoration: underline;\">Expte. N\u00ba 6495\/12:<\/span><\/strong> \u201cBloques F.P.V. \u2013 F.J.P.V. \u2013 Proyecto de Ordenanza: Ref. Implementar medidas de seguridad en las sitios de concurrencia p\u00fablica\u201d.<br \/>\nSe aprueba por unanimidad el dictamen de las \u00a0Comisiones de<strong> <\/strong>Interpretaci\u00f3n y Reglamento, Asuntos Municipales y Obras P\u00fablicas<strong> <\/strong>que aconseja \u00a0enviar el mismo al Archivo.<br \/>\n<strong><span style=\"text-decoration: underline;\"> <\/span><\/strong><br \/>\n<strong><span style=\"text-decoration: underline;\">Expte. N\u00ba 6496\/12:<\/span><\/strong> \u201cBloques F.P.V. \u2013 F.J.P.V. \u2013 Proyecto de Ordenanza: Ref. Regularizaci\u00f3n de las habilitaciones en sitios de concurrencia p\u00fablica, en cuanto a la seguridad de los mismos\u201d. Se aprueba por unanimidad el dictamen de las Comisiones de<strong> <\/strong>Interpretaci\u00f3n y Reglamento, Asuntos Municipales y Obras P\u00fablicas Habiendo que aconseja enviar el mismo al Archivo.<br \/>\n<strong><span style=\"text-decoration: underline;\"> <\/span><\/strong><br \/>\n<strong><span style=\"text-decoration: underline;\">Expte. N\u00ba 6497\/12:<\/span><\/strong> \u201cN.P. &#8211; Vecinos del Distrito de Tornquist: Presentan copia de petitorio presentado al Sr. Intendente en referencia a investigaci\u00f3n supuesto abuso sexual a menor. Solicita Conformaci\u00f3n Consejo Local\u201d.<br \/>\nSe aprueba por mayor\u00eda (siete a cinco) el dictamen de la Comisi\u00f3n de Asuntos Municipales (en mayor\u00eda) que aconseja enviar nota por Secretar\u00eda para convocar al Secretario de Gobierno y Hacienda a fin de interiorizarnos de las actuaciones realizadas con respecto a los conceptos vertidos en dicho Expte.<br \/>\n<strong><span style=\"text-decoration: underline;\"> <\/span><\/strong><br \/>\n<strong><span style=\"text-decoration: underline;\">Expte. N\u00ba 6498\/13:<\/span><\/strong> \u201cN.P. &#8211; Mariana Castricone: Solicita aprobaci\u00f3n de nuevas tarifas para el Camping Municipal Saldungaray\u201d.<br \/>\nSe aprueba por unanimidad el dictamen de las \u00a0Comisiones de Interpretaci\u00f3n y Reglamento, y Presupuesto y Hacienda \u00a0que aconseja enviar el mismo al Archivo, ya que \u00a0lo solicitado se cumpliment\u00f3 por Ordenanza N\u00ba 2561\/13.<br \/>\n<strong><span style=\"text-decoration: underline;\"> <\/span><\/strong><br \/>\n<strong><span style=\"text-decoration: underline;\">Expte. N\u00ba 6499\/13:<\/span><\/strong> \u201cN.P. &#8211; Sres. Fernando Alonso y Claudio Blanco: Solicitan aprobaci\u00f3n de nuevas tarifas en las entradas al Camping Municipal de Villa Ventana\u201d.<br \/>\nSe aprueba por unanimidad el dictamen de las Comisiones de<strong> <\/strong>Presupuesto y Hacienda e Interpretaci\u00f3n y Reglamento que aconseja enviar el mismo al Archivo ya que lo solicitado se cumpliment\u00f3 por Ordenanza N\u00ba 2562\/13.<br \/>\n&nbsp;<br \/>\n<strong><span style=\"text-decoration: underline;\">Expte. N\u00ba 6506\/13:<\/span><\/strong> \u201cN.P. &#8211; Liliana Elena de Barrera: Ref. incumplimiento de los deberes de Funcionario P\u00fablico \u2013 Violencia de G\u00e9nero \u2013 Da\u00f1o moral y econ\u00f3mico\u201d.<br \/>\nSe aprueba por unanimidad el dictamen de las \u00a0Comisiones de<strong> <\/strong>Interpretaci\u00f3n y Reglamento y Asuntos Municipales que aconseja enviar el mismo al Departamento Ejecutivo para que por las \u00e1reas que correspondan se de respuesta a lo planteado por la Sra. Barrera.<br \/>\n&nbsp;<br \/>\n<strong><span style=\"text-decoration: underline;\">Expte. N\u00ba 6507\/13:<\/span><\/strong> \u201cN.P. &#8211; Sindicato de Trabajadores Municipales de Tornquist: Presenta documentaci\u00f3n ref. a distintas situaciones acontecidas en el Instituto de Menores Saavedra Lamas y Ceferino Namuncur\u00e1\u201d.<br \/>\nSe aprueba por mayor\u00eda (siete a cinco) el dictamen de la Comisi\u00f3n de<strong> <\/strong>Asuntos Municipales (en mayor\u00eda)<strong> <\/strong>que aconseja enviar por Secretar\u00eda nota invitando a una reuni\u00f3n al Secretario de Gobierno y Hacienda para informarnos de la situaci\u00f3n del Instituto de Menores Saavedra Lamas y Ceferino Namuncur\u00e1.<br \/>\n&nbsp;<br \/>\n<strong><span style=\"text-decoration: underline;\">Proyectos Presentados<\/span><\/strong><br \/>\n<strong><span style=\"text-decoration: underline;\"> <\/span><\/strong><br \/>\n<strong><span style=\"text-decoration: underline;\">Bloque U.C.R. y UDESO \u2013 Pedido De Informe<\/span><\/strong><strong>:<\/strong> solicitar al Departamento Ejecutivo, se informe sobre los montos ingresados para la polic\u00eda comunal.<br \/>\nSe aprueba por unanimidad la formaci\u00f3n de expediente y el pase a comisi\u00f3n.<br \/>\n&nbsp;<br \/>\n<strong><span style=\"text-decoration: underline;\">Asuntos Particulares<\/span><\/strong><br \/>\n<strong><span style=\"text-decoration: underline;\"> <\/span><\/strong><br \/>\n<strong><span style=\"text-decoration: underline;\">N.P. Vecinos de la   Zona Rural de Funke:<\/span><\/strong> Ponen en conocimiento\u00a0 las condiciones en las que se encuentra el camino rural\u00a0 hasta Tornquist y solicitan el arreglo del mismo.<br \/>\nSe aprueba por unanimidad la formaci\u00f3n de Expediente y pase a Comisi\u00f3n.<br \/>\n&nbsp;<br \/>\n<strong><span style=\"text-decoration: underline;\">N.P.\u00a0 Asoc. de Fomento B\u00ba Parque Golf:<\/span><\/strong> Solicita el uso de la Banca de Concejal N\u00ba 13.<br \/>\nSe aprueba por unanimidad la formaci\u00f3n de Expediente y pase a Comisi\u00f3n.<br \/>\n&nbsp;<br \/>\n<strong><span style=\"text-decoration: underline;\">N.P. Museo Hist\u00f3rico de Sierra de la Ventana:<\/span><\/strong> Solicita el uso de la Banca de Concejal N\u00ba 13.<br \/>\nSe aprueba por unanimidad la formaci\u00f3n de Expediente y pase a Comisi\u00f3n.<br \/>\n&nbsp;<br \/>\nHacen uso de la palabra los Sres. Concejales:<br \/>\n&nbsp;<br \/>\nConcejal Horacio Buitrago:<br \/>\nTengo algunos temas de \u00edndole distrital y tambi\u00e9n algunos temas de \u00edndole nacional que surgieron en estos \u00faltimos d\u00edas. Primeramente ser\u00eda importante Sr. Presidente que pudi\u00e9ramos ver la posibilidad de convocar a la Mesa Tripartita ya que\u00a0 sabemos que hace un tiempo no nos reunimos y\u00a0 creo conveniente que en los tiempos que corren nos reunamos tanto sea con el Ejecutivo como con el Sindicato de Trabajadores, porque seguramente hay temas que deberemos resolver. As\u00ed que\u00a0 la verdad es que me parece importante que nosotros desde este Cuerpo hagamos las veces de convocantes a esta importante mesa para tratar los temas inherentes a la administraci\u00f3n p\u00fablica que hace el municipio y mociono este tema porque me parece sumamente importante y me parece que hab\u00eda quedado por lo menos hab\u00eda quedado trunca alguna reuni\u00f3n y me parece importante que la llevemos adelante. Tambi\u00e9n quiero traer al cuerpo este proyecto originado en Bah\u00eda Blanca sobre la expropiaci\u00f3n de tierras donde est\u00e1 ubicado el cerro Tres Picos donde no es menor el tema, y que m\u00e1s all\u00e1 que hoy no est\u00e1 en los medios y que pareciera que hubiera salido de los temas que deber\u00edamos tratar, tambi\u00e9n ser\u00eda importante Sr. Presidente que mantengamos una reuni\u00f3n con la que hoy est\u00e1 a cargo del turismo en la estancia Funke, la se\u00f1orita M\u00f3nica Silva, para que con ella podamos analizar lo que hoy se est\u00e1 haciendo, es decir, interiorizarnos de, creo que de este desarrollo tur\u00edstico que se hace sobre el Cerro Tres Picos y as\u00ed realmente valorizar y evaluar los alcances que tiene hoy en la ciudadan\u00eda este desarrollo tur\u00edstico del Cerro Tres Picos as\u00ed que tambi\u00e9n creo que es importante para nosotros y tambi\u00e9n mociono de poder invitarla a esta se\u00f1orita que a parte seguramente nos va a contar todo lo que se hace y se realiza en ese cerro. Hoy estuvimos en la inauguraci\u00f3n de la Escuela T\u00e9cnica, Secundaria T\u00e9cnica, y bueno, creo que es muy importante para aquellos que creemos que la educaci\u00f3n es uno de los baluartes principales para el desarrollo, para el crecimiento, para hacer grande un pa\u00eds, la creaci\u00f3n de una escuela siempre tiene estos bemoles, de que se hacen en ciertas \u00e9pocas y uno ve con agrado que se pueda llevar adelante estos temas. Lo \u00fanico que uno puede decir es que alentamos a que la escuela pueda\u00a0 ser llevada con todos los instrumentos, los materiales, eso no podemos dar por descartado, porque sabemos positivamente que hoy la educaci\u00f3n est\u00e1 sufriendo dif\u00edciles momentos y entonces estamos de acuerdo en la inauguraci\u00f3n de las escuelas pero tambi\u00e9n estamos de acuerdo a que aquello que se cree est\u00e9 atendido de la mejor manera y sin ning\u00fan tipo de problemas, as\u00ed deber\u00eda ser, no tan solo con aquellas que se vayan a crear, se creen, sino aquellas que est\u00e1n funcionando y que nosotros vemos que tienen dificultades todos\u00a0 los d\u00edas y entonces nuestro reclamo desde una banca es igualdad para todos y que todos pudi\u00e9ramos\u00a0 tener una educaci\u00f3n todos los ciudadanos sea la escuela que est\u00e9 usando o que tenga las mismas oportunidades. Y creo que seguramente puede llegar a ser as\u00ed pero no es menor y creo que hay que recalcar y resaltar de que la educaci\u00f3n la debemos todos los d\u00edas brindar y brindar con todo lo que tengamos a mano y bueno, sinceramente espero que eso acontezca tambi\u00e9n en esta escuela secundaria t\u00e9cnica que convengamos que para Tornquist ha sido y ser\u00e1 seguramente importante si realmente tiene todos los temas a su alcance. El otro d\u00eda, un vecino, un vecino de la localidad me dec\u00eda, y yo creo que con mucho atino, realmente Tornquist cabecera pasan los a\u00f1os y uno ve desarrollarse pero tal vez no con todo lo que uno quisiera, \u00bfno?, y bueno, \u00e9l, su problema era\u00a0 que realmente ve\u00eda que a Tornquist le estaba faltando muchas iluminarias, que lo ve\u00eda como hace tiempo, es decir, que hab\u00eda que cambiar cosas,\u00a0 yo creo que bueno, que\u00a0 le daba la raz\u00f3n, porque uno cuando creo que se dijo tambi\u00e9n esto en alg\u00fan momento, seguramente nosotros tenemos convenios con la Cooperativa El\u00e9ctrica, y me parece que tenemos que reforzar este tema, \u00bfno?, tenemos que tener un miramiento a ver aquellos lugares donde realmente, m\u00e1s all\u00e1 de lo alejado que pueda estar de la plaza tenga las luminarias y la gente pueda transitar en las horas nocturnas. As\u00ed que este es un tema que tambi\u00e9n me gustar\u00eda que lo pudi\u00e9ramos tratar supongo con Obra P\u00fablica, o en alguna reuni\u00f3n que tengamos ahora con el Secretario de Gobierno y Hacienda, que\u00a0 seguro que nos va a venir a visitar por otros temas, ser\u00eda oportuno que nosotros charlemos con \u00e9l y ver si hay alg\u00fan proyecto, si hay\u00a0 encausados, si est\u00e1n pensando en alguna ampliaci\u00f3n de las iluminarias, colocar m\u00e1s iluminarias o mejorar las que tenemos, bueno, son todos temas que es muy posible que con el Secretario de Gobierno lo podamos analizar. Anoche escuchando a un discurso a la Se\u00f1ora Presidente, le hablaba a la ciudadan\u00eda, y sobre todo al sector agropecuario, de la quita de retenciones para pasar a crear un fondo fiduciario lo cual traer\u00eda la distribuci\u00f3n y redistribuci\u00f3n de esos mismos fondos a los productores agropecuarios seg\u00fan seguramente alg\u00fan formulismo y dem\u00e1s que tendr\u00e1n que presentar los productores. Las retenciones no se implementaron ayer, las retenciones vienen del a\u00f1o dos mil dos, yo traigo esto porque es bueno siempre recordar c\u00f3mo nacen y se crean las cosas, y c\u00f3mo llegan hasta hoy. En aquel momento se impusieron las retenciones porque el pa\u00eds estaba pasando un momento muy dif\u00edcil, no se si se acuerdan, era una situaci\u00f3n cr\u00edtica para mucho de los ciudadanos, y todos estuvimos de acuerdo, hasta las mismas instituciones agropecuarias estaban de acuerdo en salir en ayuda de la situaci\u00f3n de una crisis econ\u00f3mica fuerte que ten\u00eda nuestro pa\u00eds. Se hablaba del diez por ciento, pas\u00f3 al veinte, pero bueno, siempre con la idea de esa emergencia y de esa ayuda. Pas\u00f3 el tiempo y creo que llegamos hasta este momento donde tenemos ya el veintitr\u00e9s por ciento de retenciones, al trigo\u00a0 espec\u00edficamente, que es uno de los cultivos que se realiza, que se siembra ac\u00e1 en la zona, y que ayer la Presidente dec\u00eda que, asombrada o no, ve\u00eda\u00a0 como se hab\u00eda dejado de sembrar este cultivo en los \u00faltimos a\u00f1os y que est\u00e1bamos perdiendo una potencialidad muy grande y que hab\u00eda mermado la cantidad de hect\u00e1reas sembradas muy fuertemente, en un alto porcentaje. No es nuevo esto, la verdad es que lo que dice la  Presidente no es nuevo, porque nosotros ven\u00edamos alertando de que est\u00e1bamos perdiendo rentabilidad con el trigo, sobre todo en la zona nuestra que tiene bajos rindes y que muchos de los productores, aquellos que no tienen otro cultivo para poder llevar adelante realmente se les hac\u00eda dif\u00edcil seguir produciendo en esas condiciones porque se hab\u00edan quedado sin la posibilidad de hacer el cultivo de trigo. Y acu\u00e9rdense que tambi\u00e9n hubo un problema serio por el tema de la hacienda, as\u00ed que para nuestra zona fue realmente un c\u00f3ctel de medidas muy complicadas para el productor y su familia. Pero yendo directamente a la situaci\u00f3n esta la verdad es que uno pensaba que la presidente iba a tener un, le iba a devolver la retenci\u00f3n a los productores, porque ve\u00eda claramente que hab\u00eda sido una medida muy contraria a, digamos, a la producci\u00f3n nacional, porque nos hab\u00edamos quedado con muy poco trigo. Pero no, porque realmente esta devoluci\u00f3n se va a hacer pero con un fondo fiduciario, y esto va a originar lo que origina siempre, \u00bfno?, como en el tema del IVA, o el tema de otros\u00a0 impuestos que despu\u00e9s para que te lo devuelvan la verdad es que el productor va a tener que andar mucho, va a tener que llenar muchos formularios, va a tener que pedir y suplicar, hay lugares donde hay productores que el IVA hace un a\u00f1o que no se lo devuelven, as\u00ed que la verdad es que la lectura que uno puede hacer sobre esto es que siguen manteniendo un poder sobre la siembra del trigo, un poder sobre las retenciones, no est\u00e1n al alcance del productor, van a estar al alcance del productor cuando ellos lo deseen, as\u00ed que es todo un tema que lo pod\u00edamos haber, la verdad es que se podr\u00eda ha<br \/>\nber tratado de otra manera, sinceramente si se hubiera querido ayudar, o se hubiera querido volver a las hect\u00e1reas sembradas de trigo de hace unos a\u00f1os habr\u00eda que haberle hecho la quita de las retenciones directamente para que el productor pueda trabajar como se debe, tener un precio justo, un valor justo y que el estado no le siga metiendo la mano en el bolsillo. Creo que un tema muy, muy importante, y un tema de confianza, \u00bfno?, un tema de confianza que yo o se si a esta altura de las circunstancias este gobierno tiene la confianza de los productores necesaria como para que la gente empiece a sembrar este cultivo tan importante para el pa\u00eds. Y el otro d\u00eda nos reunimos con la gente de Acci\u00f3n Social, vino el Sr. Gramajo tambi\u00e9n representado a un \u00e1rea de los Consejos del Ni\u00f1o, de los derechos del ni\u00f1o, que viene de Bah\u00eda Blanca, y el Sr. Natali, y su equipo del Servicio Local, estuvimos con los Concejales, y bueno, me parece muy importante que el Ejecutivo haya tomado la resoluci\u00f3n, o realmente haya surgido en su seno la voluntad de crear este Consejo del Ni\u00f1o, de los derechos del ni\u00f1o, porque me parece que es una necesidad que ten\u00eda nuestra sociedad, nuestra comunidad y gente que privadamente quer\u00edan hacer algo. Entonces la verdad es que m\u00e1s all\u00e1 del retraso, y m\u00e1s all\u00e1 de que hace tiempo que deber\u00eda haber estado funcionando, bueno, me parece bueno y oportuno que esto se lleve adelante, que prontamente podamos tener este Consejo trabajando junto a las instituciones que as\u00ed lo deseen o que se presenten y que tengan ingerencia en el tema de los derechos del ni\u00f1o, o que trabajen con ni\u00f1os, es decir, me parece muy oportuno que vuelvo a repetir, que prontamente podamos tener\u00a0 este Consejo que, yo creo que va a abrir una instancia de trabajo, de planteos, y sobre todo de pol\u00edticas municipales para la prevenci\u00f3n de muchos temas que seguramente hoy est\u00e1n en nuestra sociedad. Bueno, much\u00edsimas gracias Sr. Presidente\u201d.<br \/>\nSe aprueban por unanimidad las dos mociones del Concejal Buitrago, la primera,\u00a0\u00a0 convocar a una reuni\u00f3n Tripartita, y la segunda, invitar a la se\u00f1orita M\u00f3nica Silva, encargada del \u00e1rea de turismo de la Estancia Funke, a mantener una reuni\u00f3n con los Concejales para tratar el tema de\u00a0 la posible expropiaci\u00f3n del Cerro Tres Picos.<br \/>\n&nbsp;<br \/>\nConcejal Manuel Mar\u00eda Picado:<br \/>\n\u201cEn primer lugar quer\u00eda referirme al Pedido de Informes presentado por los Bloques de Uni\u00f3n C\u00edvica Radical y UDESO,\u00a0 respecto de los fondos ingresados al municipio correspondiente al Ministerio de Seguridad, lo que tiene que ver con la Polic\u00eda Comunal. La verdad es que el pedido de Informes es para darle una formalidad dentro del Concejo, lo m\u00e1s probable es que no se respondan, como la mayor\u00eda de los pedidos que hemos hecho los \u00faltimos tiempos. De echo sabemos concretamente que el primer cuatrimestre el Municipio de Tornquist no recibi\u00f3 un solo peso de este ministerio y bajo este concepto, y esto pone de manifiesto y muestra claramente qu\u00e9 es lo que est\u00e1 pasando en la provincia, y por ende qu\u00e9 es lo que pasa en nuestro municipio. La verdad\u00a0 que con lo que tiene que ver la seguridad, en Tornquist Distrito uno puede ver el estado de los patrulleros, deplorable,\u00a0 la verdad es que uno habla con varios de los polic\u00edas que est\u00e1n en servicio y comentan de c\u00f3mo les cuesta salir todos los d\u00edas a la calle, y esta es la otra cara de lo que se muestra y de lo que se ve. Por un lado la provincia que dice que est\u00e1 todo bien, y que su acci\u00f3n pol\u00edtica est\u00e1 direccionada a tener m\u00e1s seguridad, educaci\u00f3n y salud, y por otro lado la realidad que muestra la mayor\u00eda de las veces lo contrario. Creo que es un tema m\u00e1s que preocupante, insisto, porque tiene que ver con la seguridad, tiene que ver con darnos tranquilidad, muchas veces para muchos vecinos esto pasa desapercibido, pero para otro tanto no, y creo que hay funcionarios que tienen que dar respuestas, y tendr\u00e1 que poner la cara y decir porqu\u00e9 ocurren estas cosas. La verdad es que cuando uno piensa que tenemos patrulleros guardados adentro de la comisar\u00eda hace meses, porque la provincia le debe millones de pesos a quien hace los blindajes, y no pasa nada, no pueden pagarlos, gastamos plata compr\u00e1ndolos y est\u00e1n ah\u00ed, y seguimos teniendo problemas de inseguridad, no solo en los pueblos sino en los campos, la Patrulla Rural tampoco puede funcionar. Tengo conocimiento de que andan por las gomer\u00edas pidi\u00e9ndoles a los gomeros si les pueden dar algunos neum\u00e1ticos en mejores estados que los que tienen, la verdad es que, hago una sonrisa porque me parece pat\u00e9tico. Y esto tambi\u00e9n tiene que ver con lo que yo digo muchas veces que pido y demando de nuestros funcionarios. Gratamente, como dec\u00eda el Concejal Buitrago, hoy se inaugur\u00f3 formalmente una escuela t\u00e9cnica, acompa\u00f1o su reflexi\u00f3n respecto de la misma, de lo importante que es para nuestro distrito, pero por otro lado veo lo mismo, \u00bfno?, estuvieron creo que m\u00e1s de media hora esperando que llegue el avi\u00f3n, con una comitiva que acompa\u00f1aba a Nora De Luc\u00eda, y tambi\u00e9n por el otro lado sabemos que a los proveedores escolares no se les paga, que el transporte escolar est\u00e1 en riesgo de seguir funcionando porque se les debe m\u00e1s de cinco o seis meses. La verdad es que hay cosas que son rid\u00edculas. Yo creo que ser\u00eda l\u00f3gico que la se\u00f1ora esta, De Luc\u00eda, mande una nota y diga, miren, se\u00f1ores, dada las circunstancias, y la situaci\u00f3n econ\u00f3mica de la provincia, acompa\u00f1amos, y que se yo, y que se cuanto, pero no podemos gastar fortunas viajando, con un mont\u00f3n de personas que a veces no se sabe ni quienes son, con nuestra plata, la verdad es que cansa, estas cosas cansan, y por otro lado vemos como se incrementa\u2026, si, hay Dios, lo mismo digo yo, \u00bfno?, cuando\u00a0 terminaremos con estas cosas, pro otro lado vemos como se incrementa el gasto p\u00fablico, como se sigue gastando en publicidad, y tenemos, insisto, temas reales, concretos que los vemos todos los d\u00edas que no son atendidos. Yo le pido realmente, se lo pido a nuestros funcionarios, al Sr. Intendente, que cuando tenga la posibilidad de hablar con estas dependencias de la provincia, trate de transmitir esto, que hay un sector de la ciudadan\u00eda, por mucho que no les guste, que queremos otra cosa, otro tipo de gestos, otros gestos de nuestros funcionarios, de nuestros pol\u00edticos. Si la situaci\u00f3n no est\u00e1 bien, demostrarlo con gestos. Es simple, cuando las cosas est\u00e1n bien tenemos una econom\u00eda ordenada, una provincia, bueno, habr\u00e1 tiempo para que los funcionarios vengan a visitarnos, y gasten en lo que sea necesario, pero cuando las cosas no est\u00e1n bien, como en cualquier econom\u00eda, hay que tomar medidas, y que se amplifiquen, y m\u00e1s cuando la plata no es de uno, pero bueno, no todos pensamos igual. Sr. Presidente, agradecerle, y esperemos que estas cosas puedan cambiar. Nada m\u00e1s, muchas gracias\u201d.<br \/>\n&nbsp;<br \/>\nConcejal Patricia V\u00e1zquez:<br \/>\n\u201cCon respecto al Expediente 6497\/12, sabemos que hay una causa que est\u00e1 en la UFIJ N\u00ba 14 de la ciudad de Bah\u00eda Blanca, y que debemos ser cautos con ese tema recordando el Art\u00edculo 22\u00ba de la  Ley 26061, donde dice que no corresponde dar ning\u00fan tipo de informaci\u00f3n. Con respecto a la conformaci\u00f3n del Consejo Local, bueno ya lo han comentado los Concejales de la oposici\u00f3n por all\u00ed, hemos tenido una reuni\u00f3n d\u00edas pasados con el Coordinador de Consejo Zonal de Promoci\u00f3n y Protecci\u00f3n de los Derechos del Ni\u00f1o, Ni\u00f1a, Joven y Adolescentes, que nos ha estado informando sobre lo que es y como se conforma el Consejo Local, y desde el Ejecutivo Municipal en breve se va a hacer creo el Decreto de convocatoria. Nosotros, por eso no hemos dictaminado ese expediente. Y con respecto a los dichos del Concejal Picado, de la Uni\u00f3n C\u00edvica Radical, yo quiero proponerle desde esta Banca, que nos de nombre, queremos saber quien\u00a0 es la gomer\u00eda, quienes son los agentes de polic\u00eda, por nota, por un informe, adem\u00e1s quiero decirles que nosotros vemos con agrado que venga la directora de Educaci\u00f3n, la Se\u00f1ora Nora De Luc\u00eda, que hoy bien claro lo dijo ella, que la situaci\u00f3n no era f\u00e1cil, la de la provincia, pero que este gobierno se hab\u00eda puesto siempre a disposici\u00f3n de los docentes, y nosotros desde este Bloque siempre entendemos y apoyamos el trabajo de los docentes. Tambi\u00e9n quiero decirle que entiendo su postura, \u00bfno?, como Concejal, pero yo recuerdo hace algunos a\u00f1os atr\u00e1s, cuando no ten\u00edamos ninguna clase de gestos en otros gobiernos, donde nos gobernaban los radicales, no ten\u00edamos ninguna clase de gestos, hab\u00eda de todo un poco, me acuerdo de muertes, me acuerdo de la quita del trece por ciento, me acuerdo del corralito, de default, del blindaje, del cincuenta por ciento de la pobreza, me acuerdo que no hab\u00eda producci\u00f3n, me acuerdo de muchas cosas. Hoy tenemos gestos de los funcionarios de la provincia, y los funcionarios de la naci\u00f3n. Nada m\u00e1s Sr. Presidente, muchas gracias\u201d.<br \/>\n&nbsp;<br \/>\nConcejal Mar\u00eda Ofelia Skolak:<br \/>\n\u201cSi Sr. Presidente, yo cuando escucho al Concejal Buitrago realmente vuelvo a escuchar como hipotetiza con respecto a la nueva escuela t\u00e9cnica. Y nosotros mientras tanto estamos celebrando junto con la comunidad la creaci\u00f3n de la misma, la creaci\u00f3n del CEM para todos aquellos adultos que quieran terminar la secundaria, la creaci\u00f3n de la sala de dos a\u00f1os para escolarizar aquellos ni\u00f1os de temprana edad, el Centro de Formaci\u00f3n Profesional, que seguramente era no cre\u00edble porque se ha escuchado ac\u00e1 desde las Bancas y hoy por hoy tenemos un Centro de Formaci\u00f3n Profesional con cantidad de alumnos, cuatrocientos certificados creo que se entregaron el a\u00f1o pasado, y no recuerdo el ante a\u00f1o, la USO\u00a0 Universidad del Sudoeste, es decir, diferentes ofertas educativas, cuando acabo de escuchar que la educaci\u00f3n no est\u00e1 en su pleno desarrollo, quisiera entender, hay cosas que faltan, vuelvo a repetir, no somos perfectos, somos perfectibles. El proyecto de gobierno que acompa\u00f1amos es perfectible, que quede bien claro. Ahora yo le pregunto al Concejal, todos sabemos que buscamos lo \u00f3ptimo en educaci\u00f3n, yo quisiera saber si el Sr. Macri, al que el Concejal acompa\u00f1a, porque est\u00e1 ya visto en los carteles que se ven por todos lados, Buitrago-Macri, yo quisiera saber si este se\u00f1or que \u00e9l acompa\u00f1a tiene los modos de lograr la \u00f3ptima oferta educativa, la optimizaci\u00f3n en educaci\u00f3n. Tal vez estar\u00eda bueno que si este se\u00f1or sabe pueda colaborar con el Concejal en este tema, para que el mismo pueda aportar nuevas ideas y sugerencias con respecto a la educaci\u00f3n. La realidad, lo que se ve en los medios, porque cuando critican al gobierno provincial y nacional, el proyecto al cual acompa\u00f1amos del Sr. Daniel Scioli y de la\u00a0   Presidenta Cristina Fern\u00e1ndez de Kirchner, criticamos, pero no miramos lo que acompa\u00f1amos, \u00bfno?, y la verdad es que la realidad que se ve hoy por hoy en educaci\u00f3n en la ciudad de Buenos Aires es deplorable, escuelas tomadas, obras de infraestructura sin terminar, entonces realmente, hablemos de los dem\u00e1s,\u00a0 pero hag\u00e1monos cargo tambi\u00e9n de lo que acompa\u00f1amos, \u00bfno?. Porque es muy triste, es muy triste ver lo que sucedi\u00f3 hace pocos d\u00edas con el Hospital Borda, y justamente este se\u00f1or es el que dio determinaciones para que la metropolitana act\u00fae, y la verdad es que no son buenas im\u00e1genes las que pudimos ver. Con respecto a la visita de la Sra. Directora Provincial, como dijo mi compa\u00f1era, queremos felicitar al Sr. Intendente y agradecer el apoyo incondicional de los funcionarios de educaci\u00f3n provincial, del Sr. Gobernador, de la Sra. Presidente, que siempre est\u00e1n a disposici\u00f3n y nos acompa\u00f1an en esto que es tan cuestionado\u00a0 hoy por hoy que es la educaci\u00f3n. Pero justamente en nuestro distrito la educaci\u00f3n crece, que casualidad, \u00bfy saben por qu\u00e9 crece?, porque tenemos un Intendente que tiene en primer lugar en su agenda uno de sus primero objetivos, la educaci\u00f3n. Y lo vemos todos, es decir, por m\u00e1s que desde la Banca critiquen y digan lo que quieren decir sabemos que tenemos un distrito que en educaci\u00f3n est\u00e1 creciendo, y lo digo con mucha alegr\u00eda, a pesar de que a algunos no les guste, agradezco al Sr. Intendente por todo lo que est\u00e1 logrando. Y yo me preocupar\u00eda antes de \u00a0tantos pedidos de informes, ya hemos solicitado desde el mes de octubre, para que lo sepa la comunidad, hemos presentado desde nuestro Bloque un proyecto sobre ruidos molestos y tr\u00e1nsito, una gran inquietud de la comunidad, y todav\u00eda no se han dedicado Sres. Concejales, a mirarlo, en la sesi\u00f3n anterior \u00a0la compa\u00f1era Patricia V\u00e1zquez lo solicit\u00f3, han pasado quince d\u00edas y no se han dedicado a mirar el proyecto y est\u00e1 desde octubre o noviembre m\u00e1s o menos presentado, no est\u00e1 presentado oficialmente, lo quiero aclarar, pero con el Sr. Secretario lo hemos conversado, y el sabe que lo ten\u00edan que mirar y la verdad es que seguimos esperando. Es un tema que le preocupa a la comunidad, es una inquietud muy grande de la comunidad, que continuamente nos est\u00e1n solicitando este pedido. Para finalizar, y en este d\u00eda tan especial y de fiesta para el Distrito de Tornquist, porque tenemos una escuela t\u00e9cnica, quiero destacar que justamente con el d\u00eda de la creaci\u00f3n de la escuela celebramos un nuevo aniversario de nuestra querida Evita, abanderada de los humildes, s\u00edmbolo de lucha y compromiso con las causas del pueblo. Una mujer muy fuerte, muy admirable y respetada por su entereza, por su esfuerzo, su compromiso, por su solidaridad, y principalmente muy preocupada por la clase trabajadora, y por los derechos de la mujer. Por eso quer\u00eda finalizar con una frase de Eva, que dijo: \u201cHa llegado la hora de la mujer, ha llegado la hora de la mujer que comparte una causa p\u00fablica y ha muerto la hora de la mujer como valor inerte y num\u00e9rico dentro de la sociedad\u201d. Nada m\u00e1s Sr. Presidente\u201d.<br \/>\n&nbsp;<br \/>\nConcejal Manuel Mar\u00eda Picado:<br \/>\n\u201cRespecto del proyecto que el oficialismo pretende, seguramente ser\u00eda para la oposici\u00f3n que analicemos, la comunidad hace seis a\u00f1os que est\u00e1 esperando el cuerpo de inspectores y creo que se debe estar conformando en estos d\u00edas, as\u00ed que no hay problema, seguramente podr\u00e1n esperar un tiempo. Nada m\u00e1s Sr. Presidente\u201d.<br \/>\n&nbsp;<br \/>\nConcejal Mar\u00eda Ofelia Skolak:<br \/>\n\u201cMe parece muy soberbia la respuesta del Concejal Picado, el est\u00e1 hablando de la parte de inspectores y nosotros estamos pidiendo por favor que analicen un proyecto que es necesario para la comunidad. Nada m\u00e1s Sr. Presidente\u201d.<br \/>\n&nbsp;<br \/>\nConcejal Horacio Buitrago:<br \/>\n\u201cYo creo que los tema a los que me refer\u00ed nos toca directamente, \u00bfno?, al ciudadano de Tornquist, y por eso nos toca a esta Banca. Creo que es importante analizar c\u00f3mo nosotros transitamos el tema educativo, a mi me parece que no es menor, y vuelvo a repetir, no es menor el tema educativo\u00a0 y lo que uno busca es la igualdad de oportunidades. Por eso, mirando el espacio pol\u00edtico al cual yo represento ac\u00e1 y la educaci\u00f3n que se est\u00e1 dando en la Capital Federal creo que hay diferencias, y a mi me parece que nosotros tenemos que luchar para tener la misma igualdad de oportunidades que hay en otros lugares, en la educaci\u00f3n como en otros tantos temas, aquellos que hemos podido estar en otros lugares, trabajar o representar a alguna instituci\u00f3n hay diferencias en el pa\u00eds y nosotros debemos defender nuestros derechos constitucionales y eso est\u00e1 sobre todas las cosas. Yo no necesito salir a defender, la verdad es que yo lo que quiero es que Tornquist tenga la educaci\u00f3n que tiene que tener, pero no tan solo el pueblo de Tornquist, yo quisiera que en Chasic\u00f3, que en Tres Picos, que en Saldungaray, donde hay escuelas con muchos problemas, tengamos la educaci\u00f3n que todos queremos, es decir, eso es lo que quise decir hoy cuando nosotros creamos escuelas pero a esas escuelas hay que darles todo lo que necesitan, y aquellas que est\u00e1n creadas y hoy est\u00e1n funcionando hay que darles todo lo que necesitan, m\u00e1s all\u00e1 de las cooperadoras que yo le hemos dicho muchas veces, que con el esfuerzo, el sacrificio, hacen maravillas para tener una escuela funcionando. Eso era lo que realmente quer\u00eda decir Sr. Presidente, porque me parece que es fundamental el sistema educativo y prioritario a la hora de tener recursos para los mismos, y los recursos en el sistema educativo hay que aplicarlos en todos lo \u00f3rdenes del sistema educativo, y eso a\u00a0 veces no se entiende tan as\u00ed. As\u00ed que espero y por el bien de todos nosotros que la educaci\u00f3n siga ocupando el lugar que tiene que ocupar en un pa\u00eds, que busquemos la calidad, que realmente\u00a0 busquemos la calidad educativa que es fundamental, y que lo demostremos. Y por otro lado, y me parece oportuno decir esto, hoy escuchando los discursos en la inauguraci\u00f3n de la escuela, se hizo mucho hincapi\u00e9 en la instrucci\u00f3n y capacitaci\u00f3n que se va a dar en la escuela y estoy de acuerdo porque uno habla de la calidad educativa, ahora, est\u00e1 claro que sin pol\u00edticas, sin pol\u00edticas de desarrollo, sin pol\u00edticas de arraigo, sin pol\u00edticas para desarrollar la producci\u00f3n, sin pol\u00edticas para desarrollar el turismo estos t\u00e9cnicos se van a seguir yendo del distrito como siempre. Nada m\u00e1s Sr. Presidente\u201d.<br \/>\n&nbsp;<br \/>\nToma el lugar de la Presidencia el Vicepresidente Primero Concejal Manuel Mar\u00eda Picado, para que el Presidente, Concejal Sergio Bordoni pueda hacer uso de la palabra.<br \/>\n&nbsp;<br \/>\nConcejal Sergio Bordoni:<br \/>\n\u201cSr. Presidente, hoy ac\u00e1 en este Recinto he escuchado cr\u00edticas de un Bloque hacia otro. Como primera medida festejo y celebro que se haya inaugurado hoy la escuela t\u00e9cnica, tan necesaria para nuestro distrito. Por suerte, las distintas campa\u00f1as que hubo, que siempre se hac\u00eda el pedido en distintos partidos pol\u00edticos para que se conformara una escuela t\u00e9cnica me parece que hoy se ha podido lograr y es algo important\u00edsimo para nuestro distrito, m\u00e1s all\u00e1 de que se critique o se apoye o se festeje por otro lado, yo creo que es necesario, y est\u00e1 bien que se haya creado. En cuanto a temas que se han dicho hoy aqu\u00ed, de un proyecto que han presentado de ruidos molestos, yo quiero dejar en claro que el 11 de abril del 2011, un particular, voy a dar nombre y apellido, H\u00e9ctor Oscar Gomba, presenta un proyecto de ordenanza sobre el control de sonido y \u00a0vibraciones, \u00a0ruidos innecesarios, molestos y vibraciones varias. Eso tuvo entrada en el Concejo el 11 de abril del 2011, se forma expediente que es el 6345\/11, en sesi\u00f3n ordinaria del 25 de abril, y sali\u00f3, se forma expediente y sale al Ejecutivo el 26 de abril del 2011, a la fecha no hemos tenido respuesta. Quiero decir esto porque es bueno que se piense en hacer un proyecto pero es bueno tambi\u00e9n que se reconozca cuando un particular presenta un proyecto, se forma un expediente y se manda al Ejecutivo, que ese Ejecutivo responda \u00a0como tendr\u00eda que haber respondido por lo menos a esto sinceramente. Usted hizo referencia al cuerpo de inspectores, y es necesario, no es ser soberbio, yo creo que hace mucho tiempo se est\u00e1 reclamando cuerpo de inspectores, porque \u00bfdespu\u00e9s qu\u00e9 pasa?, no se pueden cumplir las ordenanzas, porque el otro d\u00eda, la reuni\u00f3n que ten\u00edamos con el Sr. Carriquiry, dice que la polic\u00eda no da abasto, no puede estar en todos lados, y es verdad, no puede estar en todos lados, es cierto, pero hace mucho tiempo que se viene prometiendo la creaci\u00f3n del cuerpo de inspectores, en un momento hab\u00eda cinco o seis personas que se estaban formando, hoy por hoy debemos tener dos de esas cinco o seis personas, que quedaron, o sea que, yo no estoy haciendo ninguna cr\u00edtica, sino que cuando se habla desde las Bancas se hable con propiedad, porque este proyecto fue presentado y fue mandado al ejecutivo para que se analice, en aquel entonces se ve que no eran importantes los ruidos molestos, hoy s\u00ed es importante. Entonces, me parece que cuando se habla es bueno saber que anterior a ese proyecto que ha presentado el oficialismo, que sin ninguna duda se va a analizar y se va a estudiar hubo otro proyecto presentado por un particular y no se le dio importancia. Hoy ten\u00edamos prevista una reuni\u00f3n que fue cancelada el martes anterior que fue\u00a0 reuni\u00f3n de trabajo, y hoy hab\u00edamos hecho un lugar para que el Sr. Carriquiry y la Arquitecta Anabella Madue\u00f1a se hagan presentes en el Concejo, por un tema que no es menor, un tema que preocupa a toda la comunidad y preocupa a aquellos que no tienen vivienda obviamente, que est\u00e1n pagando unos alquileres alt\u00edsimos y que no saben a ciencia cierta cuando se va a iniciar con las obras del barrio. Si uno pasa ve todo como cuando se intervino, yo he estado hablando personalmente con los dos, con el Dr. Carriquiry y con la arquitecta Anabella Madue\u00f1a, por eso convocamos la reuni\u00f3n, porque hay dos posturas distintas. Si uno escucha la postura del Dr. Carriquiry, inclusive ha salido en el programa de TV Cable de Miguel Herrada, que le hace una nota, donde dice que la parte legal est\u00e1 terminada, que no sabe si est\u00e1n los fondos, pero que la parte legal si el municipio quisiera entrar a trabajar podr\u00eda entrar a trabajar. Y por otro lado la Arquitecta Anabella Madue\u00f1a dice que la parte legal, sobre todo la parte del seguro que es la p\u00f3liza de la cual se agarra la Arquitecta  Madue\u00f1a, de las obras mal hechas, no fue abonada por la compa\u00f1\u00eda de seguros. En charla que he tenido con el Dr. Carriquiry dice que la compa\u00f1\u00eda de seguros ya vino, sac\u00f3 las fotos pertinentes de lo todo lo que estaba mal, y obviamente que la compa\u00f1\u00eda de seguros, como cuando uno tiene un accidente automovil\u00edstico, viene, le saca las fotos al siniestro y se van, despu\u00e9s dictaminan lo que hay que pagar o no, no hay que esperar que vengan a ver el piso nuevamente, o las carpetas si est\u00e1n bien hechas o mal hechas, eso lo va a decidir despu\u00e9s la compa\u00f1\u00eda aseguradora y despu\u00e9s se ver\u00e1 de acuerdo a las fotos sacadas por la compa\u00f1\u00eda aseguradora, que es lo que conviene hacer, si iniciarle juicio a la compa\u00f1\u00eda si no paga o no, peor por la parte legal por lo que dice el Dr. Carriquiry, lo que dice en esa nota, estar\u00edamos en condiciones de entrar a trabajar en el barrio. Lamentablemente hoy el Dr. Carriquiry avis\u00f3 que no pod\u00eda venir, la se\u00f1ora Anabella Madue\u00f1a no avis\u00f3, pero es lamentable que pase esto, que haya dentro de un ejecutivo dos opiniones distintas, sinceramente confunden a la gente y lo planteo desde aqu\u00ed porque es la segunda vez que tratamos de hacer la reuni\u00f3n y por un motivo u otro no se pudo hacer, entonces, hay que darle un respuesta a la gente,\u00a0 la gente nos pregunta en la calle cu\u00e1ndo se van a empezar con las obras en el barrio y todav\u00eda no tenemos una respuesta clara y concisa porque el mismo Ejecutivo no la tiene. Eso que quede claro, el ejecutivo, una parte que es la legal dice que pueden empezar a trabajar, y otra parte que es la de obras p\u00fablicas, que es la encargada de ejecutar todo lo que sea necesario para que ese barrio \u00a0contin\u00fae funcionando dice algo distinto. As\u00ed que lamento mucho que pase esto, la gente es la reh\u00e9n de toda esta situaci\u00f3n, necesitamos que ese barrio se termine lo antes posible, y quiero dejar en claro que desde este Concejo Deliberante est\u00e1n las puertas abiertas para esclarecer todo esto, porque la verdad es un tema que nos preocupa, pero cuando los actores no los tenemos presentes es mas dif\u00edcil que esto se pueda esclarecer. Nada m\u00e1s Sr. Presidente\u201d.<br \/>\n&nbsp;<br \/>\nConcejal Horacio Buitrago:<br \/>\n\u201cQuer\u00eda hacer menci\u00f3n de un congreso que se va a desarrollar en La Plata este s\u00e1bado que fue declarado de Inter\u00e9s Provincial, es un congreso de educaci\u00f3n que lleva adelante el espacio del PRO y que creo que viene bien, \u00bfno?, porque como lo hab\u00edamos estado hablando, la educaci\u00f3n, y c\u00f3mo deber\u00eda estar, c\u00f3mo se deber\u00eda trabajar con la educaci\u00f3n en el Siglo XXI, me parece que estar pensando en la realizaci\u00f3n de un congreso hace ver cual es el miramiento y cuales son las l\u00edneas de acci\u00f3n hacia delante que deber\u00edamos emprender, por eso solo recordar y pensar, \u00bfno?, la importancia que para todos tiene la educaci\u00f3n en el futuro del pa\u00eds. Nada m\u00e1s, muchas gracias\u201d.<br \/>\n&nbsp;<br \/>\nConcejal Patricia V\u00e1zquez:<br \/>\n\u201cEn realidad quer\u00eda decir que a nosotros nos hubiera gustado antes\u00a0 que el Concejal Bordoni hablara de este tema que est\u00e9n juntos los funcionarios, \u00bfno?, porque no sabemos que es lo que pasa, ye n realidad con respecto a lo que se ha hablado de los inspectores, si es verdad, es algo pendiente, no existe la cantidad de inspectores que deber\u00edan existir, son pocos, pero yo creo, y no recuerdo qu\u00e9 Concejales est\u00e1bamos en las comisiones correspondientes en el 2011, es responsabilidad de todos tambi\u00e9n, si hab\u00eda un proyecto presentado de un particular es la responsabilidad e todos los Concejales que en ese momento est\u00e1bamos en el Concejo en las distintas comisiones mover y ocuparse del expediente en cuesti\u00f3n, que es importante que un vecino presente un proyecto con respecto a ruidos molestos, pero s\u00ed nosotros insistimos porque creemos que tenemos que tener una norma con respecto a lo que son los ruidos molestos y el tr\u00e1nsito. Nada m\u00e1s Sr. Presidente\u201d.<br \/>\n&nbsp;<br \/>\nConcejal Sergio Bordoni:<br \/>\n\u201cEn cuanto a tener juntos a los dos funcionarios yo creo que despu\u00e9s de dos reuniones programadas y consensuadas no los pudimos reunir y no es que estamos reuniendo uno de tierra del Fuego con uno de\u00a0 Salta, trabajan en el mismo municipio, me parece que es un falta de respeto a este Concejo, al cual hoy nos hicimos presente a las siete de la tarde, y lo que dice la Concejal V\u00e1zquez tiene raz\u00f3n, tal vez no lo seguimos, pero quiero dejar en claro que hubo un proyecto ya, y que me parece necesario que haya una norma, la verdad es que tiene raz\u00f3n, pero despu\u00e9s hay que hacerla cumplir, esa es la realidad, esa es la realidad y me parece que todos tenemos que trabajar en ese proyecto y est\u00e1 bien, no est\u00e1 presentado oficialmente porque seguramente capaz que cabe hacerle alguna reforma, pro la idea es que hubo, y si tanto nos preocupa ahora, nos tendr\u00eda que haber preocupado en ese momento, pero bueno, siempre hay tiempo para hacer las cosas y hacerlas bien, as\u00ed que no va a caber ning\u00fan problema ni va a haber ning\u00fan problema en que ese proyecto que present\u00f3 el oficialismo se pueda plasmar en una ordenanza. Nada m\u00e1s Sr. Presidente\u201d.<br \/>\n&nbsp;<br \/>\nConcejal Mar\u00eda Ofelia Skolak:<br \/>\n\u201cSi, con respecto a ese proyecto que menciona el Concejal Bordoni, es cierto hay un proyecto presentado que est\u00e1 en el Ejecutivo, una buena alternativa ser\u00eda, que no lo charlamos porque en el momento que presentamos el nuestro nadie dijo del proyecto que estaba en el Ejecutivo, una buena forma ser\u00eda comunicarnos con el Ejecutivo par ver en qu\u00e9 \u00e1rea est\u00e1\u00a0 y tomarlo, tomarlo porque este vecino tuvo la mejor voluntad de aportar con el Concejo Deliberante y con la comunidad presentado su proyecto, y tal vez podamos trabajar con los dos paralelamente, es la voluntad por lo menos desde nuestro Bloque. Nada m\u00e1s Sr. Presidente\u201d.<br \/>\n&nbsp;<br \/>\nVicepresidente 1\u00ba Concejal Manuel Picado:<br \/>\n\u201cMe informa el Secretario del Concejo que cuando el tuvo conocimiento de este Expediente, de este proyecto, este ante proyecto, tuvo un encuentro con el Sr. Gomba para hablar al respecto, as\u00ed que este Concejo tuvo un primer intercambio para poder trabajar a futuro en conjunto con lo que a esto respecta\u201d.<br \/>\n&nbsp;<br \/>\nConcejal Mar\u00eda Ofelia Skolak:<br \/>\n\u201cBien, por lo tanto proponemos desde nuestro Bloque, si est\u00e1n todos de acuerdo hacer una reuni\u00f3n invitando a participar al Sr. Gomba para trabajar en conjunto\u201d.<br \/>\n&nbsp;<br \/>\nSe aprueba por unanimidad la moci\u00f3n de la Concejal Skolak.<br \/>\n&nbsp;<br \/>\n<strong>HONORABLE CONCEJO DELIBERANTE<\/strong><br \/>\n&nbsp;<\/p>\n","protected":false},"excerpt":{"rendered":"<p>httpv:\/\/www.youtube.com\/watch?v=PLIouggjPs8 httpv:\/\/www.youtube.com\/watch?v=7cIMUAAe-Rg httpv:\/\/www.youtube.com\/watch?v=L9_ubQvQ-6g httpv:\/\/www.youtube.com\/watch?v=cshe8N3hpV0 httpv:\/\/www.youtube.com\/watch?v=iJDoO81bjXA httpv:\/\/www.youtube.com\/watch?v=H3iqkqvHvkY httpv:\/\/www.youtube.com\/watch?v=tF2Awhq6RI8 &nbsp; INFORME SESI\u00d3N ORDINARIA DE FECHA 7 de MAYO &nbsp; Temas tratados en la Sesi\u00f3n Ordinaria del d\u00eda 7 de mayo: &nbsp; Comunicaciones Oficiales y Dict\u00e1menes de las Comisiones: Expte. N\u00ba 091\/13: \u201cD.E. \u2013 Convalida la firma del Contrato de Locaci\u00f3n entre el Sr. Miguel \u00c1ngel Brunoldi y [&hellip;]<\/p>\n","protected":false},"author":1,"featured_media":0,"comment_status":"closed","ping_status":"open","sticky":false,"template":"","format":"standard","meta":{"footnotes":""},"categories":[52,53,64],"tags":[],"class_list":["post-11485","post","type-post","status-publish","format-standard","hentry","category-destacadas","category-politica","category-videos-destacados"],"yoast_head":"<!-- This site is optimized with the Yoast SEO plugin v19.7.1 - https:\/\/yoast.com\/wordpress\/plugins\/seo\/ -->\n<title>HCD. LOS TEMAS TRATADOS EN LA SESION DEL ULTIMO MARTES (Opiniones) - CELTTV<\/title>\n<meta name=\"description\" content=\"Sitio web de noticias de la localidad de Tornquist, provincia de Buenos Aires, Rep\u00fablica Argentina. Contenido propio originado por periodistas de CELTTV, el canal de TV local de la Cooperativa El\u00e9ctrica de Tornquist. Turismo, Pol\u00edtica, Sociedad, Deporte, Cultura y todo el contenido de inter\u00e9s general que la gente del pueblo y la regi\u00f3n debe conocer.\" \/>\n<meta name=\"robots\" content=\"index, follow, max-snippet:-1, max-image-preview:large, max-video-preview:-1\" \/>\n<link rel=\"canonical\" href=\"https:\/\/www.celttv.com.ar\/index.php\/2013\/05\/11\/hcd-los-temas-tratados-en-la-sesion-del-ultimo-martes-opiniones\/\" \/>\n<meta property=\"og:locale\" content=\"es_ES\" \/>\n<meta property=\"og:type\" content=\"article\" \/>\n<meta property=\"og:title\" content=\"HCD. LOS TEMAS TRATADOS EN LA SESION DEL ULTIMO MARTES (Opiniones) - CELTTV\" \/>\n<meta property=\"og:description\" content=\"Sitio web de noticias de la localidad de Tornquist, provincia de Buenos Aires, Rep\u00fablica Argentina. Contenido propio originado por periodistas de CELTTV, el canal de TV local de la Cooperativa El\u00e9ctrica de Tornquist. Turismo, Pol\u00edtica, Sociedad, Deporte, Cultura y todo el contenido de inter\u00e9s general que la gente del pueblo y la regi\u00f3n debe conocer.\" \/>\n<meta property=\"og:url\" content=\"https:\/\/www.celttv.com.ar\/index.php\/2013\/05\/11\/hcd-los-temas-tratados-en-la-sesion-del-ultimo-martes-opiniones\/\" \/>\n<meta property=\"og:site_name\" content=\"CELTTV\" \/>\n<meta property=\"article:publisher\" content=\"https:\/\/www.facebook.com\/celtTV\/\" \/>\n<meta property=\"article:published_time\" content=\"2013-05-11T00:46:00+00:00\" \/>\n<meta name=\"author\" content=\"ulises\" \/>\n<meta name=\"twitter:card\" content=\"summary_large_image\" \/>\n<meta name=\"twitter:label1\" content=\"Escrito por\" \/>\n\t<meta name=\"twitter:data1\" content=\"ulises\" \/>\n\t<meta name=\"twitter:label2\" content=\"Tiempo de lectura\" \/>\n\t<meta name=\"twitter:data2\" content=\"41 minutos\" \/>\n<script type=\"application\/ld+json\" class=\"yoast-schema-graph\">{\"@context\":\"https:\/\/schema.org\",\"@graph\":[{\"@type\":\"NewsArticle\",\"@id\":\"https:\/\/www.celttv.com.ar\/index.php\/2013\/05\/11\/hcd-los-temas-tratados-en-la-sesion-del-ultimo-martes-opiniones\/#article\",\"isPartOf\":{\"@id\":\"https:\/\/www.celttv.com.ar\/index.php\/2013\/05\/11\/hcd-los-temas-tratados-en-la-sesion-del-ultimo-martes-opiniones\/\"},\"author\":{\"name\":\"ulises\",\"@id\":\"https:\/\/www.celttv.com.ar\/#\/schema\/person\/6d99c072dba59953809c81446e9d0ace\"},\"headline\":\"HCD. LOS TEMAS TRATADOS EN LA SESION DEL ULTIMO MARTES (Opiniones)\",\"datePublished\":\"2013-05-11T00:46:00+00:00\",\"dateModified\":\"2013-05-11T00:46:00+00:00\",\"mainEntityOfPage\":{\"@id\":\"https:\/\/www.celttv.com.ar\/index.php\/2013\/05\/11\/hcd-los-temas-tratados-en-la-sesion-del-ultimo-martes-opiniones\/\"},\"wordCount\":8259,\"publisher\":{\"@id\":\"https:\/\/www.celttv.com.ar\/#organization\"},\"articleSection\":[\"Destacadas\",\"Pol\u00edtica\",\"Videos Destacados\"],\"inLanguage\":\"es\"},{\"@type\":\"WebPage\",\"@id\":\"https:\/\/www.celttv.com.ar\/index.php\/2013\/05\/11\/hcd-los-temas-tratados-en-la-sesion-del-ultimo-martes-opiniones\/\",\"url\":\"https:\/\/www.celttv.com.ar\/index.php\/2013\/05\/11\/hcd-los-temas-tratados-en-la-sesion-del-ultimo-martes-opiniones\/\",\"name\":\"HCD. LOS TEMAS TRATADOS EN LA SESION DEL ULTIMO MARTES (Opiniones) - CELTTV\",\"isPartOf\":{\"@id\":\"https:\/\/www.celttv.com.ar\/#website\"},\"datePublished\":\"2013-05-11T00:46:00+00:00\",\"dateModified\":\"2013-05-11T00:46:00+00:00\",\"description\":\"Sitio web de noticias de la localidad de Tornquist, provincia de Buenos Aires, Rep\u00fablica Argentina. Contenido propio originado por periodistas de CELTTV, el canal de TV local de la Cooperativa El\u00e9ctrica de Tornquist. Turismo, Pol\u00edtica, Sociedad, Deporte, Cultura y todo el contenido de inter\u00e9s general que la gente del pueblo y la regi\u00f3n debe conocer.\",\"breadcrumb\":{\"@id\":\"https:\/\/www.celttv.com.ar\/index.php\/2013\/05\/11\/hcd-los-temas-tratados-en-la-sesion-del-ultimo-martes-opiniones\/#breadcrumb\"},\"inLanguage\":\"es\",\"potentialAction\":[{\"@type\":\"ReadAction\",\"target\":[\"https:\/\/www.celttv.com.ar\/index.php\/2013\/05\/11\/hcd-los-temas-tratados-en-la-sesion-del-ultimo-martes-opiniones\/\"]}]},{\"@type\":\"BreadcrumbList\",\"@id\":\"https:\/\/www.celttv.com.ar\/index.php\/2013\/05\/11\/hcd-los-temas-tratados-en-la-sesion-del-ultimo-martes-opiniones\/#breadcrumb\",\"itemListElement\":[{\"@type\":\"ListItem\",\"position\":1,\"name\":\"Inicio\",\"item\":\"https:\/\/www.celttv.com.ar\/\"},{\"@type\":\"ListItem\",\"position\":2,\"name\":\"HCD. LOS TEMAS TRATADOS EN LA SESION DEL ULTIMO MARTES (Opiniones)\"}]},{\"@type\":\"WebSite\",\"@id\":\"https:\/\/www.celttv.com.ar\/#website\",\"url\":\"https:\/\/www.celttv.com.ar\/\",\"name\":\"CELTTV\",\"description\":\"Cooperativa El\u00e9ctrica de Tornquist\",\"publisher\":{\"@id\":\"https:\/\/www.celttv.com.ar\/#organization\"},\"potentialAction\":[{\"@type\":\"SearchAction\",\"target\":{\"@type\":\"EntryPoint\",\"urlTemplate\":\"https:\/\/www.celttv.com.ar\/?s={search_term_string}\"},\"query-input\":\"required name=search_term_string\"}],\"inLanguage\":\"es\"},{\"@type\":\"Organization\",\"@id\":\"https:\/\/www.celttv.com.ar\/#organization\",\"name\":\"CELTTV\",\"url\":\"https:\/\/www.celttv.com.ar\/\",\"sameAs\":[\"https:\/\/www.youtube.com\/channel\/UCz_oIt8Hig64Ub-EmcNPIhg\",\"https:\/\/www.facebook.com\/celtTV\/\"],\"logo\":{\"@type\":\"ImageObject\",\"inLanguage\":\"es\",\"@id\":\"https:\/\/www.celttv.com.ar\/#\/schema\/logo\/image\/\",\"url\":\"http:\/\/www.celttv.com.ar\/wp-content\/uploads\/2022\/08\/logo-1.png\",\"contentUrl\":\"http:\/\/www.celttv.com.ar\/wp-content\/uploads\/2022\/08\/logo-1.png\",\"width\":461,\"height\":159,\"caption\":\"CELTTV\"},\"image\":{\"@id\":\"https:\/\/www.celttv.com.ar\/#\/schema\/logo\/image\/\"}},{\"@type\":\"Person\",\"@id\":\"https:\/\/www.celttv.com.ar\/#\/schema\/person\/6d99c072dba59953809c81446e9d0ace\",\"name\":\"ulises\",\"image\":{\"@type\":\"ImageObject\",\"inLanguage\":\"es\",\"@id\":\"https:\/\/www.celttv.com.ar\/#\/schema\/person\/image\/\",\"url\":\"https:\/\/secure.gravatar.com\/avatar\/7f2c48bdc33b30088f941fb6082e555f2874c98e20cb159d7b92b50eadfce793?s=96&d=mm&r=g\",\"contentUrl\":\"https:\/\/secure.gravatar.com\/avatar\/7f2c48bdc33b30088f941fb6082e555f2874c98e20cb159d7b92b50eadfce793?s=96&d=mm&r=g\",\"caption\":\"ulises\"},\"sameAs\":[\"http:\/\/www.celttv.com.ar\"]}]}<\/script>\n<!-- \/ Yoast SEO plugin. -->","yoast_head_json":{"title":"HCD. LOS TEMAS TRATADOS EN LA SESION DEL ULTIMO MARTES (Opiniones) - CELTTV","description":"Sitio web de noticias de la localidad de Tornquist, provincia de Buenos Aires, Rep\u00fablica Argentina. Contenido propio originado por periodistas de CELTTV, el canal de TV local de la Cooperativa El\u00e9ctrica de Tornquist. Turismo, Pol\u00edtica, Sociedad, Deporte, Cultura y todo el contenido de inter\u00e9s general que la gente del pueblo y la regi\u00f3n debe conocer.","robots":{"index":"index","follow":"follow","max-snippet":"max-snippet:-1","max-image-preview":"max-image-preview:large","max-video-preview":"max-video-preview:-1"},"canonical":"https:\/\/www.celttv.com.ar\/index.php\/2013\/05\/11\/hcd-los-temas-tratados-en-la-sesion-del-ultimo-martes-opiniones\/","og_locale":"es_ES","og_type":"article","og_title":"HCD. LOS TEMAS TRATADOS EN LA SESION DEL ULTIMO MARTES (Opiniones) - CELTTV","og_description":"Sitio web de noticias de la localidad de Tornquist, provincia de Buenos Aires, Rep\u00fablica Argentina. Contenido propio originado por periodistas de CELTTV, el canal de TV local de la Cooperativa El\u00e9ctrica de Tornquist. Turismo, Pol\u00edtica, Sociedad, Deporte, Cultura y todo el contenido de inter\u00e9s general que la gente del pueblo y la regi\u00f3n debe conocer.","og_url":"https:\/\/www.celttv.com.ar\/index.php\/2013\/05\/11\/hcd-los-temas-tratados-en-la-sesion-del-ultimo-martes-opiniones\/","og_site_name":"CELTTV","article_publisher":"https:\/\/www.facebook.com\/celtTV\/","article_published_time":"2013-05-11T00:46:00+00:00","author":"ulises","twitter_card":"summary_large_image","twitter_misc":{"Escrito por":"ulises","Tiempo de lectura":"41 minutos"},"schema":{"@context":"https:\/\/schema.org","@graph":[{"@type":"NewsArticle","@id":"https:\/\/www.celttv.com.ar\/index.php\/2013\/05\/11\/hcd-los-temas-tratados-en-la-sesion-del-ultimo-martes-opiniones\/#article","isPartOf":{"@id":"https:\/\/www.celttv.com.ar\/index.php\/2013\/05\/11\/hcd-los-temas-tratados-en-la-sesion-del-ultimo-martes-opiniones\/"},"author":{"name":"ulises","@id":"https:\/\/www.celttv.com.ar\/#\/schema\/person\/6d99c072dba59953809c81446e9d0ace"},"headline":"HCD. LOS TEMAS TRATADOS EN LA SESION DEL ULTIMO MARTES (Opiniones)","datePublished":"2013-05-11T00:46:00+00:00","dateModified":"2013-05-11T00:46:00+00:00","mainEntityOfPage":{"@id":"https:\/\/www.celttv.com.ar\/index.php\/2013\/05\/11\/hcd-los-temas-tratados-en-la-sesion-del-ultimo-martes-opiniones\/"},"wordCount":8259,"publisher":{"@id":"https:\/\/www.celttv.com.ar\/#organization"},"articleSection":["Destacadas","Pol\u00edtica","Videos Destacados"],"inLanguage":"es"},{"@type":"WebPage","@id":"https:\/\/www.celttv.com.ar\/index.php\/2013\/05\/11\/hcd-los-temas-tratados-en-la-sesion-del-ultimo-martes-opiniones\/","url":"https:\/\/www.celttv.com.ar\/index.php\/2013\/05\/11\/hcd-los-temas-tratados-en-la-sesion-del-ultimo-martes-opiniones\/","name":"HCD. LOS TEMAS TRATADOS EN LA SESION DEL ULTIMO MARTES (Opiniones) - CELTTV","isPartOf":{"@id":"https:\/\/www.celttv.com.ar\/#website"},"datePublished":"2013-05-11T00:46:00+00:00","dateModified":"2013-05-11T00:46:00+00:00","description":"Sitio web de noticias de la localidad de Tornquist, provincia de Buenos Aires, Rep\u00fablica Argentina. Contenido propio originado por periodistas de CELTTV, el canal de TV local de la Cooperativa El\u00e9ctrica de Tornquist. Turismo, Pol\u00edtica, Sociedad, Deporte, Cultura y todo el contenido de inter\u00e9s general que la gente del pueblo y la regi\u00f3n debe conocer.","breadcrumb":{"@id":"https:\/\/www.celttv.com.ar\/index.php\/2013\/05\/11\/hcd-los-temas-tratados-en-la-sesion-del-ultimo-martes-opiniones\/#breadcrumb"},"inLanguage":"es","potentialAction":[{"@type":"ReadAction","target":["https:\/\/www.celttv.com.ar\/index.php\/2013\/05\/11\/hcd-los-temas-tratados-en-la-sesion-del-ultimo-martes-opiniones\/"]}]},{"@type":"BreadcrumbList","@id":"https:\/\/www.celttv.com.ar\/index.php\/2013\/05\/11\/hcd-los-temas-tratados-en-la-sesion-del-ultimo-martes-opiniones\/#breadcrumb","itemListElement":[{"@type":"ListItem","position":1,"name":"Inicio","item":"https:\/\/www.celttv.com.ar\/"},{"@type":"ListItem","position":2,"name":"HCD. LOS TEMAS TRATADOS EN LA SESION DEL ULTIMO MARTES (Opiniones)"}]},{"@type":"WebSite","@id":"https:\/\/www.celttv.com.ar\/#website","url":"https:\/\/www.celttv.com.ar\/","name":"CELTTV","description":"Cooperativa El\u00e9ctrica de Tornquist","publisher":{"@id":"https:\/\/www.celttv.com.ar\/#organization"},"potentialAction":[{"@type":"SearchAction","target":{"@type":"EntryPoint","urlTemplate":"https:\/\/www.celttv.com.ar\/?s={search_term_string}"},"query-input":"required name=search_term_string"}],"inLanguage":"es"},{"@type":"Organization","@id":"https:\/\/www.celttv.com.ar\/#organization","name":"CELTTV","url":"https:\/\/www.celttv.com.ar\/","sameAs":["https:\/\/www.youtube.com\/channel\/UCz_oIt8Hig64Ub-EmcNPIhg","https:\/\/www.facebook.com\/celtTV\/"],"logo":{"@type":"ImageObject","inLanguage":"es","@id":"https:\/\/www.celttv.com.ar\/#\/schema\/logo\/image\/","url":"http:\/\/www.celttv.com.ar\/wp-content\/uploads\/2022\/08\/logo-1.png","contentUrl":"http:\/\/www.celttv.com.ar\/wp-content\/uploads\/2022\/08\/logo-1.png","width":461,"height":159,"caption":"CELTTV"},"image":{"@id":"https:\/\/www.celttv.com.ar\/#\/schema\/logo\/image\/"}},{"@type":"Person","@id":"https:\/\/www.celttv.com.ar\/#\/schema\/person\/6d99c072dba59953809c81446e9d0ace","name":"ulises","image":{"@type":"ImageObject","inLanguage":"es","@id":"https:\/\/www.celttv.com.ar\/#\/schema\/person\/image\/","url":"https:\/\/secure.gravatar.com\/avatar\/7f2c48bdc33b30088f941fb6082e555f2874c98e20cb159d7b92b50eadfce793?s=96&d=mm&r=g","contentUrl":"https:\/\/secure.gravatar.com\/avatar\/7f2c48bdc33b30088f941fb6082e555f2874c98e20cb159d7b92b50eadfce793?s=96&d=mm&r=g","caption":"ulises"},"sameAs":["http:\/\/www.celttv.com.ar"]}]}},"_links":{"self":[{"href":"https:\/\/www.celttv.com.ar\/index.php\/wp-json\/wp\/v2\/posts\/11485","targetHints":{"allow":["GET"]}}],"collection":[{"href":"https:\/\/www.celttv.com.ar\/index.php\/wp-json\/wp\/v2\/posts"}],"about":[{"href":"https:\/\/www.celttv.com.ar\/index.php\/wp-json\/wp\/v2\/types\/post"}],"author":[{"embeddable":true,"href":"https:\/\/www.celttv.com.ar\/index.php\/wp-json\/wp\/v2\/users\/1"}],"replies":[{"embeddable":true,"href":"https:\/\/www.celttv.com.ar\/index.php\/wp-json\/wp\/v2\/comments?post=11485"}],"version-history":[{"count":0,"href":"https:\/\/www.celttv.com.ar\/index.php\/wp-json\/wp\/v2\/posts\/11485\/revisions"}],"wp:attachment":[{"href":"https:\/\/www.celttv.com.ar\/index.php\/wp-json\/wp\/v2\/media?parent=11485"}],"wp:term":[{"taxonomy":"category","embeddable":true,"href":"https:\/\/www.celttv.com.ar\/index.php\/wp-json\/wp\/v2\/categories?post=11485"},{"taxonomy":"post_tag","embeddable":true,"href":"https:\/\/www.celttv.com.ar\/index.php\/wp-json\/wp\/v2\/tags?post=11485"}],"curies":[{"name":"wp","href":"https:\/\/api.w.org\/{rel}","templated":true}]}}