{"id":11488,"date":"2013-05-12T14:09:46","date_gmt":"2013-05-12T14:09:46","guid":{"rendered":"http:\/\/www.tvcnoticias.com.ar\/?p=11488"},"modified":"2013-05-12T14:09:46","modified_gmt":"2013-05-12T14:09:46","slug":"de-milagro-tres-jovenes-de-tornquist-salvaron-su-vida-en-la-ruta-33-video-y-declaraciones-de-un-testigo","status":"publish","type":"post","link":"https:\/\/www.celttv.com.ar\/index.php\/2013\/05\/12\/de-milagro-tres-jovenes-de-tornquist-salvaron-su-vida-en-la-ruta-33-video-y-declaraciones-de-un-testigo\/","title":{"rendered":"DE MILAGRO TRES JOVENES DE TORNQUIST SALVARON SU VIDA EN LA RUTA 33 (Video y declaraciones de un testigo)"},"content":{"rendered":"<p><a href=\"http:\/\/www.youtube.com\/watch?v=8szoOJb5yNI\"><a href=\"http:\/\/www.youtube.com\/watch?v=8szoOJb5yNI\">httpv:\/\/www.youtube.com\/watch?v=8szoOJb5yNI<\/a><\/a><br \/>\n<a href=\"http:\/\/www.youtube.com\/watch?v=bMUcO7ug-as\"><a href=\"http:\/\/www.youtube.com\/watch?v=bMUcO7ug-as\">httpv:\/\/www.youtube.com\/watch?v=bMUcO7ug-as<\/a><\/a><br \/>\nTres heridos fue el saldo de un violento choque producido ayer entre un cami\u00f3n y un auto, en el kil\u00f3metro 79 de la ruta nacional 33, entre el empalme con la Ruta 76 y \u00a0Colonia San Mart\u00edn de Tours.<br \/>\nEl accidente se produjo alrededor de las 7.30, donde un cami\u00f3n Ford Cargo con batea, dominio HIG 409, que era conducido por H\u00e9ctor Eduardo Villanueva, de 48 a\u00f1os, oriundo de Am\u00e9rica (circulaba en direcci\u00f3n Pig\u00fc\u00e9-Tornquist), impact\u00f3 contra un Ford Fiesta, dominio AWZ 937, ocasionando un fuerte impacto en el veh\u00edculo menor que transportaba a tres j\u00f3venes de Tornquist.<br \/>\nEl cami\u00f3n, tras el choque, continu\u00f3 su marcha por la banquina para detenerse dentro de un campo, cortando el alambrado correspondiente. Metros atr\u00e1s, antes del choque, otro cami\u00f3n que circulaba delante del auto, perdi\u00f3 su espejo retrovisor tras rozar con el veh\u00edculo conducido por Villanueva.<br \/>\nLa peor parte del accidente la sufrieron los j\u00f3venes tornquistenses que viajaban en el Fiesta, los cuales sufrieron heridas y traumatismos de diferente consideraci\u00f3n, los cuales fueron identificados como Andr\u00e9s Villalba, de 22 a\u00f1os, conductor del rodado menor y que tuvo que ser rescatado por los bomberos voluntarios al estar aprisionado dentro del mismo, Nicol\u00e1s Sep\u00falveda, de 19, y Juli\u00e1n Minich, de 21.<br \/>\nEn el caso de Sep\u00falveda y Minich, ambos fueron trasladados al Hospital Municipal \u201cDr. Alberto Castro\u201d de Tornquist, mientras que Villalba fue conducido en ambulancia hasta un nosocomio de Bah\u00eda Blanca.<br \/>\nPor su parte, el chofer del cami\u00f3n que sufri\u00f3 la rotura del espejo retrovisor, mencion\u00f3 en el lugar del accidente que el chofer del cami\u00f3n en cuesti\u00f3n (H\u00e9ctor Villanueva), estaba alcoholizado y que \u201ccuando se me vino encima lo esquive e impact\u00f3 al auto en que iban los\u00a0 tres chicos\u201d.<br \/>\nIntervino la polic\u00eda de Saavedra por su jurisdicci\u00f3n, bomberos\u00a0 y polic\u00eda de Tornquist y personal del Hospital Municipal de Tornquist, quienes trasladaron a los heridos.<br \/>\n&nbsp;<\/p>\n","protected":false},"excerpt":{"rendered":"<p>httpv:\/\/www.youtube.com\/watch?v=8szoOJb5yNI httpv:\/\/www.youtube.com\/watch?v=bMUcO7ug-as Tres heridos fue el saldo de un violento choque producido ayer entre un cami\u00f3n y un auto, en el kil\u00f3metro 79 de la ruta nacional 33, entre el empalme con la Ruta 76 y \u00a0Colonia San Mart\u00edn de Tours. El accidente se produjo alrededor de las 7.30, donde un cami\u00f3n Ford Cargo con [&hellip;]<\/p>\n","protected":false},"author":1,"featured_media":0,"comment_status":"closed","ping_status":"open","sticky":false,"template":"","format":"standard","meta":{"footnotes":""},"categories":[52,61,64],"tags":[],"class_list":["post-11488","post","type-post","status-publish","format-standard","hentry","category-destacadas","category-policiales","category-videos-destacados"],"yoast_head":"<!-- This site is optimized with the Yoast SEO plugin v19.7.1 - https:\/\/yoast.com\/wordpress\/plugins\/seo\/ -->\n<title>DE MILAGRO TRES JOVENES DE TORNQUIST SALVARON SU VIDA EN LA RUTA 33 (Video y declaraciones de un testigo) - CELTTV<\/title>\n<meta name=\"description\" content=\"Sitio web de noticias de la localidad de Tornquist, provincia de Buenos Aires, Rep\u00fablica Argentina. Contenido propio originado por periodistas de CELTTV, el canal de TV local de la Cooperativa El\u00e9ctrica de Tornquist. Turismo, Pol\u00edtica, Sociedad, Deporte, Cultura y todo el contenido de inter\u00e9s general que la gente del pueblo y la regi\u00f3n debe conocer.\" \/>\n<meta name=\"robots\" content=\"index, follow, max-snippet:-1, max-image-preview:large, max-video-preview:-1\" \/>\n<link rel=\"canonical\" href=\"https:\/\/www.celttv.com.ar\/index.php\/2013\/05\/12\/de-milagro-tres-jovenes-de-tornquist-salvaron-su-vida-en-la-ruta-33-video-y-declaraciones-de-un-testigo\/\" \/>\n<meta property=\"og:locale\" content=\"es_ES\" \/>\n<meta property=\"og:type\" content=\"article\" \/>\n<meta property=\"og:title\" content=\"DE MILAGRO TRES JOVENES DE TORNQUIST SALVARON SU VIDA EN LA RUTA 33 (Video y declaraciones de un testigo) - CELTTV\" \/>\n<meta property=\"og:description\" content=\"Sitio web de noticias de la localidad de Tornquist, provincia de Buenos Aires, Rep\u00fablica Argentina. Contenido propio originado por periodistas de CELTTV, el canal de TV local de la Cooperativa El\u00e9ctrica de Tornquist. Turismo, Pol\u00edtica, Sociedad, Deporte, Cultura y todo el contenido de inter\u00e9s general que la gente del pueblo y la regi\u00f3n debe conocer.\" \/>\n<meta property=\"og:url\" content=\"https:\/\/www.celttv.com.ar\/index.php\/2013\/05\/12\/de-milagro-tres-jovenes-de-tornquist-salvaron-su-vida-en-la-ruta-33-video-y-declaraciones-de-un-testigo\/\" \/>\n<meta property=\"og:site_name\" content=\"CELTTV\" \/>\n<meta property=\"article:publisher\" content=\"https:\/\/www.facebook.com\/celtTV\/\" \/>\n<meta property=\"article:published_time\" content=\"2013-05-12T14:09:46+00:00\" \/>\n<meta name=\"author\" content=\"ulises\" \/>\n<meta name=\"twitter:card\" content=\"summary_large_image\" \/>\n<meta name=\"twitter:label1\" content=\"Escrito por\" \/>\n\t<meta name=\"twitter:data1\" content=\"ulises\" \/>\n\t<meta name=\"twitter:label2\" content=\"Tiempo de lectura\" \/>\n\t<meta name=\"twitter:data2\" content=\"2 minutos\" \/>\n<script type=\"application\/ld+json\" class=\"yoast-schema-graph\">{\"@context\":\"https:\/\/schema.org\",\"@graph\":[{\"@type\":\"NewsArticle\",\"@id\":\"https:\/\/www.celttv.com.ar\/index.php\/2013\/05\/12\/de-milagro-tres-jovenes-de-tornquist-salvaron-su-vida-en-la-ruta-33-video-y-declaraciones-de-un-testigo\/#article\",\"isPartOf\":{\"@id\":\"https:\/\/www.celttv.com.ar\/index.php\/2013\/05\/12\/de-milagro-tres-jovenes-de-tornquist-salvaron-su-vida-en-la-ruta-33-video-y-declaraciones-de-un-testigo\/\"},\"author\":{\"name\":\"ulises\",\"@id\":\"https:\/\/www.celttv.com.ar\/#\/schema\/person\/6d99c072dba59953809c81446e9d0ace\"},\"headline\":\"DE MILAGRO TRES JOVENES DE TORNQUIST SALVARON SU VIDA EN LA RUTA 33 (Video y declaraciones de un testigo)\",\"datePublished\":\"2013-05-12T14:09:46+00:00\",\"dateModified\":\"2013-05-12T14:09:46+00:00\",\"mainEntityOfPage\":{\"@id\":\"https:\/\/www.celttv.com.ar\/index.php\/2013\/05\/12\/de-milagro-tres-jovenes-de-tornquist-salvaron-su-vida-en-la-ruta-33-video-y-declaraciones-de-un-testigo\/\"},\"wordCount\":367,\"publisher\":{\"@id\":\"https:\/\/www.celttv.com.ar\/#organization\"},\"articleSection\":[\"Destacadas\",\"Policiales\",\"Videos Destacados\"],\"inLanguage\":\"es\"},{\"@type\":\"WebPage\",\"@id\":\"https:\/\/www.celttv.com.ar\/index.php\/2013\/05\/12\/de-milagro-tres-jovenes-de-tornquist-salvaron-su-vida-en-la-ruta-33-video-y-declaraciones-de-un-testigo\/\",\"url\":\"https:\/\/www.celttv.com.ar\/index.php\/2013\/05\/12\/de-milagro-tres-jovenes-de-tornquist-salvaron-su-vida-en-la-ruta-33-video-y-declaraciones-de-un-testigo\/\",\"name\":\"DE MILAGRO TRES JOVENES DE TORNQUIST SALVARON SU VIDA EN LA RUTA 33 (Video y declaraciones de un testigo) - CELTTV\",\"isPartOf\":{\"@id\":\"https:\/\/www.celttv.com.ar\/#website\"},\"datePublished\":\"2013-05-12T14:09:46+00:00\",\"dateModified\":\"2013-05-12T14:09:46+00:00\",\"description\":\"Sitio web de noticias de la localidad de Tornquist, provincia de Buenos Aires, Rep\u00fablica Argentina. Contenido propio originado por periodistas de CELTTV, el canal de TV local de la Cooperativa El\u00e9ctrica de Tornquist. Turismo, Pol\u00edtica, Sociedad, Deporte, Cultura y todo el contenido de inter\u00e9s general que la gente del pueblo y la regi\u00f3n debe conocer.\",\"breadcrumb\":{\"@id\":\"https:\/\/www.celttv.com.ar\/index.php\/2013\/05\/12\/de-milagro-tres-jovenes-de-tornquist-salvaron-su-vida-en-la-ruta-33-video-y-declaraciones-de-un-testigo\/#breadcrumb\"},\"inLanguage\":\"es\",\"potentialAction\":[{\"@type\":\"ReadAction\",\"target\":[\"https:\/\/www.celttv.com.ar\/index.php\/2013\/05\/12\/de-milagro-tres-jovenes-de-tornquist-salvaron-su-vida-en-la-ruta-33-video-y-declaraciones-de-un-testigo\/\"]}]},{\"@type\":\"BreadcrumbList\",\"@id\":\"https:\/\/www.celttv.com.ar\/index.php\/2013\/05\/12\/de-milagro-tres-jovenes-de-tornquist-salvaron-su-vida-en-la-ruta-33-video-y-declaraciones-de-un-testigo\/#breadcrumb\",\"itemListElement\":[{\"@type\":\"ListItem\",\"position\":1,\"name\":\"Inicio\",\"item\":\"https:\/\/www.celttv.com.ar\/\"},{\"@type\":\"ListItem\",\"position\":2,\"name\":\"DE MILAGRO TRES JOVENES DE TORNQUIST SALVARON SU VIDA EN LA RUTA 33 (Video y declaraciones de un testigo)\"}]},{\"@type\":\"WebSite\",\"@id\":\"https:\/\/www.celttv.com.ar\/#website\",\"url\":\"https:\/\/www.celttv.com.ar\/\",\"name\":\"CELTTV\",\"description\":\"Cooperativa El\u00e9ctrica de Tornquist\",\"publisher\":{\"@id\":\"https:\/\/www.celttv.com.ar\/#organization\"},\"potentialAction\":[{\"@type\":\"SearchAction\",\"target\":{\"@type\":\"EntryPoint\",\"urlTemplate\":\"https:\/\/www.celttv.com.ar\/?s={search_term_string}\"},\"query-input\":\"required name=search_term_string\"}],\"inLanguage\":\"es\"},{\"@type\":\"Organization\",\"@id\":\"https:\/\/www.celttv.com.ar\/#organization\",\"name\":\"CELTTV\",\"url\":\"https:\/\/www.celttv.com.ar\/\",\"sameAs\":[\"https:\/\/www.youtube.com\/channel\/UCz_oIt8Hig64Ub-EmcNPIhg\",\"https:\/\/www.facebook.com\/celtTV\/\"],\"logo\":{\"@type\":\"ImageObject\",\"inLanguage\":\"es\",\"@id\":\"https:\/\/www.celttv.com.ar\/#\/schema\/logo\/image\/\",\"url\":\"http:\/\/www.celttv.com.ar\/wp-content\/uploads\/2022\/08\/logo-1.png\",\"contentUrl\":\"http:\/\/www.celttv.com.ar\/wp-content\/uploads\/2022\/08\/logo-1.png\",\"width\":461,\"height\":159,\"caption\":\"CELTTV\"},\"image\":{\"@id\":\"https:\/\/www.celttv.com.ar\/#\/schema\/logo\/image\/\"}},{\"@type\":\"Person\",\"@id\":\"https:\/\/www.celttv.com.ar\/#\/schema\/person\/6d99c072dba59953809c81446e9d0ace\",\"name\":\"ulises\",\"image\":{\"@type\":\"ImageObject\",\"inLanguage\":\"es\",\"@id\":\"https:\/\/www.celttv.com.ar\/#\/schema\/person\/image\/\",\"url\":\"https:\/\/secure.gravatar.com\/avatar\/7f2c48bdc33b30088f941fb6082e555f2874c98e20cb159d7b92b50eadfce793?s=96&d=mm&r=g\",\"contentUrl\":\"https:\/\/secure.gravatar.com\/avatar\/7f2c48bdc33b30088f941fb6082e555f2874c98e20cb159d7b92b50eadfce793?s=96&d=mm&r=g\",\"caption\":\"ulises\"},\"sameAs\":[\"http:\/\/www.celttv.com.ar\"]}]}<\/script>\n<!-- \/ Yoast SEO plugin. -->","yoast_head_json":{"title":"DE MILAGRO TRES JOVENES DE TORNQUIST SALVARON SU VIDA EN LA RUTA 33 (Video y declaraciones de un testigo) - CELTTV","description":"Sitio web de noticias de la localidad de Tornquist, provincia de Buenos Aires, Rep\u00fablica Argentina. Contenido propio originado por periodistas de CELTTV, el canal de TV local de la Cooperativa El\u00e9ctrica de Tornquist. Turismo, Pol\u00edtica, Sociedad, Deporte, Cultura y todo el contenido de inter\u00e9s general que la gente del pueblo y la regi\u00f3n debe conocer.","robots":{"index":"index","follow":"follow","max-snippet":"max-snippet:-1","max-image-preview":"max-image-preview:large","max-video-preview":"max-video-preview:-1"},"canonical":"https:\/\/www.celttv.com.ar\/index.php\/2013\/05\/12\/de-milagro-tres-jovenes-de-tornquist-salvaron-su-vida-en-la-ruta-33-video-y-declaraciones-de-un-testigo\/","og_locale":"es_ES","og_type":"article","og_title":"DE MILAGRO TRES JOVENES DE TORNQUIST SALVARON SU VIDA EN LA RUTA 33 (Video y declaraciones de un testigo) - CELTTV","og_description":"Sitio web de noticias de la localidad de Tornquist, provincia de Buenos Aires, Rep\u00fablica Argentina. Contenido propio originado por periodistas de CELTTV, el canal de TV local de la Cooperativa El\u00e9ctrica de Tornquist. Turismo, Pol\u00edtica, Sociedad, Deporte, Cultura y todo el contenido de inter\u00e9s general que la gente del pueblo y la regi\u00f3n debe conocer.","og_url":"https:\/\/www.celttv.com.ar\/index.php\/2013\/05\/12\/de-milagro-tres-jovenes-de-tornquist-salvaron-su-vida-en-la-ruta-33-video-y-declaraciones-de-un-testigo\/","og_site_name":"CELTTV","article_publisher":"https:\/\/www.facebook.com\/celtTV\/","article_published_time":"2013-05-12T14:09:46+00:00","author":"ulises","twitter_card":"summary_large_image","twitter_misc":{"Escrito por":"ulises","Tiempo de lectura":"2 minutos"},"schema":{"@context":"https:\/\/schema.org","@graph":[{"@type":"NewsArticle","@id":"https:\/\/www.celttv.com.ar\/index.php\/2013\/05\/12\/de-milagro-tres-jovenes-de-tornquist-salvaron-su-vida-en-la-ruta-33-video-y-declaraciones-de-un-testigo\/#article","isPartOf":{"@id":"https:\/\/www.celttv.com.ar\/index.php\/2013\/05\/12\/de-milagro-tres-jovenes-de-tornquist-salvaron-su-vida-en-la-ruta-33-video-y-declaraciones-de-un-testigo\/"},"author":{"name":"ulises","@id":"https:\/\/www.celttv.com.ar\/#\/schema\/person\/6d99c072dba59953809c81446e9d0ace"},"headline":"DE MILAGRO TRES JOVENES DE TORNQUIST SALVARON SU VIDA EN LA RUTA 33 (Video y declaraciones de un testigo)","datePublished":"2013-05-12T14:09:46+00:00","dateModified":"2013-05-12T14:09:46+00:00","mainEntityOfPage":{"@id":"https:\/\/www.celttv.com.ar\/index.php\/2013\/05\/12\/de-milagro-tres-jovenes-de-tornquist-salvaron-su-vida-en-la-ruta-33-video-y-declaraciones-de-un-testigo\/"},"wordCount":367,"publisher":{"@id":"https:\/\/www.celttv.com.ar\/#organization"},"articleSection":["Destacadas","Policiales","Videos Destacados"],"inLanguage":"es"},{"@type":"WebPage","@id":"https:\/\/www.celttv.com.ar\/index.php\/2013\/05\/12\/de-milagro-tres-jovenes-de-tornquist-salvaron-su-vida-en-la-ruta-33-video-y-declaraciones-de-un-testigo\/","url":"https:\/\/www.celttv.com.ar\/index.php\/2013\/05\/12\/de-milagro-tres-jovenes-de-tornquist-salvaron-su-vida-en-la-ruta-33-video-y-declaraciones-de-un-testigo\/","name":"DE MILAGRO TRES JOVENES DE TORNQUIST SALVARON SU VIDA EN LA RUTA 33 (Video y declaraciones de un testigo) - CELTTV","isPartOf":{"@id":"https:\/\/www.celttv.com.ar\/#website"},"datePublished":"2013-05-12T14:09:46+00:00","dateModified":"2013-05-12T14:09:46+00:00","description":"Sitio web de noticias de la localidad de Tornquist, provincia de Buenos Aires, Rep\u00fablica Argentina. Contenido propio originado por periodistas de CELTTV, el canal de TV local de la Cooperativa El\u00e9ctrica de Tornquist. Turismo, Pol\u00edtica, Sociedad, Deporte, Cultura y todo el contenido de inter\u00e9s general que la gente del pueblo y la regi\u00f3n debe conocer.","breadcrumb":{"@id":"https:\/\/www.celttv.com.ar\/index.php\/2013\/05\/12\/de-milagro-tres-jovenes-de-tornquist-salvaron-su-vida-en-la-ruta-33-video-y-declaraciones-de-un-testigo\/#breadcrumb"},"inLanguage":"es","potentialAction":[{"@type":"ReadAction","target":["https:\/\/www.celttv.com.ar\/index.php\/2013\/05\/12\/de-milagro-tres-jovenes-de-tornquist-salvaron-su-vida-en-la-ruta-33-video-y-declaraciones-de-un-testigo\/"]}]},{"@type":"BreadcrumbList","@id":"https:\/\/www.celttv.com.ar\/index.php\/2013\/05\/12\/de-milagro-tres-jovenes-de-tornquist-salvaron-su-vida-en-la-ruta-33-video-y-declaraciones-de-un-testigo\/#breadcrumb","itemListElement":[{"@type":"ListItem","position":1,"name":"Inicio","item":"https:\/\/www.celttv.com.ar\/"},{"@type":"ListItem","position":2,"name":"DE MILAGRO TRES JOVENES DE TORNQUIST SALVARON SU VIDA EN LA RUTA 33 (Video y declaraciones de un testigo)"}]},{"@type":"WebSite","@id":"https:\/\/www.celttv.com.ar\/#website","url":"https:\/\/www.celttv.com.ar\/","name":"CELTTV","description":"Cooperativa El\u00e9ctrica de Tornquist","publisher":{"@id":"https:\/\/www.celttv.com.ar\/#organization"},"potentialAction":[{"@type":"SearchAction","target":{"@type":"EntryPoint","urlTemplate":"https:\/\/www.celttv.com.ar\/?s={search_term_string}"},"query-input":"required name=search_term_string"}],"inLanguage":"es"},{"@type":"Organization","@id":"https:\/\/www.celttv.com.ar\/#organization","name":"CELTTV","url":"https:\/\/www.celttv.com.ar\/","sameAs":["https:\/\/www.youtube.com\/channel\/UCz_oIt8Hig64Ub-EmcNPIhg","https:\/\/www.facebook.com\/celtTV\/"],"logo":{"@type":"ImageObject","inLanguage":"es","@id":"https:\/\/www.celttv.com.ar\/#\/schema\/logo\/image\/","url":"http:\/\/www.celttv.com.ar\/wp-content\/uploads\/2022\/08\/logo-1.png","contentUrl":"http:\/\/www.celttv.com.ar\/wp-content\/uploads\/2022\/08\/logo-1.png","width":461,"height":159,"caption":"CELTTV"},"image":{"@id":"https:\/\/www.celttv.com.ar\/#\/schema\/logo\/image\/"}},{"@type":"Person","@id":"https:\/\/www.celttv.com.ar\/#\/schema\/person\/6d99c072dba59953809c81446e9d0ace","name":"ulises","image":{"@type":"ImageObject","inLanguage":"es","@id":"https:\/\/www.celttv.com.ar\/#\/schema\/person\/image\/","url":"https:\/\/secure.gravatar.com\/avatar\/7f2c48bdc33b30088f941fb6082e555f2874c98e20cb159d7b92b50eadfce793?s=96&d=mm&r=g","contentUrl":"https:\/\/secure.gravatar.com\/avatar\/7f2c48bdc33b30088f941fb6082e555f2874c98e20cb159d7b92b50eadfce793?s=96&d=mm&r=g","caption":"ulises"},"sameAs":["http:\/\/www.celttv.com.ar"]}]}},"_links":{"self":[{"href":"https:\/\/www.celttv.com.ar\/index.php\/wp-json\/wp\/v2\/posts\/11488","targetHints":{"allow":["GET"]}}],"collection":[{"href":"https:\/\/www.celttv.com.ar\/index.php\/wp-json\/wp\/v2\/posts"}],"about":[{"href":"https:\/\/www.celttv.com.ar\/index.php\/wp-json\/wp\/v2\/types\/post"}],"author":[{"embeddable":true,"href":"https:\/\/www.celttv.com.ar\/index.php\/wp-json\/wp\/v2\/users\/1"}],"replies":[{"embeddable":true,"href":"https:\/\/www.celttv.com.ar\/index.php\/wp-json\/wp\/v2\/comments?post=11488"}],"version-history":[{"count":0,"href":"https:\/\/www.celttv.com.ar\/index.php\/wp-json\/wp\/v2\/posts\/11488\/revisions"}],"wp:attachment":[{"href":"https:\/\/www.celttv.com.ar\/index.php\/wp-json\/wp\/v2\/media?parent=11488"}],"wp:term":[{"taxonomy":"category","embeddable":true,"href":"https:\/\/www.celttv.com.ar\/index.php\/wp-json\/wp\/v2\/categories?post=11488"},{"taxonomy":"post_tag","embeddable":true,"href":"https:\/\/www.celttv.com.ar\/index.php\/wp-json\/wp\/v2\/tags?post=11488"}],"curies":[{"name":"wp","href":"https:\/\/api.w.org\/{rel}","templated":true}]}}