{"id":11491,"date":"2013-05-13T19:24:34","date_gmt":"2013-05-13T19:24:34","guid":{"rendered":"http:\/\/www.tvcnoticias.com.ar\/?p=11491"},"modified":"2013-05-13T19:24:34","modified_gmt":"2013-05-13T19:24:34","slug":"tornquist-tambien-vivio-su-etapa-de-atletismo-escolar-fotos","status":"publish","type":"post","link":"https:\/\/www.celttv.com.ar\/index.php\/2013\/05\/13\/tornquist-tambien-vivio-su-etapa-de-atletismo-escolar-fotos\/","title":{"rendered":"TORNQUIST TAMBIEN VIVIO SU ETAPA DE ATLETISMO ESCOLAR (fotos)"},"content":{"rendered":"<div>\n<br \/>\nCon la participaci\u00f3n de 117 alumnos de 6\u00b0 a\u00f1o de EP de las Escuelas N\u00ba 27 (Las Quintas), N\u00ba 501 (Tornquist), N\u00ba 18 (Paraje La Ester), N\u00ba 24 (Ch\u00e1sico), N\u00ba 1 (Tornquist), N\u00ba 28 (Tornquist) y C.N.S.L. (Tornquist), se llev\u00f3 a cabo la etapa de atletismo del Proyecto de Desarrollo del Deporte Escolar en Tornquist, bajo la organizaci\u00f3n de la Direcci\u00f3n de Deportes comunal y el CEF N\u00ba 9.<br \/>\nLas pruebas centrales arrojaron los siguientes resultados:<br \/>\n<strong>CROSS 724 MTS<\/strong>\n<\/div>\n<p>&nbsp;<\/p>\n<div>\nVarones<br \/>\n1\u00ba) Maximiliano Gonz\u00e1lez (CNSL).<br \/>\n2\u00b0) Leonel\u00a0 Mayer (CNSL).<br \/>\n3\u00b0) Braian Uxitiberea (1).<br \/>\n&nbsp;<br \/>\nMujeres<br \/>\n1\u00ba) Mar\u00eda Luz Flores (CNSL).<br \/>\n2\u00ba) Romina Braun (1).<br \/>\n3\u00ba) Ludmila Bartolini (CNSL).\n<\/div>\n<p>&nbsp;<\/p>\n<div>\n<strong>60 METROS<\/strong>\n<\/div>\n<p>&nbsp;<\/p>\n<div>\nVarones<br \/>\n1\u00ba) Maximiliano Gonz\u00e1lez (CNSL).<br \/>\n2\u00ba) Gast\u00f3n Gallastegui (1).<br \/>\n3\u00ba) Branco Mu\u00f1oz (CNSL).<br \/>\n3\u00ba) Nicol\u00e1s Salinas (27).<br \/>\nMujeres<br \/>\n1\u00ba) Gimena Salom\u00f3n (1).<br \/>\n2\u00ba) Yesica Regueira (1).<br \/>\n3\u00ba) Catalina Moggia (CNSL).\n<\/div>\n<p>&nbsp;<\/p>\n<div>\n&nbsp;<br \/>\n<strong>LANZAMIENTO PELOTA DE SOFTBOL<\/strong><br \/>\n&nbsp;\n<\/div>\n<p>&nbsp;<\/p>\n<div>\nVarones<br \/>\n1\u00ba)\u00a0 Nicol\u00e1s Salinas (27)<br \/>\n&nbsp;<br \/>\n&nbsp;<br \/>\n2\u00b0) Giorgio Eyerabide (1).<br \/>\n3\u00b0) Daniel Mart\u00ednez (28).<br \/>\n&nbsp;\n<\/div>\n<p>&nbsp;<\/p>\n<div>\n&nbsp;<br \/>\nMujeres<br \/>\n1\u00ba) Andrea Oro\u00f1o (501).<br \/>\n2\u00ba) Regina Becker (1).<br \/>\n3\u00ba) Zoe Callava (1).<br \/>\n&nbsp;<br \/>\n<strong>SALTO EN LARGO<\/strong>\n<\/div>\n<p><strong><br \/>\n<\/strong><\/p>\n<div>\nVarones<br \/>\n1\u00ba) Nicol\u00e1s Salinas (27).<br \/>\n2\u00ba) Agust\u00edn Haag (1).<br \/>\n3\u00ba) Juli\u00e1n Dumrauf (1).<br \/>\n&nbsp;<br \/>\nMujeres<br \/>\n1\u00ba) \u00a0Luc\u00eda Rodr\u00edguez (CNSL).<br \/>\n2\u00ba ) Regina Becker (1).<br \/>\n3\u00ba)\u00a0 Candela Alchao (CNSL).<br \/>\n&nbsp;\n<\/div>\n<p>&nbsp;<br \/>\nTambi\u00e9n se realizaron pruebas alternativas, como salto en alto, lanzamiento de rueda de bicicleta (disco), lanzamiento de la bocha (bala) y pasajes de vallas.<br \/>\nEl grupo ganador result\u00f3 el N\u00b0 1, con 696,24 puntos. El mismo estuvo integrado por: Julieta Schwab,\u00a0 Rosario Mart\u00ednez, Lautaro Brau (Escuela N\u00ba 28), Lara Rosatelli, Giuliana Helbling, Ariana Di Nunzio, Valent\u00edn Musso, Maximiliano Gonz\u00e1lez (CNSL), Agust\u00edn Haag, M\u00e1ximo Stip, Alexander Pintos, Milagros Haag, Yesica Regueira, Morena Mart\u00ednez (Esc. N\u00ba 1) y Nicol\u00e1s Dobal (Esc. N\u00ba 501).<br \/>\nEste grupo y los primeros de las pruebas centrales pasaron a la instancia regional, que se llevar\u00e1 a cabo el 16 del corriente en Pig\u00fce.<br \/>\nEl Director de Deportes, profesor Jorge Luis Schmidt, destac\u00f3 el apoyo recibido por parte del intendente Gustavo Trankels para la organizaci\u00f3n de esta iniciativa. Adem\u00e1s, le agradeci\u00f3 a Gustavo Graff, Walter Di Biase, Walter Schwab, N\u00e9stor Bufatelli, Jos\u00e9 Salika, Fabi\u00e1n Quintulik\u00e1n, Miguel Gamboa, Pablo Romano, Hern\u00e1n Bilbao, Bruno Marconi, Ariel Rodr\u00edguez, Paloma C\u00e1rdenas, Constanza Vanoli, Claudia Gonz\u00e1lez, Viviana Riera, Norma Franco, N\u00e9stor Schmidke, Mauricio Buitrago y Andr\u00e9s Rodr\u00edguez, por su predisposici\u00f3n y fiscalizaci\u00f3n del Torneo.<br \/>\n&nbsp;<\/p>\n","protected":false},"excerpt":{"rendered":"<p>Con la participaci\u00f3n de 117 alumnos de 6\u00b0 a\u00f1o de EP de las Escuelas N\u00ba 27 (Las Quintas), N\u00ba 501 (Tornquist), N\u00ba 18 (Paraje La Ester), N\u00ba 24 (Ch\u00e1sico), N\u00ba 1 (Tornquist), N\u00ba 28 (Tornquist) y C.N.S.L. (Tornquist), se llev\u00f3 a cabo la etapa de atletismo del Proyecto de Desarrollo del Deporte Escolar en Tornquist, [&hellip;]<\/p>\n","protected":false},"author":1,"featured_media":0,"comment_status":"closed","ping_status":"open","sticky":false,"template":"","format":"standard","meta":{"footnotes":""},"categories":[60,52,53],"tags":[],"class_list":["post-11491","post","type-post","status-publish","format-standard","hentry","category-deporte","category-destacadas","category-politica"],"yoast_head":"<!-- This site is optimized with the Yoast SEO plugin v19.7.1 - https:\/\/yoast.com\/wordpress\/plugins\/seo\/ -->\n<title>TORNQUIST TAMBIEN VIVIO SU ETAPA DE ATLETISMO ESCOLAR (fotos) - CELTTV<\/title>\n<meta name=\"description\" content=\"Sitio web de noticias de la localidad de Tornquist, provincia de Buenos Aires, Rep\u00fablica Argentina. Contenido propio originado por periodistas de CELTTV, el canal de TV local de la Cooperativa El\u00e9ctrica de Tornquist. Turismo, Pol\u00edtica, Sociedad, Deporte, Cultura y todo el contenido de inter\u00e9s general que la gente del pueblo y la regi\u00f3n debe conocer.\" \/>\n<meta name=\"robots\" content=\"index, follow, max-snippet:-1, max-image-preview:large, max-video-preview:-1\" \/>\n<link rel=\"canonical\" href=\"https:\/\/www.celttv.com.ar\/index.php\/2013\/05\/13\/tornquist-tambien-vivio-su-etapa-de-atletismo-escolar-fotos\/\" \/>\n<meta property=\"og:locale\" content=\"es_ES\" \/>\n<meta property=\"og:type\" content=\"article\" \/>\n<meta property=\"og:title\" content=\"TORNQUIST TAMBIEN VIVIO SU ETAPA DE ATLETISMO ESCOLAR (fotos) - CELTTV\" \/>\n<meta property=\"og:description\" content=\"Sitio web de noticias de la localidad de Tornquist, provincia de Buenos Aires, Rep\u00fablica Argentina. Contenido propio originado por periodistas de CELTTV, el canal de TV local de la Cooperativa El\u00e9ctrica de Tornquist. Turismo, Pol\u00edtica, Sociedad, Deporte, Cultura y todo el contenido de inter\u00e9s general que la gente del pueblo y la regi\u00f3n debe conocer.\" \/>\n<meta property=\"og:url\" content=\"https:\/\/www.celttv.com.ar\/index.php\/2013\/05\/13\/tornquist-tambien-vivio-su-etapa-de-atletismo-escolar-fotos\/\" \/>\n<meta property=\"og:site_name\" content=\"CELTTV\" \/>\n<meta property=\"article:publisher\" content=\"https:\/\/www.facebook.com\/celtTV\/\" \/>\n<meta property=\"article:published_time\" content=\"2013-05-13T19:24:34+00:00\" \/>\n<meta name=\"author\" content=\"ulises\" \/>\n<meta name=\"twitter:card\" content=\"summary_large_image\" \/>\n<meta name=\"twitter:label1\" content=\"Escrito por\" \/>\n\t<meta name=\"twitter:data1\" content=\"ulises\" \/>\n\t<meta name=\"twitter:label2\" content=\"Tiempo de lectura\" \/>\n\t<meta name=\"twitter:data2\" content=\"2 minutos\" \/>\n<script type=\"application\/ld+json\" class=\"yoast-schema-graph\">{\"@context\":\"https:\/\/schema.org\",\"@graph\":[{\"@type\":\"NewsArticle\",\"@id\":\"https:\/\/www.celttv.com.ar\/index.php\/2013\/05\/13\/tornquist-tambien-vivio-su-etapa-de-atletismo-escolar-fotos\/#article\",\"isPartOf\":{\"@id\":\"https:\/\/www.celttv.com.ar\/index.php\/2013\/05\/13\/tornquist-tambien-vivio-su-etapa-de-atletismo-escolar-fotos\/\"},\"author\":{\"name\":\"ulises\",\"@id\":\"https:\/\/www.celttv.com.ar\/#\/schema\/person\/6d99c072dba59953809c81446e9d0ace\"},\"headline\":\"TORNQUIST TAMBIEN VIVIO SU ETAPA DE ATLETISMO ESCOLAR (fotos)\",\"datePublished\":\"2013-05-13T19:24:34+00:00\",\"dateModified\":\"2013-05-13T19:24:34+00:00\",\"mainEntityOfPage\":{\"@id\":\"https:\/\/www.celttv.com.ar\/index.php\/2013\/05\/13\/tornquist-tambien-vivio-su-etapa-de-atletismo-escolar-fotos\/\"},\"wordCount\":397,\"publisher\":{\"@id\":\"https:\/\/www.celttv.com.ar\/#organization\"},\"articleSection\":[\"Deporte\",\"Destacadas\",\"Pol\u00edtica\"],\"inLanguage\":\"es\"},{\"@type\":\"WebPage\",\"@id\":\"https:\/\/www.celttv.com.ar\/index.php\/2013\/05\/13\/tornquist-tambien-vivio-su-etapa-de-atletismo-escolar-fotos\/\",\"url\":\"https:\/\/www.celttv.com.ar\/index.php\/2013\/05\/13\/tornquist-tambien-vivio-su-etapa-de-atletismo-escolar-fotos\/\",\"name\":\"TORNQUIST TAMBIEN VIVIO SU ETAPA DE ATLETISMO ESCOLAR (fotos) - CELTTV\",\"isPartOf\":{\"@id\":\"https:\/\/www.celttv.com.ar\/#website\"},\"datePublished\":\"2013-05-13T19:24:34+00:00\",\"dateModified\":\"2013-05-13T19:24:34+00:00\",\"description\":\"Sitio web de noticias de la localidad de Tornquist, provincia de Buenos Aires, Rep\u00fablica Argentina. Contenido propio originado por periodistas de CELTTV, el canal de TV local de la Cooperativa El\u00e9ctrica de Tornquist. Turismo, Pol\u00edtica, Sociedad, Deporte, Cultura y todo el contenido de inter\u00e9s general que la gente del pueblo y la regi\u00f3n debe conocer.\",\"breadcrumb\":{\"@id\":\"https:\/\/www.celttv.com.ar\/index.php\/2013\/05\/13\/tornquist-tambien-vivio-su-etapa-de-atletismo-escolar-fotos\/#breadcrumb\"},\"inLanguage\":\"es\",\"potentialAction\":[{\"@type\":\"ReadAction\",\"target\":[\"https:\/\/www.celttv.com.ar\/index.php\/2013\/05\/13\/tornquist-tambien-vivio-su-etapa-de-atletismo-escolar-fotos\/\"]}]},{\"@type\":\"BreadcrumbList\",\"@id\":\"https:\/\/www.celttv.com.ar\/index.php\/2013\/05\/13\/tornquist-tambien-vivio-su-etapa-de-atletismo-escolar-fotos\/#breadcrumb\",\"itemListElement\":[{\"@type\":\"ListItem\",\"position\":1,\"name\":\"Inicio\",\"item\":\"https:\/\/www.celttv.com.ar\/\"},{\"@type\":\"ListItem\",\"position\":2,\"name\":\"TORNQUIST TAMBIEN VIVIO SU ETAPA DE ATLETISMO ESCOLAR (fotos)\"}]},{\"@type\":\"WebSite\",\"@id\":\"https:\/\/www.celttv.com.ar\/#website\",\"url\":\"https:\/\/www.celttv.com.ar\/\",\"name\":\"CELTTV\",\"description\":\"Cooperativa El\u00e9ctrica de Tornquist\",\"publisher\":{\"@id\":\"https:\/\/www.celttv.com.ar\/#organization\"},\"potentialAction\":[{\"@type\":\"SearchAction\",\"target\":{\"@type\":\"EntryPoint\",\"urlTemplate\":\"https:\/\/www.celttv.com.ar\/?s={search_term_string}\"},\"query-input\":\"required name=search_term_string\"}],\"inLanguage\":\"es\"},{\"@type\":\"Organization\",\"@id\":\"https:\/\/www.celttv.com.ar\/#organization\",\"name\":\"CELTTV\",\"url\":\"https:\/\/www.celttv.com.ar\/\",\"sameAs\":[\"https:\/\/www.youtube.com\/channel\/UCz_oIt8Hig64Ub-EmcNPIhg\",\"https:\/\/www.facebook.com\/celtTV\/\"],\"logo\":{\"@type\":\"ImageObject\",\"inLanguage\":\"es\",\"@id\":\"https:\/\/www.celttv.com.ar\/#\/schema\/logo\/image\/\",\"url\":\"http:\/\/www.celttv.com.ar\/wp-content\/uploads\/2022\/08\/logo-1.png\",\"contentUrl\":\"http:\/\/www.celttv.com.ar\/wp-content\/uploads\/2022\/08\/logo-1.png\",\"width\":461,\"height\":159,\"caption\":\"CELTTV\"},\"image\":{\"@id\":\"https:\/\/www.celttv.com.ar\/#\/schema\/logo\/image\/\"}},{\"@type\":\"Person\",\"@id\":\"https:\/\/www.celttv.com.ar\/#\/schema\/person\/6d99c072dba59953809c81446e9d0ace\",\"name\":\"ulises\",\"image\":{\"@type\":\"ImageObject\",\"inLanguage\":\"es\",\"@id\":\"https:\/\/www.celttv.com.ar\/#\/schema\/person\/image\/\",\"url\":\"https:\/\/secure.gravatar.com\/avatar\/7f2c48bdc33b30088f941fb6082e555f2874c98e20cb159d7b92b50eadfce793?s=96&d=mm&r=g\",\"contentUrl\":\"https:\/\/secure.gravatar.com\/avatar\/7f2c48bdc33b30088f941fb6082e555f2874c98e20cb159d7b92b50eadfce793?s=96&d=mm&r=g\",\"caption\":\"ulises\"},\"sameAs\":[\"http:\/\/www.celttv.com.ar\"]}]}<\/script>\n<!-- \/ Yoast SEO plugin. -->","yoast_head_json":{"title":"TORNQUIST TAMBIEN VIVIO SU ETAPA DE ATLETISMO ESCOLAR (fotos) - CELTTV","description":"Sitio web de noticias de la localidad de Tornquist, provincia de Buenos Aires, Rep\u00fablica Argentina. Contenido propio originado por periodistas de CELTTV, el canal de TV local de la Cooperativa El\u00e9ctrica de Tornquist. Turismo, Pol\u00edtica, Sociedad, Deporte, Cultura y todo el contenido de inter\u00e9s general que la gente del pueblo y la regi\u00f3n debe conocer.","robots":{"index":"index","follow":"follow","max-snippet":"max-snippet:-1","max-image-preview":"max-image-preview:large","max-video-preview":"max-video-preview:-1"},"canonical":"https:\/\/www.celttv.com.ar\/index.php\/2013\/05\/13\/tornquist-tambien-vivio-su-etapa-de-atletismo-escolar-fotos\/","og_locale":"es_ES","og_type":"article","og_title":"TORNQUIST TAMBIEN VIVIO SU ETAPA DE ATLETISMO ESCOLAR (fotos) - CELTTV","og_description":"Sitio web de noticias de la localidad de Tornquist, provincia de Buenos Aires, Rep\u00fablica Argentina. Contenido propio originado por periodistas de CELTTV, el canal de TV local de la Cooperativa El\u00e9ctrica de Tornquist. Turismo, Pol\u00edtica, Sociedad, Deporte, Cultura y todo el contenido de inter\u00e9s general que la gente del pueblo y la regi\u00f3n debe conocer.","og_url":"https:\/\/www.celttv.com.ar\/index.php\/2013\/05\/13\/tornquist-tambien-vivio-su-etapa-de-atletismo-escolar-fotos\/","og_site_name":"CELTTV","article_publisher":"https:\/\/www.facebook.com\/celtTV\/","article_published_time":"2013-05-13T19:24:34+00:00","author":"ulises","twitter_card":"summary_large_image","twitter_misc":{"Escrito por":"ulises","Tiempo de lectura":"2 minutos"},"schema":{"@context":"https:\/\/schema.org","@graph":[{"@type":"NewsArticle","@id":"https:\/\/www.celttv.com.ar\/index.php\/2013\/05\/13\/tornquist-tambien-vivio-su-etapa-de-atletismo-escolar-fotos\/#article","isPartOf":{"@id":"https:\/\/www.celttv.com.ar\/index.php\/2013\/05\/13\/tornquist-tambien-vivio-su-etapa-de-atletismo-escolar-fotos\/"},"author":{"name":"ulises","@id":"https:\/\/www.celttv.com.ar\/#\/schema\/person\/6d99c072dba59953809c81446e9d0ace"},"headline":"TORNQUIST TAMBIEN VIVIO SU ETAPA DE ATLETISMO ESCOLAR (fotos)","datePublished":"2013-05-13T19:24:34+00:00","dateModified":"2013-05-13T19:24:34+00:00","mainEntityOfPage":{"@id":"https:\/\/www.celttv.com.ar\/index.php\/2013\/05\/13\/tornquist-tambien-vivio-su-etapa-de-atletismo-escolar-fotos\/"},"wordCount":397,"publisher":{"@id":"https:\/\/www.celttv.com.ar\/#organization"},"articleSection":["Deporte","Destacadas","Pol\u00edtica"],"inLanguage":"es"},{"@type":"WebPage","@id":"https:\/\/www.celttv.com.ar\/index.php\/2013\/05\/13\/tornquist-tambien-vivio-su-etapa-de-atletismo-escolar-fotos\/","url":"https:\/\/www.celttv.com.ar\/index.php\/2013\/05\/13\/tornquist-tambien-vivio-su-etapa-de-atletismo-escolar-fotos\/","name":"TORNQUIST TAMBIEN VIVIO SU ETAPA DE ATLETISMO ESCOLAR (fotos) - CELTTV","isPartOf":{"@id":"https:\/\/www.celttv.com.ar\/#website"},"datePublished":"2013-05-13T19:24:34+00:00","dateModified":"2013-05-13T19:24:34+00:00","description":"Sitio web de noticias de la localidad de Tornquist, provincia de Buenos Aires, Rep\u00fablica Argentina. Contenido propio originado por periodistas de CELTTV, el canal de TV local de la Cooperativa El\u00e9ctrica de Tornquist. Turismo, Pol\u00edtica, Sociedad, Deporte, Cultura y todo el contenido de inter\u00e9s general que la gente del pueblo y la regi\u00f3n debe conocer.","breadcrumb":{"@id":"https:\/\/www.celttv.com.ar\/index.php\/2013\/05\/13\/tornquist-tambien-vivio-su-etapa-de-atletismo-escolar-fotos\/#breadcrumb"},"inLanguage":"es","potentialAction":[{"@type":"ReadAction","target":["https:\/\/www.celttv.com.ar\/index.php\/2013\/05\/13\/tornquist-tambien-vivio-su-etapa-de-atletismo-escolar-fotos\/"]}]},{"@type":"BreadcrumbList","@id":"https:\/\/www.celttv.com.ar\/index.php\/2013\/05\/13\/tornquist-tambien-vivio-su-etapa-de-atletismo-escolar-fotos\/#breadcrumb","itemListElement":[{"@type":"ListItem","position":1,"name":"Inicio","item":"https:\/\/www.celttv.com.ar\/"},{"@type":"ListItem","position":2,"name":"TORNQUIST TAMBIEN VIVIO SU ETAPA DE ATLETISMO ESCOLAR (fotos)"}]},{"@type":"WebSite","@id":"https:\/\/www.celttv.com.ar\/#website","url":"https:\/\/www.celttv.com.ar\/","name":"CELTTV","description":"Cooperativa El\u00e9ctrica de Tornquist","publisher":{"@id":"https:\/\/www.celttv.com.ar\/#organization"},"potentialAction":[{"@type":"SearchAction","target":{"@type":"EntryPoint","urlTemplate":"https:\/\/www.celttv.com.ar\/?s={search_term_string}"},"query-input":"required name=search_term_string"}],"inLanguage":"es"},{"@type":"Organization","@id":"https:\/\/www.celttv.com.ar\/#organization","name":"CELTTV","url":"https:\/\/www.celttv.com.ar\/","sameAs":["https:\/\/www.youtube.com\/channel\/UCz_oIt8Hig64Ub-EmcNPIhg","https:\/\/www.facebook.com\/celtTV\/"],"logo":{"@type":"ImageObject","inLanguage":"es","@id":"https:\/\/www.celttv.com.ar\/#\/schema\/logo\/image\/","url":"http:\/\/www.celttv.com.ar\/wp-content\/uploads\/2022\/08\/logo-1.png","contentUrl":"http:\/\/www.celttv.com.ar\/wp-content\/uploads\/2022\/08\/logo-1.png","width":461,"height":159,"caption":"CELTTV"},"image":{"@id":"https:\/\/www.celttv.com.ar\/#\/schema\/logo\/image\/"}},{"@type":"Person","@id":"https:\/\/www.celttv.com.ar\/#\/schema\/person\/6d99c072dba59953809c81446e9d0ace","name":"ulises","image":{"@type":"ImageObject","inLanguage":"es","@id":"https:\/\/www.celttv.com.ar\/#\/schema\/person\/image\/","url":"https:\/\/secure.gravatar.com\/avatar\/7f2c48bdc33b30088f941fb6082e555f2874c98e20cb159d7b92b50eadfce793?s=96&d=mm&r=g","contentUrl":"https:\/\/secure.gravatar.com\/avatar\/7f2c48bdc33b30088f941fb6082e555f2874c98e20cb159d7b92b50eadfce793?s=96&d=mm&r=g","caption":"ulises"},"sameAs":["http:\/\/www.celttv.com.ar"]}]}},"_links":{"self":[{"href":"https:\/\/www.celttv.com.ar\/index.php\/wp-json\/wp\/v2\/posts\/11491","targetHints":{"allow":["GET"]}}],"collection":[{"href":"https:\/\/www.celttv.com.ar\/index.php\/wp-json\/wp\/v2\/posts"}],"about":[{"href":"https:\/\/www.celttv.com.ar\/index.php\/wp-json\/wp\/v2\/types\/post"}],"author":[{"embeddable":true,"href":"https:\/\/www.celttv.com.ar\/index.php\/wp-json\/wp\/v2\/users\/1"}],"replies":[{"embeddable":true,"href":"https:\/\/www.celttv.com.ar\/index.php\/wp-json\/wp\/v2\/comments?post=11491"}],"version-history":[{"count":0,"href":"https:\/\/www.celttv.com.ar\/index.php\/wp-json\/wp\/v2\/posts\/11491\/revisions"}],"wp:attachment":[{"href":"https:\/\/www.celttv.com.ar\/index.php\/wp-json\/wp\/v2\/media?parent=11491"}],"wp:term":[{"taxonomy":"category","embeddable":true,"href":"https:\/\/www.celttv.com.ar\/index.php\/wp-json\/wp\/v2\/categories?post=11491"},{"taxonomy":"post_tag","embeddable":true,"href":"https:\/\/www.celttv.com.ar\/index.php\/wp-json\/wp\/v2\/tags?post=11491"}],"curies":[{"name":"wp","href":"https:\/\/api.w.org\/{rel}","templated":true}]}}