{"id":11504,"date":"2013-05-13T19:51:01","date_gmt":"2013-05-13T19:51:01","guid":{"rendered":"http:\/\/www.tvcnoticias.com.ar\/?p=11504"},"modified":"2013-05-13T19:51:01","modified_gmt":"2013-05-13T19:51:01","slug":"reunion-regional-de-fedecoba-y-la-situacion-de-las-cooperativas-electricas-opinan-ariel-guarco-guillermo-ostornol-y-gabriel-artola","status":"publish","type":"post","link":"https:\/\/www.celttv.com.ar\/index.php\/2013\/05\/13\/reunion-regional-de-fedecoba-y-la-situacion-de-las-cooperativas-electricas-opinan-ariel-guarco-guillermo-ostornol-y-gabriel-artola\/","title":{"rendered":"REUNION REGIONAL DE FEDECOBA. Y LA SITUACION DE LAS COOPERATIVAS ELECTRICAS (Opinan Ariel Guarco, Guillermo Ostornol y Gabriel Artola)"},"content":{"rendered":"<p><a href=\"http:\/\/www.youtube.com\/watch?v=ATbIguYiUAE\"><a href=\"http:\/\/www.youtube.com\/watch?v=ATbIguYiUAE\">httpv:\/\/www.youtube.com\/watch?v=ATbIguYiUAE<\/a><\/a><br \/>\n<a href=\"http:\/\/www.youtube.com\/watch?v=tfo-Cfmq9ZQ\"><a href=\"http:\/\/www.youtube.com\/watch?v=tfo-Cfmq9ZQ\">httpv:\/\/www.youtube.com\/watch?v=tfo-Cfmq9ZQ<\/a><\/a><br \/>\n<a href=\"http:\/\/www.youtube.com\/watch?v=r_UNnUGIu2U\"><a href=\"http:\/\/www.youtube.com\/watch?v=r_UNnUGIu2U\">httpv:\/\/www.youtube.com\/watch?v=r_UNnUGIu2U<\/a><\/a><br \/>\n<a href=\"http:\/\/www.youtube.com\/watch?v=7X0bozOGUtQ\"><a href=\"http:\/\/www.youtube.com\/watch?v=7X0bozOGUtQ\">httpv:\/\/www.youtube.com\/watch?v=7X0bozOGUtQ<\/a><\/a><br \/>\n<a href=\"http:\/\/www.youtube.com\/watch?v=Iulu4f-LtnU\"><a href=\"http:\/\/www.youtube.com\/watch?v=Iulu4f-LtnU\">httpv:\/\/www.youtube.com\/watch?v=Iulu4f-LtnU<\/a><\/a><br \/>\n<a href=\"http:\/\/www.youtube.com\/watch?v=qAd9-9wPx60\"><a href=\"http:\/\/www.youtube.com\/watch?v=qAd9-9wPx60\">httpv:\/\/www.youtube.com\/watch?v=qAd9-9wPx60<\/a><\/a><br \/>\n<a href=\"http:\/\/www.youtube.com\/watch?v=bzFwxTPS9uc\"><a href=\"http:\/\/www.youtube.com\/watch?v=bzFwxTPS9uc\">httpv:\/\/www.youtube.com\/watch?v=bzFwxTPS9uc<\/a><\/a><br \/>\n<a href=\"http:\/\/www.youtube.com\/watch?v=b-9oypqS758\"><a href=\"http:\/\/www.youtube.com\/watch?v=b-9oypqS758\">httpv:\/\/www.youtube.com\/watch?v=b-9oypqS758<\/a><\/a><br \/>\n<a href=\"http:\/\/www.youtube.com\/watch?v=jSHbV_Auaq8\"><a href=\"http:\/\/www.youtube.com\/watch?v=jSHbV_Auaq8\">httpv:\/\/www.youtube.com\/watch?v=jSHbV_Auaq8<\/a><\/a><br \/>\n<a href=\"http:\/\/www.youtube.com\/watch?v=gloIB4Jt6R0\"><a href=\"http:\/\/www.youtube.com\/watch?v=gloIB4Jt6R0\">httpv:\/\/www.youtube.com\/watch?v=gloIB4Jt6R0<\/a><\/a><br \/>\n&nbsp;<br \/>\n&nbsp;<br \/>\nRepresentantes de veinticuatro entidades del oeste y sudoeste bonaerense analizaron y debatieron este martes 7 de mayo en Pig\u00fc\u00e9 acerca de la problem\u00e1tica de los servicios p\u00fablicos cooperativos, en el \u00e1mbito de la segunda reuni\u00f3n regional de Fedecoba del a\u00f1o a\u00f1o 2013. Hubo una activa participaci\u00f3n de los asistentes, a trav\u00e9s de directivos, gerentes, funcionarios y asesores de las organizaciones de base.\u00a0 \u00a0 La apertura de la jornada estuvo a cargo Ricardo Campa\u00f1a, presidente de la entidad anfitriona, la Cooperativa de Servicio El\u00e9ctrico y otros Servicios P\u00fablicos de Pig\u00fc\u00e9 Limitada (partido de Saavedra), quien manifest\u00f3 que es \u201cuna satisfacci\u00f3n y un orgullo recibir a Fedecoba y a las cooperativas de la zona\u201d.\u00a0 \u00a0 Posteriormente, Ariel Guarco, presidente de Fedecoba, traz\u00f3 un certero diagn\u00f3stico del sector cooperativo de servicios p\u00fablicos, acuciado fundamentalmente por el atraso en la actualizaci\u00f3n de las tarifas el\u00e9ctricas y ante la necesidad manifiesta de reajuste salarial expuesto por los trabajadores nucleados en el gremio de Luz y Fuerza. Enumer\u00f3, adem\u00e1s, las distintas gestiones realizadas desde Fedecoba ante el Gobierno provincial advirtiendo que \u201clas cooperativas est\u00e1n caminando hacia un precipicio\u201d y que en muchos casos se sostienen gracias a la cuota de capitalizaci\u00f3n (potestad exclusiva de las organizaciones) que los mismos asociados aportan para sostener un servicio que resulta vital para el desarrollo de las comunidades.\u00a0 \u00a0 \u201cLas cooperativas estamos en aquellos lugares en donde realmente somos \u00fatiles y necesarias para la gente, donde nadie podr\u00eda reemplazarlas; por eso necesitamos que nos escuchen y acompa\u00f1en en aquellos requerimientos que nos permitan continuar prestando el mejor servicio a un precio justo\u201d, sostuvo Horacio Checchia, tesorero de Fedecoba, en el marco de una reuni\u00f3n que se desarroll\u00f3 bajo la modalidad de \u201cagenda abierta\u201d, sin temario previo.\u00a0 \u00a0 \u00a0Adem\u00e1s de la cuesti\u00f3n tarifaria y salarial, el encuentro sirvi\u00f3 para reflexionar acerca de otros aspectos que resultan substanciales para una gesti\u00f3n exitosa de la empresa cooperativa, como la capacitaci\u00f3n dirigencial y de los cuadros t\u00e9cnicos, una mejor comunicaci\u00f3n hacia los asociados, el conocimiento y la integraci\u00f3n con otras entidades y el fortalecimiento de la educaci\u00f3n cooperativa en los distintos niveles de la comunidad.\u00a0 \u00a0 \u00a0\u201cValoramos much\u00edsimo estas instancias de debate y reflexi\u00f3n que nos permiten tener, desde la individualidad de cada cooperativa, la necesaria mirada de conjunto. Se trata, adem\u00e1s, de un ida y vuelta que multiplica el aprendizaje y nos enriquece mutuamente\u201d, explic\u00f3 Guillermo Ostornol, secretario de Fedecoba.\u00a0 \u00a0 \u00a0Junto a los integrantes de la Mesa Directiva de Fedecoba, asistieron a la reuni\u00f3n los funcionarios y asesores: Mario Vitale (gerente), Fabricio O\u2019Dwyer (\u00e1rea de comunicaci\u00f3n y asuntos institucionales), Valeria Gonz\u00e1lez Harrison (\u00e1rea contable e impositiva), Ruben Zuanetti (asesor en materia electro-energ\u00e9tica) y Mariano Ruesga (asesor legal-laboral).\u00a0 \u00a0 Participaron referentes de las cooperativas de: Punta Alta, Carhu\u00e9, Sierra de la Ventana, Saldungaray, Tornquist(Gabriel Artola,Roberto Delfino,Edgar Barone), Chasic\u00f3, Felipe Sol\u00e1, Villa Maza, Coronel Pringles, Trenque Lauquen, Quenum\u00e1, Huanguel\u00e9n, Rivera, Pueblo San Jos\u00e9, Pu\u00e1n, Villa Iris, San Germ\u00e1n, Darregueira, De la Garma, Pig\u00fc\u00e9, Goyena, San Miguel Arc\u00e1ngel, Azopardo y Bordenave.<br \/>\nPrensa Fedecoba<\/p>\n","protected":false},"excerpt":{"rendered":"<p>httpv:\/\/www.youtube.com\/watch?v=ATbIguYiUAE httpv:\/\/www.youtube.com\/watch?v=tfo-Cfmq9ZQ httpv:\/\/www.youtube.com\/watch?v=r_UNnUGIu2U httpv:\/\/www.youtube.com\/watch?v=7X0bozOGUtQ httpv:\/\/www.youtube.com\/watch?v=Iulu4f-LtnU httpv:\/\/www.youtube.com\/watch?v=qAd9-9wPx60 httpv:\/\/www.youtube.com\/watch?v=bzFwxTPS9uc httpv:\/\/www.youtube.com\/watch?v=b-9oypqS758 httpv:\/\/www.youtube.com\/watch?v=jSHbV_Auaq8 httpv:\/\/www.youtube.com\/watch?v=gloIB4Jt6R0 &nbsp; &nbsp; Representantes de veinticuatro entidades del oeste y sudoeste bonaerense analizaron y debatieron este martes 7 de mayo en Pig\u00fc\u00e9 acerca de la problem\u00e1tica de los servicios p\u00fablicos cooperativos, en el \u00e1mbito de la segunda reuni\u00f3n regional de Fedecoba del a\u00f1o a\u00f1o 2013. Hubo [&hellip;]<\/p>\n","protected":false},"author":1,"featured_media":0,"comment_status":"closed","ping_status":"open","sticky":false,"template":"","format":"standard","meta":{"footnotes":""},"categories":[51,52,64],"tags":[],"class_list":["post-11504","post","type-post","status-publish","format-standard","hentry","category-comunidad","category-destacadas","category-videos-destacados"],"yoast_head":"<!-- This site is optimized with the Yoast SEO plugin v19.7.1 - https:\/\/yoast.com\/wordpress\/plugins\/seo\/ -->\n<title>REUNION REGIONAL DE FEDECOBA. Y LA SITUACION DE LAS COOPERATIVAS ELECTRICAS (Opinan Ariel Guarco, Guillermo Ostornol y Gabriel Artola) - CELTTV<\/title>\n<meta name=\"description\" content=\"Sitio web de noticias de la localidad de Tornquist, provincia de Buenos Aires, Rep\u00fablica Argentina. Contenido propio originado por periodistas de CELTTV, el canal de TV local de la Cooperativa El\u00e9ctrica de Tornquist. Turismo, Pol\u00edtica, Sociedad, Deporte, Cultura y todo el contenido de inter\u00e9s general que la gente del pueblo y la regi\u00f3n debe conocer.\" \/>\n<meta name=\"robots\" content=\"index, follow, max-snippet:-1, max-image-preview:large, max-video-preview:-1\" \/>\n<link rel=\"canonical\" href=\"https:\/\/www.celttv.com.ar\/index.php\/2013\/05\/13\/reunion-regional-de-fedecoba-y-la-situacion-de-las-cooperativas-electricas-opinan-ariel-guarco-guillermo-ostornol-y-gabriel-artola\/\" \/>\n<meta property=\"og:locale\" content=\"es_ES\" \/>\n<meta property=\"og:type\" content=\"article\" \/>\n<meta property=\"og:title\" content=\"REUNION REGIONAL DE FEDECOBA. Y LA SITUACION DE LAS COOPERATIVAS ELECTRICAS (Opinan Ariel Guarco, Guillermo Ostornol y Gabriel Artola) - CELTTV\" \/>\n<meta property=\"og:description\" content=\"Sitio web de noticias de la localidad de Tornquist, provincia de Buenos Aires, Rep\u00fablica Argentina. Contenido propio originado por periodistas de CELTTV, el canal de TV local de la Cooperativa El\u00e9ctrica de Tornquist. Turismo, Pol\u00edtica, Sociedad, Deporte, Cultura y todo el contenido de inter\u00e9s general que la gente del pueblo y la regi\u00f3n debe conocer.\" \/>\n<meta property=\"og:url\" content=\"https:\/\/www.celttv.com.ar\/index.php\/2013\/05\/13\/reunion-regional-de-fedecoba-y-la-situacion-de-las-cooperativas-electricas-opinan-ariel-guarco-guillermo-ostornol-y-gabriel-artola\/\" \/>\n<meta property=\"og:site_name\" content=\"CELTTV\" \/>\n<meta property=\"article:publisher\" content=\"https:\/\/www.facebook.com\/celtTV\/\" \/>\n<meta property=\"article:published_time\" content=\"2013-05-13T19:51:01+00:00\" \/>\n<meta name=\"author\" content=\"ulises\" \/>\n<meta name=\"twitter:card\" content=\"summary_large_image\" \/>\n<meta name=\"twitter:label1\" content=\"Escrito por\" \/>\n\t<meta name=\"twitter:data1\" content=\"ulises\" \/>\n\t<meta name=\"twitter:label2\" content=\"Tiempo de lectura\" \/>\n\t<meta name=\"twitter:data2\" content=\"3 minutos\" \/>\n<script type=\"application\/ld+json\" class=\"yoast-schema-graph\">{\"@context\":\"https:\/\/schema.org\",\"@graph\":[{\"@type\":\"NewsArticle\",\"@id\":\"https:\/\/www.celttv.com.ar\/index.php\/2013\/05\/13\/reunion-regional-de-fedecoba-y-la-situacion-de-las-cooperativas-electricas-opinan-ariel-guarco-guillermo-ostornol-y-gabriel-artola\/#article\",\"isPartOf\":{\"@id\":\"https:\/\/www.celttv.com.ar\/index.php\/2013\/05\/13\/reunion-regional-de-fedecoba-y-la-situacion-de-las-cooperativas-electricas-opinan-ariel-guarco-guillermo-ostornol-y-gabriel-artola\/\"},\"author\":{\"name\":\"ulises\",\"@id\":\"https:\/\/www.celttv.com.ar\/#\/schema\/person\/6d99c072dba59953809c81446e9d0ace\"},\"headline\":\"REUNION REGIONAL DE FEDECOBA. Y LA SITUACION DE LAS COOPERATIVAS ELECTRICAS (Opinan Ariel Guarco, Guillermo Ostornol y Gabriel Artola)\",\"datePublished\":\"2013-05-13T19:51:01+00:00\",\"dateModified\":\"2013-05-13T19:51:01+00:00\",\"mainEntityOfPage\":{\"@id\":\"https:\/\/www.celttv.com.ar\/index.php\/2013\/05\/13\/reunion-regional-de-fedecoba-y-la-situacion-de-las-cooperativas-electricas-opinan-ariel-guarco-guillermo-ostornol-y-gabriel-artola\/\"},\"wordCount\":636,\"publisher\":{\"@id\":\"https:\/\/www.celttv.com.ar\/#organization\"},\"articleSection\":[\"Comunidad\",\"Destacadas\",\"Videos Destacados\"],\"inLanguage\":\"es\"},{\"@type\":\"WebPage\",\"@id\":\"https:\/\/www.celttv.com.ar\/index.php\/2013\/05\/13\/reunion-regional-de-fedecoba-y-la-situacion-de-las-cooperativas-electricas-opinan-ariel-guarco-guillermo-ostornol-y-gabriel-artola\/\",\"url\":\"https:\/\/www.celttv.com.ar\/index.php\/2013\/05\/13\/reunion-regional-de-fedecoba-y-la-situacion-de-las-cooperativas-electricas-opinan-ariel-guarco-guillermo-ostornol-y-gabriel-artola\/\",\"name\":\"REUNION REGIONAL DE FEDECOBA. Y LA SITUACION DE LAS COOPERATIVAS ELECTRICAS (Opinan Ariel Guarco, Guillermo Ostornol y Gabriel Artola) - CELTTV\",\"isPartOf\":{\"@id\":\"https:\/\/www.celttv.com.ar\/#website\"},\"datePublished\":\"2013-05-13T19:51:01+00:00\",\"dateModified\":\"2013-05-13T19:51:01+00:00\",\"description\":\"Sitio web de noticias de la localidad de Tornquist, provincia de Buenos Aires, Rep\u00fablica Argentina. Contenido propio originado por periodistas de CELTTV, el canal de TV local de la Cooperativa El\u00e9ctrica de Tornquist. Turismo, Pol\u00edtica, Sociedad, Deporte, Cultura y todo el contenido de inter\u00e9s general que la gente del pueblo y la regi\u00f3n debe conocer.\",\"breadcrumb\":{\"@id\":\"https:\/\/www.celttv.com.ar\/index.php\/2013\/05\/13\/reunion-regional-de-fedecoba-y-la-situacion-de-las-cooperativas-electricas-opinan-ariel-guarco-guillermo-ostornol-y-gabriel-artola\/#breadcrumb\"},\"inLanguage\":\"es\",\"potentialAction\":[{\"@type\":\"ReadAction\",\"target\":[\"https:\/\/www.celttv.com.ar\/index.php\/2013\/05\/13\/reunion-regional-de-fedecoba-y-la-situacion-de-las-cooperativas-electricas-opinan-ariel-guarco-guillermo-ostornol-y-gabriel-artola\/\"]}]},{\"@type\":\"BreadcrumbList\",\"@id\":\"https:\/\/www.celttv.com.ar\/index.php\/2013\/05\/13\/reunion-regional-de-fedecoba-y-la-situacion-de-las-cooperativas-electricas-opinan-ariel-guarco-guillermo-ostornol-y-gabriel-artola\/#breadcrumb\",\"itemListElement\":[{\"@type\":\"ListItem\",\"position\":1,\"name\":\"Inicio\",\"item\":\"https:\/\/www.celttv.com.ar\/\"},{\"@type\":\"ListItem\",\"position\":2,\"name\":\"REUNION REGIONAL DE FEDECOBA. Y LA SITUACION DE LAS COOPERATIVAS ELECTRICAS (Opinan Ariel Guarco, Guillermo Ostornol y Gabriel Artola)\"}]},{\"@type\":\"WebSite\",\"@id\":\"https:\/\/www.celttv.com.ar\/#website\",\"url\":\"https:\/\/www.celttv.com.ar\/\",\"name\":\"CELTTV\",\"description\":\"Cooperativa El\u00e9ctrica de Tornquist\",\"publisher\":{\"@id\":\"https:\/\/www.celttv.com.ar\/#organization\"},\"potentialAction\":[{\"@type\":\"SearchAction\",\"target\":{\"@type\":\"EntryPoint\",\"urlTemplate\":\"https:\/\/www.celttv.com.ar\/?s={search_term_string}\"},\"query-input\":\"required name=search_term_string\"}],\"inLanguage\":\"es\"},{\"@type\":\"Organization\",\"@id\":\"https:\/\/www.celttv.com.ar\/#organization\",\"name\":\"CELTTV\",\"url\":\"https:\/\/www.celttv.com.ar\/\",\"sameAs\":[\"https:\/\/www.youtube.com\/channel\/UCz_oIt8Hig64Ub-EmcNPIhg\",\"https:\/\/www.facebook.com\/celtTV\/\"],\"logo\":{\"@type\":\"ImageObject\",\"inLanguage\":\"es\",\"@id\":\"https:\/\/www.celttv.com.ar\/#\/schema\/logo\/image\/\",\"url\":\"http:\/\/www.celttv.com.ar\/wp-content\/uploads\/2022\/08\/logo-1.png\",\"contentUrl\":\"http:\/\/www.celttv.com.ar\/wp-content\/uploads\/2022\/08\/logo-1.png\",\"width\":461,\"height\":159,\"caption\":\"CELTTV\"},\"image\":{\"@id\":\"https:\/\/www.celttv.com.ar\/#\/schema\/logo\/image\/\"}},{\"@type\":\"Person\",\"@id\":\"https:\/\/www.celttv.com.ar\/#\/schema\/person\/6d99c072dba59953809c81446e9d0ace\",\"name\":\"ulises\",\"image\":{\"@type\":\"ImageObject\",\"inLanguage\":\"es\",\"@id\":\"https:\/\/www.celttv.com.ar\/#\/schema\/person\/image\/\",\"url\":\"https:\/\/secure.gravatar.com\/avatar\/7f2c48bdc33b30088f941fb6082e555f2874c98e20cb159d7b92b50eadfce793?s=96&d=mm&r=g\",\"contentUrl\":\"https:\/\/secure.gravatar.com\/avatar\/7f2c48bdc33b30088f941fb6082e555f2874c98e20cb159d7b92b50eadfce793?s=96&d=mm&r=g\",\"caption\":\"ulises\"},\"sameAs\":[\"http:\/\/www.celttv.com.ar\"]}]}<\/script>\n<!-- \/ Yoast SEO plugin. -->","yoast_head_json":{"title":"REUNION REGIONAL DE FEDECOBA. Y LA SITUACION DE LAS COOPERATIVAS ELECTRICAS (Opinan Ariel Guarco, Guillermo Ostornol y Gabriel Artola) - CELTTV","description":"Sitio web de noticias de la localidad de Tornquist, provincia de Buenos Aires, Rep\u00fablica Argentina. Contenido propio originado por periodistas de CELTTV, el canal de TV local de la Cooperativa El\u00e9ctrica de Tornquist. Turismo, Pol\u00edtica, Sociedad, Deporte, Cultura y todo el contenido de inter\u00e9s general que la gente del pueblo y la regi\u00f3n debe conocer.","robots":{"index":"index","follow":"follow","max-snippet":"max-snippet:-1","max-image-preview":"max-image-preview:large","max-video-preview":"max-video-preview:-1"},"canonical":"https:\/\/www.celttv.com.ar\/index.php\/2013\/05\/13\/reunion-regional-de-fedecoba-y-la-situacion-de-las-cooperativas-electricas-opinan-ariel-guarco-guillermo-ostornol-y-gabriel-artola\/","og_locale":"es_ES","og_type":"article","og_title":"REUNION REGIONAL DE FEDECOBA. Y LA SITUACION DE LAS COOPERATIVAS ELECTRICAS (Opinan Ariel Guarco, Guillermo Ostornol y Gabriel Artola) - CELTTV","og_description":"Sitio web de noticias de la localidad de Tornquist, provincia de Buenos Aires, Rep\u00fablica Argentina. Contenido propio originado por periodistas de CELTTV, el canal de TV local de la Cooperativa El\u00e9ctrica de Tornquist. Turismo, Pol\u00edtica, Sociedad, Deporte, Cultura y todo el contenido de inter\u00e9s general que la gente del pueblo y la regi\u00f3n debe conocer.","og_url":"https:\/\/www.celttv.com.ar\/index.php\/2013\/05\/13\/reunion-regional-de-fedecoba-y-la-situacion-de-las-cooperativas-electricas-opinan-ariel-guarco-guillermo-ostornol-y-gabriel-artola\/","og_site_name":"CELTTV","article_publisher":"https:\/\/www.facebook.com\/celtTV\/","article_published_time":"2013-05-13T19:51:01+00:00","author":"ulises","twitter_card":"summary_large_image","twitter_misc":{"Escrito por":"ulises","Tiempo de lectura":"3 minutos"},"schema":{"@context":"https:\/\/schema.org","@graph":[{"@type":"NewsArticle","@id":"https:\/\/www.celttv.com.ar\/index.php\/2013\/05\/13\/reunion-regional-de-fedecoba-y-la-situacion-de-las-cooperativas-electricas-opinan-ariel-guarco-guillermo-ostornol-y-gabriel-artola\/#article","isPartOf":{"@id":"https:\/\/www.celttv.com.ar\/index.php\/2013\/05\/13\/reunion-regional-de-fedecoba-y-la-situacion-de-las-cooperativas-electricas-opinan-ariel-guarco-guillermo-ostornol-y-gabriel-artola\/"},"author":{"name":"ulises","@id":"https:\/\/www.celttv.com.ar\/#\/schema\/person\/6d99c072dba59953809c81446e9d0ace"},"headline":"REUNION REGIONAL DE FEDECOBA. Y LA SITUACION DE LAS COOPERATIVAS ELECTRICAS (Opinan Ariel Guarco, Guillermo Ostornol y Gabriel Artola)","datePublished":"2013-05-13T19:51:01+00:00","dateModified":"2013-05-13T19:51:01+00:00","mainEntityOfPage":{"@id":"https:\/\/www.celttv.com.ar\/index.php\/2013\/05\/13\/reunion-regional-de-fedecoba-y-la-situacion-de-las-cooperativas-electricas-opinan-ariel-guarco-guillermo-ostornol-y-gabriel-artola\/"},"wordCount":636,"publisher":{"@id":"https:\/\/www.celttv.com.ar\/#organization"},"articleSection":["Comunidad","Destacadas","Videos Destacados"],"inLanguage":"es"},{"@type":"WebPage","@id":"https:\/\/www.celttv.com.ar\/index.php\/2013\/05\/13\/reunion-regional-de-fedecoba-y-la-situacion-de-las-cooperativas-electricas-opinan-ariel-guarco-guillermo-ostornol-y-gabriel-artola\/","url":"https:\/\/www.celttv.com.ar\/index.php\/2013\/05\/13\/reunion-regional-de-fedecoba-y-la-situacion-de-las-cooperativas-electricas-opinan-ariel-guarco-guillermo-ostornol-y-gabriel-artola\/","name":"REUNION REGIONAL DE FEDECOBA. Y LA SITUACION DE LAS COOPERATIVAS ELECTRICAS (Opinan Ariel Guarco, Guillermo Ostornol y Gabriel Artola) - CELTTV","isPartOf":{"@id":"https:\/\/www.celttv.com.ar\/#website"},"datePublished":"2013-05-13T19:51:01+00:00","dateModified":"2013-05-13T19:51:01+00:00","description":"Sitio web de noticias de la localidad de Tornquist, provincia de Buenos Aires, Rep\u00fablica Argentina. Contenido propio originado por periodistas de CELTTV, el canal de TV local de la Cooperativa El\u00e9ctrica de Tornquist. Turismo, Pol\u00edtica, Sociedad, Deporte, Cultura y todo el contenido de inter\u00e9s general que la gente del pueblo y la regi\u00f3n debe conocer.","breadcrumb":{"@id":"https:\/\/www.celttv.com.ar\/index.php\/2013\/05\/13\/reunion-regional-de-fedecoba-y-la-situacion-de-las-cooperativas-electricas-opinan-ariel-guarco-guillermo-ostornol-y-gabriel-artola\/#breadcrumb"},"inLanguage":"es","potentialAction":[{"@type":"ReadAction","target":["https:\/\/www.celttv.com.ar\/index.php\/2013\/05\/13\/reunion-regional-de-fedecoba-y-la-situacion-de-las-cooperativas-electricas-opinan-ariel-guarco-guillermo-ostornol-y-gabriel-artola\/"]}]},{"@type":"BreadcrumbList","@id":"https:\/\/www.celttv.com.ar\/index.php\/2013\/05\/13\/reunion-regional-de-fedecoba-y-la-situacion-de-las-cooperativas-electricas-opinan-ariel-guarco-guillermo-ostornol-y-gabriel-artola\/#breadcrumb","itemListElement":[{"@type":"ListItem","position":1,"name":"Inicio","item":"https:\/\/www.celttv.com.ar\/"},{"@type":"ListItem","position":2,"name":"REUNION REGIONAL DE FEDECOBA. Y LA SITUACION DE LAS COOPERATIVAS ELECTRICAS (Opinan Ariel Guarco, Guillermo Ostornol y Gabriel Artola)"}]},{"@type":"WebSite","@id":"https:\/\/www.celttv.com.ar\/#website","url":"https:\/\/www.celttv.com.ar\/","name":"CELTTV","description":"Cooperativa El\u00e9ctrica de Tornquist","publisher":{"@id":"https:\/\/www.celttv.com.ar\/#organization"},"potentialAction":[{"@type":"SearchAction","target":{"@type":"EntryPoint","urlTemplate":"https:\/\/www.celttv.com.ar\/?s={search_term_string}"},"query-input":"required name=search_term_string"}],"inLanguage":"es"},{"@type":"Organization","@id":"https:\/\/www.celttv.com.ar\/#organization","name":"CELTTV","url":"https:\/\/www.celttv.com.ar\/","sameAs":["https:\/\/www.youtube.com\/channel\/UCz_oIt8Hig64Ub-EmcNPIhg","https:\/\/www.facebook.com\/celtTV\/"],"logo":{"@type":"ImageObject","inLanguage":"es","@id":"https:\/\/www.celttv.com.ar\/#\/schema\/logo\/image\/","url":"http:\/\/www.celttv.com.ar\/wp-content\/uploads\/2022\/08\/logo-1.png","contentUrl":"http:\/\/www.celttv.com.ar\/wp-content\/uploads\/2022\/08\/logo-1.png","width":461,"height":159,"caption":"CELTTV"},"image":{"@id":"https:\/\/www.celttv.com.ar\/#\/schema\/logo\/image\/"}},{"@type":"Person","@id":"https:\/\/www.celttv.com.ar\/#\/schema\/person\/6d99c072dba59953809c81446e9d0ace","name":"ulises","image":{"@type":"ImageObject","inLanguage":"es","@id":"https:\/\/www.celttv.com.ar\/#\/schema\/person\/image\/","url":"https:\/\/secure.gravatar.com\/avatar\/7f2c48bdc33b30088f941fb6082e555f2874c98e20cb159d7b92b50eadfce793?s=96&d=mm&r=g","contentUrl":"https:\/\/secure.gravatar.com\/avatar\/7f2c48bdc33b30088f941fb6082e555f2874c98e20cb159d7b92b50eadfce793?s=96&d=mm&r=g","caption":"ulises"},"sameAs":["http:\/\/www.celttv.com.ar"]}]}},"_links":{"self":[{"href":"https:\/\/www.celttv.com.ar\/index.php\/wp-json\/wp\/v2\/posts\/11504","targetHints":{"allow":["GET"]}}],"collection":[{"href":"https:\/\/www.celttv.com.ar\/index.php\/wp-json\/wp\/v2\/posts"}],"about":[{"href":"https:\/\/www.celttv.com.ar\/index.php\/wp-json\/wp\/v2\/types\/post"}],"author":[{"embeddable":true,"href":"https:\/\/www.celttv.com.ar\/index.php\/wp-json\/wp\/v2\/users\/1"}],"replies":[{"embeddable":true,"href":"https:\/\/www.celttv.com.ar\/index.php\/wp-json\/wp\/v2\/comments?post=11504"}],"version-history":[{"count":0,"href":"https:\/\/www.celttv.com.ar\/index.php\/wp-json\/wp\/v2\/posts\/11504\/revisions"}],"wp:attachment":[{"href":"https:\/\/www.celttv.com.ar\/index.php\/wp-json\/wp\/v2\/media?parent=11504"}],"wp:term":[{"taxonomy":"category","embeddable":true,"href":"https:\/\/www.celttv.com.ar\/index.php\/wp-json\/wp\/v2\/categories?post=11504"},{"taxonomy":"post_tag","embeddable":true,"href":"https:\/\/www.celttv.com.ar\/index.php\/wp-json\/wp\/v2\/tags?post=11504"}],"curies":[{"name":"wp","href":"https:\/\/api.w.org\/{rel}","templated":true}]}}