{"id":11507,"date":"2013-05-13T19:58:24","date_gmt":"2013-05-13T19:58:24","guid":{"rendered":"http:\/\/www.tvcnoticias.com.ar\/?p=11507"},"modified":"2013-05-13T19:58:24","modified_gmt":"2013-05-13T19:58:24","slug":"instalaran-en-tornquist-un-centro-de-inseminacion-porcina-videoentrevistas","status":"publish","type":"post","link":"https:\/\/www.celttv.com.ar\/index.php\/2013\/05\/13\/instalaran-en-tornquist-un-centro-de-inseminacion-porcina-videoentrevistas\/","title":{"rendered":"INSTALARAN EN TORNQUIST UN CENTRO DE INSEMINACION PORCINA (videoentrevistas)"},"content":{"rendered":"<p><a href=\"http:\/\/www.youtube.com\/watch?v=RzEUQX5pGZc\"><a href=\"http:\/\/www.youtube.com\/watch?v=RzEUQX5pGZc\">httpv:\/\/www.youtube.com\/watch?v=RzEUQX5pGZc<\/a><\/a><br \/>\n<a href=\"http:\/\/www.youtube.com\/watch?v=uPbNIuW1uIs\"><a href=\"http:\/\/www.youtube.com\/watch?v=uPbNIuW1uIs\">httpv:\/\/www.youtube.com\/watch?v=uPbNIuW1uIs<\/a><\/a><br \/>\n<a href=\"http:\/\/www.youtube.com\/watch?v=TDurgrDK3XE\"><a href=\"http:\/\/www.youtube.com\/watch?v=TDurgrDK3XE\">httpv:\/\/www.youtube.com\/watch?v=TDurgrDK3XE<\/a><\/a><br \/>\n<a href=\"http:\/\/www.youtube.com\/watch?v=EWWX3MNIOnI\"><a href=\"http:\/\/www.youtube.com\/watch?v=EWWX3MNIOnI\">httpv:\/\/www.youtube.com\/watch?v=EWWX3MNIOnI<\/a><\/a><br \/>\n<a href=\"http:\/\/www.youtube.com\/watch?v=EFq0jxSaWQA\"><a href=\"http:\/\/www.youtube.com\/watch?v=EFq0jxSaWQA\">httpv:\/\/www.youtube.com\/watch?v=EFq0jxSaWQA<\/a><\/a><br \/>\nUn fondo rotatorio de 405.000 pesos, destinado a la construcci\u00f3n de un centro regional de inseminaci\u00f3n porcina en nuestro distrito, entreg\u00f3 el intendente municipal, licenciado Gustavo Trankels, a un grupo de nueve productores.\u00a0 \u00a0La reuni\u00f3n en la cual se efectu\u00f3 el aporte se desarroll\u00f3 en la sede local del INTA, con la presencia del director de Emergencia y Desastre Agropecuario del Ministerio de Agricultura, Ganader\u00eda y Pesca de la Naci\u00f3n, Julio Haure, el ingeniero H\u00e9ctor Pelta (INTA), la concejal Mar\u00eda Ofelia Skolak, la ingeniera Berenice Muscillo y los productores involucrados en el ambicioso e interesante proyecto, pertenecientes a las localidades de Tornquist, Dufaur, Cabildo y Darregueira.\u00a0 \u00a0El dinero proviene de la partida entregada oportunamente por el Minagri y se devolver\u00e1 a valor producto (carne), modalidad fondo rotatorio, y a un plazo de cuatro a\u00f1os, de acuerdo con el convenio suscripto entre las partes.\u00a0 \u00a0\u201cEs un aporte muy importante, de m\u00e1s de 400 mil pesos, para un objetivo \u00a0que realmente nos tiene que poner orgullosos a todos los tornquistenses. Esto surgi\u00f3 por inquietud de los propios productores locales y de la zona, de la mano de familias que en algunos casos tienen muchos a\u00f1os de tradici\u00f3n en la cr\u00eda de cerdo y que se animaron a dar un salto cualitativo importante, de acuerdo a las demandas que hoy tiene el mercado para comercializar este tipo de producci\u00f3n en otras regiones\u201d, confi\u00f3 el intendente Trankels una vez consumada la entrega de los cheques.\u00a0 \u00a0\u201cComo estado municipal nos pone muy felices poderlos acompa\u00f1ar. Tuvimos un apoyo muy fuerte por parte de los ingenieros del INTA, H\u00e9ctor Pelta y Federico Labarthe; del Ministerio de Asuntos Agrarios, con Juan Lazo; los miembros de la mesa agropecuaria y los integrantes de la Secretar\u00eda de Producci\u00f3n y Medio Ambiente, a cargo de Ricardo Valentini\u201d, destac\u00f3.\u00a0 \u00a0Trankels tambi\u00e9n resalt\u00f3 la decisi\u00f3n pol\u00edtica del ministro de Agricultura, Norberto Yauhar, para destinar a este emprendimiento parte del dinero aportado por el organismo.\u00a0 \u00a0\u201cResult\u00f3 fundamental el acompa\u00f1amiento de Julio Haure en la parte administrativa y legal, y el apoyo de otro gran amigo de la regi\u00f3n, que es Haroldo Lebed, quien se interes\u00f3 desde el primer momento en que surgi\u00f3 la idea\u201d, rescat\u00f3.\u00a0 \u00a0\u201cEstamos todos muy motivados, contentos, sabiendo que el proyecto est\u00e1 muy bien encaminado. El desaf\u00edo era animarnos a involucrarnos en algo innovador, pero con el respaldo de gente que viene trabajando desde hace mucho tiempo. El estado municipal, provincial y nacional supo coordinarse para que esto se transforme en una realidad y que pondr\u00e1 a Tornquist en un lugar de privilegio\u201d, consider\u00f3 Trankels, al tiempo que remarc\u00f3 que esta acci\u00f3n est\u00e1 respaldada por la decisi\u00f3n pol\u00edtica de la presidenta Cristina Fern\u00e1ndez de incentivar el agregado de valor en origen.\u00a0 \u00a0El centro regional de inseminaci\u00f3n permitir\u00e1 mejorar la gen\u00e9tica de los cerdos que se cr\u00edan en esta zona, con el objetivo de optimizar la comercializaci\u00f3n de los animales.\u00a0 \u00a0\u201cMe alegra mucho esta integraci\u00f3n de productores, que no es sencilla. Es una satisfacci\u00f3n venir a Tornquist porque hacen las cosas muy bien y tienen el apoyo invalorable del INTA. Encontrarme con la fuerza de estos productores es muy valorable. Ojal\u00e1 en todas las actividades del sudoeste tuvi\u00e9ramos esta integraci\u00f3n. Mejorar la calidad de producto es agregarle valor\u201d, manifest\u00f3 Haure.\u00a0 \u00a0\u201cLos veo con un empuje muy grande para continuar con la cadena y seguramente el Ministerio lo acompa\u00f1ar\u00e1, porque la gesti\u00f3n de Gustavo nos viene imponiendo esa circunstancia. Tanto Haroldo como quienes trabajamos con \u00e9l estamos tratando de decirle al ministro d\u00f3nde es mejor volcar los recursos porque se hacen bien las cosas\u201d, a\u00f1adi\u00f3.\u00a0 \u00a0Nelson Muscillo y Sergio Molina son dos de los productores involucrados en el proyecto, cuya construcci\u00f3n comenzar\u00e1 a cristalizarse en los pr\u00f3ximos d\u00edas.\u00a0 \u00a0\u201cHemos alcanzado objetivos que eran impensados cuando comenzamos con esta actividad. De a poco nos fuimos desarrollando. Este grupo se consolid\u00f3 por la buena fe de todos los integrantes, de trabajar para todos, siempre con la confianza por encima de todas las cosas. Este objetivo se logr\u00f3 relativamente en el corto tiempo. Estamos a punto de comenzar la obra y, seg\u00fan nuestro asesor, en dos meses estaremos inseminando y en 8-9 meses sacaremos animales con gen\u00e9tica diferente\u201d, explic\u00f3 Muscillo.\u00a0 \u00a0\u201cSomos 30 productores de una amplia regi\u00f3n que nos juntamos para comercializar, para llegar a un mercado que hoy nos puso en un apriete de calidad. Estamos produciendo unos 15 mil cerdos por a\u00f1o en este grupo, y si todo nos sale bien, llegaremos a 20 mil. Ese es un n\u00famero muy importante\u201d, confi\u00f3.\u00a0 \u00a0Molina destac\u00f3 que los productores conforman un grupo de Cambio Rural del INTA.\u00a0 \u00a0\u201cQuiero agradecerle a Gustavo porque apoy\u00f3 un proyecto con gente de diferentes distritos y confi\u00f3 en quienes lo hacemos. Somos un grupo de Cambio Rural del INTA, que hace tres a\u00f1os que nos estamos asesorando y hay que destacar que el centro gen\u00e9tico se construir\u00e1 en el distrito de Tornquist\u201d, asegur\u00f3.\u00a0 \u00a0\u201cSiempre estamos mirando hacia adelante. Hoy nos encontramos con un gran problema, que es la comercializaci\u00f3n de nuestros animales. Por eso, poder inseminar, nos permitir\u00eda mejorar en ese aspecto. Esto se piensa para toda la regi\u00f3n y siempre analizamos la manera de mejorar\u201d, dijo.<br \/>\n&nbsp;<\/p>\n","protected":false},"excerpt":{"rendered":"<p>httpv:\/\/www.youtube.com\/watch?v=RzEUQX5pGZc httpv:\/\/www.youtube.com\/watch?v=uPbNIuW1uIs httpv:\/\/www.youtube.com\/watch?v=TDurgrDK3XE httpv:\/\/www.youtube.com\/watch?v=EWWX3MNIOnI httpv:\/\/www.youtube.com\/watch?v=EFq0jxSaWQA Un fondo rotatorio de 405.000 pesos, destinado a la construcci\u00f3n de un centro regional de inseminaci\u00f3n porcina en nuestro distrito, entreg\u00f3 el intendente municipal, licenciado Gustavo Trankels, a un grupo de nueve productores.\u00a0 \u00a0La reuni\u00f3n en la cual se efectu\u00f3 el aporte se desarroll\u00f3 en la sede local del INTA, [&hellip;]<\/p>\n","protected":false},"author":1,"featured_media":0,"comment_status":"closed","ping_status":"open","sticky":false,"template":"","format":"standard","meta":{"footnotes":""},"categories":[51,52,53,64],"tags":[],"class_list":["post-11507","post","type-post","status-publish","format-standard","hentry","category-comunidad","category-destacadas","category-politica","category-videos-destacados"],"yoast_head":"<!-- This site is optimized with the Yoast SEO plugin v19.7.1 - https:\/\/yoast.com\/wordpress\/plugins\/seo\/ -->\n<title>INSTALARAN EN TORNQUIST UN CENTRO DE INSEMINACION PORCINA (videoentrevistas) - CELTTV<\/title>\n<meta name=\"description\" content=\"Sitio web de noticias de la localidad de Tornquist, provincia de Buenos Aires, Rep\u00fablica Argentina. Contenido propio originado por periodistas de CELTTV, el canal de TV local de la Cooperativa El\u00e9ctrica de Tornquist. Turismo, Pol\u00edtica, Sociedad, Deporte, Cultura y todo el contenido de inter\u00e9s general que la gente del pueblo y la regi\u00f3n debe conocer.\" \/>\n<meta name=\"robots\" content=\"index, follow, max-snippet:-1, max-image-preview:large, max-video-preview:-1\" \/>\n<link rel=\"canonical\" href=\"https:\/\/www.celttv.com.ar\/index.php\/2013\/05\/13\/instalaran-en-tornquist-un-centro-de-inseminacion-porcina-videoentrevistas\/\" \/>\n<meta property=\"og:locale\" content=\"es_ES\" \/>\n<meta property=\"og:type\" content=\"article\" \/>\n<meta property=\"og:title\" content=\"INSTALARAN EN TORNQUIST UN CENTRO DE INSEMINACION PORCINA (videoentrevistas) - CELTTV\" \/>\n<meta property=\"og:description\" content=\"Sitio web de noticias de la localidad de Tornquist, provincia de Buenos Aires, Rep\u00fablica Argentina. Contenido propio originado por periodistas de CELTTV, el canal de TV local de la Cooperativa El\u00e9ctrica de Tornquist. Turismo, Pol\u00edtica, Sociedad, Deporte, Cultura y todo el contenido de inter\u00e9s general que la gente del pueblo y la regi\u00f3n debe conocer.\" \/>\n<meta property=\"og:url\" content=\"https:\/\/www.celttv.com.ar\/index.php\/2013\/05\/13\/instalaran-en-tornquist-un-centro-de-inseminacion-porcina-videoentrevistas\/\" \/>\n<meta property=\"og:site_name\" content=\"CELTTV\" \/>\n<meta property=\"article:publisher\" content=\"https:\/\/www.facebook.com\/celtTV\/\" \/>\n<meta property=\"article:published_time\" content=\"2013-05-13T19:58:24+00:00\" \/>\n<meta name=\"author\" content=\"ulises\" \/>\n<meta name=\"twitter:card\" content=\"summary_large_image\" \/>\n<meta name=\"twitter:label1\" content=\"Escrito por\" \/>\n\t<meta name=\"twitter:data1\" content=\"ulises\" \/>\n\t<meta name=\"twitter:label2\" content=\"Tiempo de lectura\" \/>\n\t<meta name=\"twitter:data2\" content=\"5 minutos\" \/>\n<script type=\"application\/ld+json\" class=\"yoast-schema-graph\">{\"@context\":\"https:\/\/schema.org\",\"@graph\":[{\"@type\":\"NewsArticle\",\"@id\":\"https:\/\/www.celttv.com.ar\/index.php\/2013\/05\/13\/instalaran-en-tornquist-un-centro-de-inseminacion-porcina-videoentrevistas\/#article\",\"isPartOf\":{\"@id\":\"https:\/\/www.celttv.com.ar\/index.php\/2013\/05\/13\/instalaran-en-tornquist-un-centro-de-inseminacion-porcina-videoentrevistas\/\"},\"author\":{\"name\":\"ulises\",\"@id\":\"https:\/\/www.celttv.com.ar\/#\/schema\/person\/6d99c072dba59953809c81446e9d0ace\"},\"headline\":\"INSTALARAN EN TORNQUIST UN CENTRO DE INSEMINACION PORCINA (videoentrevistas)\",\"datePublished\":\"2013-05-13T19:58:24+00:00\",\"dateModified\":\"2013-05-13T19:58:24+00:00\",\"mainEntityOfPage\":{\"@id\":\"https:\/\/www.celttv.com.ar\/index.php\/2013\/05\/13\/instalaran-en-tornquist-un-centro-de-inseminacion-porcina-videoentrevistas\/\"},\"wordCount\":954,\"publisher\":{\"@id\":\"https:\/\/www.celttv.com.ar\/#organization\"},\"articleSection\":[\"Comunidad\",\"Destacadas\",\"Pol\u00edtica\",\"Videos Destacados\"],\"inLanguage\":\"es\"},{\"@type\":\"WebPage\",\"@id\":\"https:\/\/www.celttv.com.ar\/index.php\/2013\/05\/13\/instalaran-en-tornquist-un-centro-de-inseminacion-porcina-videoentrevistas\/\",\"url\":\"https:\/\/www.celttv.com.ar\/index.php\/2013\/05\/13\/instalaran-en-tornquist-un-centro-de-inseminacion-porcina-videoentrevistas\/\",\"name\":\"INSTALARAN EN TORNQUIST UN CENTRO DE INSEMINACION PORCINA (videoentrevistas) - CELTTV\",\"isPartOf\":{\"@id\":\"https:\/\/www.celttv.com.ar\/#website\"},\"datePublished\":\"2013-05-13T19:58:24+00:00\",\"dateModified\":\"2013-05-13T19:58:24+00:00\",\"description\":\"Sitio web de noticias de la localidad de Tornquist, provincia de Buenos Aires, Rep\u00fablica Argentina. Contenido propio originado por periodistas de CELTTV, el canal de TV local de la Cooperativa El\u00e9ctrica de Tornquist. Turismo, Pol\u00edtica, Sociedad, Deporte, Cultura y todo el contenido de inter\u00e9s general que la gente del pueblo y la regi\u00f3n debe conocer.\",\"breadcrumb\":{\"@id\":\"https:\/\/www.celttv.com.ar\/index.php\/2013\/05\/13\/instalaran-en-tornquist-un-centro-de-inseminacion-porcina-videoentrevistas\/#breadcrumb\"},\"inLanguage\":\"es\",\"potentialAction\":[{\"@type\":\"ReadAction\",\"target\":[\"https:\/\/www.celttv.com.ar\/index.php\/2013\/05\/13\/instalaran-en-tornquist-un-centro-de-inseminacion-porcina-videoentrevistas\/\"]}]},{\"@type\":\"BreadcrumbList\",\"@id\":\"https:\/\/www.celttv.com.ar\/index.php\/2013\/05\/13\/instalaran-en-tornquist-un-centro-de-inseminacion-porcina-videoentrevistas\/#breadcrumb\",\"itemListElement\":[{\"@type\":\"ListItem\",\"position\":1,\"name\":\"Inicio\",\"item\":\"https:\/\/www.celttv.com.ar\/\"},{\"@type\":\"ListItem\",\"position\":2,\"name\":\"INSTALARAN EN TORNQUIST UN CENTRO DE INSEMINACION PORCINA (videoentrevistas)\"}]},{\"@type\":\"WebSite\",\"@id\":\"https:\/\/www.celttv.com.ar\/#website\",\"url\":\"https:\/\/www.celttv.com.ar\/\",\"name\":\"CELTTV\",\"description\":\"Cooperativa El\u00e9ctrica de Tornquist\",\"publisher\":{\"@id\":\"https:\/\/www.celttv.com.ar\/#organization\"},\"potentialAction\":[{\"@type\":\"SearchAction\",\"target\":{\"@type\":\"EntryPoint\",\"urlTemplate\":\"https:\/\/www.celttv.com.ar\/?s={search_term_string}\"},\"query-input\":\"required name=search_term_string\"}],\"inLanguage\":\"es\"},{\"@type\":\"Organization\",\"@id\":\"https:\/\/www.celttv.com.ar\/#organization\",\"name\":\"CELTTV\",\"url\":\"https:\/\/www.celttv.com.ar\/\",\"sameAs\":[\"https:\/\/www.youtube.com\/channel\/UCz_oIt8Hig64Ub-EmcNPIhg\",\"https:\/\/www.facebook.com\/celtTV\/\"],\"logo\":{\"@type\":\"ImageObject\",\"inLanguage\":\"es\",\"@id\":\"https:\/\/www.celttv.com.ar\/#\/schema\/logo\/image\/\",\"url\":\"http:\/\/www.celttv.com.ar\/wp-content\/uploads\/2022\/08\/logo-1.png\",\"contentUrl\":\"http:\/\/www.celttv.com.ar\/wp-content\/uploads\/2022\/08\/logo-1.png\",\"width\":461,\"height\":159,\"caption\":\"CELTTV\"},\"image\":{\"@id\":\"https:\/\/www.celttv.com.ar\/#\/schema\/logo\/image\/\"}},{\"@type\":\"Person\",\"@id\":\"https:\/\/www.celttv.com.ar\/#\/schema\/person\/6d99c072dba59953809c81446e9d0ace\",\"name\":\"ulises\",\"image\":{\"@type\":\"ImageObject\",\"inLanguage\":\"es\",\"@id\":\"https:\/\/www.celttv.com.ar\/#\/schema\/person\/image\/\",\"url\":\"https:\/\/secure.gravatar.com\/avatar\/7f2c48bdc33b30088f941fb6082e555f2874c98e20cb159d7b92b50eadfce793?s=96&d=mm&r=g\",\"contentUrl\":\"https:\/\/secure.gravatar.com\/avatar\/7f2c48bdc33b30088f941fb6082e555f2874c98e20cb159d7b92b50eadfce793?s=96&d=mm&r=g\",\"caption\":\"ulises\"},\"sameAs\":[\"http:\/\/www.celttv.com.ar\"]}]}<\/script>\n<!-- \/ Yoast SEO plugin. -->","yoast_head_json":{"title":"INSTALARAN EN TORNQUIST UN CENTRO DE INSEMINACION PORCINA (videoentrevistas) - CELTTV","description":"Sitio web de noticias de la localidad de Tornquist, provincia de Buenos Aires, Rep\u00fablica Argentina. Contenido propio originado por periodistas de CELTTV, el canal de TV local de la Cooperativa El\u00e9ctrica de Tornquist. Turismo, Pol\u00edtica, Sociedad, Deporte, Cultura y todo el contenido de inter\u00e9s general que la gente del pueblo y la regi\u00f3n debe conocer.","robots":{"index":"index","follow":"follow","max-snippet":"max-snippet:-1","max-image-preview":"max-image-preview:large","max-video-preview":"max-video-preview:-1"},"canonical":"https:\/\/www.celttv.com.ar\/index.php\/2013\/05\/13\/instalaran-en-tornquist-un-centro-de-inseminacion-porcina-videoentrevistas\/","og_locale":"es_ES","og_type":"article","og_title":"INSTALARAN EN TORNQUIST UN CENTRO DE INSEMINACION PORCINA (videoentrevistas) - CELTTV","og_description":"Sitio web de noticias de la localidad de Tornquist, provincia de Buenos Aires, Rep\u00fablica Argentina. Contenido propio originado por periodistas de CELTTV, el canal de TV local de la Cooperativa El\u00e9ctrica de Tornquist. Turismo, Pol\u00edtica, Sociedad, Deporte, Cultura y todo el contenido de inter\u00e9s general que la gente del pueblo y la regi\u00f3n debe conocer.","og_url":"https:\/\/www.celttv.com.ar\/index.php\/2013\/05\/13\/instalaran-en-tornquist-un-centro-de-inseminacion-porcina-videoentrevistas\/","og_site_name":"CELTTV","article_publisher":"https:\/\/www.facebook.com\/celtTV\/","article_published_time":"2013-05-13T19:58:24+00:00","author":"ulises","twitter_card":"summary_large_image","twitter_misc":{"Escrito por":"ulises","Tiempo de lectura":"5 minutos"},"schema":{"@context":"https:\/\/schema.org","@graph":[{"@type":"NewsArticle","@id":"https:\/\/www.celttv.com.ar\/index.php\/2013\/05\/13\/instalaran-en-tornquist-un-centro-de-inseminacion-porcina-videoentrevistas\/#article","isPartOf":{"@id":"https:\/\/www.celttv.com.ar\/index.php\/2013\/05\/13\/instalaran-en-tornquist-un-centro-de-inseminacion-porcina-videoentrevistas\/"},"author":{"name":"ulises","@id":"https:\/\/www.celttv.com.ar\/#\/schema\/person\/6d99c072dba59953809c81446e9d0ace"},"headline":"INSTALARAN EN TORNQUIST UN CENTRO DE INSEMINACION PORCINA (videoentrevistas)","datePublished":"2013-05-13T19:58:24+00:00","dateModified":"2013-05-13T19:58:24+00:00","mainEntityOfPage":{"@id":"https:\/\/www.celttv.com.ar\/index.php\/2013\/05\/13\/instalaran-en-tornquist-un-centro-de-inseminacion-porcina-videoentrevistas\/"},"wordCount":954,"publisher":{"@id":"https:\/\/www.celttv.com.ar\/#organization"},"articleSection":["Comunidad","Destacadas","Pol\u00edtica","Videos Destacados"],"inLanguage":"es"},{"@type":"WebPage","@id":"https:\/\/www.celttv.com.ar\/index.php\/2013\/05\/13\/instalaran-en-tornquist-un-centro-de-inseminacion-porcina-videoentrevistas\/","url":"https:\/\/www.celttv.com.ar\/index.php\/2013\/05\/13\/instalaran-en-tornquist-un-centro-de-inseminacion-porcina-videoentrevistas\/","name":"INSTALARAN EN TORNQUIST UN CENTRO DE INSEMINACION PORCINA (videoentrevistas) - CELTTV","isPartOf":{"@id":"https:\/\/www.celttv.com.ar\/#website"},"datePublished":"2013-05-13T19:58:24+00:00","dateModified":"2013-05-13T19:58:24+00:00","description":"Sitio web de noticias de la localidad de Tornquist, provincia de Buenos Aires, Rep\u00fablica Argentina. Contenido propio originado por periodistas de CELTTV, el canal de TV local de la Cooperativa El\u00e9ctrica de Tornquist. Turismo, Pol\u00edtica, Sociedad, Deporte, Cultura y todo el contenido de inter\u00e9s general que la gente del pueblo y la regi\u00f3n debe conocer.","breadcrumb":{"@id":"https:\/\/www.celttv.com.ar\/index.php\/2013\/05\/13\/instalaran-en-tornquist-un-centro-de-inseminacion-porcina-videoentrevistas\/#breadcrumb"},"inLanguage":"es","potentialAction":[{"@type":"ReadAction","target":["https:\/\/www.celttv.com.ar\/index.php\/2013\/05\/13\/instalaran-en-tornquist-un-centro-de-inseminacion-porcina-videoentrevistas\/"]}]},{"@type":"BreadcrumbList","@id":"https:\/\/www.celttv.com.ar\/index.php\/2013\/05\/13\/instalaran-en-tornquist-un-centro-de-inseminacion-porcina-videoentrevistas\/#breadcrumb","itemListElement":[{"@type":"ListItem","position":1,"name":"Inicio","item":"https:\/\/www.celttv.com.ar\/"},{"@type":"ListItem","position":2,"name":"INSTALARAN EN TORNQUIST UN CENTRO DE INSEMINACION PORCINA (videoentrevistas)"}]},{"@type":"WebSite","@id":"https:\/\/www.celttv.com.ar\/#website","url":"https:\/\/www.celttv.com.ar\/","name":"CELTTV","description":"Cooperativa El\u00e9ctrica de Tornquist","publisher":{"@id":"https:\/\/www.celttv.com.ar\/#organization"},"potentialAction":[{"@type":"SearchAction","target":{"@type":"EntryPoint","urlTemplate":"https:\/\/www.celttv.com.ar\/?s={search_term_string}"},"query-input":"required name=search_term_string"}],"inLanguage":"es"},{"@type":"Organization","@id":"https:\/\/www.celttv.com.ar\/#organization","name":"CELTTV","url":"https:\/\/www.celttv.com.ar\/","sameAs":["https:\/\/www.youtube.com\/channel\/UCz_oIt8Hig64Ub-EmcNPIhg","https:\/\/www.facebook.com\/celtTV\/"],"logo":{"@type":"ImageObject","inLanguage":"es","@id":"https:\/\/www.celttv.com.ar\/#\/schema\/logo\/image\/","url":"http:\/\/www.celttv.com.ar\/wp-content\/uploads\/2022\/08\/logo-1.png","contentUrl":"http:\/\/www.celttv.com.ar\/wp-content\/uploads\/2022\/08\/logo-1.png","width":461,"height":159,"caption":"CELTTV"},"image":{"@id":"https:\/\/www.celttv.com.ar\/#\/schema\/logo\/image\/"}},{"@type":"Person","@id":"https:\/\/www.celttv.com.ar\/#\/schema\/person\/6d99c072dba59953809c81446e9d0ace","name":"ulises","image":{"@type":"ImageObject","inLanguage":"es","@id":"https:\/\/www.celttv.com.ar\/#\/schema\/person\/image\/","url":"https:\/\/secure.gravatar.com\/avatar\/7f2c48bdc33b30088f941fb6082e555f2874c98e20cb159d7b92b50eadfce793?s=96&d=mm&r=g","contentUrl":"https:\/\/secure.gravatar.com\/avatar\/7f2c48bdc33b30088f941fb6082e555f2874c98e20cb159d7b92b50eadfce793?s=96&d=mm&r=g","caption":"ulises"},"sameAs":["http:\/\/www.celttv.com.ar"]}]}},"_links":{"self":[{"href":"https:\/\/www.celttv.com.ar\/index.php\/wp-json\/wp\/v2\/posts\/11507","targetHints":{"allow":["GET"]}}],"collection":[{"href":"https:\/\/www.celttv.com.ar\/index.php\/wp-json\/wp\/v2\/posts"}],"about":[{"href":"https:\/\/www.celttv.com.ar\/index.php\/wp-json\/wp\/v2\/types\/post"}],"author":[{"embeddable":true,"href":"https:\/\/www.celttv.com.ar\/index.php\/wp-json\/wp\/v2\/users\/1"}],"replies":[{"embeddable":true,"href":"https:\/\/www.celttv.com.ar\/index.php\/wp-json\/wp\/v2\/comments?post=11507"}],"version-history":[{"count":0,"href":"https:\/\/www.celttv.com.ar\/index.php\/wp-json\/wp\/v2\/posts\/11507\/revisions"}],"wp:attachment":[{"href":"https:\/\/www.celttv.com.ar\/index.php\/wp-json\/wp\/v2\/media?parent=11507"}],"wp:term":[{"taxonomy":"category","embeddable":true,"href":"https:\/\/www.celttv.com.ar\/index.php\/wp-json\/wp\/v2\/categories?post=11507"},{"taxonomy":"post_tag","embeddable":true,"href":"https:\/\/www.celttv.com.ar\/index.php\/wp-json\/wp\/v2\/tags?post=11507"}],"curies":[{"name":"wp","href":"https:\/\/api.w.org\/{rel}","templated":true}]}}