{"id":11517,"date":"2013-05-13T21:19:32","date_gmt":"2013-05-13T21:19:32","guid":{"rendered":"http:\/\/www.tvcnoticias.com.ar\/?p=11517"},"modified":"2013-05-13T21:19:32","modified_gmt":"2013-05-13T21:19:32","slug":"la-escuela-de-educacion-secundaria-tecnica-ya-es-una-realidad-opiniones-despues-del-acto-inaugural","status":"publish","type":"post","link":"https:\/\/www.celttv.com.ar\/index.php\/2013\/05\/13\/la-escuela-de-educacion-secundaria-tecnica-ya-es-una-realidad-opiniones-despues-del-acto-inaugural\/","title":{"rendered":"LA ESCUELA DE EDUCACION SECUNDARIA TECNICA YA ES UNA REALIDAD (opiniones despues del acto inaugural)"},"content":{"rendered":"<p><a href=\"http:\/\/www.youtube.com\/watch?v=Evnc5n__Vmo\"><a href=\"http:\/\/www.youtube.com\/watch?v=Evnc5n__Vmo\">httpv:\/\/www.youtube.com\/watch?v=Evnc5n__Vmo<\/a><\/a><br \/>\n<a href=\"http:\/\/www.youtube.com\/watch?v=JpdkFneWH8s\"><a href=\"http:\/\/www.youtube.com\/watch?v=JpdkFneWH8s\">httpv:\/\/www.youtube.com\/watch?v=JpdkFneWH8s<\/a><\/a><br \/>\n<a href=\"http:\/\/www.youtube.com\/watch?v=ebrJL8V7z-E\"><a href=\"http:\/\/www.youtube.com\/watch?v=ebrJL8V7z-E\">httpv:\/\/www.youtube.com\/watch?v=ebrJL8V7z-E<\/a><\/a><br \/>\n<a href=\"http:\/\/www.youtube.com\/watch?v=fsEu_-0D2u8\"><a href=\"http:\/\/www.youtube.com\/watch?v=fsEu_-0D2u8\">httpv:\/\/www.youtube.com\/watch?v=fsEu_-0D2u8<\/a><\/a><br \/>\n<a href=\"http:\/\/www.youtube.com\/watch?v=tzngV_wUsGA\"><a href=\"http:\/\/www.youtube.com\/watch?v=tzngV_wUsGA\">httpv:\/\/www.youtube.com\/watch?v=tzngV_wUsGA<\/a><\/a><br \/>\n<a href=\"http:\/\/www.youtube.com\/watch?v=kfw061-h-EE\"><a href=\"http:\/\/www.youtube.com\/watch?v=kfw061-h-EE\">httpv:\/\/www.youtube.com\/watch?v=kfw061-h-EE<\/a><\/a><br \/>\nUn importante anhelo de la comunidad educativa y la administraci\u00f3n que lidera el intendente municipal, licenciado Gustavo Trankels, qued\u00f3 cristalizado sobre el mediod\u00eda de hoy, con la inauguraci\u00f3n oficial de la Escuela de Educaci\u00f3n Secundaria T\u00e9cnica N\u00b0 1 de Tornquist, que funciona en el edificio del ex Hogar Ceferino Namuncur\u00e1.\u00a0 \u00a0El acto cont\u00f3 con la presencia de la directora general de Cultura y Educaci\u00f3n de la Provincia de Buenos Aires, doctora Nora De Luc\u00eda, quien arrib\u00f3 a la ciudad cabecera acompa\u00f1ada por el subsecretario de Educaci\u00f3n del organismo, ingeniero Carlos Gianella; el director de Consejos Escolares bonaerense, Aldo Rold\u00e1n; el director provincial de Educaci\u00f3n T\u00e9cnico Profesional, Juan Est\u00e9vez; el director de Escuelas T\u00e9cnicas, Gerardo Marchesini; el director de Planificaci\u00f3n de la Direcci\u00f3n de Infraestructura Escolar, Claudio De Nigris; y el diputado Iv\u00e1n Budassi.\u00a0 \u00a0Tambi\u00e9n participaron la directora del establecimiento, Cecilia Bentroni, autoridades municipales y educativas, concejales, consejeros escolares y representantes de entidades educativas e intermedias del distrito.\u00a0 \u00a0\u201cNo es menor que estemos creando una escuela t\u00e9cnica, porque esta idea de pa\u00eds la generaron Per\u00f3n y Evita, con las escuelas f\u00e1brica y la universidad obrera, porque \u00e9l apostaba al pueblo trabajador, a que los argentinos tuvieran empleo y vivienda digna, que pudieran darle un futuro a sus hijos a trav\u00e9s de la educaci\u00f3n. Hoy estamos haciendo lo mismo, apostando a la educaci\u00f3n y al trabajo. Apostamos al empleo genuino de la regi\u00f3n, a que ustedes tengan arraigo y un futuro y un presente. Estamos convencidos que ese es el \u00fanico camino\u201d, se\u00f1al\u00f3 De Luc\u00eda.\u00a0 \u00a0\u201cEl mayor indicador de desarrollo de una sociedad es la apuesta en educaci\u00f3n. Nosotros valoramos el trabajo de los docentes, sabemos el esfuerzo y el amor que le ponen, pero a veces no podemos acompa\u00f1ar algunas demandas\u201d, recalc\u00f3.\u00a0 \u00a0Como s\u00edmbolo de la creaci\u00f3n del nuevo servicio educativo, De Luc\u00eda, Trankels, Budassi y Bentroni plantaron un roble americano en el predio del establecimiento.\u00a0 \u00a0\u201cHoy es un d\u00eda de infinita felicidad, porque es ver hecho realidad un sue\u00f1o, algo que muchos tornquistenses ten\u00edamos en la cabeza. Quer\u00edamos que los chicos tuvieran la posibilidad de contar con formaci\u00f3n t\u00e9cnica en nuestro distrito. Por eso la emoci\u00f3n es grande, pero lo pudimos lograr\u201d, asegur\u00f3 el intendente Trankels.\u00a0 \u00a0\u201cEs muy simb\u00f3lico observar esta estructura, porque hace m\u00e1s de 60 a\u00f1os, en el gobierno del General Per\u00f3n, surg\u00edan para contener a muchos chicos que ten\u00edan problemas en sus familias y eran institucionalizados. Despu\u00e9s de ese tiempo, y justamente en el aniversario del natalicio de Eva Per\u00f3n, tenemos la satisfacci\u00f3n de estar inaugurando una escuela en este lugar\u201d, confi\u00f3.\u00a0 \u00a0\u201cQuiero agradecerles a todos los que confiaron que esto pod\u00eda ser realidad. Al gobernador Daniel Scioli, quien nos acompa\u00f1\u00f3 en cada una de estas gestiones y a vos Nora, que fuiste la primera entusiasta de que esto sea una realidad\u201d, destac\u00f3 el jefe comunal.\u00a0 \u00a0Adem\u00e1s, extendi\u00f3 su agradecimiento al equipo de la Direcci\u00f3n General de Cultura y Educaci\u00f3n, a Gerardo Marcehsini, al inspector de la rama Horacio Killing, al Consejo Escolar, al Centro de Formaci\u00f3n Profesional, a los empleados de la Secretar\u00eda de Obras y Servicios P\u00fablicos comunal, a los agentes provinciales encargados de pintar el edificio y a los integrantes de la Escuela T\u00e9cnica de Pig\u00fc\u00e9.\u00a0 \u00a0\u201cEs m\u00e1s f\u00e1cil poder cumplir sue\u00f1os como el de esta Escuela T\u00e9cnica cuando tenemos un gobierno como el de Cristina Fern\u00e1ndez de Kirchner, que ampli\u00f3 notoriamente la inversi\u00f3n en educaci\u00f3n, y contamos con el compromiso demostrado por la Inspectora Jefe Regional, profesora Dina Balma\u201d, resalt\u00f3 Trankels.\u00a0 \u00a0\u201cCuando una escuela nace siempre existen necesidades, pero en cada requisitoria encontramos colaboraci\u00f3n. De ahora en adelante todo est\u00e1 en manos de los chicos, los directivos y los docentes, pero nosotros continuaremos acompa\u00f1ando para que crezcan fuertes\u201d, finaliz\u00f3.\u00a0 \u00a0Durante el transcurso del acto, el cura p\u00e1rroco Norberto L\u00f3pez bendijo la nueva instituci\u00f3n y las banderas de ceremonia que recibieron las autoridades de la misma.\u00a0 \u00a0\u201cGenerar una Escuela T\u00e9cnica es un cambio gigantesco, no s\u00f3lo para la comunidad sino para toda la provincia. Esta rama viene a resolver uno de los problemas m\u00e1s importantes que tiene toda comunidad, que es la posibilidad de generar trabajo para todos los habitantes y radicaci\u00f3n de industrias. Las comunidades que solamente se quedan en la producci\u00f3n agr\u00edcola tienden a quedar reducidas y a ser origen de migraciones, mientras que las que le suman la actividad de industria y servicios que generan las escuelas t\u00e9cnicas son lo contrario\u201d, consider\u00f3 Gianella.\u00a0 \u00a0Antes del tradicional corte de cintas y el descubrimiento de dos placas alusivas, el intendente le entreg\u00f3 a De Luc\u00eda una caja con vinos producidos por las bodegas del distrito. Adem\u00e1s, tres j\u00f3venes pertenecientes al programa provincial Envi\u00f3n, le regalaron una canasta con productos regionales elaborados por ellos mismos.\u00a0 \u00a0 \u201cEs un honor y un gran desaf\u00edo para m\u00ed estar desempe\u00f1ando este rol de directora-organizadora, principalmente porque mi desempe\u00f1o no ser\u00eda posible sin los actores que conforman esta comunidad. Quiz\u00e1 los chicos no saben la importancia de la creaci\u00f3n de este establecimiento en nuestro distrito. Es trascendente que le podamos dar trabajo para que no se nos vayan a otros lugares y que est\u00e9n m\u00e1s preparados si contin\u00faan un estudio superior\u201d, recalc\u00f3 Cecilia Bentroni en un fragmento de su discurso.\u00a0 \u00a0 \u201cQuiero agradecer el apoyo incondicional de la autoridades educativas y al intendente por el apoyo que tuvimos de la Municipalidad y de todo el personal. Es un apoyo real: ellos est\u00e1n ac\u00e1 y nos ayudan todos los d\u00edas y nos dan la posibilidad de seguir con este proyecto\u201d, reclac\u00f3.\u00a0 \u00a0El broche de oro lo entregaron los chicos de la Orquesta Escuela, quienes interpretaron algunas piezas para todos los presentes.\u00a0 \u00a0\u201cEs muy buena la idea que tuvo la comunidad educativa de Tornquist, y que la llev\u00f3 adelante Gustavo, de poder tener una Escuela T\u00e9cnica que se transforme en una fuente para que la actividad industrial se puedan nutrir con los t\u00e9cnicos. Este impulso fue entendido por las autoridades provinciales\u201d, rescat\u00f3 Budassi.\u00a0 \u00a0La celebraci\u00f3n culmin\u00f3 con una recorrida que las autoridades realizaron por el establecimiento educativo.<\/p>\n","protected":false},"excerpt":{"rendered":"<p>httpv:\/\/www.youtube.com\/watch?v=Evnc5n__Vmo httpv:\/\/www.youtube.com\/watch?v=JpdkFneWH8s httpv:\/\/www.youtube.com\/watch?v=ebrJL8V7z-E httpv:\/\/www.youtube.com\/watch?v=fsEu_-0D2u8 httpv:\/\/www.youtube.com\/watch?v=tzngV_wUsGA httpv:\/\/www.youtube.com\/watch?v=kfw061-h-EE Un importante anhelo de la comunidad educativa y la administraci\u00f3n que lidera el intendente municipal, licenciado Gustavo Trankels, qued\u00f3 cristalizado sobre el mediod\u00eda de hoy, con la inauguraci\u00f3n oficial de la Escuela de Educaci\u00f3n Secundaria T\u00e9cnica N\u00b0 1 de Tornquist, que funciona en el edificio del ex Hogar Ceferino [&hellip;]<\/p>\n","protected":false},"author":1,"featured_media":0,"comment_status":"closed","ping_status":"open","sticky":false,"template":"","format":"standard","meta":{"footnotes":""},"categories":[51,52,53,64],"tags":[],"class_list":["post-11517","post","type-post","status-publish","format-standard","hentry","category-comunidad","category-destacadas","category-politica","category-videos-destacados"],"yoast_head":"<!-- This site is optimized with the Yoast SEO plugin v19.7.1 - https:\/\/yoast.com\/wordpress\/plugins\/seo\/ -->\n<title>LA ESCUELA DE EDUCACION SECUNDARIA TECNICA YA ES UNA REALIDAD (opiniones despues del acto inaugural) - CELTTV<\/title>\n<meta name=\"description\" content=\"Sitio web de noticias de la localidad de Tornquist, provincia de Buenos Aires, Rep\u00fablica Argentina. Contenido propio originado por periodistas de CELTTV, el canal de TV local de la Cooperativa El\u00e9ctrica de Tornquist. Turismo, Pol\u00edtica, Sociedad, Deporte, Cultura y todo el contenido de inter\u00e9s general que la gente del pueblo y la regi\u00f3n debe conocer.\" \/>\n<meta name=\"robots\" content=\"index, follow, max-snippet:-1, max-image-preview:large, max-video-preview:-1\" \/>\n<link rel=\"canonical\" href=\"https:\/\/www.celttv.com.ar\/index.php\/2013\/05\/13\/la-escuela-de-educacion-secundaria-tecnica-ya-es-una-realidad-opiniones-despues-del-acto-inaugural\/\" \/>\n<meta property=\"og:locale\" content=\"es_ES\" \/>\n<meta property=\"og:type\" content=\"article\" \/>\n<meta property=\"og:title\" content=\"LA ESCUELA DE EDUCACION SECUNDARIA TECNICA YA ES UNA REALIDAD (opiniones despues del acto inaugural) - CELTTV\" \/>\n<meta property=\"og:description\" content=\"Sitio web de noticias de la localidad de Tornquist, provincia de Buenos Aires, Rep\u00fablica Argentina. Contenido propio originado por periodistas de CELTTV, el canal de TV local de la Cooperativa El\u00e9ctrica de Tornquist. Turismo, Pol\u00edtica, Sociedad, Deporte, Cultura y todo el contenido de inter\u00e9s general que la gente del pueblo y la regi\u00f3n debe conocer.\" \/>\n<meta property=\"og:url\" content=\"https:\/\/www.celttv.com.ar\/index.php\/2013\/05\/13\/la-escuela-de-educacion-secundaria-tecnica-ya-es-una-realidad-opiniones-despues-del-acto-inaugural\/\" \/>\n<meta property=\"og:site_name\" content=\"CELTTV\" \/>\n<meta property=\"article:publisher\" content=\"https:\/\/www.facebook.com\/celtTV\/\" \/>\n<meta property=\"article:published_time\" content=\"2013-05-13T21:19:32+00:00\" \/>\n<meta name=\"author\" content=\"ulises\" \/>\n<meta name=\"twitter:card\" content=\"summary_large_image\" \/>\n<meta name=\"twitter:label1\" content=\"Escrito por\" \/>\n\t<meta name=\"twitter:data1\" content=\"ulises\" \/>\n\t<meta name=\"twitter:label2\" content=\"Tiempo de lectura\" \/>\n\t<meta name=\"twitter:data2\" content=\"6 minutos\" \/>\n<script type=\"application\/ld+json\" class=\"yoast-schema-graph\">{\"@context\":\"https:\/\/schema.org\",\"@graph\":[{\"@type\":\"NewsArticle\",\"@id\":\"https:\/\/www.celttv.com.ar\/index.php\/2013\/05\/13\/la-escuela-de-educacion-secundaria-tecnica-ya-es-una-realidad-opiniones-despues-del-acto-inaugural\/#article\",\"isPartOf\":{\"@id\":\"https:\/\/www.celttv.com.ar\/index.php\/2013\/05\/13\/la-escuela-de-educacion-secundaria-tecnica-ya-es-una-realidad-opiniones-despues-del-acto-inaugural\/\"},\"author\":{\"name\":\"ulises\",\"@id\":\"https:\/\/www.celttv.com.ar\/#\/schema\/person\/6d99c072dba59953809c81446e9d0ace\"},\"headline\":\"LA ESCUELA DE EDUCACION SECUNDARIA TECNICA YA ES UNA REALIDAD (opiniones despues del acto inaugural)\",\"datePublished\":\"2013-05-13T21:19:32+00:00\",\"dateModified\":\"2013-05-13T21:19:32+00:00\",\"mainEntityOfPage\":{\"@id\":\"https:\/\/www.celttv.com.ar\/index.php\/2013\/05\/13\/la-escuela-de-educacion-secundaria-tecnica-ya-es-una-realidad-opiniones-despues-del-acto-inaugural\/\"},\"wordCount\":1153,\"publisher\":{\"@id\":\"https:\/\/www.celttv.com.ar\/#organization\"},\"articleSection\":[\"Comunidad\",\"Destacadas\",\"Pol\u00edtica\",\"Videos Destacados\"],\"inLanguage\":\"es\"},{\"@type\":\"WebPage\",\"@id\":\"https:\/\/www.celttv.com.ar\/index.php\/2013\/05\/13\/la-escuela-de-educacion-secundaria-tecnica-ya-es-una-realidad-opiniones-despues-del-acto-inaugural\/\",\"url\":\"https:\/\/www.celttv.com.ar\/index.php\/2013\/05\/13\/la-escuela-de-educacion-secundaria-tecnica-ya-es-una-realidad-opiniones-despues-del-acto-inaugural\/\",\"name\":\"LA ESCUELA DE EDUCACION SECUNDARIA TECNICA YA ES UNA REALIDAD (opiniones despues del acto inaugural) - CELTTV\",\"isPartOf\":{\"@id\":\"https:\/\/www.celttv.com.ar\/#website\"},\"datePublished\":\"2013-05-13T21:19:32+00:00\",\"dateModified\":\"2013-05-13T21:19:32+00:00\",\"description\":\"Sitio web de noticias de la localidad de Tornquist, provincia de Buenos Aires, Rep\u00fablica Argentina. Contenido propio originado por periodistas de CELTTV, el canal de TV local de la Cooperativa El\u00e9ctrica de Tornquist. Turismo, Pol\u00edtica, Sociedad, Deporte, Cultura y todo el contenido de inter\u00e9s general que la gente del pueblo y la regi\u00f3n debe conocer.\",\"breadcrumb\":{\"@id\":\"https:\/\/www.celttv.com.ar\/index.php\/2013\/05\/13\/la-escuela-de-educacion-secundaria-tecnica-ya-es-una-realidad-opiniones-despues-del-acto-inaugural\/#breadcrumb\"},\"inLanguage\":\"es\",\"potentialAction\":[{\"@type\":\"ReadAction\",\"target\":[\"https:\/\/www.celttv.com.ar\/index.php\/2013\/05\/13\/la-escuela-de-educacion-secundaria-tecnica-ya-es-una-realidad-opiniones-despues-del-acto-inaugural\/\"]}]},{\"@type\":\"BreadcrumbList\",\"@id\":\"https:\/\/www.celttv.com.ar\/index.php\/2013\/05\/13\/la-escuela-de-educacion-secundaria-tecnica-ya-es-una-realidad-opiniones-despues-del-acto-inaugural\/#breadcrumb\",\"itemListElement\":[{\"@type\":\"ListItem\",\"position\":1,\"name\":\"Inicio\",\"item\":\"https:\/\/www.celttv.com.ar\/\"},{\"@type\":\"ListItem\",\"position\":2,\"name\":\"LA ESCUELA DE EDUCACION SECUNDARIA TECNICA YA ES UNA REALIDAD (opiniones despues del acto inaugural)\"}]},{\"@type\":\"WebSite\",\"@id\":\"https:\/\/www.celttv.com.ar\/#website\",\"url\":\"https:\/\/www.celttv.com.ar\/\",\"name\":\"CELTTV\",\"description\":\"Cooperativa El\u00e9ctrica de Tornquist\",\"publisher\":{\"@id\":\"https:\/\/www.celttv.com.ar\/#organization\"},\"potentialAction\":[{\"@type\":\"SearchAction\",\"target\":{\"@type\":\"EntryPoint\",\"urlTemplate\":\"https:\/\/www.celttv.com.ar\/?s={search_term_string}\"},\"query-input\":\"required name=search_term_string\"}],\"inLanguage\":\"es\"},{\"@type\":\"Organization\",\"@id\":\"https:\/\/www.celttv.com.ar\/#organization\",\"name\":\"CELTTV\",\"url\":\"https:\/\/www.celttv.com.ar\/\",\"sameAs\":[\"https:\/\/www.youtube.com\/channel\/UCz_oIt8Hig64Ub-EmcNPIhg\",\"https:\/\/www.facebook.com\/celtTV\/\"],\"logo\":{\"@type\":\"ImageObject\",\"inLanguage\":\"es\",\"@id\":\"https:\/\/www.celttv.com.ar\/#\/schema\/logo\/image\/\",\"url\":\"http:\/\/www.celttv.com.ar\/wp-content\/uploads\/2022\/08\/logo-1.png\",\"contentUrl\":\"http:\/\/www.celttv.com.ar\/wp-content\/uploads\/2022\/08\/logo-1.png\",\"width\":461,\"height\":159,\"caption\":\"CELTTV\"},\"image\":{\"@id\":\"https:\/\/www.celttv.com.ar\/#\/schema\/logo\/image\/\"}},{\"@type\":\"Person\",\"@id\":\"https:\/\/www.celttv.com.ar\/#\/schema\/person\/6d99c072dba59953809c81446e9d0ace\",\"name\":\"ulises\",\"image\":{\"@type\":\"ImageObject\",\"inLanguage\":\"es\",\"@id\":\"https:\/\/www.celttv.com.ar\/#\/schema\/person\/image\/\",\"url\":\"https:\/\/secure.gravatar.com\/avatar\/7f2c48bdc33b30088f941fb6082e555f2874c98e20cb159d7b92b50eadfce793?s=96&d=mm&r=g\",\"contentUrl\":\"https:\/\/secure.gravatar.com\/avatar\/7f2c48bdc33b30088f941fb6082e555f2874c98e20cb159d7b92b50eadfce793?s=96&d=mm&r=g\",\"caption\":\"ulises\"},\"sameAs\":[\"http:\/\/www.celttv.com.ar\"]}]}<\/script>\n<!-- \/ Yoast SEO plugin. -->","yoast_head_json":{"title":"LA ESCUELA DE EDUCACION SECUNDARIA TECNICA YA ES UNA REALIDAD (opiniones despues del acto inaugural) - CELTTV","description":"Sitio web de noticias de la localidad de Tornquist, provincia de Buenos Aires, Rep\u00fablica Argentina. Contenido propio originado por periodistas de CELTTV, el canal de TV local de la Cooperativa El\u00e9ctrica de Tornquist. Turismo, Pol\u00edtica, Sociedad, Deporte, Cultura y todo el contenido de inter\u00e9s general que la gente del pueblo y la regi\u00f3n debe conocer.","robots":{"index":"index","follow":"follow","max-snippet":"max-snippet:-1","max-image-preview":"max-image-preview:large","max-video-preview":"max-video-preview:-1"},"canonical":"https:\/\/www.celttv.com.ar\/index.php\/2013\/05\/13\/la-escuela-de-educacion-secundaria-tecnica-ya-es-una-realidad-opiniones-despues-del-acto-inaugural\/","og_locale":"es_ES","og_type":"article","og_title":"LA ESCUELA DE EDUCACION SECUNDARIA TECNICA YA ES UNA REALIDAD (opiniones despues del acto inaugural) - CELTTV","og_description":"Sitio web de noticias de la localidad de Tornquist, provincia de Buenos Aires, Rep\u00fablica Argentina. Contenido propio originado por periodistas de CELTTV, el canal de TV local de la Cooperativa El\u00e9ctrica de Tornquist. Turismo, Pol\u00edtica, Sociedad, Deporte, Cultura y todo el contenido de inter\u00e9s general que la gente del pueblo y la regi\u00f3n debe conocer.","og_url":"https:\/\/www.celttv.com.ar\/index.php\/2013\/05\/13\/la-escuela-de-educacion-secundaria-tecnica-ya-es-una-realidad-opiniones-despues-del-acto-inaugural\/","og_site_name":"CELTTV","article_publisher":"https:\/\/www.facebook.com\/celtTV\/","article_published_time":"2013-05-13T21:19:32+00:00","author":"ulises","twitter_card":"summary_large_image","twitter_misc":{"Escrito por":"ulises","Tiempo de lectura":"6 minutos"},"schema":{"@context":"https:\/\/schema.org","@graph":[{"@type":"NewsArticle","@id":"https:\/\/www.celttv.com.ar\/index.php\/2013\/05\/13\/la-escuela-de-educacion-secundaria-tecnica-ya-es-una-realidad-opiniones-despues-del-acto-inaugural\/#article","isPartOf":{"@id":"https:\/\/www.celttv.com.ar\/index.php\/2013\/05\/13\/la-escuela-de-educacion-secundaria-tecnica-ya-es-una-realidad-opiniones-despues-del-acto-inaugural\/"},"author":{"name":"ulises","@id":"https:\/\/www.celttv.com.ar\/#\/schema\/person\/6d99c072dba59953809c81446e9d0ace"},"headline":"LA ESCUELA DE EDUCACION SECUNDARIA TECNICA YA ES UNA REALIDAD (opiniones despues del acto inaugural)","datePublished":"2013-05-13T21:19:32+00:00","dateModified":"2013-05-13T21:19:32+00:00","mainEntityOfPage":{"@id":"https:\/\/www.celttv.com.ar\/index.php\/2013\/05\/13\/la-escuela-de-educacion-secundaria-tecnica-ya-es-una-realidad-opiniones-despues-del-acto-inaugural\/"},"wordCount":1153,"publisher":{"@id":"https:\/\/www.celttv.com.ar\/#organization"},"articleSection":["Comunidad","Destacadas","Pol\u00edtica","Videos Destacados"],"inLanguage":"es"},{"@type":"WebPage","@id":"https:\/\/www.celttv.com.ar\/index.php\/2013\/05\/13\/la-escuela-de-educacion-secundaria-tecnica-ya-es-una-realidad-opiniones-despues-del-acto-inaugural\/","url":"https:\/\/www.celttv.com.ar\/index.php\/2013\/05\/13\/la-escuela-de-educacion-secundaria-tecnica-ya-es-una-realidad-opiniones-despues-del-acto-inaugural\/","name":"LA ESCUELA DE EDUCACION SECUNDARIA TECNICA YA ES UNA REALIDAD (opiniones despues del acto inaugural) - CELTTV","isPartOf":{"@id":"https:\/\/www.celttv.com.ar\/#website"},"datePublished":"2013-05-13T21:19:32+00:00","dateModified":"2013-05-13T21:19:32+00:00","description":"Sitio web de noticias de la localidad de Tornquist, provincia de Buenos Aires, Rep\u00fablica Argentina. Contenido propio originado por periodistas de CELTTV, el canal de TV local de la Cooperativa El\u00e9ctrica de Tornquist. Turismo, Pol\u00edtica, Sociedad, Deporte, Cultura y todo el contenido de inter\u00e9s general que la gente del pueblo y la regi\u00f3n debe conocer.","breadcrumb":{"@id":"https:\/\/www.celttv.com.ar\/index.php\/2013\/05\/13\/la-escuela-de-educacion-secundaria-tecnica-ya-es-una-realidad-opiniones-despues-del-acto-inaugural\/#breadcrumb"},"inLanguage":"es","potentialAction":[{"@type":"ReadAction","target":["https:\/\/www.celttv.com.ar\/index.php\/2013\/05\/13\/la-escuela-de-educacion-secundaria-tecnica-ya-es-una-realidad-opiniones-despues-del-acto-inaugural\/"]}]},{"@type":"BreadcrumbList","@id":"https:\/\/www.celttv.com.ar\/index.php\/2013\/05\/13\/la-escuela-de-educacion-secundaria-tecnica-ya-es-una-realidad-opiniones-despues-del-acto-inaugural\/#breadcrumb","itemListElement":[{"@type":"ListItem","position":1,"name":"Inicio","item":"https:\/\/www.celttv.com.ar\/"},{"@type":"ListItem","position":2,"name":"LA ESCUELA DE EDUCACION SECUNDARIA TECNICA YA ES UNA REALIDAD (opiniones despues del acto inaugural)"}]},{"@type":"WebSite","@id":"https:\/\/www.celttv.com.ar\/#website","url":"https:\/\/www.celttv.com.ar\/","name":"CELTTV","description":"Cooperativa El\u00e9ctrica de Tornquist","publisher":{"@id":"https:\/\/www.celttv.com.ar\/#organization"},"potentialAction":[{"@type":"SearchAction","target":{"@type":"EntryPoint","urlTemplate":"https:\/\/www.celttv.com.ar\/?s={search_term_string}"},"query-input":"required name=search_term_string"}],"inLanguage":"es"},{"@type":"Organization","@id":"https:\/\/www.celttv.com.ar\/#organization","name":"CELTTV","url":"https:\/\/www.celttv.com.ar\/","sameAs":["https:\/\/www.youtube.com\/channel\/UCz_oIt8Hig64Ub-EmcNPIhg","https:\/\/www.facebook.com\/celtTV\/"],"logo":{"@type":"ImageObject","inLanguage":"es","@id":"https:\/\/www.celttv.com.ar\/#\/schema\/logo\/image\/","url":"http:\/\/www.celttv.com.ar\/wp-content\/uploads\/2022\/08\/logo-1.png","contentUrl":"http:\/\/www.celttv.com.ar\/wp-content\/uploads\/2022\/08\/logo-1.png","width":461,"height":159,"caption":"CELTTV"},"image":{"@id":"https:\/\/www.celttv.com.ar\/#\/schema\/logo\/image\/"}},{"@type":"Person","@id":"https:\/\/www.celttv.com.ar\/#\/schema\/person\/6d99c072dba59953809c81446e9d0ace","name":"ulises","image":{"@type":"ImageObject","inLanguage":"es","@id":"https:\/\/www.celttv.com.ar\/#\/schema\/person\/image\/","url":"https:\/\/secure.gravatar.com\/avatar\/7f2c48bdc33b30088f941fb6082e555f2874c98e20cb159d7b92b50eadfce793?s=96&d=mm&r=g","contentUrl":"https:\/\/secure.gravatar.com\/avatar\/7f2c48bdc33b30088f941fb6082e555f2874c98e20cb159d7b92b50eadfce793?s=96&d=mm&r=g","caption":"ulises"},"sameAs":["http:\/\/www.celttv.com.ar"]}]}},"_links":{"self":[{"href":"https:\/\/www.celttv.com.ar\/index.php\/wp-json\/wp\/v2\/posts\/11517","targetHints":{"allow":["GET"]}}],"collection":[{"href":"https:\/\/www.celttv.com.ar\/index.php\/wp-json\/wp\/v2\/posts"}],"about":[{"href":"https:\/\/www.celttv.com.ar\/index.php\/wp-json\/wp\/v2\/types\/post"}],"author":[{"embeddable":true,"href":"https:\/\/www.celttv.com.ar\/index.php\/wp-json\/wp\/v2\/users\/1"}],"replies":[{"embeddable":true,"href":"https:\/\/www.celttv.com.ar\/index.php\/wp-json\/wp\/v2\/comments?post=11517"}],"version-history":[{"count":0,"href":"https:\/\/www.celttv.com.ar\/index.php\/wp-json\/wp\/v2\/posts\/11517\/revisions"}],"wp:attachment":[{"href":"https:\/\/www.celttv.com.ar\/index.php\/wp-json\/wp\/v2\/media?parent=11517"}],"wp:term":[{"taxonomy":"category","embeddable":true,"href":"https:\/\/www.celttv.com.ar\/index.php\/wp-json\/wp\/v2\/categories?post=11517"},{"taxonomy":"post_tag","embeddable":true,"href":"https:\/\/www.celttv.com.ar\/index.php\/wp-json\/wp\/v2\/tags?post=11517"}],"curies":[{"name":"wp","href":"https:\/\/api.w.org\/{rel}","templated":true}]}}