{"id":11527,"date":"2013-05-14T14:50:03","date_gmt":"2013-05-14T14:50:03","guid":{"rendered":"http:\/\/www.tvcnoticias.com.ar\/?p=11527"},"modified":"2013-05-14T14:50:03","modified_gmt":"2013-05-14T14:50:03","slug":"futbol-automoto-dueno-del-clasico-comentarios-goles-notas-reserva","status":"publish","type":"post","link":"https:\/\/www.celttv.com.ar\/index.php\/2013\/05\/14\/futbol-automoto-dueno-del-clasico-comentarios-goles-notas-reserva\/","title":{"rendered":"FUTBOL: AUTOMOTO DUE\u00d1O DEL CLASICO (comentarios, goles, notas, reserva)"},"content":{"rendered":"<div>\n<a href=\"http:\/\/www.youtube.com\/watch?v=HbzFLj-XGuI\"><\/a><a href=\"http:\/\/www.youtube.com\/watch?v=HbzFLj-XGuI\">httpv:\/\/www.youtube.com\/watch?v=HbzFLj-XGuI<\/a><br \/>\n<a href=\"http:\/\/www.youtube.com\/watch?v=i3hY80YeyyU\"><\/a><a href=\"http:\/\/www.youtube.com\/watch?v=i3hY80YeyyU\">httpv:\/\/www.youtube.com\/watch?v=i3hY80YeyyU<\/a><br \/>\n<a href=\"http:\/\/www.youtube.com\/watch?v=1ej7cpffD7s\"><\/a><a href=\"http:\/\/www.youtube.com\/watch?v=1ej7cpffD7s\">httpv:\/\/www.youtube.com\/watch?v=1ej7cpffD7s<\/a><br \/>\n<a href=\"http:\/\/www.youtube.com\/watch?v=i1QD25okwDY\"><\/a><a href=\"http:\/\/www.youtube.com\/watch?v=i1QD25okwDY\">httpv:\/\/www.youtube.com\/watch?v=i1QD25okwDY<\/a><br \/>\n<a href=\"http:\/\/www.youtube.com\/watch?v=eHysuiyLjRc\"><a href=\"http:\/\/www.youtube.com\/watch?v=eHysuiyLjRc\">httpv:\/\/www.youtube.com\/watch?v=eHysuiyLjRc<\/a><\/a><br \/>\n<span style=\"font-family: Calibri; font-size: small;\"> El cl\u00e1sico tornquistense qued\u00f3 a favor de Automoto que gole\u00f3 a su eterno rival por 3 a 0, en lo que fue la octava fecha de la Liga Regional de F\u00fatbol de Coronel Su\u00e1rez.<\/span>\n<\/div>\n<p><span style=\"font-size: small;\"><span style=\"font-family: Calibri;\"> Con goles de Alexis Avila (de penal), Franco Pulgar y Carlos Fr\u00edas, el elenco azulgrana dirigido por Carlos Salvi contin\u00faa su marcha en el torneo sumando de a tres tratando de no perder pisada a Club Sarmiento.<\/span><\/span><br \/>\n<span style=\"font-size: small;\"><span style=\"font-family: Calibri;\"> Los primeros 45 minutos tuvieron al equipo local teniendo el control de la pelota y generando las situaciones de gol a trav\u00e9s de la velocidad y el cambio de ritmo del equipo que propon\u00eda Automoto de mitad de cancha hacia el arco rival.<\/span><\/span><br \/>\n<span style=\"font-size: small;\"><span style=\"font-family: Calibri;\"> A los 8, un cabezazo de Mart\u00edn Fhur en el \u00e1rea de Uni\u00f3n se met\u00eda en el segundo palo pero Leonel Moyano la sac\u00f3 de la l\u00ednea. De esa jugada, lo derriban a Avila en el \u00e1rea, el \u00e1rbitro cobra penal y, el propio jugador, la puso cruzada contra el palo izquierdo de Jos\u00e9 Flores que se estir\u00f3 pero no lleg\u00f3 a la pelota. <\/span><\/span><br \/>\n<span style=\"font-size: small;\"><span style=\"font-family: Calibri;\"> La din\u00e1mica y el traslado de pelota del local a trav\u00e9s de Hern\u00e1n Bilbao y Avila, buscando las subidas por las bandas de Justo Zas e Ignacio Salas, junto al constante movimiento de Pulgar y Mariano Corinaldi, le permiti\u00f3 visitar el \u00e1rea rival en m\u00e1s de una oportunidad.<\/span><\/span><br \/>\n<span style=\"font-size: small;\"><span style=\"font-family: Calibri;\"> A los 16, Pulgar defini\u00f3 mal ante la salida de Flores tras una asistencia de Corinaldi. Luego, a los 21 un remate de Avila se fue por arriba del travesa\u00f1o.<\/span><\/span><br \/>\n<span style=\"font-size: small;\"><span style=\"font-family: Calibri;\"> A los 24, la presi\u00f3n del local gener\u00f3 el hueco para que Corinaldi asistiera a Pulgar dentro del \u00e1rea y, el ex-delantero de Liniers, a la carrera la empuj\u00f3 al fondo de la red.<\/span><\/span><br \/>\n<span style=\"font-size: small;\"><span style=\"font-family: Calibri;\"> En tanto, Uni\u00f3n no le encontraba la vuelta al partido para cortar el circuito de Automoto en la mitad de la cancha y, en consecuencia, se le complicaba llegar al \u00e1rea rival.<\/span><\/span><br \/>\n<span style=\"font-size: small;\"><span style=\"font-family: Calibri;\"> Un remate de media distancia de Miguel Castro y otro de Alejandro Gim\u00e9nez que fueron a descansar a las manos del golero Guillermo Gatti, fueron las situaciones m\u00e1s claras del primer tiempo para la visita.<\/span><\/span><br \/>\n<span style=\"font-size: small;\"><span style=\"font-family: Calibri;\"> A los 34, quien se luce es el arquero Flores desviando un cabezazo de Avila que iba con destino de red y, a los 38, cachete\u00f3 afuera un tiro libre de Zas que se le met\u00eda contra el palo.<\/span><\/span><br \/>\n<span style=\"font-size: small;\"><span style=\"font-family: Calibri;\"> Dos minutos despu\u00e9s, un tiro libre de Pulgar al \u00e1rea rival lo desv\u00eda de cabeza Sebasti\u00e1n Gigliotti y cuando parec\u00eda que se met\u00eda en el segundo palo, Uzal la rechaz\u00f3 desde la l\u00ednea.<\/span><\/span><br \/>\n<span style=\"font-size: small;\"><span style=\"font-family: Calibri;\"> A los 41, otra vez el arquero Flores fue la figura cacheteando al c\u00f3rner un cabezazo cruzado de Pulgar.<\/span><\/span><br \/>\n<span style=\"font-size: small;\"><span style=\"font-family: Calibri;\"> En el complemento, Uni\u00f3n con amor propio y mayor despliegue f\u00edsico, sali\u00f3 decidido a presionar a su rival en la mitad del campo y a aprovechar la velocidad de sus volantes.<\/span><\/span><br \/>\n<span style=\"font-size: small;\"><span style=\"font-family: Calibri;\"> A los 4, un remate de Pulgar gener\u00f3 la pol\u00e9mica ya que la pelota ingres\u00f3 al arco pero por afuera de la red, ya que la misma estaba agujereada. A los 16, Zas estrell\u00f3 una pelota en el travesa\u00f1o y a los 23, Gigliotti sac\u00f3 de la l\u00ednea un remate de Miguel Castro.<\/span><\/span><br \/>\n<span style=\"font-size: small;\"><span style=\"font-family: Calibri;\"> Uni\u00f3n buscaba descontar y Automoto de contra prob\u00f3 desde lejos con remates de Salas y Avila que se fueron desviados. Antes del final, a los 39, Carlos Fr\u00edas sello el resultado luego de interceptar un rebote que dio Flores en el \u00e1rea chica tras un cabezazo de Avila.<\/span><\/span><\/p>\n<div>\n<strong>AUTOMOTO 3<\/strong>\n<\/div>\n<p>Gatti,\u00a0Fhur,\u00a0Sonzini,\u00a0Gigliotti;\u00a0I.Salas,\u00a0Bilbao,\u00a0M.Salas,\u00a0Zas,\u00a0Corinaldi,\u00a0Pulgar y\u00a0Avila.\u00a0DT: C. Salvi.<br \/>\n&nbsp;<br \/>\n<strong>UNI\u00d3N (T) 0<\/strong><br \/>\n&nbsp;<br \/>\nJ. Flores,\u00a0Girou,\u00a0Callava,\u00a0Hildman y\u00a0Moyano;\u00a0Loffredo,\u00a0Uzal,\u00a0L. Flores,\u00a0Castro;\u00a0Gim\u00e9nez y\u00a0Juan.\u00a0DT: S. Mart\u00ednez.<br \/>\n&nbsp;<br \/>\n<strong>Arbitro: <\/strong>N\u00e9stor Amalric<br \/>\n<strong>Goles PT: <\/strong>10 Avila (A), de penal. A los 24 Pulgar (A).<br \/>\n<strong>Goles ST: <\/strong>39 Fr\u00edas (A).<strong> <\/strong><br \/>\n<strong>Cambios: ST: 28 Fr\u00edas por Corinaldi, 40 Lacasta por Avila y a los 43 Sandobal por Ignacio Salas, en Automoto. A los 25 Meder por Gim\u00e9nez, a los 31 Bauer por Callava, en Uni\u00f3n.<\/strong><br \/>\n<strong> <\/strong><br \/>\n&nbsp;<br \/>\nRodrigo Sgaminni \u00a0LNP.<br \/>\n&nbsp;<\/p>\n","protected":false},"excerpt":{"rendered":"<p>httpv:\/\/www.youtube.com\/watch?v=HbzFLj-XGuI httpv:\/\/www.youtube.com\/watch?v=i3hY80YeyyU httpv:\/\/www.youtube.com\/watch?v=1ej7cpffD7s httpv:\/\/www.youtube.com\/watch?v=i1QD25okwDY httpv:\/\/www.youtube.com\/watch?v=eHysuiyLjRc El cl\u00e1sico tornquistense qued\u00f3 a favor de Automoto que gole\u00f3 a su eterno rival por 3 a 0, en lo que fue la octava fecha de la Liga Regional de F\u00fatbol de Coronel Su\u00e1rez. Con goles de Alexis Avila (de penal), Franco Pulgar y Carlos Fr\u00edas, el elenco azulgrana dirigido [&hellip;]<\/p>\n","protected":false},"author":1,"featured_media":0,"comment_status":"closed","ping_status":"open","sticky":false,"template":"","format":"standard","meta":{"footnotes":""},"categories":[60,52,64],"tags":[],"class_list":["post-11527","post","type-post","status-publish","format-standard","hentry","category-deporte","category-destacadas","category-videos-destacados"],"yoast_head":"<!-- This site is optimized with the Yoast SEO plugin v19.7.1 - https:\/\/yoast.com\/wordpress\/plugins\/seo\/ -->\n<title>FUTBOL: AUTOMOTO DUE\u00d1O DEL CLASICO (comentarios, goles, notas, reserva) - CELTTV<\/title>\n<meta name=\"description\" content=\"Sitio web de noticias de la localidad de Tornquist, provincia de Buenos Aires, Rep\u00fablica Argentina. Contenido propio originado por periodistas de CELTTV, el canal de TV local de la Cooperativa El\u00e9ctrica de Tornquist. Turismo, Pol\u00edtica, Sociedad, Deporte, Cultura y todo el contenido de inter\u00e9s general que la gente del pueblo y la regi\u00f3n debe conocer.\" \/>\n<meta name=\"robots\" content=\"index, follow, max-snippet:-1, max-image-preview:large, max-video-preview:-1\" \/>\n<link rel=\"canonical\" href=\"https:\/\/www.celttv.com.ar\/index.php\/2013\/05\/14\/futbol-automoto-dueno-del-clasico-comentarios-goles-notas-reserva\/\" \/>\n<meta property=\"og:locale\" content=\"es_ES\" \/>\n<meta property=\"og:type\" content=\"article\" \/>\n<meta property=\"og:title\" content=\"FUTBOL: AUTOMOTO DUE\u00d1O DEL CLASICO (comentarios, goles, notas, reserva) - CELTTV\" \/>\n<meta property=\"og:description\" content=\"Sitio web de noticias de la localidad de Tornquist, provincia de Buenos Aires, Rep\u00fablica Argentina. Contenido propio originado por periodistas de CELTTV, el canal de TV local de la Cooperativa El\u00e9ctrica de Tornquist. Turismo, Pol\u00edtica, Sociedad, Deporte, Cultura y todo el contenido de inter\u00e9s general que la gente del pueblo y la regi\u00f3n debe conocer.\" \/>\n<meta property=\"og:url\" content=\"https:\/\/www.celttv.com.ar\/index.php\/2013\/05\/14\/futbol-automoto-dueno-del-clasico-comentarios-goles-notas-reserva\/\" \/>\n<meta property=\"og:site_name\" content=\"CELTTV\" \/>\n<meta property=\"article:publisher\" content=\"https:\/\/www.facebook.com\/celtTV\/\" \/>\n<meta property=\"article:published_time\" content=\"2013-05-14T14:50:03+00:00\" \/>\n<meta name=\"author\" content=\"ulises\" \/>\n<meta name=\"twitter:card\" content=\"summary_large_image\" \/>\n<meta name=\"twitter:label1\" content=\"Escrito por\" \/>\n\t<meta name=\"twitter:data1\" content=\"ulises\" \/>\n\t<meta name=\"twitter:label2\" content=\"Tiempo de lectura\" \/>\n\t<meta name=\"twitter:data2\" content=\"4 minutos\" \/>\n<script type=\"application\/ld+json\" class=\"yoast-schema-graph\">{\"@context\":\"https:\/\/schema.org\",\"@graph\":[{\"@type\":\"NewsArticle\",\"@id\":\"https:\/\/www.celttv.com.ar\/index.php\/2013\/05\/14\/futbol-automoto-dueno-del-clasico-comentarios-goles-notas-reserva\/#article\",\"isPartOf\":{\"@id\":\"https:\/\/www.celttv.com.ar\/index.php\/2013\/05\/14\/futbol-automoto-dueno-del-clasico-comentarios-goles-notas-reserva\/\"},\"author\":{\"name\":\"ulises\",\"@id\":\"https:\/\/www.celttv.com.ar\/#\/schema\/person\/6d99c072dba59953809c81446e9d0ace\"},\"headline\":\"FUTBOL: AUTOMOTO DUE\u00d1O DEL CLASICO (comentarios, goles, notas, reserva)\",\"datePublished\":\"2013-05-14T14:50:03+00:00\",\"dateModified\":\"2013-05-14T14:50:03+00:00\",\"mainEntityOfPage\":{\"@id\":\"https:\/\/www.celttv.com.ar\/index.php\/2013\/05\/14\/futbol-automoto-dueno-del-clasico-comentarios-goles-notas-reserva\/\"},\"wordCount\":752,\"publisher\":{\"@id\":\"https:\/\/www.celttv.com.ar\/#organization\"},\"articleSection\":[\"Deporte\",\"Destacadas\",\"Videos Destacados\"],\"inLanguage\":\"es\"},{\"@type\":\"WebPage\",\"@id\":\"https:\/\/www.celttv.com.ar\/index.php\/2013\/05\/14\/futbol-automoto-dueno-del-clasico-comentarios-goles-notas-reserva\/\",\"url\":\"https:\/\/www.celttv.com.ar\/index.php\/2013\/05\/14\/futbol-automoto-dueno-del-clasico-comentarios-goles-notas-reserva\/\",\"name\":\"FUTBOL: AUTOMOTO DUE\u00d1O DEL CLASICO (comentarios, goles, notas, reserva) - CELTTV\",\"isPartOf\":{\"@id\":\"https:\/\/www.celttv.com.ar\/#website\"},\"datePublished\":\"2013-05-14T14:50:03+00:00\",\"dateModified\":\"2013-05-14T14:50:03+00:00\",\"description\":\"Sitio web de noticias de la localidad de Tornquist, provincia de Buenos Aires, Rep\u00fablica Argentina. Contenido propio originado por periodistas de CELTTV, el canal de TV local de la Cooperativa El\u00e9ctrica de Tornquist. Turismo, Pol\u00edtica, Sociedad, Deporte, Cultura y todo el contenido de inter\u00e9s general que la gente del pueblo y la regi\u00f3n debe conocer.\",\"breadcrumb\":{\"@id\":\"https:\/\/www.celttv.com.ar\/index.php\/2013\/05\/14\/futbol-automoto-dueno-del-clasico-comentarios-goles-notas-reserva\/#breadcrumb\"},\"inLanguage\":\"es\",\"potentialAction\":[{\"@type\":\"ReadAction\",\"target\":[\"https:\/\/www.celttv.com.ar\/index.php\/2013\/05\/14\/futbol-automoto-dueno-del-clasico-comentarios-goles-notas-reserva\/\"]}]},{\"@type\":\"BreadcrumbList\",\"@id\":\"https:\/\/www.celttv.com.ar\/index.php\/2013\/05\/14\/futbol-automoto-dueno-del-clasico-comentarios-goles-notas-reserva\/#breadcrumb\",\"itemListElement\":[{\"@type\":\"ListItem\",\"position\":1,\"name\":\"Inicio\",\"item\":\"https:\/\/www.celttv.com.ar\/\"},{\"@type\":\"ListItem\",\"position\":2,\"name\":\"FUTBOL: AUTOMOTO DUE\u00d1O DEL CLASICO (comentarios, goles, notas, reserva)\"}]},{\"@type\":\"WebSite\",\"@id\":\"https:\/\/www.celttv.com.ar\/#website\",\"url\":\"https:\/\/www.celttv.com.ar\/\",\"name\":\"CELTTV\",\"description\":\"Cooperativa El\u00e9ctrica de Tornquist\",\"publisher\":{\"@id\":\"https:\/\/www.celttv.com.ar\/#organization\"},\"potentialAction\":[{\"@type\":\"SearchAction\",\"target\":{\"@type\":\"EntryPoint\",\"urlTemplate\":\"https:\/\/www.celttv.com.ar\/?s={search_term_string}\"},\"query-input\":\"required name=search_term_string\"}],\"inLanguage\":\"es\"},{\"@type\":\"Organization\",\"@id\":\"https:\/\/www.celttv.com.ar\/#organization\",\"name\":\"CELTTV\",\"url\":\"https:\/\/www.celttv.com.ar\/\",\"sameAs\":[\"https:\/\/www.youtube.com\/channel\/UCz_oIt8Hig64Ub-EmcNPIhg\",\"https:\/\/www.facebook.com\/celtTV\/\"],\"logo\":{\"@type\":\"ImageObject\",\"inLanguage\":\"es\",\"@id\":\"https:\/\/www.celttv.com.ar\/#\/schema\/logo\/image\/\",\"url\":\"http:\/\/www.celttv.com.ar\/wp-content\/uploads\/2022\/08\/logo-1.png\",\"contentUrl\":\"http:\/\/www.celttv.com.ar\/wp-content\/uploads\/2022\/08\/logo-1.png\",\"width\":461,\"height\":159,\"caption\":\"CELTTV\"},\"image\":{\"@id\":\"https:\/\/www.celttv.com.ar\/#\/schema\/logo\/image\/\"}},{\"@type\":\"Person\",\"@id\":\"https:\/\/www.celttv.com.ar\/#\/schema\/person\/6d99c072dba59953809c81446e9d0ace\",\"name\":\"ulises\",\"image\":{\"@type\":\"ImageObject\",\"inLanguage\":\"es\",\"@id\":\"https:\/\/www.celttv.com.ar\/#\/schema\/person\/image\/\",\"url\":\"https:\/\/secure.gravatar.com\/avatar\/7f2c48bdc33b30088f941fb6082e555f2874c98e20cb159d7b92b50eadfce793?s=96&d=mm&r=g\",\"contentUrl\":\"https:\/\/secure.gravatar.com\/avatar\/7f2c48bdc33b30088f941fb6082e555f2874c98e20cb159d7b92b50eadfce793?s=96&d=mm&r=g\",\"caption\":\"ulises\"},\"sameAs\":[\"http:\/\/www.celttv.com.ar\"]}]}<\/script>\n<!-- \/ Yoast SEO plugin. -->","yoast_head_json":{"title":"FUTBOL: AUTOMOTO DUE\u00d1O DEL CLASICO (comentarios, goles, notas, reserva) - CELTTV","description":"Sitio web de noticias de la localidad de Tornquist, provincia de Buenos Aires, Rep\u00fablica Argentina. Contenido propio originado por periodistas de CELTTV, el canal de TV local de la Cooperativa El\u00e9ctrica de Tornquist. Turismo, Pol\u00edtica, Sociedad, Deporte, Cultura y todo el contenido de inter\u00e9s general que la gente del pueblo y la regi\u00f3n debe conocer.","robots":{"index":"index","follow":"follow","max-snippet":"max-snippet:-1","max-image-preview":"max-image-preview:large","max-video-preview":"max-video-preview:-1"},"canonical":"https:\/\/www.celttv.com.ar\/index.php\/2013\/05\/14\/futbol-automoto-dueno-del-clasico-comentarios-goles-notas-reserva\/","og_locale":"es_ES","og_type":"article","og_title":"FUTBOL: AUTOMOTO DUE\u00d1O DEL CLASICO (comentarios, goles, notas, reserva) - CELTTV","og_description":"Sitio web de noticias de la localidad de Tornquist, provincia de Buenos Aires, Rep\u00fablica Argentina. Contenido propio originado por periodistas de CELTTV, el canal de TV local de la Cooperativa El\u00e9ctrica de Tornquist. Turismo, Pol\u00edtica, Sociedad, Deporte, Cultura y todo el contenido de inter\u00e9s general que la gente del pueblo y la regi\u00f3n debe conocer.","og_url":"https:\/\/www.celttv.com.ar\/index.php\/2013\/05\/14\/futbol-automoto-dueno-del-clasico-comentarios-goles-notas-reserva\/","og_site_name":"CELTTV","article_publisher":"https:\/\/www.facebook.com\/celtTV\/","article_published_time":"2013-05-14T14:50:03+00:00","author":"ulises","twitter_card":"summary_large_image","twitter_misc":{"Escrito por":"ulises","Tiempo de lectura":"4 minutos"},"schema":{"@context":"https:\/\/schema.org","@graph":[{"@type":"NewsArticle","@id":"https:\/\/www.celttv.com.ar\/index.php\/2013\/05\/14\/futbol-automoto-dueno-del-clasico-comentarios-goles-notas-reserva\/#article","isPartOf":{"@id":"https:\/\/www.celttv.com.ar\/index.php\/2013\/05\/14\/futbol-automoto-dueno-del-clasico-comentarios-goles-notas-reserva\/"},"author":{"name":"ulises","@id":"https:\/\/www.celttv.com.ar\/#\/schema\/person\/6d99c072dba59953809c81446e9d0ace"},"headline":"FUTBOL: AUTOMOTO DUE\u00d1O DEL CLASICO (comentarios, goles, notas, reserva)","datePublished":"2013-05-14T14:50:03+00:00","dateModified":"2013-05-14T14:50:03+00:00","mainEntityOfPage":{"@id":"https:\/\/www.celttv.com.ar\/index.php\/2013\/05\/14\/futbol-automoto-dueno-del-clasico-comentarios-goles-notas-reserva\/"},"wordCount":752,"publisher":{"@id":"https:\/\/www.celttv.com.ar\/#organization"},"articleSection":["Deporte","Destacadas","Videos Destacados"],"inLanguage":"es"},{"@type":"WebPage","@id":"https:\/\/www.celttv.com.ar\/index.php\/2013\/05\/14\/futbol-automoto-dueno-del-clasico-comentarios-goles-notas-reserva\/","url":"https:\/\/www.celttv.com.ar\/index.php\/2013\/05\/14\/futbol-automoto-dueno-del-clasico-comentarios-goles-notas-reserva\/","name":"FUTBOL: AUTOMOTO DUE\u00d1O DEL CLASICO (comentarios, goles, notas, reserva) - CELTTV","isPartOf":{"@id":"https:\/\/www.celttv.com.ar\/#website"},"datePublished":"2013-05-14T14:50:03+00:00","dateModified":"2013-05-14T14:50:03+00:00","description":"Sitio web de noticias de la localidad de Tornquist, provincia de Buenos Aires, Rep\u00fablica Argentina. Contenido propio originado por periodistas de CELTTV, el canal de TV local de la Cooperativa El\u00e9ctrica de Tornquist. Turismo, Pol\u00edtica, Sociedad, Deporte, Cultura y todo el contenido de inter\u00e9s general que la gente del pueblo y la regi\u00f3n debe conocer.","breadcrumb":{"@id":"https:\/\/www.celttv.com.ar\/index.php\/2013\/05\/14\/futbol-automoto-dueno-del-clasico-comentarios-goles-notas-reserva\/#breadcrumb"},"inLanguage":"es","potentialAction":[{"@type":"ReadAction","target":["https:\/\/www.celttv.com.ar\/index.php\/2013\/05\/14\/futbol-automoto-dueno-del-clasico-comentarios-goles-notas-reserva\/"]}]},{"@type":"BreadcrumbList","@id":"https:\/\/www.celttv.com.ar\/index.php\/2013\/05\/14\/futbol-automoto-dueno-del-clasico-comentarios-goles-notas-reserva\/#breadcrumb","itemListElement":[{"@type":"ListItem","position":1,"name":"Inicio","item":"https:\/\/www.celttv.com.ar\/"},{"@type":"ListItem","position":2,"name":"FUTBOL: AUTOMOTO DUE\u00d1O DEL CLASICO (comentarios, goles, notas, reserva)"}]},{"@type":"WebSite","@id":"https:\/\/www.celttv.com.ar\/#website","url":"https:\/\/www.celttv.com.ar\/","name":"CELTTV","description":"Cooperativa El\u00e9ctrica de Tornquist","publisher":{"@id":"https:\/\/www.celttv.com.ar\/#organization"},"potentialAction":[{"@type":"SearchAction","target":{"@type":"EntryPoint","urlTemplate":"https:\/\/www.celttv.com.ar\/?s={search_term_string}"},"query-input":"required name=search_term_string"}],"inLanguage":"es"},{"@type":"Organization","@id":"https:\/\/www.celttv.com.ar\/#organization","name":"CELTTV","url":"https:\/\/www.celttv.com.ar\/","sameAs":["https:\/\/www.youtube.com\/channel\/UCz_oIt8Hig64Ub-EmcNPIhg","https:\/\/www.facebook.com\/celtTV\/"],"logo":{"@type":"ImageObject","inLanguage":"es","@id":"https:\/\/www.celttv.com.ar\/#\/schema\/logo\/image\/","url":"http:\/\/www.celttv.com.ar\/wp-content\/uploads\/2022\/08\/logo-1.png","contentUrl":"http:\/\/www.celttv.com.ar\/wp-content\/uploads\/2022\/08\/logo-1.png","width":461,"height":159,"caption":"CELTTV"},"image":{"@id":"https:\/\/www.celttv.com.ar\/#\/schema\/logo\/image\/"}},{"@type":"Person","@id":"https:\/\/www.celttv.com.ar\/#\/schema\/person\/6d99c072dba59953809c81446e9d0ace","name":"ulises","image":{"@type":"ImageObject","inLanguage":"es","@id":"https:\/\/www.celttv.com.ar\/#\/schema\/person\/image\/","url":"https:\/\/secure.gravatar.com\/avatar\/7f2c48bdc33b30088f941fb6082e555f2874c98e20cb159d7b92b50eadfce793?s=96&d=mm&r=g","contentUrl":"https:\/\/secure.gravatar.com\/avatar\/7f2c48bdc33b30088f941fb6082e555f2874c98e20cb159d7b92b50eadfce793?s=96&d=mm&r=g","caption":"ulises"},"sameAs":["http:\/\/www.celttv.com.ar"]}]}},"_links":{"self":[{"href":"https:\/\/www.celttv.com.ar\/index.php\/wp-json\/wp\/v2\/posts\/11527","targetHints":{"allow":["GET"]}}],"collection":[{"href":"https:\/\/www.celttv.com.ar\/index.php\/wp-json\/wp\/v2\/posts"}],"about":[{"href":"https:\/\/www.celttv.com.ar\/index.php\/wp-json\/wp\/v2\/types\/post"}],"author":[{"embeddable":true,"href":"https:\/\/www.celttv.com.ar\/index.php\/wp-json\/wp\/v2\/users\/1"}],"replies":[{"embeddable":true,"href":"https:\/\/www.celttv.com.ar\/index.php\/wp-json\/wp\/v2\/comments?post=11527"}],"version-history":[{"count":0,"href":"https:\/\/www.celttv.com.ar\/index.php\/wp-json\/wp\/v2\/posts\/11527\/revisions"}],"wp:attachment":[{"href":"https:\/\/www.celttv.com.ar\/index.php\/wp-json\/wp\/v2\/media?parent=11527"}],"wp:term":[{"taxonomy":"category","embeddable":true,"href":"https:\/\/www.celttv.com.ar\/index.php\/wp-json\/wp\/v2\/categories?post=11527"},{"taxonomy":"post_tag","embeddable":true,"href":"https:\/\/www.celttv.com.ar\/index.php\/wp-json\/wp\/v2\/tags?post=11527"}],"curies":[{"name":"wp","href":"https:\/\/api.w.org\/{rel}","templated":true}]}}