{"id":11542,"date":"2013-05-15T20:25:20","date_gmt":"2013-05-15T20:25:20","guid":{"rendered":"http:\/\/www.tvcnoticias.com.ar\/?p=11542"},"modified":"2013-05-15T20:25:20","modified_gmt":"2013-05-15T20:25:20","slug":"en-el-parque-tornquist-el-dia-de-las-reservas-y-parques-naturales-tuvo-su-festejo-fotos-videos-y-videoentrevistas","status":"publish","type":"post","link":"https:\/\/www.celttv.com.ar\/index.php\/2013\/05\/15\/en-el-parque-tornquist-el-dia-de-las-reservas-y-parques-naturales-tuvo-su-festejo-fotos-videos-y-videoentrevistas\/","title":{"rendered":"EN EL PARQUE TORNQUIST, EL DIA DE LAS RESERVAS Y PARQUES NATURALES TUVO SU FESTEJO (fotos, videos y videoentrevistas)"},"content":{"rendered":"<p><a href=\"http:\/\/www.youtube.com\/watch?v=901z95FVPhM\"><a href=\"http:\/\/www.youtube.com\/watch?v=901z95FVPhM\">httpv:\/\/www.youtube.com\/watch?v=901z95FVPhM<\/a><\/a><br \/>\n<a href=\"http:\/\/www.youtube.com\/watch?v=dUKS6A2O8sI\"><a href=\"http:\/\/www.youtube.com\/watch?v=dUKS6A2O8sI\">httpv:\/\/www.youtube.com\/watch?v=dUKS6A2O8sI<\/a><\/a><br \/>\n<a href=\"http:\/\/www.youtube.com\/watch?v=VhClJOpDNLc\"><a href=\"http:\/\/www.youtube.com\/watch?v=VhClJOpDNLc\">httpv:\/\/www.youtube.com\/watch?v=VhClJOpDNLc<\/a><\/a><br \/>\n<br \/>\nRodeado por el espectacular marco natural que entrega el Parque Provincial \u201cErnesto Tornquist\u201d, se desarroll\u00f3 ayer la celebraci\u00f3n por el D\u00eda de las Reservas y Parques Naturales de la Provincia de Buenos Aires.<br \/>\nDe los festejos participaron el director ejecutivo del Organismo Provincial para el Desarrollo Sostenible (OPDS), ingeniero Hugo Bilbao, y el intendente municipal, licenciado Gustavo Trankels.<br \/>\nTambi\u00e9n estuvieron presentes el coordinador ejecutivo para el Desarrollo Sostenible, la Planificaci\u00f3n Econ\u00f3mica Ambiental y el Desarrollo de Energ\u00edas Alternativas, licenciado Marcelo Ordo\u00f1ez; el director provincial de Residuos, Nahuel Paradela; el director de Areas Protegidas bonaerenses, Daniel Novoa; el subsecretario de Turismo provincial, Roberto D\u00edaz; la directora provincial de la rama Inicial de la Direcci\u00f3n General de Cultura y Educaci\u00f3n, Adriana Corral; integrantes de gabinete municipal, concejales, autoridades educativas, representantes de instituciones y guardaparques.<br \/>\n\u201cEsta fecha tiene mucho que ver con nuestro distrito y una actitud que tom\u00f3 la familia de Don Ernesto Tornquist en 1937, de destinar estas tierras con fines que, m\u00e1s all\u00e1 de que los paradigmas fueron cambiando, ten\u00edan que ver con la conservaci\u00f3n. Lo importante es c\u00f3mo, a trav\u00e9s del tiempo, se fueron sumando acciones muy importantes, que son el motivo que hoy nos vuelve a reunir: tratar de hacer todos los esfuerzos posibles para conservar la biodiversidad\u201d, coment\u00f3 el intendente Trankels.<br \/>\n\u201cPrincipalmente los funcionarios, pero tambi\u00e9n los vecinos, tenemos la gran responsabilidad de cuidar este ambiente natural, para que las generaciones futuras lo puedan disfrutar tanto como nosotros. Nuestro desaf\u00edo excede las fronteras del Parque Provincial, porque estamos convencidos que nuestro distrito est\u00e1 teniendo un desarrollo muy importante y el gran desaf\u00edo es que el mismo sea amigable con el medio ambiente\u201d, reclac\u00f3.<br \/>\nEl jefe comunal destac\u00f3 las acciones que, en ese sentido, se vienen llevando a cabo desde la administraci\u00f3n municipal, como los programas Puntos Limpios y Tu Manzana Recicla, el funcionamiento de la planta de reciclado de Saldungaray, la planta de RSU que se est\u00e1 construyendo en Tornquist y el reciclado del Tetra Pak.<br \/>\n\u201cQuer\u00eda agradecerle el compromiso a todos los presentes, en especial a los guardaparques, pero tambi\u00e9n a las instituciones que siempre colaboran y a Hugo Bilbao. M\u00e1s all\u00e1 de las pasiones, que muchas veces nos hace discutir fuertemente, lo importante es que todos estemos convencidos de que es necesario cuidar tanto la flora como la fauna\u201d, dijo.<br \/>\nEn ese sentido, Trankels destac\u00f3 y agradeci\u00f3 la pol\u00edtica medioambiental que se viene desplegando en los distintos niveles del Estado, a la presidenta Cristina Fern\u00e1ndez, al gobernador Daniel Scioli, al secretario de Ambiente y Desarrollo Sustentable de la Naci\u00f3n, Juan Jos\u00e9 Mussi, a Hugo Bilbao y a todas las instituciones y vecinos del distrito.<br \/>\nDurante el acto, se present\u00f3 el nuevo ploteo de las camionetas pertenecientes al \u00e1rea provincial, se entreg\u00f3 un tractor para corte de c\u00e9sped y se comprometi\u00f3 un aporte para la planta de RSU de la ciudad cabecera del distrito.<br \/>\n\u201cNo puedo dejar de recordar la figura de un hombre que fue sumamente importante, que con su bonhom\u00eda nos ense\u00f1\u00f3 que la pol\u00edtica es servicio y que podemos cometer muchos errores, menos no estar al lado de lo m\u00e1s vulnerables: el compa\u00f1ero Gerardo Rattero\u201d, asegur\u00f3 Bilbao.<br \/>\n\u201cEn el tema de la sustentabilidad, est\u00e1 claro que este es un distrito se\u00f1ero en el \u00e1mbito de la provincia de Buenos Aires. Sabemos que Gustavo es un intendente que est\u00e1 atento a los requerimientos de mejorar y poner en valor el Parque, que es una bendici\u00f3n de Dios\u201d, agreg\u00f3.<br \/>\nBilbao resalt\u00f3 que hace pocos d\u00edas firmaron un convenio con la directora general de Cultura y Educaci\u00f3n, Nora De Luc\u00eda, para incorporar en todos los niveles educativos temas relacionados con el medio ambiente, y elogi\u00f3 el programa de capacitaci\u00f3n de alojamientos sustentables.<br \/>\n\u201cCon esto conseguimos llevar a su m\u00e1xima expresi\u00f3n el control que debemos efectuar permanentemente en cualquier tipo de emprendimiento y satisfacemos una demanda cada vez mayor\u201d, consider\u00f3.<br \/>\nFinalmente, el funcionario cont\u00f3 que pr\u00f3ximamente enviar\u00e1n al Congreso provincial una nueva Ley de Ordenamiento Territorial de los Bosques Nativos.<br \/>\nLuego de las alocuciones, Bilbao, Trankels y Roberto D\u00edaz entregaron los certificados de alojamientos tur\u00edsticos sustentables a emprendimientos del distrito.<br \/>\nLa visita culmin\u00f3 con una recorrida por la f\u00e1brica de chapas elaboradas con el residuo de aluminio del tetra pak recuperado, propiedad del joven emprendedor local Franco Bolletta, y la visita al predio donde se ubica la planta de RSU de la ciudad cabecera.<br \/>\n&nbsp;<br \/>\n&nbsp;<\/p>\n","protected":false},"excerpt":{"rendered":"<p>httpv:\/\/www.youtube.com\/watch?v=901z95FVPhM httpv:\/\/www.youtube.com\/watch?v=dUKS6A2O8sI httpv:\/\/www.youtube.com\/watch?v=VhClJOpDNLc Rodeado por el espectacular marco natural que entrega el Parque Provincial \u201cErnesto Tornquist\u201d, se desarroll\u00f3 ayer la celebraci\u00f3n por el D\u00eda de las Reservas y Parques Naturales de la Provincia de Buenos Aires. De los festejos participaron el director ejecutivo del Organismo Provincial para el Desarrollo Sostenible (OPDS), ingeniero Hugo Bilbao, y [&hellip;]<\/p>\n","protected":false},"author":1,"featured_media":0,"comment_status":"closed","ping_status":"open","sticky":false,"template":"","format":"standard","meta":{"footnotes":""},"categories":[51,52,53,64],"tags":[],"class_list":["post-11542","post","type-post","status-publish","format-standard","hentry","category-comunidad","category-destacadas","category-politica","category-videos-destacados"],"yoast_head":"<!-- This site is optimized with the Yoast SEO plugin v19.7.1 - https:\/\/yoast.com\/wordpress\/plugins\/seo\/ -->\n<title>EN EL PARQUE TORNQUIST, EL DIA DE LAS RESERVAS Y PARQUES NATURALES TUVO SU FESTEJO (fotos, videos y videoentrevistas) - CELTTV<\/title>\n<meta name=\"description\" content=\"Sitio web de noticias de la localidad de Tornquist, provincia de Buenos Aires, Rep\u00fablica Argentina. Contenido propio originado por periodistas de CELTTV, el canal de TV local de la Cooperativa El\u00e9ctrica de Tornquist. Turismo, Pol\u00edtica, Sociedad, Deporte, Cultura y todo el contenido de inter\u00e9s general que la gente del pueblo y la regi\u00f3n debe conocer.\" \/>\n<meta name=\"robots\" content=\"index, follow, max-snippet:-1, max-image-preview:large, max-video-preview:-1\" \/>\n<link rel=\"canonical\" href=\"https:\/\/www.celttv.com.ar\/index.php\/2013\/05\/15\/en-el-parque-tornquist-el-dia-de-las-reservas-y-parques-naturales-tuvo-su-festejo-fotos-videos-y-videoentrevistas\/\" \/>\n<meta property=\"og:locale\" content=\"es_ES\" \/>\n<meta property=\"og:type\" content=\"article\" \/>\n<meta property=\"og:title\" content=\"EN EL PARQUE TORNQUIST, EL DIA DE LAS RESERVAS Y PARQUES NATURALES TUVO SU FESTEJO (fotos, videos y videoentrevistas) - CELTTV\" \/>\n<meta property=\"og:description\" content=\"Sitio web de noticias de la localidad de Tornquist, provincia de Buenos Aires, Rep\u00fablica Argentina. Contenido propio originado por periodistas de CELTTV, el canal de TV local de la Cooperativa El\u00e9ctrica de Tornquist. Turismo, Pol\u00edtica, Sociedad, Deporte, Cultura y todo el contenido de inter\u00e9s general que la gente del pueblo y la regi\u00f3n debe conocer.\" \/>\n<meta property=\"og:url\" content=\"https:\/\/www.celttv.com.ar\/index.php\/2013\/05\/15\/en-el-parque-tornquist-el-dia-de-las-reservas-y-parques-naturales-tuvo-su-festejo-fotos-videos-y-videoentrevistas\/\" \/>\n<meta property=\"og:site_name\" content=\"CELTTV\" \/>\n<meta property=\"article:publisher\" content=\"https:\/\/www.facebook.com\/celtTV\/\" \/>\n<meta property=\"article:published_time\" content=\"2013-05-15T20:25:20+00:00\" \/>\n<meta name=\"author\" content=\"ulises\" \/>\n<meta name=\"twitter:card\" content=\"summary_large_image\" \/>\n<meta name=\"twitter:label1\" content=\"Escrito por\" \/>\n\t<meta name=\"twitter:data1\" content=\"ulises\" \/>\n\t<meta name=\"twitter:label2\" content=\"Tiempo de lectura\" \/>\n\t<meta name=\"twitter:data2\" content=\"4 minutos\" \/>\n<script type=\"application\/ld+json\" class=\"yoast-schema-graph\">{\"@context\":\"https:\/\/schema.org\",\"@graph\":[{\"@type\":\"NewsArticle\",\"@id\":\"https:\/\/www.celttv.com.ar\/index.php\/2013\/05\/15\/en-el-parque-tornquist-el-dia-de-las-reservas-y-parques-naturales-tuvo-su-festejo-fotos-videos-y-videoentrevistas\/#article\",\"isPartOf\":{\"@id\":\"https:\/\/www.celttv.com.ar\/index.php\/2013\/05\/15\/en-el-parque-tornquist-el-dia-de-las-reservas-y-parques-naturales-tuvo-su-festejo-fotos-videos-y-videoentrevistas\/\"},\"author\":{\"name\":\"ulises\",\"@id\":\"https:\/\/www.celttv.com.ar\/#\/schema\/person\/6d99c072dba59953809c81446e9d0ace\"},\"headline\":\"EN EL PARQUE TORNQUIST, EL DIA DE LAS RESERVAS Y PARQUES NATURALES TUVO SU FESTEJO (fotos, videos y videoentrevistas)\",\"datePublished\":\"2013-05-15T20:25:20+00:00\",\"dateModified\":\"2013-05-15T20:25:20+00:00\",\"mainEntityOfPage\":{\"@id\":\"https:\/\/www.celttv.com.ar\/index.php\/2013\/05\/15\/en-el-parque-tornquist-el-dia-de-las-reservas-y-parques-naturales-tuvo-su-festejo-fotos-videos-y-videoentrevistas\/\"},\"wordCount\":819,\"publisher\":{\"@id\":\"https:\/\/www.celttv.com.ar\/#organization\"},\"articleSection\":[\"Comunidad\",\"Destacadas\",\"Pol\u00edtica\",\"Videos Destacados\"],\"inLanguage\":\"es\"},{\"@type\":\"WebPage\",\"@id\":\"https:\/\/www.celttv.com.ar\/index.php\/2013\/05\/15\/en-el-parque-tornquist-el-dia-de-las-reservas-y-parques-naturales-tuvo-su-festejo-fotos-videos-y-videoentrevistas\/\",\"url\":\"https:\/\/www.celttv.com.ar\/index.php\/2013\/05\/15\/en-el-parque-tornquist-el-dia-de-las-reservas-y-parques-naturales-tuvo-su-festejo-fotos-videos-y-videoentrevistas\/\",\"name\":\"EN EL PARQUE TORNQUIST, EL DIA DE LAS RESERVAS Y PARQUES NATURALES TUVO SU FESTEJO (fotos, videos y videoentrevistas) - CELTTV\",\"isPartOf\":{\"@id\":\"https:\/\/www.celttv.com.ar\/#website\"},\"datePublished\":\"2013-05-15T20:25:20+00:00\",\"dateModified\":\"2013-05-15T20:25:20+00:00\",\"description\":\"Sitio web de noticias de la localidad de Tornquist, provincia de Buenos Aires, Rep\u00fablica Argentina. Contenido propio originado por periodistas de CELTTV, el canal de TV local de la Cooperativa El\u00e9ctrica de Tornquist. Turismo, Pol\u00edtica, Sociedad, Deporte, Cultura y todo el contenido de inter\u00e9s general que la gente del pueblo y la regi\u00f3n debe conocer.\",\"breadcrumb\":{\"@id\":\"https:\/\/www.celttv.com.ar\/index.php\/2013\/05\/15\/en-el-parque-tornquist-el-dia-de-las-reservas-y-parques-naturales-tuvo-su-festejo-fotos-videos-y-videoentrevistas\/#breadcrumb\"},\"inLanguage\":\"es\",\"potentialAction\":[{\"@type\":\"ReadAction\",\"target\":[\"https:\/\/www.celttv.com.ar\/index.php\/2013\/05\/15\/en-el-parque-tornquist-el-dia-de-las-reservas-y-parques-naturales-tuvo-su-festejo-fotos-videos-y-videoentrevistas\/\"]}]},{\"@type\":\"BreadcrumbList\",\"@id\":\"https:\/\/www.celttv.com.ar\/index.php\/2013\/05\/15\/en-el-parque-tornquist-el-dia-de-las-reservas-y-parques-naturales-tuvo-su-festejo-fotos-videos-y-videoentrevistas\/#breadcrumb\",\"itemListElement\":[{\"@type\":\"ListItem\",\"position\":1,\"name\":\"Inicio\",\"item\":\"https:\/\/www.celttv.com.ar\/\"},{\"@type\":\"ListItem\",\"position\":2,\"name\":\"EN EL PARQUE TORNQUIST, EL DIA DE LAS RESERVAS Y PARQUES NATURALES TUVO SU FESTEJO (fotos, videos y videoentrevistas)\"}]},{\"@type\":\"WebSite\",\"@id\":\"https:\/\/www.celttv.com.ar\/#website\",\"url\":\"https:\/\/www.celttv.com.ar\/\",\"name\":\"CELTTV\",\"description\":\"Cooperativa El\u00e9ctrica de Tornquist\",\"publisher\":{\"@id\":\"https:\/\/www.celttv.com.ar\/#organization\"},\"potentialAction\":[{\"@type\":\"SearchAction\",\"target\":{\"@type\":\"EntryPoint\",\"urlTemplate\":\"https:\/\/www.celttv.com.ar\/?s={search_term_string}\"},\"query-input\":\"required name=search_term_string\"}],\"inLanguage\":\"es\"},{\"@type\":\"Organization\",\"@id\":\"https:\/\/www.celttv.com.ar\/#organization\",\"name\":\"CELTTV\",\"url\":\"https:\/\/www.celttv.com.ar\/\",\"sameAs\":[\"https:\/\/www.youtube.com\/channel\/UCz_oIt8Hig64Ub-EmcNPIhg\",\"https:\/\/www.facebook.com\/celtTV\/\"],\"logo\":{\"@type\":\"ImageObject\",\"inLanguage\":\"es\",\"@id\":\"https:\/\/www.celttv.com.ar\/#\/schema\/logo\/image\/\",\"url\":\"http:\/\/www.celttv.com.ar\/wp-content\/uploads\/2022\/08\/logo-1.png\",\"contentUrl\":\"http:\/\/www.celttv.com.ar\/wp-content\/uploads\/2022\/08\/logo-1.png\",\"width\":461,\"height\":159,\"caption\":\"CELTTV\"},\"image\":{\"@id\":\"https:\/\/www.celttv.com.ar\/#\/schema\/logo\/image\/\"}},{\"@type\":\"Person\",\"@id\":\"https:\/\/www.celttv.com.ar\/#\/schema\/person\/6d99c072dba59953809c81446e9d0ace\",\"name\":\"ulises\",\"image\":{\"@type\":\"ImageObject\",\"inLanguage\":\"es\",\"@id\":\"https:\/\/www.celttv.com.ar\/#\/schema\/person\/image\/\",\"url\":\"https:\/\/secure.gravatar.com\/avatar\/7f2c48bdc33b30088f941fb6082e555f2874c98e20cb159d7b92b50eadfce793?s=96&d=mm&r=g\",\"contentUrl\":\"https:\/\/secure.gravatar.com\/avatar\/7f2c48bdc33b30088f941fb6082e555f2874c98e20cb159d7b92b50eadfce793?s=96&d=mm&r=g\",\"caption\":\"ulises\"},\"sameAs\":[\"http:\/\/www.celttv.com.ar\"]}]}<\/script>\n<!-- \/ Yoast SEO plugin. -->","yoast_head_json":{"title":"EN EL PARQUE TORNQUIST, EL DIA DE LAS RESERVAS Y PARQUES NATURALES TUVO SU FESTEJO (fotos, videos y videoentrevistas) - CELTTV","description":"Sitio web de noticias de la localidad de Tornquist, provincia de Buenos Aires, Rep\u00fablica Argentina. Contenido propio originado por periodistas de CELTTV, el canal de TV local de la Cooperativa El\u00e9ctrica de Tornquist. Turismo, Pol\u00edtica, Sociedad, Deporte, Cultura y todo el contenido de inter\u00e9s general que la gente del pueblo y la regi\u00f3n debe conocer.","robots":{"index":"index","follow":"follow","max-snippet":"max-snippet:-1","max-image-preview":"max-image-preview:large","max-video-preview":"max-video-preview:-1"},"canonical":"https:\/\/www.celttv.com.ar\/index.php\/2013\/05\/15\/en-el-parque-tornquist-el-dia-de-las-reservas-y-parques-naturales-tuvo-su-festejo-fotos-videos-y-videoentrevistas\/","og_locale":"es_ES","og_type":"article","og_title":"EN EL PARQUE TORNQUIST, EL DIA DE LAS RESERVAS Y PARQUES NATURALES TUVO SU FESTEJO (fotos, videos y videoentrevistas) - CELTTV","og_description":"Sitio web de noticias de la localidad de Tornquist, provincia de Buenos Aires, Rep\u00fablica Argentina. Contenido propio originado por periodistas de CELTTV, el canal de TV local de la Cooperativa El\u00e9ctrica de Tornquist. Turismo, Pol\u00edtica, Sociedad, Deporte, Cultura y todo el contenido de inter\u00e9s general que la gente del pueblo y la regi\u00f3n debe conocer.","og_url":"https:\/\/www.celttv.com.ar\/index.php\/2013\/05\/15\/en-el-parque-tornquist-el-dia-de-las-reservas-y-parques-naturales-tuvo-su-festejo-fotos-videos-y-videoentrevistas\/","og_site_name":"CELTTV","article_publisher":"https:\/\/www.facebook.com\/celtTV\/","article_published_time":"2013-05-15T20:25:20+00:00","author":"ulises","twitter_card":"summary_large_image","twitter_misc":{"Escrito por":"ulises","Tiempo de lectura":"4 minutos"},"schema":{"@context":"https:\/\/schema.org","@graph":[{"@type":"NewsArticle","@id":"https:\/\/www.celttv.com.ar\/index.php\/2013\/05\/15\/en-el-parque-tornquist-el-dia-de-las-reservas-y-parques-naturales-tuvo-su-festejo-fotos-videos-y-videoentrevistas\/#article","isPartOf":{"@id":"https:\/\/www.celttv.com.ar\/index.php\/2013\/05\/15\/en-el-parque-tornquist-el-dia-de-las-reservas-y-parques-naturales-tuvo-su-festejo-fotos-videos-y-videoentrevistas\/"},"author":{"name":"ulises","@id":"https:\/\/www.celttv.com.ar\/#\/schema\/person\/6d99c072dba59953809c81446e9d0ace"},"headline":"EN EL PARQUE TORNQUIST, EL DIA DE LAS RESERVAS Y PARQUES NATURALES TUVO SU FESTEJO (fotos, videos y videoentrevistas)","datePublished":"2013-05-15T20:25:20+00:00","dateModified":"2013-05-15T20:25:20+00:00","mainEntityOfPage":{"@id":"https:\/\/www.celttv.com.ar\/index.php\/2013\/05\/15\/en-el-parque-tornquist-el-dia-de-las-reservas-y-parques-naturales-tuvo-su-festejo-fotos-videos-y-videoentrevistas\/"},"wordCount":819,"publisher":{"@id":"https:\/\/www.celttv.com.ar\/#organization"},"articleSection":["Comunidad","Destacadas","Pol\u00edtica","Videos Destacados"],"inLanguage":"es"},{"@type":"WebPage","@id":"https:\/\/www.celttv.com.ar\/index.php\/2013\/05\/15\/en-el-parque-tornquist-el-dia-de-las-reservas-y-parques-naturales-tuvo-su-festejo-fotos-videos-y-videoentrevistas\/","url":"https:\/\/www.celttv.com.ar\/index.php\/2013\/05\/15\/en-el-parque-tornquist-el-dia-de-las-reservas-y-parques-naturales-tuvo-su-festejo-fotos-videos-y-videoentrevistas\/","name":"EN EL PARQUE TORNQUIST, EL DIA DE LAS RESERVAS Y PARQUES NATURALES TUVO SU FESTEJO (fotos, videos y videoentrevistas) - CELTTV","isPartOf":{"@id":"https:\/\/www.celttv.com.ar\/#website"},"datePublished":"2013-05-15T20:25:20+00:00","dateModified":"2013-05-15T20:25:20+00:00","description":"Sitio web de noticias de la localidad de Tornquist, provincia de Buenos Aires, Rep\u00fablica Argentina. Contenido propio originado por periodistas de CELTTV, el canal de TV local de la Cooperativa El\u00e9ctrica de Tornquist. Turismo, Pol\u00edtica, Sociedad, Deporte, Cultura y todo el contenido de inter\u00e9s general que la gente del pueblo y la regi\u00f3n debe conocer.","breadcrumb":{"@id":"https:\/\/www.celttv.com.ar\/index.php\/2013\/05\/15\/en-el-parque-tornquist-el-dia-de-las-reservas-y-parques-naturales-tuvo-su-festejo-fotos-videos-y-videoentrevistas\/#breadcrumb"},"inLanguage":"es","potentialAction":[{"@type":"ReadAction","target":["https:\/\/www.celttv.com.ar\/index.php\/2013\/05\/15\/en-el-parque-tornquist-el-dia-de-las-reservas-y-parques-naturales-tuvo-su-festejo-fotos-videos-y-videoentrevistas\/"]}]},{"@type":"BreadcrumbList","@id":"https:\/\/www.celttv.com.ar\/index.php\/2013\/05\/15\/en-el-parque-tornquist-el-dia-de-las-reservas-y-parques-naturales-tuvo-su-festejo-fotos-videos-y-videoentrevistas\/#breadcrumb","itemListElement":[{"@type":"ListItem","position":1,"name":"Inicio","item":"https:\/\/www.celttv.com.ar\/"},{"@type":"ListItem","position":2,"name":"EN EL PARQUE TORNQUIST, EL DIA DE LAS RESERVAS Y PARQUES NATURALES TUVO SU FESTEJO (fotos, videos y videoentrevistas)"}]},{"@type":"WebSite","@id":"https:\/\/www.celttv.com.ar\/#website","url":"https:\/\/www.celttv.com.ar\/","name":"CELTTV","description":"Cooperativa El\u00e9ctrica de Tornquist","publisher":{"@id":"https:\/\/www.celttv.com.ar\/#organization"},"potentialAction":[{"@type":"SearchAction","target":{"@type":"EntryPoint","urlTemplate":"https:\/\/www.celttv.com.ar\/?s={search_term_string}"},"query-input":"required name=search_term_string"}],"inLanguage":"es"},{"@type":"Organization","@id":"https:\/\/www.celttv.com.ar\/#organization","name":"CELTTV","url":"https:\/\/www.celttv.com.ar\/","sameAs":["https:\/\/www.youtube.com\/channel\/UCz_oIt8Hig64Ub-EmcNPIhg","https:\/\/www.facebook.com\/celtTV\/"],"logo":{"@type":"ImageObject","inLanguage":"es","@id":"https:\/\/www.celttv.com.ar\/#\/schema\/logo\/image\/","url":"http:\/\/www.celttv.com.ar\/wp-content\/uploads\/2022\/08\/logo-1.png","contentUrl":"http:\/\/www.celttv.com.ar\/wp-content\/uploads\/2022\/08\/logo-1.png","width":461,"height":159,"caption":"CELTTV"},"image":{"@id":"https:\/\/www.celttv.com.ar\/#\/schema\/logo\/image\/"}},{"@type":"Person","@id":"https:\/\/www.celttv.com.ar\/#\/schema\/person\/6d99c072dba59953809c81446e9d0ace","name":"ulises","image":{"@type":"ImageObject","inLanguage":"es","@id":"https:\/\/www.celttv.com.ar\/#\/schema\/person\/image\/","url":"https:\/\/secure.gravatar.com\/avatar\/7f2c48bdc33b30088f941fb6082e555f2874c98e20cb159d7b92b50eadfce793?s=96&d=mm&r=g","contentUrl":"https:\/\/secure.gravatar.com\/avatar\/7f2c48bdc33b30088f941fb6082e555f2874c98e20cb159d7b92b50eadfce793?s=96&d=mm&r=g","caption":"ulises"},"sameAs":["http:\/\/www.celttv.com.ar"]}]}},"_links":{"self":[{"href":"https:\/\/www.celttv.com.ar\/index.php\/wp-json\/wp\/v2\/posts\/11542","targetHints":{"allow":["GET"]}}],"collection":[{"href":"https:\/\/www.celttv.com.ar\/index.php\/wp-json\/wp\/v2\/posts"}],"about":[{"href":"https:\/\/www.celttv.com.ar\/index.php\/wp-json\/wp\/v2\/types\/post"}],"author":[{"embeddable":true,"href":"https:\/\/www.celttv.com.ar\/index.php\/wp-json\/wp\/v2\/users\/1"}],"replies":[{"embeddable":true,"href":"https:\/\/www.celttv.com.ar\/index.php\/wp-json\/wp\/v2\/comments?post=11542"}],"version-history":[{"count":0,"href":"https:\/\/www.celttv.com.ar\/index.php\/wp-json\/wp\/v2\/posts\/11542\/revisions"}],"wp:attachment":[{"href":"https:\/\/www.celttv.com.ar\/index.php\/wp-json\/wp\/v2\/media?parent=11542"}],"wp:term":[{"taxonomy":"category","embeddable":true,"href":"https:\/\/www.celttv.com.ar\/index.php\/wp-json\/wp\/v2\/categories?post=11542"},{"taxonomy":"post_tag","embeddable":true,"href":"https:\/\/www.celttv.com.ar\/index.php\/wp-json\/wp\/v2\/tags?post=11542"}],"curies":[{"name":"wp","href":"https:\/\/api.w.org\/{rel}","templated":true}]}}