{"id":11566,"date":"2013-05-15T23:22:12","date_gmt":"2013-05-15T23:22:12","guid":{"rendered":"http:\/\/www.tvcnoticias.com.ar\/?p=11566"},"modified":"2013-05-15T23:22:12","modified_gmt":"2013-05-15T23:22:12","slug":"importantes-muestras-de-fe-en-la-peregrinacion-al-santuario-de-fatima-imagenes","status":"publish","type":"post","link":"https:\/\/www.celttv.com.ar\/index.php\/2013\/05\/15\/importantes-muestras-de-fe-en-la-peregrinacion-al-santuario-de-fatima-imagenes\/","title":{"rendered":"IMPORTANTES MUESTRAS DE FE EN LA PEREGRINACION AL SANTUARIO DE FATIMA (im\u00e1genes)"},"content":{"rendered":"<p><a href=\"http:\/\/www.youtube.com\/watch?v=G9VlsXOgeO4\"><a href=\"http:\/\/www.youtube.com\/watch?v=G9VlsXOgeO4\">httpv:\/\/www.youtube.com\/watch?v=G9VlsXOgeO4<\/a><\/a><br \/>\nCon gran \u00e9xito se llev\u00f3 a cabo la 27\u00ba peregrinaci\u00f3n al Santuario de Nuestra Se\u00f1ora de F\u00e1tima, ubicada en Villa Serrana La Gruta.<br \/>\nEn una ma\u00f1ana soleada y con fieles procedentes de distintos puntos del pa\u00eds, la peregrinaci\u00f3n hizo vivir momentos de gran emoci\u00f3n a grandes y chicos que se acercaron con el prop\u00f3sito de participar de la Santa Misa y de poder realizar, al pie de la imagen de Nuestra Se\u00f1ora de F\u00e1tima, las peticiones y agradecimientos correspondientes.<br \/>\nLa Santa Misa fue presidida por monse\u00f1or Guillermo Garlatti y concelebrada con el p\u00e1rroco de Tornquist, Norberto L\u00f3pez y sacerdotes de la colectividad portuguesa y de la regi\u00f3n.<br \/>\n\u201cNosotros estamos invitados a unirnos a todos los obispos reunidos hoy (por ayer) en Portugal junto con el Patriarca Policarpo para consagrar a la Virgen de F\u00e1tima al Papa Francisco y a su ministerio pastoral. Con piedad, fe, confianza y un coraz\u00f3n lleno de alegr\u00eda le pedimos al Se\u00f1or que conserve, ilumine y guie al Papa para que se entregue a su ministerio\u201d, manifest\u00f3 ayer monse\u00f1or Garlatti.<br \/>\n\u201cEstamos viviendo el a\u00f1o de la fe, la misma que recibimos en el bautismo y que se consolida en nuestros corazones en la confirmaci\u00f3n. Debemos retenerla fielmente para que ilumine nuestros pasos en todos los \u00e1mbitos donde nosotros estemos presentes, sino que tambi\u00e9n nos comprometemos como cristianos a comunicarla a nuestros hermanos\u201d, agreg\u00f3.<br \/>\nAsimismo, se\u00f1al\u00f3 que el verdadero cristiano debe sentirse disc\u00edpulo de Cristo en la acci\u00f3n cotidiana de llevar la palabra de Dios a todos lados y durante toda la vida.<br \/>\n\u201cLos cristianos debemos estar en estado de misi\u00f3n permanente, eso es lo que nos pide nuestro Papa Francisco. Es necesario salir a las periferias geogr\u00e1ficas y tambi\u00e9n a las del coraz\u00f3n porque hay muchos barrios y vecinos que est\u00e1n esperando la visita del pueblo misionero cristiano\u201d, enfatiz\u00f3.<br \/>\n\u201cPidamos a la Virgen de F\u00e1tima por todos los cristianos que est\u00e1n aqu\u00ed, en la Argentina y el mundo para que nos proteja y nos mantenga firme en la fe a trav\u00e9s de la oraci\u00f3n y la conversi\u00f3n personal\u201d, asever\u00f3.<br \/>\nUna vez finalizada la Santa Misa, trasladaron la imagen de F\u00e1tima por el amplio predio del Santuario, mientras los peregrinos, con l\u00e1grimas en sus ojos, agitando sus pa\u00f1uelos y arrojando p\u00e9talos de flores al paso de la Virgen, marc\u00f3 uno de los momentos m\u00e1s emotivos de la jornada.<br \/>\n<strong>PROCESI\u00d3N<\/strong>. La actividad comenz\u00f3 durante el atardecer del s\u00e1bado con la tradicional peregrinaci\u00f3n al Santuario de F\u00e1tima, la cual reuni\u00f3 alrededor de 1500 personas que portaron velas en sus manos (ofreciendo un marco espectacular para quienes transitaban por la ruta 76), mientras acompa\u00f1aban el trayecto de la Virgen por distintas calles de la villa serrana.<br \/>\nEl fri\u00f3 atardecer, no impidi\u00f3 que los peregrinos marcharan por las calles rezando y cantando hasta que la imagen lleg\u00f3 hasta la iglesia ubicada en la cima de un cerro, donde posteriormente se celebr\u00f3 una misa.<br \/>\n<strong>TESTIMONIOS.<\/strong><br \/>\n\u201cHace varios a\u00f1os que vengo junto a mi familia y amigas. Mi t\u00eda fue una de las precursoras de este lugar y una de mis hermanas es integrante del coro que, cada a\u00f1o, alegra esta peregrinaci\u00f3n con sus canciones.\u00a0\u00a0Este lugar ha evolucionado a trav\u00e9s de los a\u00f1os y cada vez est\u00e1 m\u00e1s lindo. Vengo a agradecerle a nuestra Madre del Cielo, a pedirle y tambi\u00e9n a cumplir una promesa que ten\u00eda desde hace algunos a\u00f1os atr\u00e1s\u201d.\u00a0\u00a0\u00a0<strong>Mar\u00eda Dolores,\u00a0\u00a0de Merlo.<\/strong><br \/>\n\u201cCuando participas de la peregrinaci\u00f3n sent\u00eds cosas muy lindas en el coraz\u00f3n. Cada a\u00f1o que vengo se vive de una manera especial. Soy portuguesa y tener a Nuestra Se\u00f1ora de F\u00e1tima en este lugar es algo maravilloso que me emociona mucho. Recuerdo que en los comienzos en el Santuario no hab\u00eda nada y deb\u00edamos ir trepando el cerro. Hoy, no solo creci\u00f3 en comodidades, sino que se construy\u00f3 una iglesia\u201d.\u00a0<strong>Mar\u00eda, de Libertad.<\/strong><br \/>\n\u201cEs la tercer peregrinaci\u00f3n a la que asisto y la primera vez que form\u00e9 parte de la peregrinaci\u00f3n de velas acompa\u00f1ando a la Virgen. Este lugar es hermoso, m\u00edstico y se vive cada experiencia con mucha intensidad. Me acompa\u00f1aron mi esposo y un grupo de amigos. Primero vengo a agradecerle a nuestra Madre por todo lo que nos brinda y luego a pedir por quienes m\u00e1s necesitan\u201d.\u00a0<strong>Teresa, de Pig\u00fc\u00e9.<\/strong><br \/>\n\u201cVengo a compartir un momento de fe con mis amigos a agradecer y tambi\u00e9n a pedirle a nuestra Madre. Todos somos protegidos por el manto de la Virgen y debemos abrir el coraz\u00f3n para dejarnos cuidar y amar. Yo siento que la Virgen siempre me protege, me cuida y me gu\u00eda en cualquier lugar en el que me encuentre. Conf\u00edo en ella y en su hijo Jes\u00fas<strong>\u201d.\u00a0\u00a0Mirta, de Buenos Aires.<\/strong><br \/>\n\u201cVenir a este lugar es ingresar al coraz\u00f3n de nuestra Madre del Cielo. Ella nos abre sus puertas y las gracias que recibimos ac\u00e1 son las conversiones interiores. La gente de la regi\u00f3n tiene que saber que La Gruta se ha transformado en un im\u00e1n para los peregrinos y debemos estar dispuestos a sentir el calor de la Madre y la fuerza espiritual que ella nos transmite. La fe es el regalo que Dios nos dio y aqu\u00ed queda demostrado con la presencia de cada uno de los fieles\u201d.\u00a0<strong>Aldo, de Pig\u00fc\u00e9.<\/strong><br \/>\n\u201cSoy paraguayo y hace dos a\u00f1os que tengo la posibilidad de participar de la peregrinaci\u00f3n junto a mi familia y unos amigos. Desde los 15 a\u00f1os que soy devoto de Nuestra Se\u00f1ora de F\u00e1tima y, con los a\u00f1os, tambi\u00e9n se aferraron al amor de nuestra Madre mis hijos. Debemos confiar en ella. Vengo a pedir para que los j\u00f3venes se alejen de las drogas, de la violencia y para que haya paz social en nuestro pa\u00eds, en la Argentina y en el mundo. Debemos abrir nuestro coraz\u00f3n y saber que nuestras vidas cambiar\u00e1n para mejor si caminamos junto a Dios y la Virgen.\u00a0\u00a0\u00a0<strong>Roberto, de Benito Ju\u00e1rez.<\/strong><br \/>\nRODRIGO SGAMMINI &#8211; LNP<br \/>\n&nbsp;<\/p>\n","protected":false},"excerpt":{"rendered":"<p>httpv:\/\/www.youtube.com\/watch?v=G9VlsXOgeO4 Con gran \u00e9xito se llev\u00f3 a cabo la 27\u00ba peregrinaci\u00f3n al Santuario de Nuestra Se\u00f1ora de F\u00e1tima, ubicada en Villa Serrana La Gruta. En una ma\u00f1ana soleada y con fieles procedentes de distintos puntos del pa\u00eds, la peregrinaci\u00f3n hizo vivir momentos de gran emoci\u00f3n a grandes y chicos que se acercaron con el prop\u00f3sito [&hellip;]<\/p>\n","protected":false},"author":1,"featured_media":0,"comment_status":"closed","ping_status":"open","sticky":false,"template":"","format":"standard","meta":{"footnotes":""},"categories":[51,52,64],"tags":[],"class_list":["post-11566","post","type-post","status-publish","format-standard","hentry","category-comunidad","category-destacadas","category-videos-destacados"],"yoast_head":"<!-- This site is optimized with the Yoast SEO plugin v19.7.1 - https:\/\/yoast.com\/wordpress\/plugins\/seo\/ -->\n<title>IMPORTANTES MUESTRAS DE FE EN LA PEREGRINACION AL SANTUARIO DE FATIMA (im\u00e1genes) - CELTTV<\/title>\n<meta name=\"description\" content=\"Sitio web de noticias de la localidad de Tornquist, provincia de Buenos Aires, Rep\u00fablica Argentina. Contenido propio originado por periodistas de CELTTV, el canal de TV local de la Cooperativa El\u00e9ctrica de Tornquist. Turismo, Pol\u00edtica, Sociedad, Deporte, Cultura y todo el contenido de inter\u00e9s general que la gente del pueblo y la regi\u00f3n debe conocer.\" \/>\n<meta name=\"robots\" content=\"index, follow, max-snippet:-1, max-image-preview:large, max-video-preview:-1\" \/>\n<link rel=\"canonical\" href=\"https:\/\/www.celttv.com.ar\/index.php\/2013\/05\/15\/importantes-muestras-de-fe-en-la-peregrinacion-al-santuario-de-fatima-imagenes\/\" \/>\n<meta property=\"og:locale\" content=\"es_ES\" \/>\n<meta property=\"og:type\" content=\"article\" \/>\n<meta property=\"og:title\" content=\"IMPORTANTES MUESTRAS DE FE EN LA PEREGRINACION AL SANTUARIO DE FATIMA (im\u00e1genes) - CELTTV\" \/>\n<meta property=\"og:description\" content=\"Sitio web de noticias de la localidad de Tornquist, provincia de Buenos Aires, Rep\u00fablica Argentina. Contenido propio originado por periodistas de CELTTV, el canal de TV local de la Cooperativa El\u00e9ctrica de Tornquist. Turismo, Pol\u00edtica, Sociedad, Deporte, Cultura y todo el contenido de inter\u00e9s general que la gente del pueblo y la regi\u00f3n debe conocer.\" \/>\n<meta property=\"og:url\" content=\"https:\/\/www.celttv.com.ar\/index.php\/2013\/05\/15\/importantes-muestras-de-fe-en-la-peregrinacion-al-santuario-de-fatima-imagenes\/\" \/>\n<meta property=\"og:site_name\" content=\"CELTTV\" \/>\n<meta property=\"article:publisher\" content=\"https:\/\/www.facebook.com\/celtTV\/\" \/>\n<meta property=\"article:published_time\" content=\"2013-05-15T23:22:12+00:00\" \/>\n<meta name=\"author\" content=\"ulises\" \/>\n<meta name=\"twitter:card\" content=\"summary_large_image\" \/>\n<meta name=\"twitter:label1\" content=\"Escrito por\" \/>\n\t<meta name=\"twitter:data1\" content=\"ulises\" \/>\n\t<meta name=\"twitter:label2\" content=\"Tiempo de lectura\" \/>\n\t<meta name=\"twitter:data2\" content=\"5 minutos\" \/>\n<script type=\"application\/ld+json\" class=\"yoast-schema-graph\">{\"@context\":\"https:\/\/schema.org\",\"@graph\":[{\"@type\":\"NewsArticle\",\"@id\":\"https:\/\/www.celttv.com.ar\/index.php\/2013\/05\/15\/importantes-muestras-de-fe-en-la-peregrinacion-al-santuario-de-fatima-imagenes\/#article\",\"isPartOf\":{\"@id\":\"https:\/\/www.celttv.com.ar\/index.php\/2013\/05\/15\/importantes-muestras-de-fe-en-la-peregrinacion-al-santuario-de-fatima-imagenes\/\"},\"author\":{\"name\":\"ulises\",\"@id\":\"https:\/\/www.celttv.com.ar\/#\/schema\/person\/6d99c072dba59953809c81446e9d0ace\"},\"headline\":\"IMPORTANTES MUESTRAS DE FE EN LA PEREGRINACION AL SANTUARIO DE FATIMA (im\u00e1genes)\",\"datePublished\":\"2013-05-15T23:22:12+00:00\",\"dateModified\":\"2013-05-15T23:22:12+00:00\",\"mainEntityOfPage\":{\"@id\":\"https:\/\/www.celttv.com.ar\/index.php\/2013\/05\/15\/importantes-muestras-de-fe-en-la-peregrinacion-al-santuario-de-fatima-imagenes\/\"},\"wordCount\":1091,\"publisher\":{\"@id\":\"https:\/\/www.celttv.com.ar\/#organization\"},\"articleSection\":[\"Comunidad\",\"Destacadas\",\"Videos Destacados\"],\"inLanguage\":\"es\"},{\"@type\":\"WebPage\",\"@id\":\"https:\/\/www.celttv.com.ar\/index.php\/2013\/05\/15\/importantes-muestras-de-fe-en-la-peregrinacion-al-santuario-de-fatima-imagenes\/\",\"url\":\"https:\/\/www.celttv.com.ar\/index.php\/2013\/05\/15\/importantes-muestras-de-fe-en-la-peregrinacion-al-santuario-de-fatima-imagenes\/\",\"name\":\"IMPORTANTES MUESTRAS DE FE EN LA PEREGRINACION AL SANTUARIO DE FATIMA (im\u00e1genes) - CELTTV\",\"isPartOf\":{\"@id\":\"https:\/\/www.celttv.com.ar\/#website\"},\"datePublished\":\"2013-05-15T23:22:12+00:00\",\"dateModified\":\"2013-05-15T23:22:12+00:00\",\"description\":\"Sitio web de noticias de la localidad de Tornquist, provincia de Buenos Aires, Rep\u00fablica Argentina. Contenido propio originado por periodistas de CELTTV, el canal de TV local de la Cooperativa El\u00e9ctrica de Tornquist. Turismo, Pol\u00edtica, Sociedad, Deporte, Cultura y todo el contenido de inter\u00e9s general que la gente del pueblo y la regi\u00f3n debe conocer.\",\"breadcrumb\":{\"@id\":\"https:\/\/www.celttv.com.ar\/index.php\/2013\/05\/15\/importantes-muestras-de-fe-en-la-peregrinacion-al-santuario-de-fatima-imagenes\/#breadcrumb\"},\"inLanguage\":\"es\",\"potentialAction\":[{\"@type\":\"ReadAction\",\"target\":[\"https:\/\/www.celttv.com.ar\/index.php\/2013\/05\/15\/importantes-muestras-de-fe-en-la-peregrinacion-al-santuario-de-fatima-imagenes\/\"]}]},{\"@type\":\"BreadcrumbList\",\"@id\":\"https:\/\/www.celttv.com.ar\/index.php\/2013\/05\/15\/importantes-muestras-de-fe-en-la-peregrinacion-al-santuario-de-fatima-imagenes\/#breadcrumb\",\"itemListElement\":[{\"@type\":\"ListItem\",\"position\":1,\"name\":\"Inicio\",\"item\":\"https:\/\/www.celttv.com.ar\/\"},{\"@type\":\"ListItem\",\"position\":2,\"name\":\"IMPORTANTES MUESTRAS DE FE EN LA PEREGRINACION AL SANTUARIO DE FATIMA (im\u00e1genes)\"}]},{\"@type\":\"WebSite\",\"@id\":\"https:\/\/www.celttv.com.ar\/#website\",\"url\":\"https:\/\/www.celttv.com.ar\/\",\"name\":\"CELTTV\",\"description\":\"Cooperativa El\u00e9ctrica de Tornquist\",\"publisher\":{\"@id\":\"https:\/\/www.celttv.com.ar\/#organization\"},\"potentialAction\":[{\"@type\":\"SearchAction\",\"target\":{\"@type\":\"EntryPoint\",\"urlTemplate\":\"https:\/\/www.celttv.com.ar\/?s={search_term_string}\"},\"query-input\":\"required name=search_term_string\"}],\"inLanguage\":\"es\"},{\"@type\":\"Organization\",\"@id\":\"https:\/\/www.celttv.com.ar\/#organization\",\"name\":\"CELTTV\",\"url\":\"https:\/\/www.celttv.com.ar\/\",\"sameAs\":[\"https:\/\/www.youtube.com\/channel\/UCz_oIt8Hig64Ub-EmcNPIhg\",\"https:\/\/www.facebook.com\/celtTV\/\"],\"logo\":{\"@type\":\"ImageObject\",\"inLanguage\":\"es\",\"@id\":\"https:\/\/www.celttv.com.ar\/#\/schema\/logo\/image\/\",\"url\":\"http:\/\/www.celttv.com.ar\/wp-content\/uploads\/2022\/08\/logo-1.png\",\"contentUrl\":\"http:\/\/www.celttv.com.ar\/wp-content\/uploads\/2022\/08\/logo-1.png\",\"width\":461,\"height\":159,\"caption\":\"CELTTV\"},\"image\":{\"@id\":\"https:\/\/www.celttv.com.ar\/#\/schema\/logo\/image\/\"}},{\"@type\":\"Person\",\"@id\":\"https:\/\/www.celttv.com.ar\/#\/schema\/person\/6d99c072dba59953809c81446e9d0ace\",\"name\":\"ulises\",\"image\":{\"@type\":\"ImageObject\",\"inLanguage\":\"es\",\"@id\":\"https:\/\/www.celttv.com.ar\/#\/schema\/person\/image\/\",\"url\":\"https:\/\/secure.gravatar.com\/avatar\/7f2c48bdc33b30088f941fb6082e555f2874c98e20cb159d7b92b50eadfce793?s=96&d=mm&r=g\",\"contentUrl\":\"https:\/\/secure.gravatar.com\/avatar\/7f2c48bdc33b30088f941fb6082e555f2874c98e20cb159d7b92b50eadfce793?s=96&d=mm&r=g\",\"caption\":\"ulises\"},\"sameAs\":[\"http:\/\/www.celttv.com.ar\"]}]}<\/script>\n<!-- \/ Yoast SEO plugin. -->","yoast_head_json":{"title":"IMPORTANTES MUESTRAS DE FE EN LA PEREGRINACION AL SANTUARIO DE FATIMA (im\u00e1genes) - CELTTV","description":"Sitio web de noticias de la localidad de Tornquist, provincia de Buenos Aires, Rep\u00fablica Argentina. Contenido propio originado por periodistas de CELTTV, el canal de TV local de la Cooperativa El\u00e9ctrica de Tornquist. Turismo, Pol\u00edtica, Sociedad, Deporte, Cultura y todo el contenido de inter\u00e9s general que la gente del pueblo y la regi\u00f3n debe conocer.","robots":{"index":"index","follow":"follow","max-snippet":"max-snippet:-1","max-image-preview":"max-image-preview:large","max-video-preview":"max-video-preview:-1"},"canonical":"https:\/\/www.celttv.com.ar\/index.php\/2013\/05\/15\/importantes-muestras-de-fe-en-la-peregrinacion-al-santuario-de-fatima-imagenes\/","og_locale":"es_ES","og_type":"article","og_title":"IMPORTANTES MUESTRAS DE FE EN LA PEREGRINACION AL SANTUARIO DE FATIMA (im\u00e1genes) - CELTTV","og_description":"Sitio web de noticias de la localidad de Tornquist, provincia de Buenos Aires, Rep\u00fablica Argentina. Contenido propio originado por periodistas de CELTTV, el canal de TV local de la Cooperativa El\u00e9ctrica de Tornquist. Turismo, Pol\u00edtica, Sociedad, Deporte, Cultura y todo el contenido de inter\u00e9s general que la gente del pueblo y la regi\u00f3n debe conocer.","og_url":"https:\/\/www.celttv.com.ar\/index.php\/2013\/05\/15\/importantes-muestras-de-fe-en-la-peregrinacion-al-santuario-de-fatima-imagenes\/","og_site_name":"CELTTV","article_publisher":"https:\/\/www.facebook.com\/celtTV\/","article_published_time":"2013-05-15T23:22:12+00:00","author":"ulises","twitter_card":"summary_large_image","twitter_misc":{"Escrito por":"ulises","Tiempo de lectura":"5 minutos"},"schema":{"@context":"https:\/\/schema.org","@graph":[{"@type":"NewsArticle","@id":"https:\/\/www.celttv.com.ar\/index.php\/2013\/05\/15\/importantes-muestras-de-fe-en-la-peregrinacion-al-santuario-de-fatima-imagenes\/#article","isPartOf":{"@id":"https:\/\/www.celttv.com.ar\/index.php\/2013\/05\/15\/importantes-muestras-de-fe-en-la-peregrinacion-al-santuario-de-fatima-imagenes\/"},"author":{"name":"ulises","@id":"https:\/\/www.celttv.com.ar\/#\/schema\/person\/6d99c072dba59953809c81446e9d0ace"},"headline":"IMPORTANTES MUESTRAS DE FE EN LA PEREGRINACION AL SANTUARIO DE FATIMA (im\u00e1genes)","datePublished":"2013-05-15T23:22:12+00:00","dateModified":"2013-05-15T23:22:12+00:00","mainEntityOfPage":{"@id":"https:\/\/www.celttv.com.ar\/index.php\/2013\/05\/15\/importantes-muestras-de-fe-en-la-peregrinacion-al-santuario-de-fatima-imagenes\/"},"wordCount":1091,"publisher":{"@id":"https:\/\/www.celttv.com.ar\/#organization"},"articleSection":["Comunidad","Destacadas","Videos Destacados"],"inLanguage":"es"},{"@type":"WebPage","@id":"https:\/\/www.celttv.com.ar\/index.php\/2013\/05\/15\/importantes-muestras-de-fe-en-la-peregrinacion-al-santuario-de-fatima-imagenes\/","url":"https:\/\/www.celttv.com.ar\/index.php\/2013\/05\/15\/importantes-muestras-de-fe-en-la-peregrinacion-al-santuario-de-fatima-imagenes\/","name":"IMPORTANTES MUESTRAS DE FE EN LA PEREGRINACION AL SANTUARIO DE FATIMA (im\u00e1genes) - CELTTV","isPartOf":{"@id":"https:\/\/www.celttv.com.ar\/#website"},"datePublished":"2013-05-15T23:22:12+00:00","dateModified":"2013-05-15T23:22:12+00:00","description":"Sitio web de noticias de la localidad de Tornquist, provincia de Buenos Aires, Rep\u00fablica Argentina. Contenido propio originado por periodistas de CELTTV, el canal de TV local de la Cooperativa El\u00e9ctrica de Tornquist. Turismo, Pol\u00edtica, Sociedad, Deporte, Cultura y todo el contenido de inter\u00e9s general que la gente del pueblo y la regi\u00f3n debe conocer.","breadcrumb":{"@id":"https:\/\/www.celttv.com.ar\/index.php\/2013\/05\/15\/importantes-muestras-de-fe-en-la-peregrinacion-al-santuario-de-fatima-imagenes\/#breadcrumb"},"inLanguage":"es","potentialAction":[{"@type":"ReadAction","target":["https:\/\/www.celttv.com.ar\/index.php\/2013\/05\/15\/importantes-muestras-de-fe-en-la-peregrinacion-al-santuario-de-fatima-imagenes\/"]}]},{"@type":"BreadcrumbList","@id":"https:\/\/www.celttv.com.ar\/index.php\/2013\/05\/15\/importantes-muestras-de-fe-en-la-peregrinacion-al-santuario-de-fatima-imagenes\/#breadcrumb","itemListElement":[{"@type":"ListItem","position":1,"name":"Inicio","item":"https:\/\/www.celttv.com.ar\/"},{"@type":"ListItem","position":2,"name":"IMPORTANTES MUESTRAS DE FE EN LA PEREGRINACION AL SANTUARIO DE FATIMA (im\u00e1genes)"}]},{"@type":"WebSite","@id":"https:\/\/www.celttv.com.ar\/#website","url":"https:\/\/www.celttv.com.ar\/","name":"CELTTV","description":"Cooperativa El\u00e9ctrica de Tornquist","publisher":{"@id":"https:\/\/www.celttv.com.ar\/#organization"},"potentialAction":[{"@type":"SearchAction","target":{"@type":"EntryPoint","urlTemplate":"https:\/\/www.celttv.com.ar\/?s={search_term_string}"},"query-input":"required name=search_term_string"}],"inLanguage":"es"},{"@type":"Organization","@id":"https:\/\/www.celttv.com.ar\/#organization","name":"CELTTV","url":"https:\/\/www.celttv.com.ar\/","sameAs":["https:\/\/www.youtube.com\/channel\/UCz_oIt8Hig64Ub-EmcNPIhg","https:\/\/www.facebook.com\/celtTV\/"],"logo":{"@type":"ImageObject","inLanguage":"es","@id":"https:\/\/www.celttv.com.ar\/#\/schema\/logo\/image\/","url":"http:\/\/www.celttv.com.ar\/wp-content\/uploads\/2022\/08\/logo-1.png","contentUrl":"http:\/\/www.celttv.com.ar\/wp-content\/uploads\/2022\/08\/logo-1.png","width":461,"height":159,"caption":"CELTTV"},"image":{"@id":"https:\/\/www.celttv.com.ar\/#\/schema\/logo\/image\/"}},{"@type":"Person","@id":"https:\/\/www.celttv.com.ar\/#\/schema\/person\/6d99c072dba59953809c81446e9d0ace","name":"ulises","image":{"@type":"ImageObject","inLanguage":"es","@id":"https:\/\/www.celttv.com.ar\/#\/schema\/person\/image\/","url":"https:\/\/secure.gravatar.com\/avatar\/7f2c48bdc33b30088f941fb6082e555f2874c98e20cb159d7b92b50eadfce793?s=96&d=mm&r=g","contentUrl":"https:\/\/secure.gravatar.com\/avatar\/7f2c48bdc33b30088f941fb6082e555f2874c98e20cb159d7b92b50eadfce793?s=96&d=mm&r=g","caption":"ulises"},"sameAs":["http:\/\/www.celttv.com.ar"]}]}},"_links":{"self":[{"href":"https:\/\/www.celttv.com.ar\/index.php\/wp-json\/wp\/v2\/posts\/11566","targetHints":{"allow":["GET"]}}],"collection":[{"href":"https:\/\/www.celttv.com.ar\/index.php\/wp-json\/wp\/v2\/posts"}],"about":[{"href":"https:\/\/www.celttv.com.ar\/index.php\/wp-json\/wp\/v2\/types\/post"}],"author":[{"embeddable":true,"href":"https:\/\/www.celttv.com.ar\/index.php\/wp-json\/wp\/v2\/users\/1"}],"replies":[{"embeddable":true,"href":"https:\/\/www.celttv.com.ar\/index.php\/wp-json\/wp\/v2\/comments?post=11566"}],"version-history":[{"count":0,"href":"https:\/\/www.celttv.com.ar\/index.php\/wp-json\/wp\/v2\/posts\/11566\/revisions"}],"wp:attachment":[{"href":"https:\/\/www.celttv.com.ar\/index.php\/wp-json\/wp\/v2\/media?parent=11566"}],"wp:term":[{"taxonomy":"category","embeddable":true,"href":"https:\/\/www.celttv.com.ar\/index.php\/wp-json\/wp\/v2\/categories?post=11566"},{"taxonomy":"post_tag","embeddable":true,"href":"https:\/\/www.celttv.com.ar\/index.php\/wp-json\/wp\/v2\/tags?post=11566"}],"curies":[{"name":"wp","href":"https:\/\/api.w.org\/{rel}","templated":true}]}}