{"id":1161,"date":"2011-08-29T16:47:39","date_gmt":"2011-08-29T16:47:39","guid":{"rendered":"http:\/\/www.tvcnoticias.com.ar\/?p=1161"},"modified":"2011-08-29T16:47:39","modified_gmt":"2011-08-29T16:47:39","slug":"union-sigue-sin-ganar-automoto-derrotado-en-puan","status":"publish","type":"post","link":"https:\/\/www.celttv.com.ar\/index.php\/2011\/08\/29\/union-sigue-sin-ganar-automoto-derrotado-en-puan\/","title":{"rendered":"UNION SIGUE SIN GANAR, AUTOMOTO DERROTADO EN PUAN"},"content":{"rendered":"<div class=\"entry\">\n<p><span style=\"font-size: larger;\"><strong><span style=\"text-decoration: underline;\"><span style=\"line-height: 115%; font-family: 'Arial','sans-serif';\" lang=\"ES\"><a rel=\"attachment wp-att-1162\" href=\"http:\/\/www.tvcnoticias.com.ar\/?attachment_id=1162\"><img loading=\"lazy\" decoding=\"async\" class=\"aligncenter size-full wp-image-1162\" title=\"DSC02031 (Small)\" src=\"http:\/\/www.tvcnoticias.com.ar\/wp-content\/uploads\/2011\/08\/DSC02031-Small.jpg\" alt=\"\" width=\"640\" height=\"417\" \/><\/a><\/span><\/span><\/strong><\/span><\/p>\n<p><span style=\"font-size: larger;\"><strong><span style=\"text-decoration: underline;\"><span style=\"line-height: 115%; font-family: 'Arial','sans-serif';\" lang=\"ES\"><\/p>\n<p><\/span><\/span><\/strong><\/span><\/p>\n<p><span style=\"font-size: larger;\"><strong><span style=\"text-decoration: underline;\"><span style=\"line-height: 115%; font-family: 'Arial','sans-serif';\" lang=\"ES\">\u00a0<\/span><\/span><\/strong><\/span><\/p>\n<p><span style=\"font-size: larger;\"><strong><span style=\"text-decoration: underline;\"><span style=\"line-height: 115%; font-family: 'Arial','sans-serif';\" lang=\"ES\">Comentario del partido: Uni\u00f3n (T) vs. Uni\u00f3n (P).<\/span><\/span><\/strong><\/span><\/p>\n<p class=\"MsoNormal\" style=\"text-align: justify;\"><span style=\"font-size: small;\"><span style=\"line-height: 115%; font-family: 'Arial','sans-serif';\" lang=\"ES\">Uni\u00f3n \u00a0solo pudo rescatar una unidad en la sexta fecha del Clausura al igualar sin goles ante su hom\u00f3nimo de Pig\u00fc\u00e9 en el estadio Juan Jos\u00e9 Bolletta. En reserva tambi\u00e9n fue empate pero 1 a 1; Juan Pastori para el local y Leandro Gabillondo para la visita fueron quienes se\u00f1alaron las \u00fanicas conquistas.<\/span><\/span><\/p>\n<p class=\"MsoNormal\" style=\"text-align: justify;\"><span style=\"font-size: small;\"><span style=\"line-height: 115%; font-family: 'Arial','sans-serif';\" lang=\"ES\">El campe\u00f3n del Apertura continua sin poder levantar cabeza en este Clausura y esta tarde solo pudo sumar una unidad ante Uni\u00f3n de Pig\u00fc\u00e9 pese a que ser\u00eda el due\u00f1o de casa quien buscar\u00eda desde el inicio la ventaja en el marcador porque a los 3 minutos Davicino cabece\u00f3 un c\u00f3rner que se desvi\u00f3 en un defensor y exigi\u00f3 a Fogel que respondi\u00f3 excelente y la volvi\u00f3 a echar al c\u00f3rner. A los 7 y a los 9 llegar\u00edan dos remates que se ir\u00edan por arriba el primero por intermedio de Loffredo y el segundo por Neudert. A los 14, Banegas remat\u00f3 cruzado y Fogel mand\u00f3 afuera con sus pies. De ese tiro de esquina, Moyano remat\u00f3 de lejos y el uno visitante la descolg\u00f3 del \u00e1ngulo. Uno mas tarde Mat\u00edas Juan recib\u00eda en el punto del penal pero se ir\u00eda por arriba del horizontal. A los 17, Davicino cabecear\u00eda pero Fogel se la quedaba y ocho mas tarde y por la misma v\u00eda tampoco podr\u00eda Neudert. A los 30, Castro le dar\u00eda mordido y sin fuerza para irse a las manos del arquero. Antes de finalizar el primer tiempo y cuando se jugaban los 43 llegar\u00eda la primera para la visita por intermedio de Scagnetti quien ejecutar\u00eda un tiro libre desde afuera del \u00e1rea que se ir\u00eda muy cerca.<\/span><\/span><\/p>\n<p class=\"MsoNormal\" style=\"text-align: justify;\"><span style=\"font-size: small;\"><span style=\"line-height: 115%; font-family: 'Arial','sans-serif';\" lang=\"ES\">En el complemento ser\u00edan pocas las jugadas destacables. A los 6 un cabezazo de Mat\u00edas Juan que pasaba cerca. Ocho mas tarde un remate de Moyano que tambi\u00e9n llev\u00f3 algo de peligro al arco defendido por Rubio. A los 24 un tiro libre ejecutado por Scagnetti exigir\u00eda a Rubio para mandarla al tiro de esquina. El t\u00e9cnico Graff buscar\u00eda variantes en ofensiva con los ingresos de S\u00e1nchez y Ramiro Neudert y Olivera solo se defend\u00eda y esperaba que pasen los minutos para llevarse una importante unidad del Juan Jos\u00e9 Bolletta.<\/span><\/span><\/p>\n<p class=\"MsoNormal\" style=\"text-align: justify;\"><span style=\"font-size: small;\"><span style=\"line-height: 115%; font-family: 'Arial','sans-serif';\" lang=\"ES\">En conclusi\u00f3n, el due\u00f1o de casa sigue en deuda en este Clausura y cierra las posiciones de la zona B mientras que el elenco de Olivera continua siguiendo de cerca al l\u00edder Pe\u00f1arol de Pig\u00fc\u00e9<\/span><\/span><\/p>\n<p class=\"MsoNormal\" style=\"text-align: justify;\"><strong><em><span style=\"font-size: small;\"><span style=\"line-height: 115%; font-family: 'Arial','sans-serif';\" lang=\"ES\">Claudio Schaffner<\/span><\/span><\/em><\/strong><\/p>\n<p class=\"MsoNormal\" style=\"line-height: normal;\"><span style=\"font-size: larger;\"><strong><span style=\"font-family: 'Arial','sans-serif';\" lang=\"ES\">Uni\u00f3n T 0<\/span><\/strong><\/span><span style=\"font-size: small;\"><br \/>\n<\/span><\/p>\n<p><span style=\"font-size: small;\"><\/span><span style=\"font-size: small;\">\u00a0<\/span><\/p>\n<p class=\"MsoNormal\" style=\"line-height: normal;\"><span style=\"font-family: 'Arial','sans-serif';\" lang=\"ES\">Javier Rubio<\/span><\/p>\n<p>\u00a0<\/p>\n<p><span style=\"font-size: small;\"><\/span><span style=\"font-size: small;\">\u00a0<\/span><\/p>\n<p class=\"MsoNormal\" style=\"line-height: normal;\"><span style=\"font-family: 'Arial','sans-serif';\" lang=\"ES\">Roberto Laumann<br \/>\nLeonel Moyano<br \/>\nMarco Davicino<br \/>\nJavier Girou<\/span><\/p>\n<p>\u00a0<\/p>\n<p><span style=\"font-size: small;\"><\/span><span style=\"font-size: small;\">\u00a0<\/span><\/p>\n<p class=\"MsoNormal\" style=\"line-height: normal;\"><span style=\"font-family: 'Arial','sans-serif';\" lang=\"ES\">Miguel Castro<br \/>\nGuillermo Boiocchi<br \/>\nMaximiliano Banegas<br \/>\nFernando Neudert<\/span><\/p>\n<p>\u00a0<\/p>\n<p><span style=\"font-size: small;\"><\/span><span style=\"font-size: small;\">\u00a0<\/span><\/p>\n<p class=\"MsoNormal\" style=\"line-height: normal;\"><span style=\"font-family: 'Arial','sans-serif';\" lang=\"ES\">Juan Loffredo<br \/>\nMat\u00edas Juan<\/span><\/p>\n<p>\u00a0<\/p>\n<p><span style=\"font-size: small;\"><\/span><span style=\"font-size: small;\">\u00a0<\/span><span style=\"font-size: small;\"><\/span><\/p>\n<p class=\"MsoNormal\" style=\"line-height: normal;\"><span style=\"font-family: 'Arial','sans-serif';\" lang=\"ES\">D.T.: Carlos Graff<\/span><\/p>\n<p>\u00a0<\/p>\n<p class=\"MsoNormal\" style=\"line-height: normal;\"><strong><span style=\"font-family: 'Arial','sans-serif';\" lang=\"ES\">Cambios:<\/span><\/strong><span style=\"font-family: 'Arial','sans-serif';\" lang=\"ES\"> PT 35m. \u00a0\u00c1ngelo Grassi por Laumann (lesionado). ST 23m. Ramiro Neudert por Banegas y 35m. Nicol\u00e1s S\u00e1nchez por Juan.<strong> <\/strong><\/span><\/p>\n<p>\u00a0<\/p>\n<p class=\"MsoNormal\" style=\"line-height: normal;\"><span style=\"font-size: small;\"><strong><span style=\"font-family: 'Arial','sans-serif';\" lang=\"ES\">Suplentes: <\/span><\/strong><span style=\"font-family: 'Arial','sans-serif';\" lang=\"ES\">\u00c1lvaro Vittori y David Lencina.<\/span><\/span><\/p>\n<p class=\"MsoNormal\" style=\"line-height: normal;\"><span style=\"font-size: larger;\"><strong><span style=\"font-family: 'Arial','sans-serif';\" lang=\"ES\">Uni\u00f3n P 0<\/span><\/strong><\/span><span style=\"font-size: small;\"><br \/>\n<\/span><\/p>\n<p><span style=\"font-size: small;\"><\/span><span style=\"font-size: small;\">\u00a0<\/span><\/p>\n<p class=\"MsoNormal\" style=\"line-height: normal;\"><span style=\"font-family: 'Arial','sans-serif';\" lang=\"ES\">Maximiliano Fogel<\/span><\/p>\n<p>\u00a0<\/p>\n<p><span style=\"font-size: small;\"><\/span><span style=\"font-size: small;\">\u00a0<\/span><\/p>\n<p class=\"MsoNormal\" style=\"line-height: normal;\"><span style=\"font-family: 'Arial','sans-serif';\" lang=\"ES\">Guillermo Carbajo<br \/>\nNeri Gutierrez<br \/>\nMat\u00edas Garay<br \/>\nMaximiliano Br\u00fa<\/span><\/p>\n<p>\u00a0<\/p>\n<p><span style=\"font-size: small;\">\u00a0<\/span><span style=\"font-size: small;\"><\/span><\/p>\n<div><span style=\"font-size: small;\"><span style=\"font-family: 'Arial','sans-serif';\" lang=\"ES\">Silvio Barrios<br \/>\nMarcelo Acu\u00f1a<\/span><br \/>\n<\/span><\/div>\n<div><span style=\"font-size: small;\">Norberto Montero<br \/>\n<\/span><\/div>\n<div><span style=\"font-size: small;\">Franco Moyano<br \/>\n<\/span><span style=\"font-family: 'Arial','sans-serif';\" lang=\"ES\"><span style=\"font-size: small;\">\u00a0<\/p>\n<p class=\"MsoNormal\" style=\"line-height: normal;\"><span style=\"font-family: 'Arial','sans-serif';\" lang=\"ES\">Juan Scagnetti<br \/>\nSebasti\u00e1n Blanco<\/span><\/p>\n<p>\u00a0<\/p>\n<p class=\"MsoNormal\" style=\"line-height: normal;\"><span style=\"font-family: 'Arial','sans-serif';\" lang=\"ES\">D.T.: Ram\u00f3n Olivera<\/span><\/p>\n<p>\u00a0<\/p>\n<p class=\"MsoNormal\" style=\"line-height: normal;\"><strong><span style=\"font-family: 'Arial','sans-serif';\" lang=\"ES\">Cambios:<\/span><\/strong><span style=\"font-family: 'Arial','sans-serif';\" lang=\"ES\"> ST 22m. Leo Paz por Barrios, 32m. Sebasti\u00e1n Tiz\u00f3n por Blanco y Lucas Palma por Moyano. <\/span><\/p>\n<p>\u00a0<\/p>\n<p class=\"MsoNormal\" style=\"line-height: normal;\"><span style=\"font-size: small;\"><strong><span style=\"font-family: 'Arial','sans-serif';\" lang=\"ES\">Suplentes: <\/span><\/strong><span style=\"font-family: 'Arial','sans-serif';\" lang=\"ES\">Esteban Maldonado y Juan P\u00e9rez.<\/span><\/span><\/p>\n<p class=\"MsoNormal\" style=\"line-height: normal;\"><span style=\"font-size: small;\"><strong><span style=\"text-decoration: underline;\"><span style=\"font-family: 'Arial','sans-serif';\" lang=\"ES\">GOLES.<\/span><\/span><\/strong><span style=\"font-family: 'Arial','sans-serif';\" lang=\"ES\"> No hubo.<\/span><\/span><\/p>\n<p class=\"MsoNormal\" style=\"line-height: normal;\"><span style=\"font-size: small;\"><strong><span style=\"text-decoration: underline;\"><span style=\"font-family: 'Arial','sans-serif';\" lang=\"ES\">AMONESTADOS:<\/span><\/span><\/strong><span style=\"font-family: 'Arial','sans-serif';\" lang=\"ES\"> PT: 40m. Garay (UP). ST: 24m. L. Moyano (UT), 36m. Castro (UT) y 42m. Scagnetti (UP).<\/span><\/span><\/p>\n<p class=\"MsoNormal\" style=\"line-height: normal;\"><span style=\"font-size: small;\"><strong><span style=\"text-decoration: underline;\"><span style=\"font-family: 'Arial','sans-serif';\" lang=\"ES\">EXPULSADOS<\/span><\/span><\/strong><span style=\"font-family: 'Arial','sans-serif';\" lang=\"ES\">: No hubo.<\/span><\/span><\/p>\n<p class=\"MsoNoSpacing\"><span style=\"font-size: small;\"><strong><span style=\"font-family: 'Arial','sans-serif';\" lang=\"ES\">ARBITRO:<\/span><\/strong><span style=\"font-family: 'Arial','sans-serif';\" lang=\"ES\"> Abelardo Vergara (4). <\/span><\/span><\/p>\n<p class=\"MsoNoSpacing\"><span style=\"font-size: small;\"><strong><span style=\"font-family: 'Arial','sans-serif';\" lang=\"ES\">L\u00cdNEAS:<\/span><\/strong><span style=\"font-family: 'Arial','sans-serif';\" lang=\"ES\"> Juan Ferreyra y Ricardo Matos.<\/span><\/span><span style=\"font-size: small;\"><span style=\"font-family: 'Arial','sans-serif';\" lang=\"ES\"><br \/>\n<\/span><\/span><\/p>\n<p class=\"MsoNoSpacing\"><span style=\"font-size: small;\"><strong><span style=\"font-family: 'Arial','sans-serif';\" lang=\"ES\">RESERVA:<\/span><\/strong><span style=\"font-family: 'Arial','sans-serif';\" lang=\"ES\"> Union T 1 (Juan Pastori) \u2013 Union P 1 (Leandro Gabillondo)<\/span><\/span><strong><span style=\"font-family: 'Arial','sans-serif';\" lang=\"ES\"><br \/>\n<\/span><\/strong><\/p>\n<p class=\"MsoNoSpacing\"><span style=\"font-size: small;\"><strong><span style=\"font-family: 'Arial','sans-serif';\" lang=\"ES\">CANCHA:<\/span><\/strong><span style=\"font-family: 'Arial','sans-serif';\" lang=\"ES\"> Estadio \u201cJuan Jos\u00e9 Bolletta\u201d del Club Uni\u00f3n de Tornquist.<\/span><\/span><\/p>\n<hr \/>\n<p class=\"MsoNoSpacing\"><strong><span style=\"text-decoration: underline;\"><span style=\"font-size: small;\"><span style=\"font-family: 'Arial','sans-serif';\" lang=\"ES\">Gustavo Bacci habl\u00f3 con Marco Davicino una vez terminado el partido:<\/span><\/span><\/span><\/strong><\/p>\n<p class=\"MsoNoSpacing\">\u00a0<\/p>\n<p class=\"audioplayer_container\"><object id=\"audioplayer_1\" style=\"_mce_serialized: none;\" classid=\"clsid:D27CDB6E-AE6D-11cf-96B8-444553540000\" width=\"290\" height=\"24\" name=\"audioplayer_1\"><\/object><\/p>\n<p class=\"MsoNoSpacing\"><span style=\"font-size: larger;\"><strong><span style=\"text-decoration: underline;\">El resto de los marcadores de esta tarde fueron:<\/span><\/strong><\/span><span style=\"font-size: small;\"><br \/>\n<\/span><\/p>\n<p class=\"MsoNoSpacing\"><span style=\"text-decoration: underline;\"><strong><span style=\"font-size: small;\">ZONA A<\/span><\/strong><\/span><\/p>\n<ul>\n<li><span style=\"font-size: small;\">Boca Juniors 1 vs. Deportivo Sarmiento 2<br \/>\n<\/span><\/li>\n<li><span style=\"font-size: small;\">Blanco &amp; Negro 1 vs. Atl\u00e9tico Huanguel\u00e9n 0<br \/>\n<\/span><\/li>\n<li><span style=\"font-size: small;\">El Progreso 0 vs. Pe\u00f1arol de Guamin\u00ed 0<br \/>\n<\/span><\/li>\n<li><span style=\"font-size: small;\">Empleados de Comercio 1 vs. San Mart\u00edn de Saavedra 1<br \/>\n<\/span><\/li>\n<li><span style=\"font-size: small;\">San Mart\u00edn de Santa Trinidad 2 vs. Independiente 0<\/span><\/li>\n<\/ul>\n<p><strong><span style=\"text-decoration: underline;\"><span style=\"font-size: small;\">ZONA B<\/span><\/span><\/strong><\/p>\n<ul>\n<li><span style=\"font-size: small;\">Deportivo Argentino 1 vs. Club Sarmiento 1<br \/>\n<\/span><\/li>\n<li><span style=\"font-size: small;\">Argentino Jr. 1 vs. Tiro Federal de Puan 4<br \/>\n<\/span><\/li>\n<li><span style=\"font-size: small;\">Pe\u00f1arol de Pig\u00fc\u00e9 3 vs. Racing Club 2<br \/>\n<\/span><\/li>\n<li><span style=\"font-size: small;\">Libre: San Mart\u00edn de Carhu\u00e9<\/span><\/li>\n<\/ul>\n<hr \/>\n<p><\/span><span style=\"font-size: small;\"><\/span><span style=\"font-size: small;\"><\/span><span style=\"font-size: small;\">\u00a0<\/span><\/span><\/div>\n<\/div>\n","protected":false},"excerpt":{"rendered":"<p>\u00a0 Comentario del partido: Uni\u00f3n (T) vs. Uni\u00f3n (P). Uni\u00f3n \u00a0solo pudo rescatar una unidad en la sexta fecha del Clausura al igualar sin goles ante su hom\u00f3nimo de Pig\u00fc\u00e9 en el estadio Juan Jos\u00e9 Bolletta. En reserva tambi\u00e9n fue empate pero 1 a 1; Juan Pastori para el local y Leandro Gabillondo para la [&hellip;]<\/p>\n","protected":false},"author":1,"featured_media":0,"comment_status":"closed","ping_status":"open","sticky":false,"template":"","format":"standard","meta":{"footnotes":""},"categories":[52],"tags":[],"class_list":["post-1161","post","type-post","status-publish","format-standard","hentry","category-destacadas"],"yoast_head":"<!-- This site is optimized with the Yoast SEO plugin v19.7.1 - https:\/\/yoast.com\/wordpress\/plugins\/seo\/ -->\n<title>UNION SIGUE SIN GANAR, AUTOMOTO DERROTADO EN PUAN - CELTTV<\/title>\n<meta name=\"description\" content=\"Sitio web de noticias de la localidad de Tornquist, provincia de Buenos Aires, Rep\u00fablica Argentina. Contenido propio originado por periodistas de CELTTV, el canal de TV local de la Cooperativa El\u00e9ctrica de Tornquist. Turismo, Pol\u00edtica, Sociedad, Deporte, Cultura y todo el contenido de inter\u00e9s general que la gente del pueblo y la regi\u00f3n debe conocer.\" \/>\n<meta name=\"robots\" content=\"index, follow, max-snippet:-1, max-image-preview:large, max-video-preview:-1\" \/>\n<link rel=\"canonical\" href=\"https:\/\/www.celttv.com.ar\/index.php\/2011\/08\/29\/union-sigue-sin-ganar-automoto-derrotado-en-puan\/\" \/>\n<meta property=\"og:locale\" content=\"es_ES\" \/>\n<meta property=\"og:type\" content=\"article\" \/>\n<meta property=\"og:title\" content=\"UNION SIGUE SIN GANAR, AUTOMOTO DERROTADO EN PUAN - CELTTV\" \/>\n<meta property=\"og:description\" content=\"Sitio web de noticias de la localidad de Tornquist, provincia de Buenos Aires, Rep\u00fablica Argentina. Contenido propio originado por periodistas de CELTTV, el canal de TV local de la Cooperativa El\u00e9ctrica de Tornquist. Turismo, Pol\u00edtica, Sociedad, Deporte, Cultura y todo el contenido de inter\u00e9s general que la gente del pueblo y la regi\u00f3n debe conocer.\" \/>\n<meta property=\"og:url\" content=\"https:\/\/www.celttv.com.ar\/index.php\/2011\/08\/29\/union-sigue-sin-ganar-automoto-derrotado-en-puan\/\" \/>\n<meta property=\"og:site_name\" content=\"CELTTV\" \/>\n<meta property=\"article:publisher\" content=\"https:\/\/www.facebook.com\/celtTV\/\" \/>\n<meta property=\"article:published_time\" content=\"2011-08-29T16:47:39+00:00\" \/>\n<meta property=\"og:image\" content=\"http:\/\/www.tvcnoticias.com.ar\/wp-content\/uploads\/2011\/08\/DSC02031-Small.jpg\" \/>\n<meta name=\"author\" content=\"ulises\" \/>\n<meta name=\"twitter:card\" content=\"summary_large_image\" \/>\n<meta name=\"twitter:label1\" content=\"Escrito por\" \/>\n\t<meta name=\"twitter:data1\" content=\"ulises\" \/>\n\t<meta name=\"twitter:label2\" content=\"Tiempo de lectura\" \/>\n\t<meta name=\"twitter:data2\" content=\"3 minutos\" \/>\n<script type=\"application\/ld+json\" class=\"yoast-schema-graph\">{\"@context\":\"https:\/\/schema.org\",\"@graph\":[{\"@type\":\"NewsArticle\",\"@id\":\"https:\/\/www.celttv.com.ar\/index.php\/2011\/08\/29\/union-sigue-sin-ganar-automoto-derrotado-en-puan\/#article\",\"isPartOf\":{\"@id\":\"https:\/\/www.celttv.com.ar\/index.php\/2011\/08\/29\/union-sigue-sin-ganar-automoto-derrotado-en-puan\/\"},\"author\":{\"name\":\"ulises\",\"@id\":\"https:\/\/www.celttv.com.ar\/#\/schema\/person\/6d99c072dba59953809c81446e9d0ace\"},\"headline\":\"UNION SIGUE SIN GANAR, AUTOMOTO DERROTADO EN PUAN\",\"datePublished\":\"2011-08-29T16:47:39+00:00\",\"dateModified\":\"2011-08-29T16:47:39+00:00\",\"mainEntityOfPage\":{\"@id\":\"https:\/\/www.celttv.com.ar\/index.php\/2011\/08\/29\/union-sigue-sin-ganar-automoto-derrotado-en-puan\/\"},\"wordCount\":702,\"publisher\":{\"@id\":\"https:\/\/www.celttv.com.ar\/#organization\"},\"articleSection\":[\"Destacadas\"],\"inLanguage\":\"es\"},{\"@type\":\"WebPage\",\"@id\":\"https:\/\/www.celttv.com.ar\/index.php\/2011\/08\/29\/union-sigue-sin-ganar-automoto-derrotado-en-puan\/\",\"url\":\"https:\/\/www.celttv.com.ar\/index.php\/2011\/08\/29\/union-sigue-sin-ganar-automoto-derrotado-en-puan\/\",\"name\":\"UNION SIGUE SIN GANAR, AUTOMOTO DERROTADO EN PUAN - CELTTV\",\"isPartOf\":{\"@id\":\"https:\/\/www.celttv.com.ar\/#website\"},\"datePublished\":\"2011-08-29T16:47:39+00:00\",\"dateModified\":\"2011-08-29T16:47:39+00:00\",\"description\":\"Sitio web de noticias de la localidad de Tornquist, provincia de Buenos Aires, Rep\u00fablica Argentina. Contenido propio originado por periodistas de CELTTV, el canal de TV local de la Cooperativa El\u00e9ctrica de Tornquist. Turismo, Pol\u00edtica, Sociedad, Deporte, Cultura y todo el contenido de inter\u00e9s general que la gente del pueblo y la regi\u00f3n debe conocer.\",\"breadcrumb\":{\"@id\":\"https:\/\/www.celttv.com.ar\/index.php\/2011\/08\/29\/union-sigue-sin-ganar-automoto-derrotado-en-puan\/#breadcrumb\"},\"inLanguage\":\"es\",\"potentialAction\":[{\"@type\":\"ReadAction\",\"target\":[\"https:\/\/www.celttv.com.ar\/index.php\/2011\/08\/29\/union-sigue-sin-ganar-automoto-derrotado-en-puan\/\"]}]},{\"@type\":\"BreadcrumbList\",\"@id\":\"https:\/\/www.celttv.com.ar\/index.php\/2011\/08\/29\/union-sigue-sin-ganar-automoto-derrotado-en-puan\/#breadcrumb\",\"itemListElement\":[{\"@type\":\"ListItem\",\"position\":1,\"name\":\"Inicio\",\"item\":\"https:\/\/www.celttv.com.ar\/\"},{\"@type\":\"ListItem\",\"position\":2,\"name\":\"UNION SIGUE SIN GANAR, AUTOMOTO DERROTADO EN PUAN\"}]},{\"@type\":\"WebSite\",\"@id\":\"https:\/\/www.celttv.com.ar\/#website\",\"url\":\"https:\/\/www.celttv.com.ar\/\",\"name\":\"CELTTV\",\"description\":\"Cooperativa El\u00e9ctrica de Tornquist\",\"publisher\":{\"@id\":\"https:\/\/www.celttv.com.ar\/#organization\"},\"potentialAction\":[{\"@type\":\"SearchAction\",\"target\":{\"@type\":\"EntryPoint\",\"urlTemplate\":\"https:\/\/www.celttv.com.ar\/?s={search_term_string}\"},\"query-input\":\"required name=search_term_string\"}],\"inLanguage\":\"es\"},{\"@type\":\"Organization\",\"@id\":\"https:\/\/www.celttv.com.ar\/#organization\",\"name\":\"CELTTV\",\"url\":\"https:\/\/www.celttv.com.ar\/\",\"sameAs\":[\"https:\/\/www.youtube.com\/channel\/UCz_oIt8Hig64Ub-EmcNPIhg\",\"https:\/\/www.facebook.com\/celtTV\/\"],\"logo\":{\"@type\":\"ImageObject\",\"inLanguage\":\"es\",\"@id\":\"https:\/\/www.celttv.com.ar\/#\/schema\/logo\/image\/\",\"url\":\"http:\/\/www.celttv.com.ar\/wp-content\/uploads\/2022\/08\/logo-1.png\",\"contentUrl\":\"http:\/\/www.celttv.com.ar\/wp-content\/uploads\/2022\/08\/logo-1.png\",\"width\":461,\"height\":159,\"caption\":\"CELTTV\"},\"image\":{\"@id\":\"https:\/\/www.celttv.com.ar\/#\/schema\/logo\/image\/\"}},{\"@type\":\"Person\",\"@id\":\"https:\/\/www.celttv.com.ar\/#\/schema\/person\/6d99c072dba59953809c81446e9d0ace\",\"name\":\"ulises\",\"image\":{\"@type\":\"ImageObject\",\"inLanguage\":\"es\",\"@id\":\"https:\/\/www.celttv.com.ar\/#\/schema\/person\/image\/\",\"url\":\"https:\/\/secure.gravatar.com\/avatar\/7f2c48bdc33b30088f941fb6082e555f2874c98e20cb159d7b92b50eadfce793?s=96&d=mm&r=g\",\"contentUrl\":\"https:\/\/secure.gravatar.com\/avatar\/7f2c48bdc33b30088f941fb6082e555f2874c98e20cb159d7b92b50eadfce793?s=96&d=mm&r=g\",\"caption\":\"ulises\"},\"sameAs\":[\"http:\/\/www.celttv.com.ar\"]}]}<\/script>\n<!-- \/ Yoast SEO plugin. -->","yoast_head_json":{"title":"UNION SIGUE SIN GANAR, AUTOMOTO DERROTADO EN PUAN - CELTTV","description":"Sitio web de noticias de la localidad de Tornquist, provincia de Buenos Aires, Rep\u00fablica Argentina. Contenido propio originado por periodistas de CELTTV, el canal de TV local de la Cooperativa El\u00e9ctrica de Tornquist. Turismo, Pol\u00edtica, Sociedad, Deporte, Cultura y todo el contenido de inter\u00e9s general que la gente del pueblo y la regi\u00f3n debe conocer.","robots":{"index":"index","follow":"follow","max-snippet":"max-snippet:-1","max-image-preview":"max-image-preview:large","max-video-preview":"max-video-preview:-1"},"canonical":"https:\/\/www.celttv.com.ar\/index.php\/2011\/08\/29\/union-sigue-sin-ganar-automoto-derrotado-en-puan\/","og_locale":"es_ES","og_type":"article","og_title":"UNION SIGUE SIN GANAR, AUTOMOTO DERROTADO EN PUAN - CELTTV","og_description":"Sitio web de noticias de la localidad de Tornquist, provincia de Buenos Aires, Rep\u00fablica Argentina. Contenido propio originado por periodistas de CELTTV, el canal de TV local de la Cooperativa El\u00e9ctrica de Tornquist. Turismo, Pol\u00edtica, Sociedad, Deporte, Cultura y todo el contenido de inter\u00e9s general que la gente del pueblo y la regi\u00f3n debe conocer.","og_url":"https:\/\/www.celttv.com.ar\/index.php\/2011\/08\/29\/union-sigue-sin-ganar-automoto-derrotado-en-puan\/","og_site_name":"CELTTV","article_publisher":"https:\/\/www.facebook.com\/celtTV\/","article_published_time":"2011-08-29T16:47:39+00:00","og_image":[{"url":"http:\/\/www.tvcnoticias.com.ar\/wp-content\/uploads\/2011\/08\/DSC02031-Small.jpg"}],"author":"ulises","twitter_card":"summary_large_image","twitter_misc":{"Escrito por":"ulises","Tiempo de lectura":"3 minutos"},"schema":{"@context":"https:\/\/schema.org","@graph":[{"@type":"NewsArticle","@id":"https:\/\/www.celttv.com.ar\/index.php\/2011\/08\/29\/union-sigue-sin-ganar-automoto-derrotado-en-puan\/#article","isPartOf":{"@id":"https:\/\/www.celttv.com.ar\/index.php\/2011\/08\/29\/union-sigue-sin-ganar-automoto-derrotado-en-puan\/"},"author":{"name":"ulises","@id":"https:\/\/www.celttv.com.ar\/#\/schema\/person\/6d99c072dba59953809c81446e9d0ace"},"headline":"UNION SIGUE SIN GANAR, AUTOMOTO DERROTADO EN PUAN","datePublished":"2011-08-29T16:47:39+00:00","dateModified":"2011-08-29T16:47:39+00:00","mainEntityOfPage":{"@id":"https:\/\/www.celttv.com.ar\/index.php\/2011\/08\/29\/union-sigue-sin-ganar-automoto-derrotado-en-puan\/"},"wordCount":702,"publisher":{"@id":"https:\/\/www.celttv.com.ar\/#organization"},"articleSection":["Destacadas"],"inLanguage":"es"},{"@type":"WebPage","@id":"https:\/\/www.celttv.com.ar\/index.php\/2011\/08\/29\/union-sigue-sin-ganar-automoto-derrotado-en-puan\/","url":"https:\/\/www.celttv.com.ar\/index.php\/2011\/08\/29\/union-sigue-sin-ganar-automoto-derrotado-en-puan\/","name":"UNION SIGUE SIN GANAR, AUTOMOTO DERROTADO EN PUAN - CELTTV","isPartOf":{"@id":"https:\/\/www.celttv.com.ar\/#website"},"datePublished":"2011-08-29T16:47:39+00:00","dateModified":"2011-08-29T16:47:39+00:00","description":"Sitio web de noticias de la localidad de Tornquist, provincia de Buenos Aires, Rep\u00fablica Argentina. Contenido propio originado por periodistas de CELTTV, el canal de TV local de la Cooperativa El\u00e9ctrica de Tornquist. Turismo, Pol\u00edtica, Sociedad, Deporte, Cultura y todo el contenido de inter\u00e9s general que la gente del pueblo y la regi\u00f3n debe conocer.","breadcrumb":{"@id":"https:\/\/www.celttv.com.ar\/index.php\/2011\/08\/29\/union-sigue-sin-ganar-automoto-derrotado-en-puan\/#breadcrumb"},"inLanguage":"es","potentialAction":[{"@type":"ReadAction","target":["https:\/\/www.celttv.com.ar\/index.php\/2011\/08\/29\/union-sigue-sin-ganar-automoto-derrotado-en-puan\/"]}]},{"@type":"BreadcrumbList","@id":"https:\/\/www.celttv.com.ar\/index.php\/2011\/08\/29\/union-sigue-sin-ganar-automoto-derrotado-en-puan\/#breadcrumb","itemListElement":[{"@type":"ListItem","position":1,"name":"Inicio","item":"https:\/\/www.celttv.com.ar\/"},{"@type":"ListItem","position":2,"name":"UNION SIGUE SIN GANAR, AUTOMOTO DERROTADO EN PUAN"}]},{"@type":"WebSite","@id":"https:\/\/www.celttv.com.ar\/#website","url":"https:\/\/www.celttv.com.ar\/","name":"CELTTV","description":"Cooperativa El\u00e9ctrica de Tornquist","publisher":{"@id":"https:\/\/www.celttv.com.ar\/#organization"},"potentialAction":[{"@type":"SearchAction","target":{"@type":"EntryPoint","urlTemplate":"https:\/\/www.celttv.com.ar\/?s={search_term_string}"},"query-input":"required name=search_term_string"}],"inLanguage":"es"},{"@type":"Organization","@id":"https:\/\/www.celttv.com.ar\/#organization","name":"CELTTV","url":"https:\/\/www.celttv.com.ar\/","sameAs":["https:\/\/www.youtube.com\/channel\/UCz_oIt8Hig64Ub-EmcNPIhg","https:\/\/www.facebook.com\/celtTV\/"],"logo":{"@type":"ImageObject","inLanguage":"es","@id":"https:\/\/www.celttv.com.ar\/#\/schema\/logo\/image\/","url":"http:\/\/www.celttv.com.ar\/wp-content\/uploads\/2022\/08\/logo-1.png","contentUrl":"http:\/\/www.celttv.com.ar\/wp-content\/uploads\/2022\/08\/logo-1.png","width":461,"height":159,"caption":"CELTTV"},"image":{"@id":"https:\/\/www.celttv.com.ar\/#\/schema\/logo\/image\/"}},{"@type":"Person","@id":"https:\/\/www.celttv.com.ar\/#\/schema\/person\/6d99c072dba59953809c81446e9d0ace","name":"ulises","image":{"@type":"ImageObject","inLanguage":"es","@id":"https:\/\/www.celttv.com.ar\/#\/schema\/person\/image\/","url":"https:\/\/secure.gravatar.com\/avatar\/7f2c48bdc33b30088f941fb6082e555f2874c98e20cb159d7b92b50eadfce793?s=96&d=mm&r=g","contentUrl":"https:\/\/secure.gravatar.com\/avatar\/7f2c48bdc33b30088f941fb6082e555f2874c98e20cb159d7b92b50eadfce793?s=96&d=mm&r=g","caption":"ulises"},"sameAs":["http:\/\/www.celttv.com.ar"]}]}},"_links":{"self":[{"href":"https:\/\/www.celttv.com.ar\/index.php\/wp-json\/wp\/v2\/posts\/1161","targetHints":{"allow":["GET"]}}],"collection":[{"href":"https:\/\/www.celttv.com.ar\/index.php\/wp-json\/wp\/v2\/posts"}],"about":[{"href":"https:\/\/www.celttv.com.ar\/index.php\/wp-json\/wp\/v2\/types\/post"}],"author":[{"embeddable":true,"href":"https:\/\/www.celttv.com.ar\/index.php\/wp-json\/wp\/v2\/users\/1"}],"replies":[{"embeddable":true,"href":"https:\/\/www.celttv.com.ar\/index.php\/wp-json\/wp\/v2\/comments?post=1161"}],"version-history":[{"count":0,"href":"https:\/\/www.celttv.com.ar\/index.php\/wp-json\/wp\/v2\/posts\/1161\/revisions"}],"wp:attachment":[{"href":"https:\/\/www.celttv.com.ar\/index.php\/wp-json\/wp\/v2\/media?parent=1161"}],"wp:term":[{"taxonomy":"category","embeddable":true,"href":"https:\/\/www.celttv.com.ar\/index.php\/wp-json\/wp\/v2\/categories?post=1161"},{"taxonomy":"post_tag","embeddable":true,"href":"https:\/\/www.celttv.com.ar\/index.php\/wp-json\/wp\/v2\/tags?post=1161"}],"curies":[{"name":"wp","href":"https:\/\/api.w.org\/{rel}","templated":true}]}}