{"id":11664,"date":"2013-05-21T21:35:46","date_gmt":"2013-05-21T21:35:46","guid":{"rendered":"http:\/\/www.tvcnoticias.com.ar\/?p=11664"},"modified":"2013-05-21T21:35:46","modified_gmt":"2013-05-21T21:35:46","slug":"la-maraton-de-montana-dejo-su-sello-en-villa-ventana-videos-fotos-entrevistas","status":"publish","type":"post","link":"https:\/\/www.celttv.com.ar\/index.php\/2013\/05\/21\/la-maraton-de-montana-dejo-su-sello-en-villa-ventana-videos-fotos-entrevistas\/","title":{"rendered":"LA MARATON DE MONTA\u00d1A DEJO SU SELLO EN VILLA VENTANA (videos, fotos, entrevistas)"},"content":{"rendered":"<p><br \/>\n<a href=\"http:\/\/www.youtube.com\/watch?v=a8j6h6NfBec\"><a href=\"http:\/\/www.youtube.com\/watch?v=a8j6h6NfBec\">httpv:\/\/www.youtube.com\/watch?v=a8j6h6NfBec<\/a><\/a><br \/>\n<a href=\"http:\/\/www.youtube.com\/watch?v=7SXrhvPBmBk\"><a href=\"http:\/\/www.youtube.com\/watch?v=7SXrhvPBmBk\">httpv:\/\/www.youtube.com\/watch?v=7SXrhvPBmBk<\/a><\/a><br \/>\n<a href=\"http:\/\/www.youtube.com\/watch?v=E54qy28efMU\"><a href=\"http:\/\/www.youtube.com\/watch?v=E54qy28efMU\">httpv:\/\/www.youtube.com\/watch?v=E54qy28efMU<\/a><\/a><br \/>\n<a href=\"http:\/\/www.youtube.com\/watch?v=b245uuxZ5bk\"><a href=\"http:\/\/www.youtube.com\/watch?v=b245uuxZ5bk\">httpv:\/\/www.youtube.com\/watch?v=b245uuxZ5bk<\/a><\/a><br \/>\nNi la dificultad del terreno, ni las malas condiciones clim\u00e1ticas privaron a N\u00e9stor Pereyra (42km.), Ezequiel Pauluzak (25km.) y Juan Mario G\u00f3mez (10km.) de demostrar su capacidad f\u00edsica para vencer en los respectivos recorridos de la Marat\u00f3n de Monta\u00f1a que se desarroll\u00f3 en las inmediaciones de Villa Ventana, bajo la organizaci\u00f3n de FC Producciones y el auspicio de la Municipalidad de Tornquist.<br \/>\nPese a que la lluvia fue protagonista durante gran parte del recorrido y complic\u00f3 el terreno, m\u00e1s de 700 atletas de diferentes puntos del pa\u00eds participaron de la iniciativa, que se est\u00e1 convirtiendo en un cl\u00e1sico dentro del calendario de actividades de nuestro distrito y la regi\u00f3n.<br \/>\nLa prueba m\u00e1s exigente fue ganado por Pereyra, quien alcanz\u00f3 la meta despu\u00e9s de correr entre las sierras durante 3h 25m 10s, para establecer una interesante ventaja sobre Carlos Blanco (3h 28m 18s) y Mart\u00edn Vaninetti (3h 35m 16s), segundo y tercero respectivamente.<br \/>\nPor su parte, en 25k, Pauluzak complet\u00f3 el recorrido en 1h 57m 51s. Completaron el podio Sebasti\u00e1n Tosti (1h 58m 12s) y Juan Carlos Rodr\u00edguez (1h 58m 16s).<br \/>\nEn cuanto a los 10 kil\u00f3metros, G\u00f3mez cruz\u00f3 primero la meta luego de 53m 29s de competencia. Lo siguieron Leandro Silguero (53m 34s) y Leonardo Acu\u00f1a (54m 05s).<br \/>\nRespecto de la delegaci\u00f3n de corredores del distrito, el mejor exponente result\u00f3 Miguel Castro, quien emple\u00f3 58m 29s para completar la prueba de 10 kil\u00f3metros y ubicarse en el puesto 16. V\u00edctor Leal finaliz\u00f3 muy cerca de esa posici\u00f3n, en el 19\u00b0 lugar, culmin\u00f3 V\u00edctor Leal, con 59m 14s. Los restantes resultados se exhiben al final de esta nota.<br \/>\nEl intendente municipal, licenciado Gustavo Trankels, presenci\u00f3 la prueba durante la lluviosa ma\u00f1ana del domingo, destac\u00f3 la organizaci\u00f3n y el profesionalismo de la organizaci\u00f3n y la importancia de que una carrera de estas caracter\u00edsticas se desarrolle en el distrito, teniendo en cuenta el impacto que genera desde el punto de vista tur\u00edstico, dada la repercusi\u00f3n de la misma.<br \/>\nAdem\u00e1s, el jefe comunal felicit\u00f3 a los competidores y le agradeci\u00f3 a los integrantes de la Secretar\u00eda de Turismo, Cultura y Deportes de la Municipalidad de Tornquist, los privados que colaboraron con la iniciativa y todos aquellos que hicieron posible que la misma se lleve a cabo una vez m\u00e1s en nuestro distrito.<br \/>\n&nbsp;<\/p>\n","protected":false},"excerpt":{"rendered":"<p>httpv:\/\/www.youtube.com\/watch?v=a8j6h6NfBec httpv:\/\/www.youtube.com\/watch?v=7SXrhvPBmBk httpv:\/\/www.youtube.com\/watch?v=E54qy28efMU httpv:\/\/www.youtube.com\/watch?v=b245uuxZ5bk Ni la dificultad del terreno, ni las malas condiciones clim\u00e1ticas privaron a N\u00e9stor Pereyra (42km.), Ezequiel Pauluzak (25km.) y Juan Mario G\u00f3mez (10km.) de demostrar su capacidad f\u00edsica para vencer en los respectivos recorridos de la Marat\u00f3n de Monta\u00f1a que se desarroll\u00f3 en las inmediaciones de Villa Ventana, bajo la organizaci\u00f3n [&hellip;]<\/p>\n","protected":false},"author":1,"featured_media":0,"comment_status":"closed","ping_status":"open","sticky":false,"template":"","format":"standard","meta":{"footnotes":""},"categories":[60,52,53,64],"tags":[],"class_list":["post-11664","post","type-post","status-publish","format-standard","hentry","category-deporte","category-destacadas","category-politica","category-videos-destacados"],"yoast_head":"<!-- This site is optimized with the Yoast SEO plugin v19.7.1 - https:\/\/yoast.com\/wordpress\/plugins\/seo\/ -->\n<title>LA MARATON DE MONTA\u00d1A DEJO SU SELLO EN VILLA VENTANA (videos, fotos, entrevistas) - CELTTV<\/title>\n<meta name=\"description\" content=\"Sitio web de noticias de la localidad de Tornquist, provincia de Buenos Aires, Rep\u00fablica Argentina. Contenido propio originado por periodistas de CELTTV, el canal de TV local de la Cooperativa El\u00e9ctrica de Tornquist. Turismo, Pol\u00edtica, Sociedad, Deporte, Cultura y todo el contenido de inter\u00e9s general que la gente del pueblo y la regi\u00f3n debe conocer.\" \/>\n<meta name=\"robots\" content=\"index, follow, max-snippet:-1, max-image-preview:large, max-video-preview:-1\" \/>\n<link rel=\"canonical\" href=\"https:\/\/www.celttv.com.ar\/index.php\/2013\/05\/21\/la-maraton-de-montana-dejo-su-sello-en-villa-ventana-videos-fotos-entrevistas\/\" \/>\n<meta property=\"og:locale\" content=\"es_ES\" \/>\n<meta property=\"og:type\" content=\"article\" \/>\n<meta property=\"og:title\" content=\"LA MARATON DE MONTA\u00d1A DEJO SU SELLO EN VILLA VENTANA (videos, fotos, entrevistas) - CELTTV\" \/>\n<meta property=\"og:description\" content=\"Sitio web de noticias de la localidad de Tornquist, provincia de Buenos Aires, Rep\u00fablica Argentina. Contenido propio originado por periodistas de CELTTV, el canal de TV local de la Cooperativa El\u00e9ctrica de Tornquist. Turismo, Pol\u00edtica, Sociedad, Deporte, Cultura y todo el contenido de inter\u00e9s general que la gente del pueblo y la regi\u00f3n debe conocer.\" \/>\n<meta property=\"og:url\" content=\"https:\/\/www.celttv.com.ar\/index.php\/2013\/05\/21\/la-maraton-de-montana-dejo-su-sello-en-villa-ventana-videos-fotos-entrevistas\/\" \/>\n<meta property=\"og:site_name\" content=\"CELTTV\" \/>\n<meta property=\"article:publisher\" content=\"https:\/\/www.facebook.com\/celtTV\/\" \/>\n<meta property=\"article:published_time\" content=\"2013-05-21T21:35:46+00:00\" \/>\n<meta name=\"author\" content=\"ulises\" \/>\n<meta name=\"twitter:card\" content=\"summary_large_image\" \/>\n<meta name=\"twitter:label1\" content=\"Escrito por\" \/>\n\t<meta name=\"twitter:data1\" content=\"ulises\" \/>\n\t<meta name=\"twitter:label2\" content=\"Tiempo de lectura\" \/>\n\t<meta name=\"twitter:data2\" content=\"2 minutos\" \/>\n<script type=\"application\/ld+json\" class=\"yoast-schema-graph\">{\"@context\":\"https:\/\/schema.org\",\"@graph\":[{\"@type\":\"NewsArticle\",\"@id\":\"https:\/\/www.celttv.com.ar\/index.php\/2013\/05\/21\/la-maraton-de-montana-dejo-su-sello-en-villa-ventana-videos-fotos-entrevistas\/#article\",\"isPartOf\":{\"@id\":\"https:\/\/www.celttv.com.ar\/index.php\/2013\/05\/21\/la-maraton-de-montana-dejo-su-sello-en-villa-ventana-videos-fotos-entrevistas\/\"},\"author\":{\"name\":\"ulises\",\"@id\":\"https:\/\/www.celttv.com.ar\/#\/schema\/person\/6d99c072dba59953809c81446e9d0ace\"},\"headline\":\"LA MARATON DE MONTA\u00d1A DEJO SU SELLO EN VILLA VENTANA (videos, fotos, entrevistas)\",\"datePublished\":\"2013-05-21T21:35:46+00:00\",\"dateModified\":\"2013-05-21T21:35:46+00:00\",\"mainEntityOfPage\":{\"@id\":\"https:\/\/www.celttv.com.ar\/index.php\/2013\/05\/21\/la-maraton-de-montana-dejo-su-sello-en-villa-ventana-videos-fotos-entrevistas\/\"},\"wordCount\":460,\"publisher\":{\"@id\":\"https:\/\/www.celttv.com.ar\/#organization\"},\"articleSection\":[\"Deporte\",\"Destacadas\",\"Pol\u00edtica\",\"Videos Destacados\"],\"inLanguage\":\"es\"},{\"@type\":\"WebPage\",\"@id\":\"https:\/\/www.celttv.com.ar\/index.php\/2013\/05\/21\/la-maraton-de-montana-dejo-su-sello-en-villa-ventana-videos-fotos-entrevistas\/\",\"url\":\"https:\/\/www.celttv.com.ar\/index.php\/2013\/05\/21\/la-maraton-de-montana-dejo-su-sello-en-villa-ventana-videos-fotos-entrevistas\/\",\"name\":\"LA MARATON DE MONTA\u00d1A DEJO SU SELLO EN VILLA VENTANA (videos, fotos, entrevistas) - CELTTV\",\"isPartOf\":{\"@id\":\"https:\/\/www.celttv.com.ar\/#website\"},\"datePublished\":\"2013-05-21T21:35:46+00:00\",\"dateModified\":\"2013-05-21T21:35:46+00:00\",\"description\":\"Sitio web de noticias de la localidad de Tornquist, provincia de Buenos Aires, Rep\u00fablica Argentina. Contenido propio originado por periodistas de CELTTV, el canal de TV local de la Cooperativa El\u00e9ctrica de Tornquist. Turismo, Pol\u00edtica, Sociedad, Deporte, Cultura y todo el contenido de inter\u00e9s general que la gente del pueblo y la regi\u00f3n debe conocer.\",\"breadcrumb\":{\"@id\":\"https:\/\/www.celttv.com.ar\/index.php\/2013\/05\/21\/la-maraton-de-montana-dejo-su-sello-en-villa-ventana-videos-fotos-entrevistas\/#breadcrumb\"},\"inLanguage\":\"es\",\"potentialAction\":[{\"@type\":\"ReadAction\",\"target\":[\"https:\/\/www.celttv.com.ar\/index.php\/2013\/05\/21\/la-maraton-de-montana-dejo-su-sello-en-villa-ventana-videos-fotos-entrevistas\/\"]}]},{\"@type\":\"BreadcrumbList\",\"@id\":\"https:\/\/www.celttv.com.ar\/index.php\/2013\/05\/21\/la-maraton-de-montana-dejo-su-sello-en-villa-ventana-videos-fotos-entrevistas\/#breadcrumb\",\"itemListElement\":[{\"@type\":\"ListItem\",\"position\":1,\"name\":\"Inicio\",\"item\":\"https:\/\/www.celttv.com.ar\/\"},{\"@type\":\"ListItem\",\"position\":2,\"name\":\"LA MARATON DE MONTA\u00d1A DEJO SU SELLO EN VILLA VENTANA (videos, fotos, entrevistas)\"}]},{\"@type\":\"WebSite\",\"@id\":\"https:\/\/www.celttv.com.ar\/#website\",\"url\":\"https:\/\/www.celttv.com.ar\/\",\"name\":\"CELTTV\",\"description\":\"Cooperativa El\u00e9ctrica de Tornquist\",\"publisher\":{\"@id\":\"https:\/\/www.celttv.com.ar\/#organization\"},\"potentialAction\":[{\"@type\":\"SearchAction\",\"target\":{\"@type\":\"EntryPoint\",\"urlTemplate\":\"https:\/\/www.celttv.com.ar\/?s={search_term_string}\"},\"query-input\":\"required name=search_term_string\"}],\"inLanguage\":\"es\"},{\"@type\":\"Organization\",\"@id\":\"https:\/\/www.celttv.com.ar\/#organization\",\"name\":\"CELTTV\",\"url\":\"https:\/\/www.celttv.com.ar\/\",\"sameAs\":[\"https:\/\/www.youtube.com\/channel\/UCz_oIt8Hig64Ub-EmcNPIhg\",\"https:\/\/www.facebook.com\/celtTV\/\"],\"logo\":{\"@type\":\"ImageObject\",\"inLanguage\":\"es\",\"@id\":\"https:\/\/www.celttv.com.ar\/#\/schema\/logo\/image\/\",\"url\":\"http:\/\/www.celttv.com.ar\/wp-content\/uploads\/2022\/08\/logo-1.png\",\"contentUrl\":\"http:\/\/www.celttv.com.ar\/wp-content\/uploads\/2022\/08\/logo-1.png\",\"width\":461,\"height\":159,\"caption\":\"CELTTV\"},\"image\":{\"@id\":\"https:\/\/www.celttv.com.ar\/#\/schema\/logo\/image\/\"}},{\"@type\":\"Person\",\"@id\":\"https:\/\/www.celttv.com.ar\/#\/schema\/person\/6d99c072dba59953809c81446e9d0ace\",\"name\":\"ulises\",\"image\":{\"@type\":\"ImageObject\",\"inLanguage\":\"es\",\"@id\":\"https:\/\/www.celttv.com.ar\/#\/schema\/person\/image\/\",\"url\":\"https:\/\/secure.gravatar.com\/avatar\/7f2c48bdc33b30088f941fb6082e555f2874c98e20cb159d7b92b50eadfce793?s=96&d=mm&r=g\",\"contentUrl\":\"https:\/\/secure.gravatar.com\/avatar\/7f2c48bdc33b30088f941fb6082e555f2874c98e20cb159d7b92b50eadfce793?s=96&d=mm&r=g\",\"caption\":\"ulises\"},\"sameAs\":[\"http:\/\/www.celttv.com.ar\"]}]}<\/script>\n<!-- \/ Yoast SEO plugin. -->","yoast_head_json":{"title":"LA MARATON DE MONTA\u00d1A DEJO SU SELLO EN VILLA VENTANA (videos, fotos, entrevistas) - CELTTV","description":"Sitio web de noticias de la localidad de Tornquist, provincia de Buenos Aires, Rep\u00fablica Argentina. Contenido propio originado por periodistas de CELTTV, el canal de TV local de la Cooperativa El\u00e9ctrica de Tornquist. Turismo, Pol\u00edtica, Sociedad, Deporte, Cultura y todo el contenido de inter\u00e9s general que la gente del pueblo y la regi\u00f3n debe conocer.","robots":{"index":"index","follow":"follow","max-snippet":"max-snippet:-1","max-image-preview":"max-image-preview:large","max-video-preview":"max-video-preview:-1"},"canonical":"https:\/\/www.celttv.com.ar\/index.php\/2013\/05\/21\/la-maraton-de-montana-dejo-su-sello-en-villa-ventana-videos-fotos-entrevistas\/","og_locale":"es_ES","og_type":"article","og_title":"LA MARATON DE MONTA\u00d1A DEJO SU SELLO EN VILLA VENTANA (videos, fotos, entrevistas) - CELTTV","og_description":"Sitio web de noticias de la localidad de Tornquist, provincia de Buenos Aires, Rep\u00fablica Argentina. Contenido propio originado por periodistas de CELTTV, el canal de TV local de la Cooperativa El\u00e9ctrica de Tornquist. Turismo, Pol\u00edtica, Sociedad, Deporte, Cultura y todo el contenido de inter\u00e9s general que la gente del pueblo y la regi\u00f3n debe conocer.","og_url":"https:\/\/www.celttv.com.ar\/index.php\/2013\/05\/21\/la-maraton-de-montana-dejo-su-sello-en-villa-ventana-videos-fotos-entrevistas\/","og_site_name":"CELTTV","article_publisher":"https:\/\/www.facebook.com\/celtTV\/","article_published_time":"2013-05-21T21:35:46+00:00","author":"ulises","twitter_card":"summary_large_image","twitter_misc":{"Escrito por":"ulises","Tiempo de lectura":"2 minutos"},"schema":{"@context":"https:\/\/schema.org","@graph":[{"@type":"NewsArticle","@id":"https:\/\/www.celttv.com.ar\/index.php\/2013\/05\/21\/la-maraton-de-montana-dejo-su-sello-en-villa-ventana-videos-fotos-entrevistas\/#article","isPartOf":{"@id":"https:\/\/www.celttv.com.ar\/index.php\/2013\/05\/21\/la-maraton-de-montana-dejo-su-sello-en-villa-ventana-videos-fotos-entrevistas\/"},"author":{"name":"ulises","@id":"https:\/\/www.celttv.com.ar\/#\/schema\/person\/6d99c072dba59953809c81446e9d0ace"},"headline":"LA MARATON DE MONTA\u00d1A DEJO SU SELLO EN VILLA VENTANA (videos, fotos, entrevistas)","datePublished":"2013-05-21T21:35:46+00:00","dateModified":"2013-05-21T21:35:46+00:00","mainEntityOfPage":{"@id":"https:\/\/www.celttv.com.ar\/index.php\/2013\/05\/21\/la-maraton-de-montana-dejo-su-sello-en-villa-ventana-videos-fotos-entrevistas\/"},"wordCount":460,"publisher":{"@id":"https:\/\/www.celttv.com.ar\/#organization"},"articleSection":["Deporte","Destacadas","Pol\u00edtica","Videos Destacados"],"inLanguage":"es"},{"@type":"WebPage","@id":"https:\/\/www.celttv.com.ar\/index.php\/2013\/05\/21\/la-maraton-de-montana-dejo-su-sello-en-villa-ventana-videos-fotos-entrevistas\/","url":"https:\/\/www.celttv.com.ar\/index.php\/2013\/05\/21\/la-maraton-de-montana-dejo-su-sello-en-villa-ventana-videos-fotos-entrevistas\/","name":"LA MARATON DE MONTA\u00d1A DEJO SU SELLO EN VILLA VENTANA (videos, fotos, entrevistas) - CELTTV","isPartOf":{"@id":"https:\/\/www.celttv.com.ar\/#website"},"datePublished":"2013-05-21T21:35:46+00:00","dateModified":"2013-05-21T21:35:46+00:00","description":"Sitio web de noticias de la localidad de Tornquist, provincia de Buenos Aires, Rep\u00fablica Argentina. Contenido propio originado por periodistas de CELTTV, el canal de TV local de la Cooperativa El\u00e9ctrica de Tornquist. Turismo, Pol\u00edtica, Sociedad, Deporte, Cultura y todo el contenido de inter\u00e9s general que la gente del pueblo y la regi\u00f3n debe conocer.","breadcrumb":{"@id":"https:\/\/www.celttv.com.ar\/index.php\/2013\/05\/21\/la-maraton-de-montana-dejo-su-sello-en-villa-ventana-videos-fotos-entrevistas\/#breadcrumb"},"inLanguage":"es","potentialAction":[{"@type":"ReadAction","target":["https:\/\/www.celttv.com.ar\/index.php\/2013\/05\/21\/la-maraton-de-montana-dejo-su-sello-en-villa-ventana-videos-fotos-entrevistas\/"]}]},{"@type":"BreadcrumbList","@id":"https:\/\/www.celttv.com.ar\/index.php\/2013\/05\/21\/la-maraton-de-montana-dejo-su-sello-en-villa-ventana-videos-fotos-entrevistas\/#breadcrumb","itemListElement":[{"@type":"ListItem","position":1,"name":"Inicio","item":"https:\/\/www.celttv.com.ar\/"},{"@type":"ListItem","position":2,"name":"LA MARATON DE MONTA\u00d1A DEJO SU SELLO EN VILLA VENTANA (videos, fotos, entrevistas)"}]},{"@type":"WebSite","@id":"https:\/\/www.celttv.com.ar\/#website","url":"https:\/\/www.celttv.com.ar\/","name":"CELTTV","description":"Cooperativa El\u00e9ctrica de Tornquist","publisher":{"@id":"https:\/\/www.celttv.com.ar\/#organization"},"potentialAction":[{"@type":"SearchAction","target":{"@type":"EntryPoint","urlTemplate":"https:\/\/www.celttv.com.ar\/?s={search_term_string}"},"query-input":"required name=search_term_string"}],"inLanguage":"es"},{"@type":"Organization","@id":"https:\/\/www.celttv.com.ar\/#organization","name":"CELTTV","url":"https:\/\/www.celttv.com.ar\/","sameAs":["https:\/\/www.youtube.com\/channel\/UCz_oIt8Hig64Ub-EmcNPIhg","https:\/\/www.facebook.com\/celtTV\/"],"logo":{"@type":"ImageObject","inLanguage":"es","@id":"https:\/\/www.celttv.com.ar\/#\/schema\/logo\/image\/","url":"http:\/\/www.celttv.com.ar\/wp-content\/uploads\/2022\/08\/logo-1.png","contentUrl":"http:\/\/www.celttv.com.ar\/wp-content\/uploads\/2022\/08\/logo-1.png","width":461,"height":159,"caption":"CELTTV"},"image":{"@id":"https:\/\/www.celttv.com.ar\/#\/schema\/logo\/image\/"}},{"@type":"Person","@id":"https:\/\/www.celttv.com.ar\/#\/schema\/person\/6d99c072dba59953809c81446e9d0ace","name":"ulises","image":{"@type":"ImageObject","inLanguage":"es","@id":"https:\/\/www.celttv.com.ar\/#\/schema\/person\/image\/","url":"https:\/\/secure.gravatar.com\/avatar\/7f2c48bdc33b30088f941fb6082e555f2874c98e20cb159d7b92b50eadfce793?s=96&d=mm&r=g","contentUrl":"https:\/\/secure.gravatar.com\/avatar\/7f2c48bdc33b30088f941fb6082e555f2874c98e20cb159d7b92b50eadfce793?s=96&d=mm&r=g","caption":"ulises"},"sameAs":["http:\/\/www.celttv.com.ar"]}]}},"_links":{"self":[{"href":"https:\/\/www.celttv.com.ar\/index.php\/wp-json\/wp\/v2\/posts\/11664","targetHints":{"allow":["GET"]}}],"collection":[{"href":"https:\/\/www.celttv.com.ar\/index.php\/wp-json\/wp\/v2\/posts"}],"about":[{"href":"https:\/\/www.celttv.com.ar\/index.php\/wp-json\/wp\/v2\/types\/post"}],"author":[{"embeddable":true,"href":"https:\/\/www.celttv.com.ar\/index.php\/wp-json\/wp\/v2\/users\/1"}],"replies":[{"embeddable":true,"href":"https:\/\/www.celttv.com.ar\/index.php\/wp-json\/wp\/v2\/comments?post=11664"}],"version-history":[{"count":0,"href":"https:\/\/www.celttv.com.ar\/index.php\/wp-json\/wp\/v2\/posts\/11664\/revisions"}],"wp:attachment":[{"href":"https:\/\/www.celttv.com.ar\/index.php\/wp-json\/wp\/v2\/media?parent=11664"}],"wp:term":[{"taxonomy":"category","embeddable":true,"href":"https:\/\/www.celttv.com.ar\/index.php\/wp-json\/wp\/v2\/categories?post=11664"},{"taxonomy":"post_tag","embeddable":true,"href":"https:\/\/www.celttv.com.ar\/index.php\/wp-json\/wp\/v2\/tags?post=11664"}],"curies":[{"name":"wp","href":"https:\/\/api.w.org\/{rel}","templated":true}]}}