{"id":11672,"date":"2013-05-21T22:26:55","date_gmt":"2013-05-21T22:26:55","guid":{"rendered":"http:\/\/www.tvcnoticias.com.ar\/?p=11672"},"modified":"2013-05-21T22:26:55","modified_gmt":"2013-05-21T22:26:55","slug":"el-centro-de-dia-y-los-talleres-protegidos-en-una-jornada-distinta-imagenes-y-testimonios","status":"publish","type":"post","link":"https:\/\/www.celttv.com.ar\/index.php\/2013\/05\/21\/el-centro-de-dia-y-los-talleres-protegidos-en-una-jornada-distinta-imagenes-y-testimonios\/","title":{"rendered":"EL CENTRO DE DIA Y LOS TALLERES PROTEGIDOS EN UNA JORNADA DISTINTA (im\u00e1genes y testimonios)"},"content":{"rendered":"<p><a href=\"http:\/\/www.youtube.com\/watch?v=qQDXkJZbclw\"><a href=\"http:\/\/www.youtube.com\/watch?v=qQDXkJZbclw\">httpv:\/\/www.youtube.com\/watch?v=qQDXkJZbclw<\/a><\/a><br \/>\nEl Centro de D\u00eda Tornquist tuvo la idea y r\u00e1pidamente se hicieron eco de la propuesta algunas instituciones de la regi\u00f3n y de nuestra ciudad.\u00a0 \u00a0 En la disco Manotas, gentilmente cedida por Tito Raising, hubo un singular encuentro con los concurrentes y trabajadores de Centros de D\u00eda \u00a0y talleres protegidos de Salliquel\u00f3,la panificadora Nuevo Sol de Bah\u00eda Blanca, Escuela especial de Saldungaray, Centro de D\u00eda de Tornquist y Taller Protegido de nuestra ciudad.\u00a0 \u00a0Hubo mucha m\u00fasica, baile, cotill\u00f3n y un almuerzo y merienda con una experiencia muy enriquecedora para todos los que de una u otra manera se acercaron a esta propuesta y aquellos trabajadores que lograron una integraci\u00f3n especial que todos pudieron disfrutar.<\/p>\n","protected":false},"excerpt":{"rendered":"<p>httpv:\/\/www.youtube.com\/watch?v=qQDXkJZbclw El Centro de D\u00eda Tornquist tuvo la idea y r\u00e1pidamente se hicieron eco de la propuesta algunas instituciones de la regi\u00f3n y de nuestra ciudad.\u00a0 \u00a0 En la disco Manotas, gentilmente cedida por Tito Raising, hubo un singular encuentro con los concurrentes y trabajadores de Centros de D\u00eda \u00a0y talleres protegidos de Salliquel\u00f3,la panificadora [&hellip;]<\/p>\n","protected":false},"author":1,"featured_media":0,"comment_status":"closed","ping_status":"open","sticky":false,"template":"","format":"standard","meta":{"footnotes":""},"categories":[51,52,64],"tags":[],"class_list":["post-11672","post","type-post","status-publish","format-standard","hentry","category-comunidad","category-destacadas","category-videos-destacados"],"yoast_head":"<!-- This site is optimized with the Yoast SEO plugin v19.7.1 - https:\/\/yoast.com\/wordpress\/plugins\/seo\/ -->\n<title>EL CENTRO DE DIA Y LOS TALLERES PROTEGIDOS EN UNA JORNADA DISTINTA (im\u00e1genes y testimonios) - CELTTV<\/title>\n<meta name=\"description\" content=\"Sitio web de noticias de la localidad de Tornquist, provincia de Buenos Aires, Rep\u00fablica Argentina. Contenido propio originado por periodistas de CELTTV, el canal de TV local de la Cooperativa El\u00e9ctrica de Tornquist. Turismo, Pol\u00edtica, Sociedad, Deporte, Cultura y todo el contenido de inter\u00e9s general que la gente del pueblo y la regi\u00f3n debe conocer.\" \/>\n<meta name=\"robots\" content=\"index, follow, max-snippet:-1, max-image-preview:large, max-video-preview:-1\" \/>\n<link rel=\"canonical\" href=\"https:\/\/www.celttv.com.ar\/index.php\/2013\/05\/21\/el-centro-de-dia-y-los-talleres-protegidos-en-una-jornada-distinta-imagenes-y-testimonios\/\" \/>\n<meta property=\"og:locale\" content=\"es_ES\" \/>\n<meta property=\"og:type\" content=\"article\" \/>\n<meta property=\"og:title\" content=\"EL CENTRO DE DIA Y LOS TALLERES PROTEGIDOS EN UNA JORNADA DISTINTA (im\u00e1genes y testimonios) - CELTTV\" \/>\n<meta property=\"og:description\" content=\"Sitio web de noticias de la localidad de Tornquist, provincia de Buenos Aires, Rep\u00fablica Argentina. Contenido propio originado por periodistas de CELTTV, el canal de TV local de la Cooperativa El\u00e9ctrica de Tornquist. Turismo, Pol\u00edtica, Sociedad, Deporte, Cultura y todo el contenido de inter\u00e9s general que la gente del pueblo y la regi\u00f3n debe conocer.\" \/>\n<meta property=\"og:url\" content=\"https:\/\/www.celttv.com.ar\/index.php\/2013\/05\/21\/el-centro-de-dia-y-los-talleres-protegidos-en-una-jornada-distinta-imagenes-y-testimonios\/\" \/>\n<meta property=\"og:site_name\" content=\"CELTTV\" \/>\n<meta property=\"article:publisher\" content=\"https:\/\/www.facebook.com\/celtTV\/\" \/>\n<meta property=\"article:published_time\" content=\"2013-05-21T22:26:55+00:00\" \/>\n<meta name=\"author\" content=\"ulises\" \/>\n<meta name=\"twitter:card\" content=\"summary_large_image\" \/>\n<meta name=\"twitter:label1\" content=\"Escrito por\" \/>\n\t<meta name=\"twitter:data1\" content=\"ulises\" \/>\n\t<meta name=\"twitter:label2\" content=\"Tiempo de lectura\" \/>\n\t<meta name=\"twitter:data2\" content=\"1 minuto\" \/>\n<script type=\"application\/ld+json\" class=\"yoast-schema-graph\">{\"@context\":\"https:\/\/schema.org\",\"@graph\":[{\"@type\":\"NewsArticle\",\"@id\":\"https:\/\/www.celttv.com.ar\/index.php\/2013\/05\/21\/el-centro-de-dia-y-los-talleres-protegidos-en-una-jornada-distinta-imagenes-y-testimonios\/#article\",\"isPartOf\":{\"@id\":\"https:\/\/www.celttv.com.ar\/index.php\/2013\/05\/21\/el-centro-de-dia-y-los-talleres-protegidos-en-una-jornada-distinta-imagenes-y-testimonios\/\"},\"author\":{\"name\":\"ulises\",\"@id\":\"https:\/\/www.celttv.com.ar\/#\/schema\/person\/6d99c072dba59953809c81446e9d0ace\"},\"headline\":\"EL CENTRO DE DIA Y LOS TALLERES PROTEGIDOS EN UNA JORNADA DISTINTA (im\u00e1genes y testimonios)\",\"datePublished\":\"2013-05-21T22:26:55+00:00\",\"dateModified\":\"2013-05-21T22:26:55+00:00\",\"mainEntityOfPage\":{\"@id\":\"https:\/\/www.celttv.com.ar\/index.php\/2013\/05\/21\/el-centro-de-dia-y-los-talleres-protegidos-en-una-jornada-distinta-imagenes-y-testimonios\/\"},\"wordCount\":147,\"publisher\":{\"@id\":\"https:\/\/www.celttv.com.ar\/#organization\"},\"articleSection\":[\"Comunidad\",\"Destacadas\",\"Videos Destacados\"],\"inLanguage\":\"es\"},{\"@type\":\"WebPage\",\"@id\":\"https:\/\/www.celttv.com.ar\/index.php\/2013\/05\/21\/el-centro-de-dia-y-los-talleres-protegidos-en-una-jornada-distinta-imagenes-y-testimonios\/\",\"url\":\"https:\/\/www.celttv.com.ar\/index.php\/2013\/05\/21\/el-centro-de-dia-y-los-talleres-protegidos-en-una-jornada-distinta-imagenes-y-testimonios\/\",\"name\":\"EL CENTRO DE DIA Y LOS TALLERES PROTEGIDOS EN UNA JORNADA DISTINTA (im\u00e1genes y testimonios) - CELTTV\",\"isPartOf\":{\"@id\":\"https:\/\/www.celttv.com.ar\/#website\"},\"datePublished\":\"2013-05-21T22:26:55+00:00\",\"dateModified\":\"2013-05-21T22:26:55+00:00\",\"description\":\"Sitio web de noticias de la localidad de Tornquist, provincia de Buenos Aires, Rep\u00fablica Argentina. Contenido propio originado por periodistas de CELTTV, el canal de TV local de la Cooperativa El\u00e9ctrica de Tornquist. Turismo, Pol\u00edtica, Sociedad, Deporte, Cultura y todo el contenido de inter\u00e9s general que la gente del pueblo y la regi\u00f3n debe conocer.\",\"breadcrumb\":{\"@id\":\"https:\/\/www.celttv.com.ar\/index.php\/2013\/05\/21\/el-centro-de-dia-y-los-talleres-protegidos-en-una-jornada-distinta-imagenes-y-testimonios\/#breadcrumb\"},\"inLanguage\":\"es\",\"potentialAction\":[{\"@type\":\"ReadAction\",\"target\":[\"https:\/\/www.celttv.com.ar\/index.php\/2013\/05\/21\/el-centro-de-dia-y-los-talleres-protegidos-en-una-jornada-distinta-imagenes-y-testimonios\/\"]}]},{\"@type\":\"BreadcrumbList\",\"@id\":\"https:\/\/www.celttv.com.ar\/index.php\/2013\/05\/21\/el-centro-de-dia-y-los-talleres-protegidos-en-una-jornada-distinta-imagenes-y-testimonios\/#breadcrumb\",\"itemListElement\":[{\"@type\":\"ListItem\",\"position\":1,\"name\":\"Inicio\",\"item\":\"https:\/\/www.celttv.com.ar\/\"},{\"@type\":\"ListItem\",\"position\":2,\"name\":\"EL CENTRO DE DIA Y LOS TALLERES PROTEGIDOS EN UNA JORNADA DISTINTA (im\u00e1genes y testimonios)\"}]},{\"@type\":\"WebSite\",\"@id\":\"https:\/\/www.celttv.com.ar\/#website\",\"url\":\"https:\/\/www.celttv.com.ar\/\",\"name\":\"CELTTV\",\"description\":\"Cooperativa El\u00e9ctrica de Tornquist\",\"publisher\":{\"@id\":\"https:\/\/www.celttv.com.ar\/#organization\"},\"potentialAction\":[{\"@type\":\"SearchAction\",\"target\":{\"@type\":\"EntryPoint\",\"urlTemplate\":\"https:\/\/www.celttv.com.ar\/?s={search_term_string}\"},\"query-input\":\"required name=search_term_string\"}],\"inLanguage\":\"es\"},{\"@type\":\"Organization\",\"@id\":\"https:\/\/www.celttv.com.ar\/#organization\",\"name\":\"CELTTV\",\"url\":\"https:\/\/www.celttv.com.ar\/\",\"sameAs\":[\"https:\/\/www.youtube.com\/channel\/UCz_oIt8Hig64Ub-EmcNPIhg\",\"https:\/\/www.facebook.com\/celtTV\/\"],\"logo\":{\"@type\":\"ImageObject\",\"inLanguage\":\"es\",\"@id\":\"https:\/\/www.celttv.com.ar\/#\/schema\/logo\/image\/\",\"url\":\"http:\/\/www.celttv.com.ar\/wp-content\/uploads\/2022\/08\/logo-1.png\",\"contentUrl\":\"http:\/\/www.celttv.com.ar\/wp-content\/uploads\/2022\/08\/logo-1.png\",\"width\":461,\"height\":159,\"caption\":\"CELTTV\"},\"image\":{\"@id\":\"https:\/\/www.celttv.com.ar\/#\/schema\/logo\/image\/\"}},{\"@type\":\"Person\",\"@id\":\"https:\/\/www.celttv.com.ar\/#\/schema\/person\/6d99c072dba59953809c81446e9d0ace\",\"name\":\"ulises\",\"image\":{\"@type\":\"ImageObject\",\"inLanguage\":\"es\",\"@id\":\"https:\/\/www.celttv.com.ar\/#\/schema\/person\/image\/\",\"url\":\"https:\/\/secure.gravatar.com\/avatar\/7f2c48bdc33b30088f941fb6082e555f2874c98e20cb159d7b92b50eadfce793?s=96&d=mm&r=g\",\"contentUrl\":\"https:\/\/secure.gravatar.com\/avatar\/7f2c48bdc33b30088f941fb6082e555f2874c98e20cb159d7b92b50eadfce793?s=96&d=mm&r=g\",\"caption\":\"ulises\"},\"sameAs\":[\"http:\/\/www.celttv.com.ar\"]}]}<\/script>\n<!-- \/ Yoast SEO plugin. -->","yoast_head_json":{"title":"EL CENTRO DE DIA Y LOS TALLERES PROTEGIDOS EN UNA JORNADA DISTINTA (im\u00e1genes y testimonios) - CELTTV","description":"Sitio web de noticias de la localidad de Tornquist, provincia de Buenos Aires, Rep\u00fablica Argentina. Contenido propio originado por periodistas de CELTTV, el canal de TV local de la Cooperativa El\u00e9ctrica de Tornquist. Turismo, Pol\u00edtica, Sociedad, Deporte, Cultura y todo el contenido de inter\u00e9s general que la gente del pueblo y la regi\u00f3n debe conocer.","robots":{"index":"index","follow":"follow","max-snippet":"max-snippet:-1","max-image-preview":"max-image-preview:large","max-video-preview":"max-video-preview:-1"},"canonical":"https:\/\/www.celttv.com.ar\/index.php\/2013\/05\/21\/el-centro-de-dia-y-los-talleres-protegidos-en-una-jornada-distinta-imagenes-y-testimonios\/","og_locale":"es_ES","og_type":"article","og_title":"EL CENTRO DE DIA Y LOS TALLERES PROTEGIDOS EN UNA JORNADA DISTINTA (im\u00e1genes y testimonios) - CELTTV","og_description":"Sitio web de noticias de la localidad de Tornquist, provincia de Buenos Aires, Rep\u00fablica Argentina. Contenido propio originado por periodistas de CELTTV, el canal de TV local de la Cooperativa El\u00e9ctrica de Tornquist. Turismo, Pol\u00edtica, Sociedad, Deporte, Cultura y todo el contenido de inter\u00e9s general que la gente del pueblo y la regi\u00f3n debe conocer.","og_url":"https:\/\/www.celttv.com.ar\/index.php\/2013\/05\/21\/el-centro-de-dia-y-los-talleres-protegidos-en-una-jornada-distinta-imagenes-y-testimonios\/","og_site_name":"CELTTV","article_publisher":"https:\/\/www.facebook.com\/celtTV\/","article_published_time":"2013-05-21T22:26:55+00:00","author":"ulises","twitter_card":"summary_large_image","twitter_misc":{"Escrito por":"ulises","Tiempo de lectura":"1 minuto"},"schema":{"@context":"https:\/\/schema.org","@graph":[{"@type":"NewsArticle","@id":"https:\/\/www.celttv.com.ar\/index.php\/2013\/05\/21\/el-centro-de-dia-y-los-talleres-protegidos-en-una-jornada-distinta-imagenes-y-testimonios\/#article","isPartOf":{"@id":"https:\/\/www.celttv.com.ar\/index.php\/2013\/05\/21\/el-centro-de-dia-y-los-talleres-protegidos-en-una-jornada-distinta-imagenes-y-testimonios\/"},"author":{"name":"ulises","@id":"https:\/\/www.celttv.com.ar\/#\/schema\/person\/6d99c072dba59953809c81446e9d0ace"},"headline":"EL CENTRO DE DIA Y LOS TALLERES PROTEGIDOS EN UNA JORNADA DISTINTA (im\u00e1genes y testimonios)","datePublished":"2013-05-21T22:26:55+00:00","dateModified":"2013-05-21T22:26:55+00:00","mainEntityOfPage":{"@id":"https:\/\/www.celttv.com.ar\/index.php\/2013\/05\/21\/el-centro-de-dia-y-los-talleres-protegidos-en-una-jornada-distinta-imagenes-y-testimonios\/"},"wordCount":147,"publisher":{"@id":"https:\/\/www.celttv.com.ar\/#organization"},"articleSection":["Comunidad","Destacadas","Videos Destacados"],"inLanguage":"es"},{"@type":"WebPage","@id":"https:\/\/www.celttv.com.ar\/index.php\/2013\/05\/21\/el-centro-de-dia-y-los-talleres-protegidos-en-una-jornada-distinta-imagenes-y-testimonios\/","url":"https:\/\/www.celttv.com.ar\/index.php\/2013\/05\/21\/el-centro-de-dia-y-los-talleres-protegidos-en-una-jornada-distinta-imagenes-y-testimonios\/","name":"EL CENTRO DE DIA Y LOS TALLERES PROTEGIDOS EN UNA JORNADA DISTINTA (im\u00e1genes y testimonios) - CELTTV","isPartOf":{"@id":"https:\/\/www.celttv.com.ar\/#website"},"datePublished":"2013-05-21T22:26:55+00:00","dateModified":"2013-05-21T22:26:55+00:00","description":"Sitio web de noticias de la localidad de Tornquist, provincia de Buenos Aires, Rep\u00fablica Argentina. Contenido propio originado por periodistas de CELTTV, el canal de TV local de la Cooperativa El\u00e9ctrica de Tornquist. Turismo, Pol\u00edtica, Sociedad, Deporte, Cultura y todo el contenido de inter\u00e9s general que la gente del pueblo y la regi\u00f3n debe conocer.","breadcrumb":{"@id":"https:\/\/www.celttv.com.ar\/index.php\/2013\/05\/21\/el-centro-de-dia-y-los-talleres-protegidos-en-una-jornada-distinta-imagenes-y-testimonios\/#breadcrumb"},"inLanguage":"es","potentialAction":[{"@type":"ReadAction","target":["https:\/\/www.celttv.com.ar\/index.php\/2013\/05\/21\/el-centro-de-dia-y-los-talleres-protegidos-en-una-jornada-distinta-imagenes-y-testimonios\/"]}]},{"@type":"BreadcrumbList","@id":"https:\/\/www.celttv.com.ar\/index.php\/2013\/05\/21\/el-centro-de-dia-y-los-talleres-protegidos-en-una-jornada-distinta-imagenes-y-testimonios\/#breadcrumb","itemListElement":[{"@type":"ListItem","position":1,"name":"Inicio","item":"https:\/\/www.celttv.com.ar\/"},{"@type":"ListItem","position":2,"name":"EL CENTRO DE DIA Y LOS TALLERES PROTEGIDOS EN UNA JORNADA DISTINTA (im\u00e1genes y testimonios)"}]},{"@type":"WebSite","@id":"https:\/\/www.celttv.com.ar\/#website","url":"https:\/\/www.celttv.com.ar\/","name":"CELTTV","description":"Cooperativa El\u00e9ctrica de Tornquist","publisher":{"@id":"https:\/\/www.celttv.com.ar\/#organization"},"potentialAction":[{"@type":"SearchAction","target":{"@type":"EntryPoint","urlTemplate":"https:\/\/www.celttv.com.ar\/?s={search_term_string}"},"query-input":"required name=search_term_string"}],"inLanguage":"es"},{"@type":"Organization","@id":"https:\/\/www.celttv.com.ar\/#organization","name":"CELTTV","url":"https:\/\/www.celttv.com.ar\/","sameAs":["https:\/\/www.youtube.com\/channel\/UCz_oIt8Hig64Ub-EmcNPIhg","https:\/\/www.facebook.com\/celtTV\/"],"logo":{"@type":"ImageObject","inLanguage":"es","@id":"https:\/\/www.celttv.com.ar\/#\/schema\/logo\/image\/","url":"http:\/\/www.celttv.com.ar\/wp-content\/uploads\/2022\/08\/logo-1.png","contentUrl":"http:\/\/www.celttv.com.ar\/wp-content\/uploads\/2022\/08\/logo-1.png","width":461,"height":159,"caption":"CELTTV"},"image":{"@id":"https:\/\/www.celttv.com.ar\/#\/schema\/logo\/image\/"}},{"@type":"Person","@id":"https:\/\/www.celttv.com.ar\/#\/schema\/person\/6d99c072dba59953809c81446e9d0ace","name":"ulises","image":{"@type":"ImageObject","inLanguage":"es","@id":"https:\/\/www.celttv.com.ar\/#\/schema\/person\/image\/","url":"https:\/\/secure.gravatar.com\/avatar\/7f2c48bdc33b30088f941fb6082e555f2874c98e20cb159d7b92b50eadfce793?s=96&d=mm&r=g","contentUrl":"https:\/\/secure.gravatar.com\/avatar\/7f2c48bdc33b30088f941fb6082e555f2874c98e20cb159d7b92b50eadfce793?s=96&d=mm&r=g","caption":"ulises"},"sameAs":["http:\/\/www.celttv.com.ar"]}]}},"_links":{"self":[{"href":"https:\/\/www.celttv.com.ar\/index.php\/wp-json\/wp\/v2\/posts\/11672","targetHints":{"allow":["GET"]}}],"collection":[{"href":"https:\/\/www.celttv.com.ar\/index.php\/wp-json\/wp\/v2\/posts"}],"about":[{"href":"https:\/\/www.celttv.com.ar\/index.php\/wp-json\/wp\/v2\/types\/post"}],"author":[{"embeddable":true,"href":"https:\/\/www.celttv.com.ar\/index.php\/wp-json\/wp\/v2\/users\/1"}],"replies":[{"embeddable":true,"href":"https:\/\/www.celttv.com.ar\/index.php\/wp-json\/wp\/v2\/comments?post=11672"}],"version-history":[{"count":0,"href":"https:\/\/www.celttv.com.ar\/index.php\/wp-json\/wp\/v2\/posts\/11672\/revisions"}],"wp:attachment":[{"href":"https:\/\/www.celttv.com.ar\/index.php\/wp-json\/wp\/v2\/media?parent=11672"}],"wp:term":[{"taxonomy":"category","embeddable":true,"href":"https:\/\/www.celttv.com.ar\/index.php\/wp-json\/wp\/v2\/categories?post=11672"},{"taxonomy":"post_tag","embeddable":true,"href":"https:\/\/www.celttv.com.ar\/index.php\/wp-json\/wp\/v2\/tags?post=11672"}],"curies":[{"name":"wp","href":"https:\/\/api.w.org\/{rel}","templated":true}]}}