{"id":11675,"date":"2013-05-22T00:02:36","date_gmt":"2013-05-22T00:02:36","guid":{"rendered":"http:\/\/www.tvcnoticias.com.ar\/?p=11675"},"modified":"2013-05-22T00:02:36","modified_gmt":"2013-05-22T00:02:36","slug":"el-foro-de-ninez-celebra-la-formacion-del-consejo-local-de-promocion-y-proteccion-de-los-derechos-del-nino","status":"publish","type":"post","link":"https:\/\/www.celttv.com.ar\/index.php\/2013\/05\/22\/el-foro-de-ninez-celebra-la-formacion-del-consejo-local-de-promocion-y-proteccion-de-los-derechos-del-nino\/","title":{"rendered":"EL FORO DE NI\u00d1EZ CELEBRA LA FORMACION DEL CONSEJO LOCAL DE PROMOCION Y PROTECCION DE LOS DERECHOS DEL NI\u00d1O"},"content":{"rendered":"<p><span style=\"text-decoration: underline;\">Mediante un comunicado de prensa dado a conocer en las \u00faltimas horas, e<\/span>l Foro de Ni\u00f1ez del Distrito de Tornquist celebra la decisi\u00f3n del Municipio por convocar la formaci\u00f3n del Consejo Local de Promoci\u00f3n y Protecci\u00f3n de los Derechos de Ni\u00f1os, Ni\u00f1as y Adolescentes. Dicha convocatoria, seg\u00fan lo expresado por los medios de comunicaci\u00f3n locales, tendr\u00e1 lugar pr\u00f3ximamente.<br \/>\nAsimismo, agradece a los ciudadanos e instituciones del Distrito de Tornquist que firmaron los dos petitorios elevados al Ejecutivo Municipal (11\/12\/12 y 16\/4\/13) expresando su sensibilidad y preocupaci\u00f3n por la situaci\u00f3n de vulnerabilidad de nuestros chicos.<br \/>\nPor \u00faltimo, invitamos a la pr\u00f3xima reuni\u00f3n a realizarse en Villa Ventana, el lunes 3 de Junio a las 19 hs. en la Biblioteca Popular Macedonio Fern\u00e1ndez \u2013 Calle Pillahuinc\u00f3 e\/Cabecita Negra y Churrinche.<br \/>\n&nbsp;<br \/>\nFORO DE NINEZ DEL DISTRITO DE TORNQUIST<br \/>\ne-mail: foro_tornquist@outlook.com<br \/>\n&nbsp;<br \/>\n&nbsp;<\/p>\n","protected":false},"excerpt":{"rendered":"<p>Mediante un comunicado de prensa dado a conocer en las \u00faltimas horas, el Foro de Ni\u00f1ez del Distrito de Tornquist celebra la decisi\u00f3n del Municipio por convocar la formaci\u00f3n del Consejo Local de Promoci\u00f3n y Protecci\u00f3n de los Derechos de Ni\u00f1os, Ni\u00f1as y Adolescentes. Dicha convocatoria, seg\u00fan lo expresado por los medios de comunicaci\u00f3n locales, [&hellip;]<\/p>\n","protected":false},"author":1,"featured_media":0,"comment_status":"closed","ping_status":"open","sticky":false,"template":"","format":"standard","meta":{"footnotes":""},"categories":[51,52],"tags":[],"class_list":["post-11675","post","type-post","status-publish","format-standard","hentry","category-comunidad","category-destacadas"],"yoast_head":"<!-- This site is optimized with the Yoast SEO plugin v19.7.1 - https:\/\/yoast.com\/wordpress\/plugins\/seo\/ -->\n<title>EL FORO DE NI\u00d1EZ CELEBRA LA FORMACION DEL CONSEJO LOCAL DE PROMOCION Y PROTECCION DE LOS DERECHOS DEL NI\u00d1O - CELTTV<\/title>\n<meta name=\"description\" content=\"Sitio web de noticias de la localidad de Tornquist, provincia de Buenos Aires, Rep\u00fablica Argentina. Contenido propio originado por periodistas de CELTTV, el canal de TV local de la Cooperativa El\u00e9ctrica de Tornquist. Turismo, Pol\u00edtica, Sociedad, Deporte, Cultura y todo el contenido de inter\u00e9s general que la gente del pueblo y la regi\u00f3n debe conocer.\" \/>\n<meta name=\"robots\" content=\"index, follow, max-snippet:-1, max-image-preview:large, max-video-preview:-1\" \/>\n<link rel=\"canonical\" href=\"https:\/\/www.celttv.com.ar\/index.php\/2013\/05\/22\/el-foro-de-ninez-celebra-la-formacion-del-consejo-local-de-promocion-y-proteccion-de-los-derechos-del-nino\/\" \/>\n<meta property=\"og:locale\" content=\"es_ES\" \/>\n<meta property=\"og:type\" content=\"article\" \/>\n<meta property=\"og:title\" content=\"EL FORO DE NI\u00d1EZ CELEBRA LA FORMACION DEL CONSEJO LOCAL DE PROMOCION Y PROTECCION DE LOS DERECHOS DEL NI\u00d1O - CELTTV\" \/>\n<meta property=\"og:description\" content=\"Sitio web de noticias de la localidad de Tornquist, provincia de Buenos Aires, Rep\u00fablica Argentina. Contenido propio originado por periodistas de CELTTV, el canal de TV local de la Cooperativa El\u00e9ctrica de Tornquist. Turismo, Pol\u00edtica, Sociedad, Deporte, Cultura y todo el contenido de inter\u00e9s general que la gente del pueblo y la regi\u00f3n debe conocer.\" \/>\n<meta property=\"og:url\" content=\"https:\/\/www.celttv.com.ar\/index.php\/2013\/05\/22\/el-foro-de-ninez-celebra-la-formacion-del-consejo-local-de-promocion-y-proteccion-de-los-derechos-del-nino\/\" \/>\n<meta property=\"og:site_name\" content=\"CELTTV\" \/>\n<meta property=\"article:publisher\" content=\"https:\/\/www.facebook.com\/celtTV\/\" \/>\n<meta property=\"article:published_time\" content=\"2013-05-22T00:02:36+00:00\" \/>\n<meta name=\"author\" content=\"ulises\" \/>\n<meta name=\"twitter:card\" content=\"summary_large_image\" \/>\n<meta name=\"twitter:label1\" content=\"Escrito por\" \/>\n\t<meta name=\"twitter:data1\" content=\"ulises\" \/>\n\t<meta name=\"twitter:label2\" content=\"Tiempo de lectura\" \/>\n\t<meta name=\"twitter:data2\" content=\"1 minuto\" \/>\n<script type=\"application\/ld+json\" class=\"yoast-schema-graph\">{\"@context\":\"https:\/\/schema.org\",\"@graph\":[{\"@type\":\"NewsArticle\",\"@id\":\"https:\/\/www.celttv.com.ar\/index.php\/2013\/05\/22\/el-foro-de-ninez-celebra-la-formacion-del-consejo-local-de-promocion-y-proteccion-de-los-derechos-del-nino\/#article\",\"isPartOf\":{\"@id\":\"https:\/\/www.celttv.com.ar\/index.php\/2013\/05\/22\/el-foro-de-ninez-celebra-la-formacion-del-consejo-local-de-promocion-y-proteccion-de-los-derechos-del-nino\/\"},\"author\":{\"name\":\"ulises\",\"@id\":\"https:\/\/www.celttv.com.ar\/#\/schema\/person\/6d99c072dba59953809c81446e9d0ace\"},\"headline\":\"EL FORO DE NI\u00d1EZ CELEBRA LA FORMACION DEL CONSEJO LOCAL DE PROMOCION Y PROTECCION DE LOS DERECHOS DEL NI\u00d1O\",\"datePublished\":\"2013-05-22T00:02:36+00:00\",\"dateModified\":\"2013-05-22T00:02:36+00:00\",\"mainEntityOfPage\":{\"@id\":\"https:\/\/www.celttv.com.ar\/index.php\/2013\/05\/22\/el-foro-de-ninez-celebra-la-formacion-del-consejo-local-de-promocion-y-proteccion-de-los-derechos-del-nino\/\"},\"wordCount\":175,\"publisher\":{\"@id\":\"https:\/\/www.celttv.com.ar\/#organization\"},\"articleSection\":[\"Comunidad\",\"Destacadas\"],\"inLanguage\":\"es\"},{\"@type\":\"WebPage\",\"@id\":\"https:\/\/www.celttv.com.ar\/index.php\/2013\/05\/22\/el-foro-de-ninez-celebra-la-formacion-del-consejo-local-de-promocion-y-proteccion-de-los-derechos-del-nino\/\",\"url\":\"https:\/\/www.celttv.com.ar\/index.php\/2013\/05\/22\/el-foro-de-ninez-celebra-la-formacion-del-consejo-local-de-promocion-y-proteccion-de-los-derechos-del-nino\/\",\"name\":\"EL FORO DE NI\u00d1EZ CELEBRA LA FORMACION DEL CONSEJO LOCAL DE PROMOCION Y PROTECCION DE LOS DERECHOS DEL NI\u00d1O - CELTTV\",\"isPartOf\":{\"@id\":\"https:\/\/www.celttv.com.ar\/#website\"},\"datePublished\":\"2013-05-22T00:02:36+00:00\",\"dateModified\":\"2013-05-22T00:02:36+00:00\",\"description\":\"Sitio web de noticias de la localidad de Tornquist, provincia de Buenos Aires, Rep\u00fablica Argentina. Contenido propio originado por periodistas de CELTTV, el canal de TV local de la Cooperativa El\u00e9ctrica de Tornquist. Turismo, Pol\u00edtica, Sociedad, Deporte, Cultura y todo el contenido de inter\u00e9s general que la gente del pueblo y la regi\u00f3n debe conocer.\",\"breadcrumb\":{\"@id\":\"https:\/\/www.celttv.com.ar\/index.php\/2013\/05\/22\/el-foro-de-ninez-celebra-la-formacion-del-consejo-local-de-promocion-y-proteccion-de-los-derechos-del-nino\/#breadcrumb\"},\"inLanguage\":\"es\",\"potentialAction\":[{\"@type\":\"ReadAction\",\"target\":[\"https:\/\/www.celttv.com.ar\/index.php\/2013\/05\/22\/el-foro-de-ninez-celebra-la-formacion-del-consejo-local-de-promocion-y-proteccion-de-los-derechos-del-nino\/\"]}]},{\"@type\":\"BreadcrumbList\",\"@id\":\"https:\/\/www.celttv.com.ar\/index.php\/2013\/05\/22\/el-foro-de-ninez-celebra-la-formacion-del-consejo-local-de-promocion-y-proteccion-de-los-derechos-del-nino\/#breadcrumb\",\"itemListElement\":[{\"@type\":\"ListItem\",\"position\":1,\"name\":\"Inicio\",\"item\":\"https:\/\/www.celttv.com.ar\/\"},{\"@type\":\"ListItem\",\"position\":2,\"name\":\"EL FORO DE NI\u00d1EZ CELEBRA LA FORMACION DEL CONSEJO LOCAL DE PROMOCION Y PROTECCION DE LOS DERECHOS DEL NI\u00d1O\"}]},{\"@type\":\"WebSite\",\"@id\":\"https:\/\/www.celttv.com.ar\/#website\",\"url\":\"https:\/\/www.celttv.com.ar\/\",\"name\":\"CELTTV\",\"description\":\"Cooperativa El\u00e9ctrica de Tornquist\",\"publisher\":{\"@id\":\"https:\/\/www.celttv.com.ar\/#organization\"},\"potentialAction\":[{\"@type\":\"SearchAction\",\"target\":{\"@type\":\"EntryPoint\",\"urlTemplate\":\"https:\/\/www.celttv.com.ar\/?s={search_term_string}\"},\"query-input\":\"required name=search_term_string\"}],\"inLanguage\":\"es\"},{\"@type\":\"Organization\",\"@id\":\"https:\/\/www.celttv.com.ar\/#organization\",\"name\":\"CELTTV\",\"url\":\"https:\/\/www.celttv.com.ar\/\",\"sameAs\":[\"https:\/\/www.youtube.com\/channel\/UCz_oIt8Hig64Ub-EmcNPIhg\",\"https:\/\/www.facebook.com\/celtTV\/\"],\"logo\":{\"@type\":\"ImageObject\",\"inLanguage\":\"es\",\"@id\":\"https:\/\/www.celttv.com.ar\/#\/schema\/logo\/image\/\",\"url\":\"http:\/\/www.celttv.com.ar\/wp-content\/uploads\/2022\/08\/logo-1.png\",\"contentUrl\":\"http:\/\/www.celttv.com.ar\/wp-content\/uploads\/2022\/08\/logo-1.png\",\"width\":461,\"height\":159,\"caption\":\"CELTTV\"},\"image\":{\"@id\":\"https:\/\/www.celttv.com.ar\/#\/schema\/logo\/image\/\"}},{\"@type\":\"Person\",\"@id\":\"https:\/\/www.celttv.com.ar\/#\/schema\/person\/6d99c072dba59953809c81446e9d0ace\",\"name\":\"ulises\",\"image\":{\"@type\":\"ImageObject\",\"inLanguage\":\"es\",\"@id\":\"https:\/\/www.celttv.com.ar\/#\/schema\/person\/image\/\",\"url\":\"https:\/\/secure.gravatar.com\/avatar\/7f2c48bdc33b30088f941fb6082e555f2874c98e20cb159d7b92b50eadfce793?s=96&d=mm&r=g\",\"contentUrl\":\"https:\/\/secure.gravatar.com\/avatar\/7f2c48bdc33b30088f941fb6082e555f2874c98e20cb159d7b92b50eadfce793?s=96&d=mm&r=g\",\"caption\":\"ulises\"},\"sameAs\":[\"http:\/\/www.celttv.com.ar\"]}]}<\/script>\n<!-- \/ Yoast SEO plugin. -->","yoast_head_json":{"title":"EL FORO DE NI\u00d1EZ CELEBRA LA FORMACION DEL CONSEJO LOCAL DE PROMOCION Y PROTECCION DE LOS DERECHOS DEL NI\u00d1O - CELTTV","description":"Sitio web de noticias de la localidad de Tornquist, provincia de Buenos Aires, Rep\u00fablica Argentina. Contenido propio originado por periodistas de CELTTV, el canal de TV local de la Cooperativa El\u00e9ctrica de Tornquist. Turismo, Pol\u00edtica, Sociedad, Deporte, Cultura y todo el contenido de inter\u00e9s general que la gente del pueblo y la regi\u00f3n debe conocer.","robots":{"index":"index","follow":"follow","max-snippet":"max-snippet:-1","max-image-preview":"max-image-preview:large","max-video-preview":"max-video-preview:-1"},"canonical":"https:\/\/www.celttv.com.ar\/index.php\/2013\/05\/22\/el-foro-de-ninez-celebra-la-formacion-del-consejo-local-de-promocion-y-proteccion-de-los-derechos-del-nino\/","og_locale":"es_ES","og_type":"article","og_title":"EL FORO DE NI\u00d1EZ CELEBRA LA FORMACION DEL CONSEJO LOCAL DE PROMOCION Y PROTECCION DE LOS DERECHOS DEL NI\u00d1O - CELTTV","og_description":"Sitio web de noticias de la localidad de Tornquist, provincia de Buenos Aires, Rep\u00fablica Argentina. Contenido propio originado por periodistas de CELTTV, el canal de TV local de la Cooperativa El\u00e9ctrica de Tornquist. Turismo, Pol\u00edtica, Sociedad, Deporte, Cultura y todo el contenido de inter\u00e9s general que la gente del pueblo y la regi\u00f3n debe conocer.","og_url":"https:\/\/www.celttv.com.ar\/index.php\/2013\/05\/22\/el-foro-de-ninez-celebra-la-formacion-del-consejo-local-de-promocion-y-proteccion-de-los-derechos-del-nino\/","og_site_name":"CELTTV","article_publisher":"https:\/\/www.facebook.com\/celtTV\/","article_published_time":"2013-05-22T00:02:36+00:00","author":"ulises","twitter_card":"summary_large_image","twitter_misc":{"Escrito por":"ulises","Tiempo de lectura":"1 minuto"},"schema":{"@context":"https:\/\/schema.org","@graph":[{"@type":"NewsArticle","@id":"https:\/\/www.celttv.com.ar\/index.php\/2013\/05\/22\/el-foro-de-ninez-celebra-la-formacion-del-consejo-local-de-promocion-y-proteccion-de-los-derechos-del-nino\/#article","isPartOf":{"@id":"https:\/\/www.celttv.com.ar\/index.php\/2013\/05\/22\/el-foro-de-ninez-celebra-la-formacion-del-consejo-local-de-promocion-y-proteccion-de-los-derechos-del-nino\/"},"author":{"name":"ulises","@id":"https:\/\/www.celttv.com.ar\/#\/schema\/person\/6d99c072dba59953809c81446e9d0ace"},"headline":"EL FORO DE NI\u00d1EZ CELEBRA LA FORMACION DEL CONSEJO LOCAL DE PROMOCION Y PROTECCION DE LOS DERECHOS DEL NI\u00d1O","datePublished":"2013-05-22T00:02:36+00:00","dateModified":"2013-05-22T00:02:36+00:00","mainEntityOfPage":{"@id":"https:\/\/www.celttv.com.ar\/index.php\/2013\/05\/22\/el-foro-de-ninez-celebra-la-formacion-del-consejo-local-de-promocion-y-proteccion-de-los-derechos-del-nino\/"},"wordCount":175,"publisher":{"@id":"https:\/\/www.celttv.com.ar\/#organization"},"articleSection":["Comunidad","Destacadas"],"inLanguage":"es"},{"@type":"WebPage","@id":"https:\/\/www.celttv.com.ar\/index.php\/2013\/05\/22\/el-foro-de-ninez-celebra-la-formacion-del-consejo-local-de-promocion-y-proteccion-de-los-derechos-del-nino\/","url":"https:\/\/www.celttv.com.ar\/index.php\/2013\/05\/22\/el-foro-de-ninez-celebra-la-formacion-del-consejo-local-de-promocion-y-proteccion-de-los-derechos-del-nino\/","name":"EL FORO DE NI\u00d1EZ CELEBRA LA FORMACION DEL CONSEJO LOCAL DE PROMOCION Y PROTECCION DE LOS DERECHOS DEL NI\u00d1O - CELTTV","isPartOf":{"@id":"https:\/\/www.celttv.com.ar\/#website"},"datePublished":"2013-05-22T00:02:36+00:00","dateModified":"2013-05-22T00:02:36+00:00","description":"Sitio web de noticias de la localidad de Tornquist, provincia de Buenos Aires, Rep\u00fablica Argentina. Contenido propio originado por periodistas de CELTTV, el canal de TV local de la Cooperativa El\u00e9ctrica de Tornquist. Turismo, Pol\u00edtica, Sociedad, Deporte, Cultura y todo el contenido de inter\u00e9s general que la gente del pueblo y la regi\u00f3n debe conocer.","breadcrumb":{"@id":"https:\/\/www.celttv.com.ar\/index.php\/2013\/05\/22\/el-foro-de-ninez-celebra-la-formacion-del-consejo-local-de-promocion-y-proteccion-de-los-derechos-del-nino\/#breadcrumb"},"inLanguage":"es","potentialAction":[{"@type":"ReadAction","target":["https:\/\/www.celttv.com.ar\/index.php\/2013\/05\/22\/el-foro-de-ninez-celebra-la-formacion-del-consejo-local-de-promocion-y-proteccion-de-los-derechos-del-nino\/"]}]},{"@type":"BreadcrumbList","@id":"https:\/\/www.celttv.com.ar\/index.php\/2013\/05\/22\/el-foro-de-ninez-celebra-la-formacion-del-consejo-local-de-promocion-y-proteccion-de-los-derechos-del-nino\/#breadcrumb","itemListElement":[{"@type":"ListItem","position":1,"name":"Inicio","item":"https:\/\/www.celttv.com.ar\/"},{"@type":"ListItem","position":2,"name":"EL FORO DE NI\u00d1EZ CELEBRA LA FORMACION DEL CONSEJO LOCAL DE PROMOCION Y PROTECCION DE LOS DERECHOS DEL NI\u00d1O"}]},{"@type":"WebSite","@id":"https:\/\/www.celttv.com.ar\/#website","url":"https:\/\/www.celttv.com.ar\/","name":"CELTTV","description":"Cooperativa El\u00e9ctrica de Tornquist","publisher":{"@id":"https:\/\/www.celttv.com.ar\/#organization"},"potentialAction":[{"@type":"SearchAction","target":{"@type":"EntryPoint","urlTemplate":"https:\/\/www.celttv.com.ar\/?s={search_term_string}"},"query-input":"required name=search_term_string"}],"inLanguage":"es"},{"@type":"Organization","@id":"https:\/\/www.celttv.com.ar\/#organization","name":"CELTTV","url":"https:\/\/www.celttv.com.ar\/","sameAs":["https:\/\/www.youtube.com\/channel\/UCz_oIt8Hig64Ub-EmcNPIhg","https:\/\/www.facebook.com\/celtTV\/"],"logo":{"@type":"ImageObject","inLanguage":"es","@id":"https:\/\/www.celttv.com.ar\/#\/schema\/logo\/image\/","url":"http:\/\/www.celttv.com.ar\/wp-content\/uploads\/2022\/08\/logo-1.png","contentUrl":"http:\/\/www.celttv.com.ar\/wp-content\/uploads\/2022\/08\/logo-1.png","width":461,"height":159,"caption":"CELTTV"},"image":{"@id":"https:\/\/www.celttv.com.ar\/#\/schema\/logo\/image\/"}},{"@type":"Person","@id":"https:\/\/www.celttv.com.ar\/#\/schema\/person\/6d99c072dba59953809c81446e9d0ace","name":"ulises","image":{"@type":"ImageObject","inLanguage":"es","@id":"https:\/\/www.celttv.com.ar\/#\/schema\/person\/image\/","url":"https:\/\/secure.gravatar.com\/avatar\/7f2c48bdc33b30088f941fb6082e555f2874c98e20cb159d7b92b50eadfce793?s=96&d=mm&r=g","contentUrl":"https:\/\/secure.gravatar.com\/avatar\/7f2c48bdc33b30088f941fb6082e555f2874c98e20cb159d7b92b50eadfce793?s=96&d=mm&r=g","caption":"ulises"},"sameAs":["http:\/\/www.celttv.com.ar"]}]}},"_links":{"self":[{"href":"https:\/\/www.celttv.com.ar\/index.php\/wp-json\/wp\/v2\/posts\/11675","targetHints":{"allow":["GET"]}}],"collection":[{"href":"https:\/\/www.celttv.com.ar\/index.php\/wp-json\/wp\/v2\/posts"}],"about":[{"href":"https:\/\/www.celttv.com.ar\/index.php\/wp-json\/wp\/v2\/types\/post"}],"author":[{"embeddable":true,"href":"https:\/\/www.celttv.com.ar\/index.php\/wp-json\/wp\/v2\/users\/1"}],"replies":[{"embeddable":true,"href":"https:\/\/www.celttv.com.ar\/index.php\/wp-json\/wp\/v2\/comments?post=11675"}],"version-history":[{"count":0,"href":"https:\/\/www.celttv.com.ar\/index.php\/wp-json\/wp\/v2\/posts\/11675\/revisions"}],"wp:attachment":[{"href":"https:\/\/www.celttv.com.ar\/index.php\/wp-json\/wp\/v2\/media?parent=11675"}],"wp:term":[{"taxonomy":"category","embeddable":true,"href":"https:\/\/www.celttv.com.ar\/index.php\/wp-json\/wp\/v2\/categories?post=11675"},{"taxonomy":"post_tag","embeddable":true,"href":"https:\/\/www.celttv.com.ar\/index.php\/wp-json\/wp\/v2\/tags?post=11675"}],"curies":[{"name":"wp","href":"https:\/\/api.w.org\/{rel}","templated":true}]}}