{"id":11710,"date":"2013-05-24T20:03:47","date_gmt":"2013-05-24T20:03:47","guid":{"rendered":"http:\/\/www.tvcnoticias.com.ar\/?p=11710"},"modified":"2013-05-24T20:03:47","modified_gmt":"2013-05-24T20:03:47","slug":"buena-actuacion-de-las-representantes-locales-en-el-provincial-de-gimnasia-artistica","status":"publish","type":"post","link":"https:\/\/www.celttv.com.ar\/index.php\/2013\/05\/24\/buena-actuacion-de-las-representantes-locales-en-el-provincial-de-gimnasia-artistica\/","title":{"rendered":"BUENA ACTUACION  DE LAS REPRESENTANTES LOCALES EN EL PROVINCIAL DE GIMNASIA ARTISTICA"},"content":{"rendered":"<p><br \/>\nEn el marco de\u00a0 las clases de gimnasia art\u00edstica que brinda la Direcci\u00f3n\u00a0de Deportes de la Municipalidad de Tornquist, gimnastas del distrito participaron del Provincial de Clubes femenino de ese deporte nivel C2, que se desarroll\u00f3 en Mar del Plata.<br \/>\nLas representantes fueron las alumnas Giuliana Caporicci y Carolina Rodr\u00edguez, quienes obtuvieron los siguientes puestos:<br \/>\n<strong>Categor\u00eda Juvenil:<\/strong><br \/>\n\u2022 17\u00b0 Giuliana Caporicci (de 64 competidoras).<br \/>\n<strong>Categor\u00eda Mayor<\/strong><br \/>\n\u2022 7\u00b0 Carolina Rodr\u00edguez (de 21 competidoras).<br \/>\nLas instituciones que participaron fueron Acrobacias Serranas, ARGYM, Asociaci\u00f3n Marplatense de Gimnasia, Asociaci\u00f3n Platense de Gimnasia, AYRES GYM, CEF N\u00ba 11 de Carlos Casares, Centro Gimn\u00e1stico Argentino, Centro de Promoci\u00f3n Ol\u00edmpica de Bragado, Club Atl\u00e9tico Ituzaing\u00f3, Club Defensores de Ayacucho, Club Defensores de Banfield, Club Lan\u00fas, Club Monte Grande, Club Mor\u00f3n, Club Olimpo, Club Pacheco- Tigre, Club S Y D. Ituizaing\u00f3 de Temperley, Corpus Gym, , Educgym,\u00a0Escuela Municipal de General Pir\u00e1n, Gimnastic de Vicente L\u00f3pez, Gimn\u00e1stica de Quilmes, Gimnasio Gym Park, Instituto Iacovelli, Mar de Aj\u00f3, , Quilmes Atl\u00e9tico Club, Sedalo y Gimnasio Siglo XXl de Quilmes.<br \/>\n&nbsp;<\/p>\n","protected":false},"excerpt":{"rendered":"<p>En el marco de\u00a0 las clases de gimnasia art\u00edstica que brinda la Direcci\u00f3n\u00a0de Deportes de la Municipalidad de Tornquist, gimnastas del distrito participaron del Provincial de Clubes femenino de ese deporte nivel C2, que se desarroll\u00f3 en Mar del Plata. Las representantes fueron las alumnas Giuliana Caporicci y Carolina Rodr\u00edguez, quienes obtuvieron los siguientes puestos: [&hellip;]<\/p>\n","protected":false},"author":1,"featured_media":0,"comment_status":"closed","ping_status":"open","sticky":false,"template":"","format":"standard","meta":{"footnotes":""},"categories":[51,60,52,53],"tags":[],"class_list":["post-11710","post","type-post","status-publish","format-standard","hentry","category-comunidad","category-deporte","category-destacadas","category-politica"],"yoast_head":"<!-- This site is optimized with the Yoast SEO plugin v19.7.1 - https:\/\/yoast.com\/wordpress\/plugins\/seo\/ -->\n<title>BUENA ACTUACION DE LAS REPRESENTANTES LOCALES EN EL PROVINCIAL DE GIMNASIA ARTISTICA - CELTTV<\/title>\n<meta name=\"description\" content=\"Sitio web de noticias de la localidad de Tornquist, provincia de Buenos Aires, Rep\u00fablica Argentina. Contenido propio originado por periodistas de CELTTV, el canal de TV local de la Cooperativa El\u00e9ctrica de Tornquist. Turismo, Pol\u00edtica, Sociedad, Deporte, Cultura y todo el contenido de inter\u00e9s general que la gente del pueblo y la regi\u00f3n debe conocer.\" \/>\n<meta name=\"robots\" content=\"index, follow, max-snippet:-1, max-image-preview:large, max-video-preview:-1\" \/>\n<link rel=\"canonical\" href=\"https:\/\/www.celttv.com.ar\/index.php\/2013\/05\/24\/buena-actuacion-de-las-representantes-locales-en-el-provincial-de-gimnasia-artistica\/\" \/>\n<meta property=\"og:locale\" content=\"es_ES\" \/>\n<meta property=\"og:type\" content=\"article\" \/>\n<meta property=\"og:title\" content=\"BUENA ACTUACION DE LAS REPRESENTANTES LOCALES EN EL PROVINCIAL DE GIMNASIA ARTISTICA - CELTTV\" \/>\n<meta property=\"og:description\" content=\"Sitio web de noticias de la localidad de Tornquist, provincia de Buenos Aires, Rep\u00fablica Argentina. Contenido propio originado por periodistas de CELTTV, el canal de TV local de la Cooperativa El\u00e9ctrica de Tornquist. Turismo, Pol\u00edtica, Sociedad, Deporte, Cultura y todo el contenido de inter\u00e9s general que la gente del pueblo y la regi\u00f3n debe conocer.\" \/>\n<meta property=\"og:url\" content=\"https:\/\/www.celttv.com.ar\/index.php\/2013\/05\/24\/buena-actuacion-de-las-representantes-locales-en-el-provincial-de-gimnasia-artistica\/\" \/>\n<meta property=\"og:site_name\" content=\"CELTTV\" \/>\n<meta property=\"article:publisher\" content=\"https:\/\/www.facebook.com\/celtTV\/\" \/>\n<meta property=\"article:published_time\" content=\"2013-05-24T20:03:47+00:00\" \/>\n<meta name=\"author\" content=\"ulises\" \/>\n<meta name=\"twitter:card\" content=\"summary_large_image\" \/>\n<meta name=\"twitter:label1\" content=\"Escrito por\" \/>\n\t<meta name=\"twitter:data1\" content=\"ulises\" \/>\n\t<meta name=\"twitter:label2\" content=\"Tiempo de lectura\" \/>\n\t<meta name=\"twitter:data2\" content=\"1 minuto\" \/>\n<script type=\"application\/ld+json\" class=\"yoast-schema-graph\">{\"@context\":\"https:\/\/schema.org\",\"@graph\":[{\"@type\":\"NewsArticle\",\"@id\":\"https:\/\/www.celttv.com.ar\/index.php\/2013\/05\/24\/buena-actuacion-de-las-representantes-locales-en-el-provincial-de-gimnasia-artistica\/#article\",\"isPartOf\":{\"@id\":\"https:\/\/www.celttv.com.ar\/index.php\/2013\/05\/24\/buena-actuacion-de-las-representantes-locales-en-el-provincial-de-gimnasia-artistica\/\"},\"author\":{\"name\":\"ulises\",\"@id\":\"https:\/\/www.celttv.com.ar\/#\/schema\/person\/6d99c072dba59953809c81446e9d0ace\"},\"headline\":\"BUENA ACTUACION DE LAS REPRESENTANTES LOCALES EN EL PROVINCIAL DE GIMNASIA ARTISTICA\",\"datePublished\":\"2013-05-24T20:03:47+00:00\",\"dateModified\":\"2013-05-24T20:03:47+00:00\",\"mainEntityOfPage\":{\"@id\":\"https:\/\/www.celttv.com.ar\/index.php\/2013\/05\/24\/buena-actuacion-de-las-representantes-locales-en-el-provincial-de-gimnasia-artistica\/\"},\"wordCount\":198,\"publisher\":{\"@id\":\"https:\/\/www.celttv.com.ar\/#organization\"},\"articleSection\":[\"Comunidad\",\"Deporte\",\"Destacadas\",\"Pol\u00edtica\"],\"inLanguage\":\"es\"},{\"@type\":\"WebPage\",\"@id\":\"https:\/\/www.celttv.com.ar\/index.php\/2013\/05\/24\/buena-actuacion-de-las-representantes-locales-en-el-provincial-de-gimnasia-artistica\/\",\"url\":\"https:\/\/www.celttv.com.ar\/index.php\/2013\/05\/24\/buena-actuacion-de-las-representantes-locales-en-el-provincial-de-gimnasia-artistica\/\",\"name\":\"BUENA ACTUACION DE LAS REPRESENTANTES LOCALES EN EL PROVINCIAL DE GIMNASIA ARTISTICA - CELTTV\",\"isPartOf\":{\"@id\":\"https:\/\/www.celttv.com.ar\/#website\"},\"datePublished\":\"2013-05-24T20:03:47+00:00\",\"dateModified\":\"2013-05-24T20:03:47+00:00\",\"description\":\"Sitio web de noticias de la localidad de Tornquist, provincia de Buenos Aires, Rep\u00fablica Argentina. Contenido propio originado por periodistas de CELTTV, el canal de TV local de la Cooperativa El\u00e9ctrica de Tornquist. Turismo, Pol\u00edtica, Sociedad, Deporte, Cultura y todo el contenido de inter\u00e9s general que la gente del pueblo y la regi\u00f3n debe conocer.\",\"breadcrumb\":{\"@id\":\"https:\/\/www.celttv.com.ar\/index.php\/2013\/05\/24\/buena-actuacion-de-las-representantes-locales-en-el-provincial-de-gimnasia-artistica\/#breadcrumb\"},\"inLanguage\":\"es\",\"potentialAction\":[{\"@type\":\"ReadAction\",\"target\":[\"https:\/\/www.celttv.com.ar\/index.php\/2013\/05\/24\/buena-actuacion-de-las-representantes-locales-en-el-provincial-de-gimnasia-artistica\/\"]}]},{\"@type\":\"BreadcrumbList\",\"@id\":\"https:\/\/www.celttv.com.ar\/index.php\/2013\/05\/24\/buena-actuacion-de-las-representantes-locales-en-el-provincial-de-gimnasia-artistica\/#breadcrumb\",\"itemListElement\":[{\"@type\":\"ListItem\",\"position\":1,\"name\":\"Inicio\",\"item\":\"https:\/\/www.celttv.com.ar\/\"},{\"@type\":\"ListItem\",\"position\":2,\"name\":\"BUENA ACTUACION DE LAS REPRESENTANTES LOCALES EN EL PROVINCIAL DE GIMNASIA ARTISTICA\"}]},{\"@type\":\"WebSite\",\"@id\":\"https:\/\/www.celttv.com.ar\/#website\",\"url\":\"https:\/\/www.celttv.com.ar\/\",\"name\":\"CELTTV\",\"description\":\"Cooperativa El\u00e9ctrica de Tornquist\",\"publisher\":{\"@id\":\"https:\/\/www.celttv.com.ar\/#organization\"},\"potentialAction\":[{\"@type\":\"SearchAction\",\"target\":{\"@type\":\"EntryPoint\",\"urlTemplate\":\"https:\/\/www.celttv.com.ar\/?s={search_term_string}\"},\"query-input\":\"required name=search_term_string\"}],\"inLanguage\":\"es\"},{\"@type\":\"Organization\",\"@id\":\"https:\/\/www.celttv.com.ar\/#organization\",\"name\":\"CELTTV\",\"url\":\"https:\/\/www.celttv.com.ar\/\",\"sameAs\":[\"https:\/\/www.youtube.com\/channel\/UCz_oIt8Hig64Ub-EmcNPIhg\",\"https:\/\/www.facebook.com\/celtTV\/\"],\"logo\":{\"@type\":\"ImageObject\",\"inLanguage\":\"es\",\"@id\":\"https:\/\/www.celttv.com.ar\/#\/schema\/logo\/image\/\",\"url\":\"http:\/\/www.celttv.com.ar\/wp-content\/uploads\/2022\/08\/logo-1.png\",\"contentUrl\":\"http:\/\/www.celttv.com.ar\/wp-content\/uploads\/2022\/08\/logo-1.png\",\"width\":461,\"height\":159,\"caption\":\"CELTTV\"},\"image\":{\"@id\":\"https:\/\/www.celttv.com.ar\/#\/schema\/logo\/image\/\"}},{\"@type\":\"Person\",\"@id\":\"https:\/\/www.celttv.com.ar\/#\/schema\/person\/6d99c072dba59953809c81446e9d0ace\",\"name\":\"ulises\",\"image\":{\"@type\":\"ImageObject\",\"inLanguage\":\"es\",\"@id\":\"https:\/\/www.celttv.com.ar\/#\/schema\/person\/image\/\",\"url\":\"https:\/\/secure.gravatar.com\/avatar\/7f2c48bdc33b30088f941fb6082e555f2874c98e20cb159d7b92b50eadfce793?s=96&d=mm&r=g\",\"contentUrl\":\"https:\/\/secure.gravatar.com\/avatar\/7f2c48bdc33b30088f941fb6082e555f2874c98e20cb159d7b92b50eadfce793?s=96&d=mm&r=g\",\"caption\":\"ulises\"},\"sameAs\":[\"http:\/\/www.celttv.com.ar\"]}]}<\/script>\n<!-- \/ Yoast SEO plugin. -->","yoast_head_json":{"title":"BUENA ACTUACION DE LAS REPRESENTANTES LOCALES EN EL PROVINCIAL DE GIMNASIA ARTISTICA - CELTTV","description":"Sitio web de noticias de la localidad de Tornquist, provincia de Buenos Aires, Rep\u00fablica Argentina. Contenido propio originado por periodistas de CELTTV, el canal de TV local de la Cooperativa El\u00e9ctrica de Tornquist. Turismo, Pol\u00edtica, Sociedad, Deporte, Cultura y todo el contenido de inter\u00e9s general que la gente del pueblo y la regi\u00f3n debe conocer.","robots":{"index":"index","follow":"follow","max-snippet":"max-snippet:-1","max-image-preview":"max-image-preview:large","max-video-preview":"max-video-preview:-1"},"canonical":"https:\/\/www.celttv.com.ar\/index.php\/2013\/05\/24\/buena-actuacion-de-las-representantes-locales-en-el-provincial-de-gimnasia-artistica\/","og_locale":"es_ES","og_type":"article","og_title":"BUENA ACTUACION DE LAS REPRESENTANTES LOCALES EN EL PROVINCIAL DE GIMNASIA ARTISTICA - CELTTV","og_description":"Sitio web de noticias de la localidad de Tornquist, provincia de Buenos Aires, Rep\u00fablica Argentina. Contenido propio originado por periodistas de CELTTV, el canal de TV local de la Cooperativa El\u00e9ctrica de Tornquist. Turismo, Pol\u00edtica, Sociedad, Deporte, Cultura y todo el contenido de inter\u00e9s general que la gente del pueblo y la regi\u00f3n debe conocer.","og_url":"https:\/\/www.celttv.com.ar\/index.php\/2013\/05\/24\/buena-actuacion-de-las-representantes-locales-en-el-provincial-de-gimnasia-artistica\/","og_site_name":"CELTTV","article_publisher":"https:\/\/www.facebook.com\/celtTV\/","article_published_time":"2013-05-24T20:03:47+00:00","author":"ulises","twitter_card":"summary_large_image","twitter_misc":{"Escrito por":"ulises","Tiempo de lectura":"1 minuto"},"schema":{"@context":"https:\/\/schema.org","@graph":[{"@type":"NewsArticle","@id":"https:\/\/www.celttv.com.ar\/index.php\/2013\/05\/24\/buena-actuacion-de-las-representantes-locales-en-el-provincial-de-gimnasia-artistica\/#article","isPartOf":{"@id":"https:\/\/www.celttv.com.ar\/index.php\/2013\/05\/24\/buena-actuacion-de-las-representantes-locales-en-el-provincial-de-gimnasia-artistica\/"},"author":{"name":"ulises","@id":"https:\/\/www.celttv.com.ar\/#\/schema\/person\/6d99c072dba59953809c81446e9d0ace"},"headline":"BUENA ACTUACION DE LAS REPRESENTANTES LOCALES EN EL PROVINCIAL DE GIMNASIA ARTISTICA","datePublished":"2013-05-24T20:03:47+00:00","dateModified":"2013-05-24T20:03:47+00:00","mainEntityOfPage":{"@id":"https:\/\/www.celttv.com.ar\/index.php\/2013\/05\/24\/buena-actuacion-de-las-representantes-locales-en-el-provincial-de-gimnasia-artistica\/"},"wordCount":198,"publisher":{"@id":"https:\/\/www.celttv.com.ar\/#organization"},"articleSection":["Comunidad","Deporte","Destacadas","Pol\u00edtica"],"inLanguage":"es"},{"@type":"WebPage","@id":"https:\/\/www.celttv.com.ar\/index.php\/2013\/05\/24\/buena-actuacion-de-las-representantes-locales-en-el-provincial-de-gimnasia-artistica\/","url":"https:\/\/www.celttv.com.ar\/index.php\/2013\/05\/24\/buena-actuacion-de-las-representantes-locales-en-el-provincial-de-gimnasia-artistica\/","name":"BUENA ACTUACION DE LAS REPRESENTANTES LOCALES EN EL PROVINCIAL DE GIMNASIA ARTISTICA - CELTTV","isPartOf":{"@id":"https:\/\/www.celttv.com.ar\/#website"},"datePublished":"2013-05-24T20:03:47+00:00","dateModified":"2013-05-24T20:03:47+00:00","description":"Sitio web de noticias de la localidad de Tornquist, provincia de Buenos Aires, Rep\u00fablica Argentina. Contenido propio originado por periodistas de CELTTV, el canal de TV local de la Cooperativa El\u00e9ctrica de Tornquist. Turismo, Pol\u00edtica, Sociedad, Deporte, Cultura y todo el contenido de inter\u00e9s general que la gente del pueblo y la regi\u00f3n debe conocer.","breadcrumb":{"@id":"https:\/\/www.celttv.com.ar\/index.php\/2013\/05\/24\/buena-actuacion-de-las-representantes-locales-en-el-provincial-de-gimnasia-artistica\/#breadcrumb"},"inLanguage":"es","potentialAction":[{"@type":"ReadAction","target":["https:\/\/www.celttv.com.ar\/index.php\/2013\/05\/24\/buena-actuacion-de-las-representantes-locales-en-el-provincial-de-gimnasia-artistica\/"]}]},{"@type":"BreadcrumbList","@id":"https:\/\/www.celttv.com.ar\/index.php\/2013\/05\/24\/buena-actuacion-de-las-representantes-locales-en-el-provincial-de-gimnasia-artistica\/#breadcrumb","itemListElement":[{"@type":"ListItem","position":1,"name":"Inicio","item":"https:\/\/www.celttv.com.ar\/"},{"@type":"ListItem","position":2,"name":"BUENA ACTUACION DE LAS REPRESENTANTES LOCALES EN EL PROVINCIAL DE GIMNASIA ARTISTICA"}]},{"@type":"WebSite","@id":"https:\/\/www.celttv.com.ar\/#website","url":"https:\/\/www.celttv.com.ar\/","name":"CELTTV","description":"Cooperativa El\u00e9ctrica de Tornquist","publisher":{"@id":"https:\/\/www.celttv.com.ar\/#organization"},"potentialAction":[{"@type":"SearchAction","target":{"@type":"EntryPoint","urlTemplate":"https:\/\/www.celttv.com.ar\/?s={search_term_string}"},"query-input":"required name=search_term_string"}],"inLanguage":"es"},{"@type":"Organization","@id":"https:\/\/www.celttv.com.ar\/#organization","name":"CELTTV","url":"https:\/\/www.celttv.com.ar\/","sameAs":["https:\/\/www.youtube.com\/channel\/UCz_oIt8Hig64Ub-EmcNPIhg","https:\/\/www.facebook.com\/celtTV\/"],"logo":{"@type":"ImageObject","inLanguage":"es","@id":"https:\/\/www.celttv.com.ar\/#\/schema\/logo\/image\/","url":"http:\/\/www.celttv.com.ar\/wp-content\/uploads\/2022\/08\/logo-1.png","contentUrl":"http:\/\/www.celttv.com.ar\/wp-content\/uploads\/2022\/08\/logo-1.png","width":461,"height":159,"caption":"CELTTV"},"image":{"@id":"https:\/\/www.celttv.com.ar\/#\/schema\/logo\/image\/"}},{"@type":"Person","@id":"https:\/\/www.celttv.com.ar\/#\/schema\/person\/6d99c072dba59953809c81446e9d0ace","name":"ulises","image":{"@type":"ImageObject","inLanguage":"es","@id":"https:\/\/www.celttv.com.ar\/#\/schema\/person\/image\/","url":"https:\/\/secure.gravatar.com\/avatar\/7f2c48bdc33b30088f941fb6082e555f2874c98e20cb159d7b92b50eadfce793?s=96&d=mm&r=g","contentUrl":"https:\/\/secure.gravatar.com\/avatar\/7f2c48bdc33b30088f941fb6082e555f2874c98e20cb159d7b92b50eadfce793?s=96&d=mm&r=g","caption":"ulises"},"sameAs":["http:\/\/www.celttv.com.ar"]}]}},"_links":{"self":[{"href":"https:\/\/www.celttv.com.ar\/index.php\/wp-json\/wp\/v2\/posts\/11710","targetHints":{"allow":["GET"]}}],"collection":[{"href":"https:\/\/www.celttv.com.ar\/index.php\/wp-json\/wp\/v2\/posts"}],"about":[{"href":"https:\/\/www.celttv.com.ar\/index.php\/wp-json\/wp\/v2\/types\/post"}],"author":[{"embeddable":true,"href":"https:\/\/www.celttv.com.ar\/index.php\/wp-json\/wp\/v2\/users\/1"}],"replies":[{"embeddable":true,"href":"https:\/\/www.celttv.com.ar\/index.php\/wp-json\/wp\/v2\/comments?post=11710"}],"version-history":[{"count":0,"href":"https:\/\/www.celttv.com.ar\/index.php\/wp-json\/wp\/v2\/posts\/11710\/revisions"}],"wp:attachment":[{"href":"https:\/\/www.celttv.com.ar\/index.php\/wp-json\/wp\/v2\/media?parent=11710"}],"wp:term":[{"taxonomy":"category","embeddable":true,"href":"https:\/\/www.celttv.com.ar\/index.php\/wp-json\/wp\/v2\/categories?post=11710"},{"taxonomy":"post_tag","embeddable":true,"href":"https:\/\/www.celttv.com.ar\/index.php\/wp-json\/wp\/v2\/tags?post=11710"}],"curies":[{"name":"wp","href":"https:\/\/api.w.org\/{rel}","templated":true}]}}