{"id":1178,"date":"2011-08-29T22:36:18","date_gmt":"2011-08-29T22:36:18","guid":{"rendered":"http:\/\/www.tvcnoticias.com.ar\/?p=1178"},"modified":"2011-08-29T22:36:18","modified_gmt":"2011-08-29T22:36:18","slug":"eduardo-dias-marco-el-ritmo-en-la-carrera-aventura-de-sierra-de-la-ventana-ampliaremos-con-videos-y-opinion-de-los-participantes","status":"publish","type":"post","link":"https:\/\/www.celttv.com.ar\/index.php\/2011\/08\/29\/eduardo-dias-marco-el-ritmo-en-la-carrera-aventura-de-sierra-de-la-ventana-ampliaremos-con-videos-y-opinion-de-los-participantes\/","title":{"rendered":"EDUARDO DIAS MARCO EL RITMO EN LA CARRERA AVENTURA DE SIERRA DE LA VENTANA (ampliaremos con videos y opinion de los participantes)"},"content":{"rendered":"<p><br \/>\nCon un ritmo sostenido a lo largo de todo el trayecto el corredor de Viedma Eduardo Dias se impuso en la nueva edici\u00f3n de la Carrera Aventura realizada en Sierra de la Ventana el pasado dia domingo.<br \/>\nBuena afluencia de competidores y de p\u00fablico le dieron el marco apropiado a esta Teercera edici\u00f3n de la prueba que ya se ha instalado en el calendario de actividades deportivas que se desarrollan en nuestra comarca.<br \/>\nResultados de la 3ra. Edici\u00f3n de la Carrera Aventura en Sierra de la Ventana<br \/>\n<strong><span style=\"text-decoration: underline;\">Asi terminaron las primeras 50 posiciones y los atletas de nuestro distrito:<\/span><\/strong><\/p>\n<table border=\"0\">\n<tbody>\n<tr align=\"center\" bgcolor=\"#d3d3d3\">\n<td><strong>POS. GRAL<\/strong><\/td>\n<td><strong>DORSAL<\/strong><\/td>\n<td><strong>ATLETA<\/strong><\/td>\n<td><strong>CAT.<\/strong><\/td>\n<td><strong>POS. CAT.<\/strong><\/td>\n<td><strong>MARCA<\/strong><\/td>\n<td><strong>LOCALIDAD<\/strong><\/td>\n<\/tr>\n<tr bgcolor=\"#ffffff\">\n<td>1<\/td>\n<td>763<\/td>\n<td>Dias , Eduardo<\/td>\n<td>M 30-34<\/td>\n<td>1<\/td>\n<td>0.55.04<\/td>\n<td>Viedma<\/td>\n<\/tr>\n<tr bgcolor=\"#d3d3d3\">\n<td>2<\/td>\n<td>775<\/td>\n<td>Molina , Pablo<\/td>\n<td>M 30-34<\/td>\n<td>2<\/td>\n<td>0.55.48<\/td>\n<td>Punta Alta<\/td>\n<\/tr>\n<tr bgcolor=\"#ffffff\">\n<td>3<\/td>\n<td>976<\/td>\n<td>Go\u00f1i , Martin<\/td>\n<td>M 35-39<\/td>\n<td>1<\/td>\n<td>0.56.16<\/td>\n<td>Anguil<\/td>\n<\/tr>\n<tr bgcolor=\"#d3d3d3\">\n<td>4<\/td>\n<td>534<\/td>\n<td>Arista , Cristian<\/td>\n<td>M 18-29<\/td>\n<td>1<\/td>\n<td>0.56.52<\/td>\n<td>B. Blanca<\/td>\n<\/tr>\n<tr bgcolor=\"#ffffff\">\n<td>5<\/td>\n<td>566<\/td>\n<td>Renteria , Anibal<\/td>\n<td>M 30-34<\/td>\n<td>3<\/td>\n<td>0.56.52<\/td>\n<td>B. Blanca<\/td>\n<\/tr>\n<tr bgcolor=\"#d3d3d3\">\n<td><strong>6<\/strong><\/td>\n<td><strong>801<\/strong><\/td>\n<td><strong>Alvarez , Ramiro <\/strong><\/td>\n<td><strong>M 30-34 <\/strong><\/td>\n<td><strong>4<\/strong><\/td>\n<td><strong>0.57.07<\/strong><\/td>\n<td><strong>Sa. de la Ventana<\/strong><\/td>\n<\/tr>\n<tr bgcolor=\"#ffffff\">\n<td>7<\/td>\n<td>528<\/td>\n<td>Carranza , Jose<\/td>\n<td>M 35-39<\/td>\n<td>2<\/td>\n<td>0.58.23<\/td>\n<td>B. Blanca<\/td>\n<\/tr>\n<tr bgcolor=\"#d3d3d3\">\n<td>8<\/td>\n<td>759<\/td>\n<td>Tolosa , Jorge<\/td>\n<td>M 30-34<\/td>\n<td>5<\/td>\n<td>0.58.28<\/td>\n<td>Viedma<\/td>\n<\/tr>\n<tr bgcolor=\"#ffffff\">\n<td>9<\/td>\n<td>828<\/td>\n<td>Cantelmi , Hernan<\/td>\n<td>M 35-39<\/td>\n<td>3<\/td>\n<td>0.58.36<\/td>\n<td>B. Blanca<\/td>\n<\/tr>\n<tr bgcolor=\"#d3d3d3\">\n<td>10<\/td>\n<td>828<\/td>\n<td>Somer , Ruben<\/td>\n<td>M 35-39<\/td>\n<td>4<\/td>\n<td>0.58.36<\/td>\n<td>Coronel Suarez<\/td>\n<\/tr>\n<tr bgcolor=\"#ffffff\">\n<td>11<\/td>\n<td>527<\/td>\n<td>Chaparro , Ariel<\/td>\n<td>M 18-29<\/td>\n<td>2<\/td>\n<td>0.58.49<\/td>\n<td>B. Blanca<\/td>\n<\/tr>\n<tr bgcolor=\"#d3d3d3\">\n<td>12<\/td>\n<td>540<\/td>\n<td>Vincent , Ariel<\/td>\n<td>M 40-44<\/td>\n<td>1<\/td>\n<td>0.59.14<\/td>\n<td>B. Blanca<\/td>\n<\/tr>\n<tr bgcolor=\"#ffffff\">\n<td>13<\/td>\n<td>885<\/td>\n<td>Helguera , Eladio<\/td>\n<td>M 40-44<\/td>\n<td>2<\/td>\n<td>0.59.30<\/td>\n<td>Trenq. Lauquen<\/td>\n<\/tr>\n<tr bgcolor=\"#d3d3d3\">\n<td>14<\/td>\n<td>987<\/td>\n<td>Fenske , Marcelo<\/td>\n<td>M 30-34<\/td>\n<td>6<\/td>\n<td>1.00.17<\/td>\n<td>B. Blanca<\/td>\n<\/tr>\n<tr bgcolor=\"#ffffff\">\n<td>15<\/td>\n<td>762<\/td>\n<td>Napal , Braulio<\/td>\n<td>M 50-54<\/td>\n<td>1<\/td>\n<td>1.00.24<\/td>\n<td>Viedma<\/td>\n<\/tr>\n<tr bgcolor=\"#d3d3d3\">\n<td>16<\/td>\n<td>758<\/td>\n<td>Ponce , Sergio<\/td>\n<td>M 30-34<\/td>\n<td>7<\/td>\n<td>1.01.05<\/td>\n<td>Viedma<\/td>\n<\/tr>\n<tr bgcolor=\"#ffffff\">\n<td>17<\/td>\n<td>858<\/td>\n<td>Arredondo , Pedro<\/td>\n<td>M 35-39<\/td>\n<td>5<\/td>\n<td>1.01.12<\/td>\n<td>Cinco Saltos (R.N.)<\/td>\n<\/tr>\n<tr bgcolor=\"#d3d3d3\">\n<td>18<\/td>\n<td>978<\/td>\n<td>Paz , Carlos<\/td>\n<td>M 35-39<\/td>\n<td>6<\/td>\n<td>1.01.29<\/td>\n<td>Santa Rosa (L.P)<\/td>\n<\/tr>\n<tr bgcolor=\"#ffffff\">\n<td>19<\/td>\n<td>859<\/td>\n<td>Lopez , Ariel<\/td>\n<td>M 40-44<\/td>\n<td>3<\/td>\n<td>1.01.36<\/td>\n<td>Trenq. Lauquen<\/td>\n<\/tr>\n<tr bgcolor=\"#d3d3d3\">\n<td>20<\/td>\n<td>785<\/td>\n<td>Gomez , Guillermo<\/td>\n<td>M 30-34<\/td>\n<td>8<\/td>\n<td>1.01.54<\/td>\n<td>Punta Alta<\/td>\n<\/tr>\n<tr bgcolor=\"#ffffff\">\n<td>21<\/td>\n<td>3<\/td>\n<td>Guerrero , Gomez<\/td>\n<td>PM0-59<\/td>\n<td>1<\/td>\n<td>1.01.54<\/td>\n<td>B. Blanca<\/td>\n<\/tr>\n<tr bgcolor=\"#d3d3d3\">\n<td>22<\/td>\n<td>820<\/td>\n<td>Sarden , Nestor<\/td>\n<td>M 40-44<\/td>\n<td>4<\/td>\n<td>1.02.52<\/td>\n<td>Jacinto Arauz (L.P.)<\/td>\n<\/tr>\n<tr bgcolor=\"#ffffff\">\n<td>23<\/td>\n<td>774<\/td>\n<td>Cardoso , Marcelo<\/td>\n<td>M 18-29<\/td>\n<td>3<\/td>\n<td>1.03.06<\/td>\n<td>B. Blanca<\/td>\n<\/tr>\n<tr bgcolor=\"#d3d3d3\">\n<td>24<\/td>\n<td>997<\/td>\n<td>Ingliso , Matias<\/td>\n<td>M 18-29<\/td>\n<td>4<\/td>\n<td>1.03.13<\/td>\n<td>Trenq. Lauquen<\/td>\n<\/tr>\n<tr bgcolor=\"#ffffff\">\n<td>25<\/td>\n<td>992<\/td>\n<td>Tiberi , Alberto<\/td>\n<td>M 18-29<\/td>\n<td>5<\/td>\n<td>1.03.15<\/td>\n<td>B. Blanca<\/td>\n<\/tr>\n<tr bgcolor=\"#d3d3d3\">\n<td>26<\/td>\n<td>578<\/td>\n<td>Correa , Daniel<\/td>\n<td>M 45-49<\/td>\n<td>1<\/td>\n<td>1.03.15<\/td>\n<td>B. Blanca<\/td>\n<\/tr>\n<tr bgcolor=\"#ffffff\">\n<td><strong>27<\/strong><\/td>\n<td><strong>510<\/strong><\/td>\n<td><strong>Moldu , Omar <\/strong><\/td>\n<td><strong>M 50-54 <\/strong><\/td>\n<td><strong>2<\/strong><\/td>\n<td><strong>1.03.17<\/strong><\/td>\n<td><strong>Tornquist<\/strong><\/td>\n<\/tr>\n<tr bgcolor=\"#d3d3d3\">\n<td>28<\/td>\n<td>586<\/td>\n<td>Berth , Claudio<\/td>\n<td>M 40-44<\/td>\n<td>5<\/td>\n<td>1.03.28<\/td>\n<td>Punta Alta<\/td>\n<\/tr>\n<tr bgcolor=\"#ffffff\">\n<td>29<\/td>\n<td>957<\/td>\n<td>Pagliaro , Fabian<\/td>\n<td>M 40-44<\/td>\n<td>6<\/td>\n<td>1.03.51<\/td>\n<td>Gral. Acha (L.P.)<\/td>\n<\/tr>\n<tr bgcolor=\"#d3d3d3\">\n<td>30<\/td>\n<td>42<\/td>\n<td>Escudero , Cenatiempo<\/td>\n<td>PM0-59<\/td>\n<td>2<\/td>\n<td>1.03.52<\/td>\n<td>B. Blanca<\/td>\n<\/tr>\n<tr bgcolor=\"#ffffff\">\n<td>31<\/td>\n<td>944<\/td>\n<td>Cespedes , Edilberto<\/td>\n<td>M 45-49<\/td>\n<td>2<\/td>\n<td>1.04.01<\/td>\n<td>Santa Rosa (L.P)<\/td>\n<\/tr>\n<tr bgcolor=\"#d3d3d3\">\n<td>32<\/td>\n<td>131<\/td>\n<td>Ipucha , Bustamante<\/td>\n<td>PM80-99<\/td>\n<td>1<\/td>\n<td>1.04.12<\/td>\n<td>B. Blanca<\/td>\n<\/tr>\n<tr bgcolor=\"#ffffff\">\n<td>33<\/td>\n<td>954<\/td>\n<td>Jerez , Jose<\/td>\n<td>M 40-44<\/td>\n<td>7<\/td>\n<td>1.04.27<\/td>\n<td>Anguil (La Pam.)<\/td>\n<\/tr>\n<tr bgcolor=\"#d3d3d3\">\n<td>34<\/td>\n<td>70<\/td>\n<td>Conti , Lageyre<\/td>\n<td>PM0-59<\/td>\n<td>3<\/td>\n<td>1.04.34<\/td>\n<td>Coronel Pringles<\/td>\n<\/tr>\n<tr bgcolor=\"#ffffff\">\n<td>35<\/td>\n<td>622<\/td>\n<td>Canero , Leandro<\/td>\n<td>M 40-44<\/td>\n<td>8<\/td>\n<td>1.04.35<\/td>\n<td>Pigue<\/td>\n<\/tr>\n<tr bgcolor=\"#d3d3d3\">\n<td><strong>36<\/strong><\/td>\n<td><strong>776<\/strong><\/td>\n<td><strong>Palavecino , Pablo <\/strong><\/td>\n<td><strong>M 30-34 <\/strong><\/td>\n<td><strong>9<\/strong><\/td>\n<td><strong>1.04.52<\/strong><\/td>\n<td><strong>Tornquist<\/strong><\/td>\n<\/tr>\n<tr bgcolor=\"#ffffff\">\n<td>37<\/td>\n<td>71<\/td>\n<td>Ferrero Silvio , Ortiz Leonardo<\/td>\n<td>PM0-59<\/td>\n<td>4<\/td>\n<td>1.05.37<\/td>\n<td>Pigue<\/td>\n<\/tr>\n<tr bgcolor=\"#d3d3d3\">\n<td>38<\/td>\n<td>964<\/td>\n<td>Acuaro , Marcelo<\/td>\n<td>M 35-39<\/td>\n<td>7<\/td>\n<td>1.05.58<\/td>\n<td>Bolivar<\/td>\n<\/tr>\n<tr bgcolor=\"#ffffff\">\n<td>39<\/td>\n<td>831<\/td>\n<td>Paniagua , Mariano<\/td>\n<td>M 18-29<\/td>\n<td>6<\/td>\n<td>1.06.01<\/td>\n<td>B. Blanca<\/td>\n<\/tr>\n<tr bgcolor=\"#d3d3d3\">\n<td>40<\/td>\n<td>1<\/td>\n<td>Arancibia , Di Pascua<\/td>\n<td>PM0-59<\/td>\n<td>5<\/td>\n<td>1.06.22<\/td>\n<td>Bolivar<\/td>\n<\/tr>\n<tr bgcolor=\"#ffffff\">\n<td>41<\/td>\n<td>588<\/td>\n<td>Genari , Federico<\/td>\n<td>M 30-34<\/td>\n<td>10<\/td>\n<td>1.06.31<\/td>\n<td>B. Blanca<\/td>\n<\/tr>\n<tr bgcolor=\"#d3d3d3\">\n<td>42<\/td>\n<td>573<\/td>\n<td>Mujica , Fabian<\/td>\n<td>M 35-39<\/td>\n<td>8<\/td>\n<td>1.06.47<\/td>\n<td>B. Blanca<\/td>\n<\/tr>\n<tr bgcolor=\"#ffffff\">\n<td>43<\/td>\n<td>21<\/td>\n<td>Loupias , Frayssinet<\/td>\n<td>PM80-99<\/td>\n<td>2<\/td>\n<td>1.06.47<\/td>\n<td>Cnel. Suarez<\/td>\n<\/tr>\n<tr bgcolor=\"#d3d3d3\">\n<td>44<\/td>\n<td>937<\/td>\n<td>Gomez , Claudio<\/td>\n<td>M 45-49<\/td>\n<td>3<\/td>\n<td>1.06.49<\/td>\n<td>B. Blanca<\/td>\n<\/tr>\n<tr bgcolor=\"#ffffff\">\n<td>45<\/td>\n<td>515<\/td>\n<td>Lopreite , Eduardo<\/td>\n<td>M 40-44<\/td>\n<td>9<\/td>\n<td>1.06.50<\/td>\n<td>Azul<\/td>\n<\/tr>\n<tr bgcolor=\"#d3d3d3\">\n<td>46<\/td>\n<td>545<\/td>\n<td>Mansilla , Gustavo<\/td>\n<td>M 40-44<\/td>\n<td>10<\/td>\n<td>1.07.04<\/td>\n<td>B. Blanca<\/td>\n<\/tr>\n<tr bgcolor=\"#ffffff\">\n<td>47<\/td>\n<td>935<\/td>\n<td>Teuly , Sergio<\/td>\n<td>M 45-49<\/td>\n<td>4<\/td>\n<td>1.07.16<\/td>\n<td>Punta Alta<\/td>\n<\/tr>\n<tr bgcolor=\"#d3d3d3\">\n<td>48<\/td>\n<td>977<\/td>\n<td>Mauna , Luis<\/td>\n<td>M 35-39<\/td>\n<td>9<\/td>\n<td>1.07.17<\/td>\n<td>Santa Rosa (L.P)<\/td>\n<\/tr>\n<tr bgcolor=\"#ffffff\">\n<td>49<\/td>\n<td>871<\/td>\n<td>Menendez , Roberto<\/td>\n<td>M 18-29<\/td>\n<td>7<\/td>\n<td>1.07.26<\/td>\n<td>Bolivar<\/td>\n<\/tr>\n<tr bgcolor=\"#d3d3d3\">\n<td>50<\/td>\n<td>985<\/td>\n<td>Fernandez , Joselo<\/td>\n<td>M 30-34<\/td>\n<td>11<\/td>\n<td>1.07.32<\/td>\n<td>Uriburu<\/td>\n<\/tr>\n<tr bgcolor=\"#ffffff\">\n<td><strong>160<\/strong><\/td>\n<td><strong>509<\/strong><\/td>\n<td><strong>Leal, Victor<\/strong><\/td>\n<td><strong>M 35-39 <\/strong><\/td>\n<td><strong>32<\/strong><\/td>\n<td><strong>1.17.38<\/strong><\/td>\n<td><strong>Villa Serrana La Gruta<\/strong><\/td>\n<\/tr>\n<tr bgcolor=\"#d3d3d3\">\n<td><strong>162<\/strong><\/td>\n<td><strong>516<\/strong><\/td>\n<td><strong>Gonzalez, Elias<\/strong><\/td>\n<td><strong>M 18-29 <\/strong><\/td>\n<td><strong>21<\/strong><\/td>\n<td><strong>1.17.42<\/strong><\/td>\n<td><strong>Tornquist<\/strong><\/td>\n<\/tr>\n<tr bgcolor=\"#ffffff\">\n<td><strong>170<\/strong><\/td>\n<td><strong>958<\/strong><\/td>\n<td><strong>Trankels, Christian<\/strong><\/td>\n<td><strong>M 40-44 <\/strong><\/td>\n<td><strong>34<\/strong><\/td>\n<td><strong>1.18.26<\/strong><\/td>\n<td><strong>Tornquist<\/strong><\/td>\n<\/tr>\n<tr bgcolor=\"#d3d3d3\">\n<td><strong>191<\/strong><\/td>\n<td><strong>777<\/strong><\/td>\n<td><strong>Moyano, Leo<\/strong><\/td>\n<td><strong>M 18-29 <\/strong><\/td>\n<td><strong>29<\/strong><\/td>\n<td><strong>1.20.14<\/strong><\/td>\n<td><strong>Tornquist<\/strong><\/td>\n<\/tr>\n<tr bgcolor=\"#ffffff\">\n<td><strong>241<\/strong><\/td>\n<td><strong>507<\/strong><\/td>\n<td><strong>Castellano, Eduardo<\/strong><\/td>\n<td><strong>M 50-54 <\/strong><\/td>\n<td><strong>13<\/strong><\/td>\n<td><strong>1.22.46<\/strong><\/td>\n<td><strong>Saldungaray<br \/>\n<\/strong><\/td>\n<\/tr>\n<tr bgcolor=\"#d3d3d3\">\n<td><strong>263<\/strong><\/td>\n<td><strong>503<\/strong><\/td>\n<td><strong>Maldonado, Horacio<\/strong><\/td>\n<td><strong>M 55-59 <\/strong><\/td>\n<td><strong>7<\/strong><\/td>\n<td><strong>1.24.00<\/strong><\/td>\n<td><strong>Tornquist<\/strong><\/td>\n<\/tr>\n<tr bgcolor=\"#ffffff\">\n<td><strong>319<\/strong><\/td>\n<td><strong>105<\/strong><\/td>\n<td><strong>Pelaez, Gabriela<\/strong><\/td>\n<td><strong>F 40-44 <\/strong><\/td>\n<td><strong>6<\/strong><\/td>\n<td><strong>1.27.29<\/strong><\/td>\n<td><strong>Tornquist<\/strong><\/td>\n<\/tr>\n<tr bgcolor=\"#d3d3d3\">\n<td><strong>367<\/strong><\/td>\n<td><strong>552<\/strong><\/td>\n<td><strong>Petinari, Romina<\/strong><\/td>\n<td><strong>F 35-39 <\/strong><\/td>\n<td><strong>11<\/strong><\/td>\n<td><strong>1.31.12<\/strong><\/td>\n<td><strong>Tornquist<br \/>\n<\/strong><\/td>\n<\/tr>\n<tr bgcolor=\"#ffffff\">\n<td><strong>408<\/strong><\/td>\n<td><strong>995<\/strong><\/td>\n<td><strong>Lopez , Wando Aitor <\/strong><\/td>\n<td><strong>M 18-29 <\/strong><\/td>\n<td><strong>48<\/strong><\/td>\n<td><strong>1.34.42<\/strong><\/td>\n<td><strong>Sa. de la Ventana<\/strong><\/td>\n<\/tr>\n<tr bgcolor=\"#d3d3d3\">\n<td><strong>477<\/strong><\/td>\n<td><strong>996<\/strong><\/td>\n<td><strong>Romero, Alejandro<\/strong><\/td>\n<td><strong>M 18-29<\/strong><\/td>\n<td><strong>51<\/strong><\/td>\n<td><strong>1.40.35<\/strong><\/td>\n<td><strong>Sa. de la Ventana<\/strong><\/td>\n<\/tr>\n<tr bgcolor=\"#d3d3d3\">\n<td><strong>478<\/strong><\/td>\n<td><strong>506<\/strong><\/td>\n<td><strong>Coria, Luis<\/strong><\/td>\n<td><strong>M 18-29<\/strong><\/td>\n<td><strong>52<\/strong><\/td>\n<td><strong>1.40.35<\/strong><\/td>\n<td><strong>Sa. de la Ventana<\/strong><\/td>\n<\/tr>\n<tr bgcolor=\"#d3d3d3\">\n<td>\u00a0<\/td>\n<td><strong>587<\/strong><\/td>\n<td><strong>Castro, Miguel A.<br \/>\n<\/strong><\/td>\n<td><strong>M 40-44<br \/>\n<\/strong><\/td>\n<td>\u00a0<\/td>\n<td>\u00a0<\/td>\n<td><strong>Tornquist<\/strong><\/td>\n<\/tr>\n<\/tbody>\n<\/table>\n","protected":false},"excerpt":{"rendered":"<p>Con un ritmo sostenido a lo largo de todo el trayecto el corredor de Viedma Eduardo Dias se impuso en la nueva edici\u00f3n de la Carrera Aventura realizada en Sierra de la Ventana el pasado dia domingo. Buena afluencia de competidores y de p\u00fablico le dieron el marco apropiado a esta Teercera edici\u00f3n de la [&hellip;]<\/p>\n","protected":false},"author":1,"featured_media":0,"comment_status":"closed","ping_status":"open","sticky":false,"template":"","format":"standard","meta":{"footnotes":""},"categories":[60,52],"tags":[],"class_list":["post-1178","post","type-post","status-publish","format-standard","hentry","category-deporte","category-destacadas"],"yoast_head":"<!-- This site is optimized with the Yoast SEO plugin v19.7.1 - https:\/\/yoast.com\/wordpress\/plugins\/seo\/ -->\n<title>EDUARDO DIAS MARCO EL RITMO EN LA CARRERA AVENTURA DE SIERRA DE LA VENTANA (ampliaremos con videos y opinion de los participantes) - CELTTV<\/title>\n<meta name=\"description\" content=\"Sitio web de noticias de la localidad de Tornquist, provincia de Buenos Aires, Rep\u00fablica Argentina. Contenido propio originado por periodistas de CELTTV, el canal de TV local de la Cooperativa El\u00e9ctrica de Tornquist. Turismo, Pol\u00edtica, Sociedad, Deporte, Cultura y todo el contenido de inter\u00e9s general que la gente del pueblo y la regi\u00f3n debe conocer.\" \/>\n<meta name=\"robots\" content=\"index, follow, max-snippet:-1, max-image-preview:large, max-video-preview:-1\" \/>\n<link rel=\"canonical\" href=\"https:\/\/www.celttv.com.ar\/index.php\/2011\/08\/29\/eduardo-dias-marco-el-ritmo-en-la-carrera-aventura-de-sierra-de-la-ventana-ampliaremos-con-videos-y-opinion-de-los-participantes\/\" \/>\n<meta property=\"og:locale\" content=\"es_ES\" \/>\n<meta property=\"og:type\" content=\"article\" \/>\n<meta property=\"og:title\" content=\"EDUARDO DIAS MARCO EL RITMO EN LA CARRERA AVENTURA DE SIERRA DE LA VENTANA (ampliaremos con videos y opinion de los participantes) - CELTTV\" \/>\n<meta property=\"og:description\" content=\"Sitio web de noticias de la localidad de Tornquist, provincia de Buenos Aires, Rep\u00fablica Argentina. Contenido propio originado por periodistas de CELTTV, el canal de TV local de la Cooperativa El\u00e9ctrica de Tornquist. Turismo, Pol\u00edtica, Sociedad, Deporte, Cultura y todo el contenido de inter\u00e9s general que la gente del pueblo y la regi\u00f3n debe conocer.\" \/>\n<meta property=\"og:url\" content=\"https:\/\/www.celttv.com.ar\/index.php\/2011\/08\/29\/eduardo-dias-marco-el-ritmo-en-la-carrera-aventura-de-sierra-de-la-ventana-ampliaremos-con-videos-y-opinion-de-los-participantes\/\" \/>\n<meta property=\"og:site_name\" content=\"CELTTV\" \/>\n<meta property=\"article:publisher\" content=\"https:\/\/www.facebook.com\/celtTV\/\" \/>\n<meta property=\"article:published_time\" content=\"2011-08-29T22:36:18+00:00\" \/>\n<meta name=\"author\" content=\"ulises\" \/>\n<meta name=\"twitter:card\" content=\"summary_large_image\" \/>\n<meta name=\"twitter:label1\" content=\"Escrito por\" \/>\n\t<meta name=\"twitter:data1\" content=\"ulises\" \/>\n\t<meta name=\"twitter:label2\" content=\"Tiempo de lectura\" \/>\n\t<meta name=\"twitter:data2\" content=\"2 minutos\" \/>\n<script type=\"application\/ld+json\" class=\"yoast-schema-graph\">{\"@context\":\"https:\/\/schema.org\",\"@graph\":[{\"@type\":\"NewsArticle\",\"@id\":\"https:\/\/www.celttv.com.ar\/index.php\/2011\/08\/29\/eduardo-dias-marco-el-ritmo-en-la-carrera-aventura-de-sierra-de-la-ventana-ampliaremos-con-videos-y-opinion-de-los-participantes\/#article\",\"isPartOf\":{\"@id\":\"https:\/\/www.celttv.com.ar\/index.php\/2011\/08\/29\/eduardo-dias-marco-el-ritmo-en-la-carrera-aventura-de-sierra-de-la-ventana-ampliaremos-con-videos-y-opinion-de-los-participantes\/\"},\"author\":{\"name\":\"ulises\",\"@id\":\"https:\/\/www.celttv.com.ar\/#\/schema\/person\/6d99c072dba59953809c81446e9d0ace\"},\"headline\":\"EDUARDO DIAS MARCO EL RITMO EN LA CARRERA AVENTURA DE SIERRA DE LA VENTANA (ampliaremos con videos y opinion de los participantes)\",\"datePublished\":\"2011-08-29T22:36:18+00:00\",\"dateModified\":\"2011-08-29T22:36:18+00:00\",\"mainEntityOfPage\":{\"@id\":\"https:\/\/www.celttv.com.ar\/index.php\/2011\/08\/29\/eduardo-dias-marco-el-ritmo-en-la-carrera-aventura-de-sierra-de-la-ventana-ampliaremos-con-videos-y-opinion-de-los-participantes\/\"},\"wordCount\":516,\"publisher\":{\"@id\":\"https:\/\/www.celttv.com.ar\/#organization\"},\"articleSection\":[\"Deporte\",\"Destacadas\"],\"inLanguage\":\"es\"},{\"@type\":\"WebPage\",\"@id\":\"https:\/\/www.celttv.com.ar\/index.php\/2011\/08\/29\/eduardo-dias-marco-el-ritmo-en-la-carrera-aventura-de-sierra-de-la-ventana-ampliaremos-con-videos-y-opinion-de-los-participantes\/\",\"url\":\"https:\/\/www.celttv.com.ar\/index.php\/2011\/08\/29\/eduardo-dias-marco-el-ritmo-en-la-carrera-aventura-de-sierra-de-la-ventana-ampliaremos-con-videos-y-opinion-de-los-participantes\/\",\"name\":\"EDUARDO DIAS MARCO EL RITMO EN LA CARRERA AVENTURA DE SIERRA DE LA VENTANA (ampliaremos con videos y opinion de los participantes) - CELTTV\",\"isPartOf\":{\"@id\":\"https:\/\/www.celttv.com.ar\/#website\"},\"datePublished\":\"2011-08-29T22:36:18+00:00\",\"dateModified\":\"2011-08-29T22:36:18+00:00\",\"description\":\"Sitio web de noticias de la localidad de Tornquist, provincia de Buenos Aires, Rep\u00fablica Argentina. Contenido propio originado por periodistas de CELTTV, el canal de TV local de la Cooperativa El\u00e9ctrica de Tornquist. Turismo, Pol\u00edtica, Sociedad, Deporte, Cultura y todo el contenido de inter\u00e9s general que la gente del pueblo y la regi\u00f3n debe conocer.\",\"breadcrumb\":{\"@id\":\"https:\/\/www.celttv.com.ar\/index.php\/2011\/08\/29\/eduardo-dias-marco-el-ritmo-en-la-carrera-aventura-de-sierra-de-la-ventana-ampliaremos-con-videos-y-opinion-de-los-participantes\/#breadcrumb\"},\"inLanguage\":\"es\",\"potentialAction\":[{\"@type\":\"ReadAction\",\"target\":[\"https:\/\/www.celttv.com.ar\/index.php\/2011\/08\/29\/eduardo-dias-marco-el-ritmo-en-la-carrera-aventura-de-sierra-de-la-ventana-ampliaremos-con-videos-y-opinion-de-los-participantes\/\"]}]},{\"@type\":\"BreadcrumbList\",\"@id\":\"https:\/\/www.celttv.com.ar\/index.php\/2011\/08\/29\/eduardo-dias-marco-el-ritmo-en-la-carrera-aventura-de-sierra-de-la-ventana-ampliaremos-con-videos-y-opinion-de-los-participantes\/#breadcrumb\",\"itemListElement\":[{\"@type\":\"ListItem\",\"position\":1,\"name\":\"Inicio\",\"item\":\"https:\/\/www.celttv.com.ar\/\"},{\"@type\":\"ListItem\",\"position\":2,\"name\":\"EDUARDO DIAS MARCO EL RITMO EN LA CARRERA AVENTURA DE SIERRA DE LA VENTANA (ampliaremos con videos y opinion de los participantes)\"}]},{\"@type\":\"WebSite\",\"@id\":\"https:\/\/www.celttv.com.ar\/#website\",\"url\":\"https:\/\/www.celttv.com.ar\/\",\"name\":\"CELTTV\",\"description\":\"Cooperativa El\u00e9ctrica de Tornquist\",\"publisher\":{\"@id\":\"https:\/\/www.celttv.com.ar\/#organization\"},\"potentialAction\":[{\"@type\":\"SearchAction\",\"target\":{\"@type\":\"EntryPoint\",\"urlTemplate\":\"https:\/\/www.celttv.com.ar\/?s={search_term_string}\"},\"query-input\":\"required name=search_term_string\"}],\"inLanguage\":\"es\"},{\"@type\":\"Organization\",\"@id\":\"https:\/\/www.celttv.com.ar\/#organization\",\"name\":\"CELTTV\",\"url\":\"https:\/\/www.celttv.com.ar\/\",\"sameAs\":[\"https:\/\/www.youtube.com\/channel\/UCz_oIt8Hig64Ub-EmcNPIhg\",\"https:\/\/www.facebook.com\/celtTV\/\"],\"logo\":{\"@type\":\"ImageObject\",\"inLanguage\":\"es\",\"@id\":\"https:\/\/www.celttv.com.ar\/#\/schema\/logo\/image\/\",\"url\":\"http:\/\/www.celttv.com.ar\/wp-content\/uploads\/2022\/08\/logo-1.png\",\"contentUrl\":\"http:\/\/www.celttv.com.ar\/wp-content\/uploads\/2022\/08\/logo-1.png\",\"width\":461,\"height\":159,\"caption\":\"CELTTV\"},\"image\":{\"@id\":\"https:\/\/www.celttv.com.ar\/#\/schema\/logo\/image\/\"}},{\"@type\":\"Person\",\"@id\":\"https:\/\/www.celttv.com.ar\/#\/schema\/person\/6d99c072dba59953809c81446e9d0ace\",\"name\":\"ulises\",\"image\":{\"@type\":\"ImageObject\",\"inLanguage\":\"es\",\"@id\":\"https:\/\/www.celttv.com.ar\/#\/schema\/person\/image\/\",\"url\":\"https:\/\/secure.gravatar.com\/avatar\/7f2c48bdc33b30088f941fb6082e555f2874c98e20cb159d7b92b50eadfce793?s=96&d=mm&r=g\",\"contentUrl\":\"https:\/\/secure.gravatar.com\/avatar\/7f2c48bdc33b30088f941fb6082e555f2874c98e20cb159d7b92b50eadfce793?s=96&d=mm&r=g\",\"caption\":\"ulises\"},\"sameAs\":[\"http:\/\/www.celttv.com.ar\"]}]}<\/script>\n<!-- \/ Yoast SEO plugin. -->","yoast_head_json":{"title":"EDUARDO DIAS MARCO EL RITMO EN LA CARRERA AVENTURA DE SIERRA DE LA VENTANA (ampliaremos con videos y opinion de los participantes) - CELTTV","description":"Sitio web de noticias de la localidad de Tornquist, provincia de Buenos Aires, Rep\u00fablica Argentina. Contenido propio originado por periodistas de CELTTV, el canal de TV local de la Cooperativa El\u00e9ctrica de Tornquist. Turismo, Pol\u00edtica, Sociedad, Deporte, Cultura y todo el contenido de inter\u00e9s general que la gente del pueblo y la regi\u00f3n debe conocer.","robots":{"index":"index","follow":"follow","max-snippet":"max-snippet:-1","max-image-preview":"max-image-preview:large","max-video-preview":"max-video-preview:-1"},"canonical":"https:\/\/www.celttv.com.ar\/index.php\/2011\/08\/29\/eduardo-dias-marco-el-ritmo-en-la-carrera-aventura-de-sierra-de-la-ventana-ampliaremos-con-videos-y-opinion-de-los-participantes\/","og_locale":"es_ES","og_type":"article","og_title":"EDUARDO DIAS MARCO EL RITMO EN LA CARRERA AVENTURA DE SIERRA DE LA VENTANA (ampliaremos con videos y opinion de los participantes) - CELTTV","og_description":"Sitio web de noticias de la localidad de Tornquist, provincia de Buenos Aires, Rep\u00fablica Argentina. Contenido propio originado por periodistas de CELTTV, el canal de TV local de la Cooperativa El\u00e9ctrica de Tornquist. Turismo, Pol\u00edtica, Sociedad, Deporte, Cultura y todo el contenido de inter\u00e9s general que la gente del pueblo y la regi\u00f3n debe conocer.","og_url":"https:\/\/www.celttv.com.ar\/index.php\/2011\/08\/29\/eduardo-dias-marco-el-ritmo-en-la-carrera-aventura-de-sierra-de-la-ventana-ampliaremos-con-videos-y-opinion-de-los-participantes\/","og_site_name":"CELTTV","article_publisher":"https:\/\/www.facebook.com\/celtTV\/","article_published_time":"2011-08-29T22:36:18+00:00","author":"ulises","twitter_card":"summary_large_image","twitter_misc":{"Escrito por":"ulises","Tiempo de lectura":"2 minutos"},"schema":{"@context":"https:\/\/schema.org","@graph":[{"@type":"NewsArticle","@id":"https:\/\/www.celttv.com.ar\/index.php\/2011\/08\/29\/eduardo-dias-marco-el-ritmo-en-la-carrera-aventura-de-sierra-de-la-ventana-ampliaremos-con-videos-y-opinion-de-los-participantes\/#article","isPartOf":{"@id":"https:\/\/www.celttv.com.ar\/index.php\/2011\/08\/29\/eduardo-dias-marco-el-ritmo-en-la-carrera-aventura-de-sierra-de-la-ventana-ampliaremos-con-videos-y-opinion-de-los-participantes\/"},"author":{"name":"ulises","@id":"https:\/\/www.celttv.com.ar\/#\/schema\/person\/6d99c072dba59953809c81446e9d0ace"},"headline":"EDUARDO DIAS MARCO EL RITMO EN LA CARRERA AVENTURA DE SIERRA DE LA VENTANA (ampliaremos con videos y opinion de los participantes)","datePublished":"2011-08-29T22:36:18+00:00","dateModified":"2011-08-29T22:36:18+00:00","mainEntityOfPage":{"@id":"https:\/\/www.celttv.com.ar\/index.php\/2011\/08\/29\/eduardo-dias-marco-el-ritmo-en-la-carrera-aventura-de-sierra-de-la-ventana-ampliaremos-con-videos-y-opinion-de-los-participantes\/"},"wordCount":516,"publisher":{"@id":"https:\/\/www.celttv.com.ar\/#organization"},"articleSection":["Deporte","Destacadas"],"inLanguage":"es"},{"@type":"WebPage","@id":"https:\/\/www.celttv.com.ar\/index.php\/2011\/08\/29\/eduardo-dias-marco-el-ritmo-en-la-carrera-aventura-de-sierra-de-la-ventana-ampliaremos-con-videos-y-opinion-de-los-participantes\/","url":"https:\/\/www.celttv.com.ar\/index.php\/2011\/08\/29\/eduardo-dias-marco-el-ritmo-en-la-carrera-aventura-de-sierra-de-la-ventana-ampliaremos-con-videos-y-opinion-de-los-participantes\/","name":"EDUARDO DIAS MARCO EL RITMO EN LA CARRERA AVENTURA DE SIERRA DE LA VENTANA (ampliaremos con videos y opinion de los participantes) - CELTTV","isPartOf":{"@id":"https:\/\/www.celttv.com.ar\/#website"},"datePublished":"2011-08-29T22:36:18+00:00","dateModified":"2011-08-29T22:36:18+00:00","description":"Sitio web de noticias de la localidad de Tornquist, provincia de Buenos Aires, Rep\u00fablica Argentina. Contenido propio originado por periodistas de CELTTV, el canal de TV local de la Cooperativa El\u00e9ctrica de Tornquist. Turismo, Pol\u00edtica, Sociedad, Deporte, Cultura y todo el contenido de inter\u00e9s general que la gente del pueblo y la regi\u00f3n debe conocer.","breadcrumb":{"@id":"https:\/\/www.celttv.com.ar\/index.php\/2011\/08\/29\/eduardo-dias-marco-el-ritmo-en-la-carrera-aventura-de-sierra-de-la-ventana-ampliaremos-con-videos-y-opinion-de-los-participantes\/#breadcrumb"},"inLanguage":"es","potentialAction":[{"@type":"ReadAction","target":["https:\/\/www.celttv.com.ar\/index.php\/2011\/08\/29\/eduardo-dias-marco-el-ritmo-en-la-carrera-aventura-de-sierra-de-la-ventana-ampliaremos-con-videos-y-opinion-de-los-participantes\/"]}]},{"@type":"BreadcrumbList","@id":"https:\/\/www.celttv.com.ar\/index.php\/2011\/08\/29\/eduardo-dias-marco-el-ritmo-en-la-carrera-aventura-de-sierra-de-la-ventana-ampliaremos-con-videos-y-opinion-de-los-participantes\/#breadcrumb","itemListElement":[{"@type":"ListItem","position":1,"name":"Inicio","item":"https:\/\/www.celttv.com.ar\/"},{"@type":"ListItem","position":2,"name":"EDUARDO DIAS MARCO EL RITMO EN LA CARRERA AVENTURA DE SIERRA DE LA VENTANA (ampliaremos con videos y opinion de los participantes)"}]},{"@type":"WebSite","@id":"https:\/\/www.celttv.com.ar\/#website","url":"https:\/\/www.celttv.com.ar\/","name":"CELTTV","description":"Cooperativa El\u00e9ctrica de Tornquist","publisher":{"@id":"https:\/\/www.celttv.com.ar\/#organization"},"potentialAction":[{"@type":"SearchAction","target":{"@type":"EntryPoint","urlTemplate":"https:\/\/www.celttv.com.ar\/?s={search_term_string}"},"query-input":"required name=search_term_string"}],"inLanguage":"es"},{"@type":"Organization","@id":"https:\/\/www.celttv.com.ar\/#organization","name":"CELTTV","url":"https:\/\/www.celttv.com.ar\/","sameAs":["https:\/\/www.youtube.com\/channel\/UCz_oIt8Hig64Ub-EmcNPIhg","https:\/\/www.facebook.com\/celtTV\/"],"logo":{"@type":"ImageObject","inLanguage":"es","@id":"https:\/\/www.celttv.com.ar\/#\/schema\/logo\/image\/","url":"http:\/\/www.celttv.com.ar\/wp-content\/uploads\/2022\/08\/logo-1.png","contentUrl":"http:\/\/www.celttv.com.ar\/wp-content\/uploads\/2022\/08\/logo-1.png","width":461,"height":159,"caption":"CELTTV"},"image":{"@id":"https:\/\/www.celttv.com.ar\/#\/schema\/logo\/image\/"}},{"@type":"Person","@id":"https:\/\/www.celttv.com.ar\/#\/schema\/person\/6d99c072dba59953809c81446e9d0ace","name":"ulises","image":{"@type":"ImageObject","inLanguage":"es","@id":"https:\/\/www.celttv.com.ar\/#\/schema\/person\/image\/","url":"https:\/\/secure.gravatar.com\/avatar\/7f2c48bdc33b30088f941fb6082e555f2874c98e20cb159d7b92b50eadfce793?s=96&d=mm&r=g","contentUrl":"https:\/\/secure.gravatar.com\/avatar\/7f2c48bdc33b30088f941fb6082e555f2874c98e20cb159d7b92b50eadfce793?s=96&d=mm&r=g","caption":"ulises"},"sameAs":["http:\/\/www.celttv.com.ar"]}]}},"_links":{"self":[{"href":"https:\/\/www.celttv.com.ar\/index.php\/wp-json\/wp\/v2\/posts\/1178","targetHints":{"allow":["GET"]}}],"collection":[{"href":"https:\/\/www.celttv.com.ar\/index.php\/wp-json\/wp\/v2\/posts"}],"about":[{"href":"https:\/\/www.celttv.com.ar\/index.php\/wp-json\/wp\/v2\/types\/post"}],"author":[{"embeddable":true,"href":"https:\/\/www.celttv.com.ar\/index.php\/wp-json\/wp\/v2\/users\/1"}],"replies":[{"embeddable":true,"href":"https:\/\/www.celttv.com.ar\/index.php\/wp-json\/wp\/v2\/comments?post=1178"}],"version-history":[{"count":0,"href":"https:\/\/www.celttv.com.ar\/index.php\/wp-json\/wp\/v2\/posts\/1178\/revisions"}],"wp:attachment":[{"href":"https:\/\/www.celttv.com.ar\/index.php\/wp-json\/wp\/v2\/media?parent=1178"}],"wp:term":[{"taxonomy":"category","embeddable":true,"href":"https:\/\/www.celttv.com.ar\/index.php\/wp-json\/wp\/v2\/categories?post=1178"},{"taxonomy":"post_tag","embeddable":true,"href":"https:\/\/www.celttv.com.ar\/index.php\/wp-json\/wp\/v2\/tags?post=1178"}],"curies":[{"name":"wp","href":"https:\/\/api.w.org\/{rel}","templated":true}]}}