{"id":11804,"date":"2013-05-29T23:24:03","date_gmt":"2013-05-29T23:24:03","guid":{"rendered":"http:\/\/www.tvcnoticias.com.ar\/?p=11804"},"modified":"2013-05-29T23:24:03","modified_gmt":"2013-05-29T23:24:03","slug":"el-gobernador-scioli-le-entrego-un-utilitario-al-taller-protegido","status":"publish","type":"post","link":"https:\/\/www.celttv.com.ar\/index.php\/2013\/05\/29\/el-gobernador-scioli-le-entrego-un-utilitario-al-taller-protegido\/","title":{"rendered":"EL GOBERNADOR SCIOLI LE ENTREGO UN UTILITARIO AL TALLER PROTEGIDO"},"content":{"rendered":"<p><br \/>\nEl Taller Protegido de Tornquist recibi\u00f3 hoy las llaves de un veh\u00edculo utilitario por parte del gobernador de la Provincia de Buenos Aires, Daniel Scioli, durante la jornada de \u201cProducci\u00f3n e Integraci\u00f3n\u201d que se desarroll\u00f3 en la Gobernaci\u00f3n provincial y cont\u00f3 con la presencia del intendente municipal, licenciado Gustavo Trankels.<br \/>\nDurante el acto encabezado por el mandatario bonaerense se otorgaron donaciones a talleres protegidos y reconocimientos a empresas colaboradoras, en el marco del Programa Buenos Aires Innova.<br \/>\nEn este sentido, Scioli afirm\u00f3 que todas las \u00e1reas del Estado provincial trabajan \u201cpara que todos tengan posibilidades de crecer, progresar e integrarse\u201d y destac\u00f3 la \u201cresponsabilidad social empresaria\u201d.<br \/>\n\u201cEsta entrega viene a cubrir una necesidad que pose\u00eda la entidad, que trabaja muy bien y ocupa un lugar muy importante en nuestra comunidad. Quiero agradecerle al gobernador Daniel Scioli, quien siempre atiende las necesidades de nuestro distrito, a todo su equipo de trabajo, al ministro Cristian Breitenstein y al diputado Iv\u00e1n Budassi\u201d, se\u00f1al\u00f3 Trankels al finalizar el encuentro.<br \/>\n\u201cAdem\u00e1s, deseo destacar la noble y trascendente tarea que desarrolla nuestro querido Taller Protegido, enmarcado en una pol\u00edtica de inclusi\u00f3n e igualdad que lleva adelante nuestra presidenta Cristina Fern\u00e1ndez de Kirchner\u201d, agreg\u00f3.<br \/>\nLas empresas que colaboraron son los supermercados Vital, D\u00eda %, Coto, Carrefour, Nextel, Louis Dreyfus, Organizaci\u00f3n Techint, Cer\u00e1micas Lourdes, Weber saint-Gobain, Falabella-Sodimac, Arcor, La Seren\u00edsima, Plusmar, Fr\u00e1vega, Peugeot- Citro\u00ebn, y el Club Atl\u00e9tico River Plate.<br \/>\nEntre los ejes de acci\u00f3n, la \u201cintegraci\u00f3n\u201d tiene el objetivo de optimizar cadenas de valor mediante distintos Talleres Protegidos de la Provincia que trabajan con personas con discapacidad produciendo bienes y\/o servicios. En estos espacios, los trabajadores aprenden las competencias laborales que les permiten contar con herramientas para su inclusi\u00f3n en las empresas.<br \/>\nDel acto tambi\u00e9n participaron los ministros Cristian Breitenstein (Producci\u00f3n, Ciencia y Tecnolog\u00eda); Mart\u00edn Ferr\u00e9 (Desarrollo Social), y Gustavo Arrieta (Asuntos Agrarios); el presidente del Instituto Cultural, Jorge Telerman; los diputados Iv\u00e1n Budassi y Rodolfo Iriart; la subsecretaria de Pol\u00edticas de Integraci\u00f3n, Luc\u00eda Maffrand; y los intendentes Julio Marini (Benito Ju\u00e1rez), Fabi\u00e1n Zorzano (Coronel Dorrego), Enrique Catt\u00e1neo (Salliquel\u00f3), y Carlos Oreste (Coronel Pringles).<br \/>\n&nbsp;<\/p>\n","protected":false},"excerpt":{"rendered":"<p>El Taller Protegido de Tornquist recibi\u00f3 hoy las llaves de un veh\u00edculo utilitario por parte del gobernador de la Provincia de Buenos Aires, Daniel Scioli, durante la jornada de \u201cProducci\u00f3n e Integraci\u00f3n\u201d que se desarroll\u00f3 en la Gobernaci\u00f3n provincial y cont\u00f3 con la presencia del intendente municipal, licenciado Gustavo Trankels. Durante el acto encabezado por [&hellip;]<\/p>\n","protected":false},"author":1,"featured_media":0,"comment_status":"closed","ping_status":"open","sticky":false,"template":"","format":"standard","meta":{"footnotes":""},"categories":[51,52,53],"tags":[],"class_list":["post-11804","post","type-post","status-publish","format-standard","hentry","category-comunidad","category-destacadas","category-politica"],"yoast_head":"<!-- This site is optimized with the Yoast SEO plugin v19.7.1 - https:\/\/yoast.com\/wordpress\/plugins\/seo\/ -->\n<title>EL GOBERNADOR SCIOLI LE ENTREGO UN UTILITARIO AL TALLER PROTEGIDO - CELTTV<\/title>\n<meta name=\"description\" content=\"Sitio web de noticias de la localidad de Tornquist, provincia de Buenos Aires, Rep\u00fablica Argentina. Contenido propio originado por periodistas de CELTTV, el canal de TV local de la Cooperativa El\u00e9ctrica de Tornquist. Turismo, Pol\u00edtica, Sociedad, Deporte, Cultura y todo el contenido de inter\u00e9s general que la gente del pueblo y la regi\u00f3n debe conocer.\" \/>\n<meta name=\"robots\" content=\"index, follow, max-snippet:-1, max-image-preview:large, max-video-preview:-1\" \/>\n<link rel=\"canonical\" href=\"https:\/\/www.celttv.com.ar\/index.php\/2013\/05\/29\/el-gobernador-scioli-le-entrego-un-utilitario-al-taller-protegido\/\" \/>\n<meta property=\"og:locale\" content=\"es_ES\" \/>\n<meta property=\"og:type\" content=\"article\" \/>\n<meta property=\"og:title\" content=\"EL GOBERNADOR SCIOLI LE ENTREGO UN UTILITARIO AL TALLER PROTEGIDO - CELTTV\" \/>\n<meta property=\"og:description\" content=\"Sitio web de noticias de la localidad de Tornquist, provincia de Buenos Aires, Rep\u00fablica Argentina. Contenido propio originado por periodistas de CELTTV, el canal de TV local de la Cooperativa El\u00e9ctrica de Tornquist. Turismo, Pol\u00edtica, Sociedad, Deporte, Cultura y todo el contenido de inter\u00e9s general que la gente del pueblo y la regi\u00f3n debe conocer.\" \/>\n<meta property=\"og:url\" content=\"https:\/\/www.celttv.com.ar\/index.php\/2013\/05\/29\/el-gobernador-scioli-le-entrego-un-utilitario-al-taller-protegido\/\" \/>\n<meta property=\"og:site_name\" content=\"CELTTV\" \/>\n<meta property=\"article:publisher\" content=\"https:\/\/www.facebook.com\/celtTV\/\" \/>\n<meta property=\"article:published_time\" content=\"2013-05-29T23:24:03+00:00\" \/>\n<meta name=\"author\" content=\"ulises\" \/>\n<meta name=\"twitter:card\" content=\"summary_large_image\" \/>\n<meta name=\"twitter:label1\" content=\"Escrito por\" \/>\n\t<meta name=\"twitter:data1\" content=\"ulises\" \/>\n\t<meta name=\"twitter:label2\" content=\"Tiempo de lectura\" \/>\n\t<meta name=\"twitter:data2\" content=\"2 minutos\" \/>\n<script type=\"application\/ld+json\" class=\"yoast-schema-graph\">{\"@context\":\"https:\/\/schema.org\",\"@graph\":[{\"@type\":\"NewsArticle\",\"@id\":\"https:\/\/www.celttv.com.ar\/index.php\/2013\/05\/29\/el-gobernador-scioli-le-entrego-un-utilitario-al-taller-protegido\/#article\",\"isPartOf\":{\"@id\":\"https:\/\/www.celttv.com.ar\/index.php\/2013\/05\/29\/el-gobernador-scioli-le-entrego-un-utilitario-al-taller-protegido\/\"},\"author\":{\"name\":\"ulises\",\"@id\":\"https:\/\/www.celttv.com.ar\/#\/schema\/person\/6d99c072dba59953809c81446e9d0ace\"},\"headline\":\"EL GOBERNADOR SCIOLI LE ENTREGO UN UTILITARIO AL TALLER PROTEGIDO\",\"datePublished\":\"2013-05-29T23:24:03+00:00\",\"dateModified\":\"2013-05-29T23:24:03+00:00\",\"mainEntityOfPage\":{\"@id\":\"https:\/\/www.celttv.com.ar\/index.php\/2013\/05\/29\/el-gobernador-scioli-le-entrego-un-utilitario-al-taller-protegido\/\"},\"wordCount\":394,\"publisher\":{\"@id\":\"https:\/\/www.celttv.com.ar\/#organization\"},\"articleSection\":[\"Comunidad\",\"Destacadas\",\"Pol\u00edtica\"],\"inLanguage\":\"es\"},{\"@type\":\"WebPage\",\"@id\":\"https:\/\/www.celttv.com.ar\/index.php\/2013\/05\/29\/el-gobernador-scioli-le-entrego-un-utilitario-al-taller-protegido\/\",\"url\":\"https:\/\/www.celttv.com.ar\/index.php\/2013\/05\/29\/el-gobernador-scioli-le-entrego-un-utilitario-al-taller-protegido\/\",\"name\":\"EL GOBERNADOR SCIOLI LE ENTREGO UN UTILITARIO AL TALLER PROTEGIDO - CELTTV\",\"isPartOf\":{\"@id\":\"https:\/\/www.celttv.com.ar\/#website\"},\"datePublished\":\"2013-05-29T23:24:03+00:00\",\"dateModified\":\"2013-05-29T23:24:03+00:00\",\"description\":\"Sitio web de noticias de la localidad de Tornquist, provincia de Buenos Aires, Rep\u00fablica Argentina. Contenido propio originado por periodistas de CELTTV, el canal de TV local de la Cooperativa El\u00e9ctrica de Tornquist. Turismo, Pol\u00edtica, Sociedad, Deporte, Cultura y todo el contenido de inter\u00e9s general que la gente del pueblo y la regi\u00f3n debe conocer.\",\"breadcrumb\":{\"@id\":\"https:\/\/www.celttv.com.ar\/index.php\/2013\/05\/29\/el-gobernador-scioli-le-entrego-un-utilitario-al-taller-protegido\/#breadcrumb\"},\"inLanguage\":\"es\",\"potentialAction\":[{\"@type\":\"ReadAction\",\"target\":[\"https:\/\/www.celttv.com.ar\/index.php\/2013\/05\/29\/el-gobernador-scioli-le-entrego-un-utilitario-al-taller-protegido\/\"]}]},{\"@type\":\"BreadcrumbList\",\"@id\":\"https:\/\/www.celttv.com.ar\/index.php\/2013\/05\/29\/el-gobernador-scioli-le-entrego-un-utilitario-al-taller-protegido\/#breadcrumb\",\"itemListElement\":[{\"@type\":\"ListItem\",\"position\":1,\"name\":\"Inicio\",\"item\":\"https:\/\/www.celttv.com.ar\/\"},{\"@type\":\"ListItem\",\"position\":2,\"name\":\"EL GOBERNADOR SCIOLI LE ENTREGO UN UTILITARIO AL TALLER PROTEGIDO\"}]},{\"@type\":\"WebSite\",\"@id\":\"https:\/\/www.celttv.com.ar\/#website\",\"url\":\"https:\/\/www.celttv.com.ar\/\",\"name\":\"CELTTV\",\"description\":\"Cooperativa El\u00e9ctrica de Tornquist\",\"publisher\":{\"@id\":\"https:\/\/www.celttv.com.ar\/#organization\"},\"potentialAction\":[{\"@type\":\"SearchAction\",\"target\":{\"@type\":\"EntryPoint\",\"urlTemplate\":\"https:\/\/www.celttv.com.ar\/?s={search_term_string}\"},\"query-input\":\"required name=search_term_string\"}],\"inLanguage\":\"es\"},{\"@type\":\"Organization\",\"@id\":\"https:\/\/www.celttv.com.ar\/#organization\",\"name\":\"CELTTV\",\"url\":\"https:\/\/www.celttv.com.ar\/\",\"sameAs\":[\"https:\/\/www.youtube.com\/channel\/UCz_oIt8Hig64Ub-EmcNPIhg\",\"https:\/\/www.facebook.com\/celtTV\/\"],\"logo\":{\"@type\":\"ImageObject\",\"inLanguage\":\"es\",\"@id\":\"https:\/\/www.celttv.com.ar\/#\/schema\/logo\/image\/\",\"url\":\"http:\/\/www.celttv.com.ar\/wp-content\/uploads\/2022\/08\/logo-1.png\",\"contentUrl\":\"http:\/\/www.celttv.com.ar\/wp-content\/uploads\/2022\/08\/logo-1.png\",\"width\":461,\"height\":159,\"caption\":\"CELTTV\"},\"image\":{\"@id\":\"https:\/\/www.celttv.com.ar\/#\/schema\/logo\/image\/\"}},{\"@type\":\"Person\",\"@id\":\"https:\/\/www.celttv.com.ar\/#\/schema\/person\/6d99c072dba59953809c81446e9d0ace\",\"name\":\"ulises\",\"image\":{\"@type\":\"ImageObject\",\"inLanguage\":\"es\",\"@id\":\"https:\/\/www.celttv.com.ar\/#\/schema\/person\/image\/\",\"url\":\"https:\/\/secure.gravatar.com\/avatar\/7f2c48bdc33b30088f941fb6082e555f2874c98e20cb159d7b92b50eadfce793?s=96&d=mm&r=g\",\"contentUrl\":\"https:\/\/secure.gravatar.com\/avatar\/7f2c48bdc33b30088f941fb6082e555f2874c98e20cb159d7b92b50eadfce793?s=96&d=mm&r=g\",\"caption\":\"ulises\"},\"sameAs\":[\"http:\/\/www.celttv.com.ar\"]}]}<\/script>\n<!-- \/ Yoast SEO plugin. -->","yoast_head_json":{"title":"EL GOBERNADOR SCIOLI LE ENTREGO UN UTILITARIO AL TALLER PROTEGIDO - CELTTV","description":"Sitio web de noticias de la localidad de Tornquist, provincia de Buenos Aires, Rep\u00fablica Argentina. Contenido propio originado por periodistas de CELTTV, el canal de TV local de la Cooperativa El\u00e9ctrica de Tornquist. Turismo, Pol\u00edtica, Sociedad, Deporte, Cultura y todo el contenido de inter\u00e9s general que la gente del pueblo y la regi\u00f3n debe conocer.","robots":{"index":"index","follow":"follow","max-snippet":"max-snippet:-1","max-image-preview":"max-image-preview:large","max-video-preview":"max-video-preview:-1"},"canonical":"https:\/\/www.celttv.com.ar\/index.php\/2013\/05\/29\/el-gobernador-scioli-le-entrego-un-utilitario-al-taller-protegido\/","og_locale":"es_ES","og_type":"article","og_title":"EL GOBERNADOR SCIOLI LE ENTREGO UN UTILITARIO AL TALLER PROTEGIDO - CELTTV","og_description":"Sitio web de noticias de la localidad de Tornquist, provincia de Buenos Aires, Rep\u00fablica Argentina. Contenido propio originado por periodistas de CELTTV, el canal de TV local de la Cooperativa El\u00e9ctrica de Tornquist. Turismo, Pol\u00edtica, Sociedad, Deporte, Cultura y todo el contenido de inter\u00e9s general que la gente del pueblo y la regi\u00f3n debe conocer.","og_url":"https:\/\/www.celttv.com.ar\/index.php\/2013\/05\/29\/el-gobernador-scioli-le-entrego-un-utilitario-al-taller-protegido\/","og_site_name":"CELTTV","article_publisher":"https:\/\/www.facebook.com\/celtTV\/","article_published_time":"2013-05-29T23:24:03+00:00","author":"ulises","twitter_card":"summary_large_image","twitter_misc":{"Escrito por":"ulises","Tiempo de lectura":"2 minutos"},"schema":{"@context":"https:\/\/schema.org","@graph":[{"@type":"NewsArticle","@id":"https:\/\/www.celttv.com.ar\/index.php\/2013\/05\/29\/el-gobernador-scioli-le-entrego-un-utilitario-al-taller-protegido\/#article","isPartOf":{"@id":"https:\/\/www.celttv.com.ar\/index.php\/2013\/05\/29\/el-gobernador-scioli-le-entrego-un-utilitario-al-taller-protegido\/"},"author":{"name":"ulises","@id":"https:\/\/www.celttv.com.ar\/#\/schema\/person\/6d99c072dba59953809c81446e9d0ace"},"headline":"EL GOBERNADOR SCIOLI LE ENTREGO UN UTILITARIO AL TALLER PROTEGIDO","datePublished":"2013-05-29T23:24:03+00:00","dateModified":"2013-05-29T23:24:03+00:00","mainEntityOfPage":{"@id":"https:\/\/www.celttv.com.ar\/index.php\/2013\/05\/29\/el-gobernador-scioli-le-entrego-un-utilitario-al-taller-protegido\/"},"wordCount":394,"publisher":{"@id":"https:\/\/www.celttv.com.ar\/#organization"},"articleSection":["Comunidad","Destacadas","Pol\u00edtica"],"inLanguage":"es"},{"@type":"WebPage","@id":"https:\/\/www.celttv.com.ar\/index.php\/2013\/05\/29\/el-gobernador-scioli-le-entrego-un-utilitario-al-taller-protegido\/","url":"https:\/\/www.celttv.com.ar\/index.php\/2013\/05\/29\/el-gobernador-scioli-le-entrego-un-utilitario-al-taller-protegido\/","name":"EL GOBERNADOR SCIOLI LE ENTREGO UN UTILITARIO AL TALLER PROTEGIDO - CELTTV","isPartOf":{"@id":"https:\/\/www.celttv.com.ar\/#website"},"datePublished":"2013-05-29T23:24:03+00:00","dateModified":"2013-05-29T23:24:03+00:00","description":"Sitio web de noticias de la localidad de Tornquist, provincia de Buenos Aires, Rep\u00fablica Argentina. Contenido propio originado por periodistas de CELTTV, el canal de TV local de la Cooperativa El\u00e9ctrica de Tornquist. Turismo, Pol\u00edtica, Sociedad, Deporte, Cultura y todo el contenido de inter\u00e9s general que la gente del pueblo y la regi\u00f3n debe conocer.","breadcrumb":{"@id":"https:\/\/www.celttv.com.ar\/index.php\/2013\/05\/29\/el-gobernador-scioli-le-entrego-un-utilitario-al-taller-protegido\/#breadcrumb"},"inLanguage":"es","potentialAction":[{"@type":"ReadAction","target":["https:\/\/www.celttv.com.ar\/index.php\/2013\/05\/29\/el-gobernador-scioli-le-entrego-un-utilitario-al-taller-protegido\/"]}]},{"@type":"BreadcrumbList","@id":"https:\/\/www.celttv.com.ar\/index.php\/2013\/05\/29\/el-gobernador-scioli-le-entrego-un-utilitario-al-taller-protegido\/#breadcrumb","itemListElement":[{"@type":"ListItem","position":1,"name":"Inicio","item":"https:\/\/www.celttv.com.ar\/"},{"@type":"ListItem","position":2,"name":"EL GOBERNADOR SCIOLI LE ENTREGO UN UTILITARIO AL TALLER PROTEGIDO"}]},{"@type":"WebSite","@id":"https:\/\/www.celttv.com.ar\/#website","url":"https:\/\/www.celttv.com.ar\/","name":"CELTTV","description":"Cooperativa El\u00e9ctrica de Tornquist","publisher":{"@id":"https:\/\/www.celttv.com.ar\/#organization"},"potentialAction":[{"@type":"SearchAction","target":{"@type":"EntryPoint","urlTemplate":"https:\/\/www.celttv.com.ar\/?s={search_term_string}"},"query-input":"required name=search_term_string"}],"inLanguage":"es"},{"@type":"Organization","@id":"https:\/\/www.celttv.com.ar\/#organization","name":"CELTTV","url":"https:\/\/www.celttv.com.ar\/","sameAs":["https:\/\/www.youtube.com\/channel\/UCz_oIt8Hig64Ub-EmcNPIhg","https:\/\/www.facebook.com\/celtTV\/"],"logo":{"@type":"ImageObject","inLanguage":"es","@id":"https:\/\/www.celttv.com.ar\/#\/schema\/logo\/image\/","url":"http:\/\/www.celttv.com.ar\/wp-content\/uploads\/2022\/08\/logo-1.png","contentUrl":"http:\/\/www.celttv.com.ar\/wp-content\/uploads\/2022\/08\/logo-1.png","width":461,"height":159,"caption":"CELTTV"},"image":{"@id":"https:\/\/www.celttv.com.ar\/#\/schema\/logo\/image\/"}},{"@type":"Person","@id":"https:\/\/www.celttv.com.ar\/#\/schema\/person\/6d99c072dba59953809c81446e9d0ace","name":"ulises","image":{"@type":"ImageObject","inLanguage":"es","@id":"https:\/\/www.celttv.com.ar\/#\/schema\/person\/image\/","url":"https:\/\/secure.gravatar.com\/avatar\/7f2c48bdc33b30088f941fb6082e555f2874c98e20cb159d7b92b50eadfce793?s=96&d=mm&r=g","contentUrl":"https:\/\/secure.gravatar.com\/avatar\/7f2c48bdc33b30088f941fb6082e555f2874c98e20cb159d7b92b50eadfce793?s=96&d=mm&r=g","caption":"ulises"},"sameAs":["http:\/\/www.celttv.com.ar"]}]}},"_links":{"self":[{"href":"https:\/\/www.celttv.com.ar\/index.php\/wp-json\/wp\/v2\/posts\/11804","targetHints":{"allow":["GET"]}}],"collection":[{"href":"https:\/\/www.celttv.com.ar\/index.php\/wp-json\/wp\/v2\/posts"}],"about":[{"href":"https:\/\/www.celttv.com.ar\/index.php\/wp-json\/wp\/v2\/types\/post"}],"author":[{"embeddable":true,"href":"https:\/\/www.celttv.com.ar\/index.php\/wp-json\/wp\/v2\/users\/1"}],"replies":[{"embeddable":true,"href":"https:\/\/www.celttv.com.ar\/index.php\/wp-json\/wp\/v2\/comments?post=11804"}],"version-history":[{"count":0,"href":"https:\/\/www.celttv.com.ar\/index.php\/wp-json\/wp\/v2\/posts\/11804\/revisions"}],"wp:attachment":[{"href":"https:\/\/www.celttv.com.ar\/index.php\/wp-json\/wp\/v2\/media?parent=11804"}],"wp:term":[{"taxonomy":"category","embeddable":true,"href":"https:\/\/www.celttv.com.ar\/index.php\/wp-json\/wp\/v2\/categories?post=11804"},{"taxonomy":"post_tag","embeddable":true,"href":"https:\/\/www.celttv.com.ar\/index.php\/wp-json\/wp\/v2\/tags?post=11804"}],"curies":[{"name":"wp","href":"https:\/\/api.w.org\/{rel}","templated":true}]}}