{"id":11824,"date":"2013-05-31T20:06:18","date_gmt":"2013-05-31T20:06:18","guid":{"rendered":"http:\/\/www.tvcnoticias.com.ar\/?p=11824"},"modified":"2013-05-31T20:06:18","modified_gmt":"2013-05-31T20:06:18","slug":"preocupa-la-muerte-de-una-enfermera-a-causa-de-haber-contraido-la-gripe-a-videos-conferencia-de-prensa","status":"publish","type":"post","link":"https:\/\/www.celttv.com.ar\/index.php\/2013\/05\/31\/preocupa-la-muerte-de-una-enfermera-a-causa-de-haber-contraido-la-gripe-a-videos-conferencia-de-prensa\/","title":{"rendered":"PREOCUPA LA MUERTE DE UNA ENFERMERA A CAUSA DE HABER CONTRAIDO LA GRIPE A (videos conferencia de prensa)"},"content":{"rendered":"<p><a href=\"http:\/\/www.youtube.com\/watch?v=w_5CB41v4cc\"><a href=\"http:\/\/www.youtube.com\/watch?v=w_5CB41v4cc\">httpv:\/\/www.youtube.com\/watch?v=w_5CB41v4cc<\/a><\/a><br \/>\n<a href=\"http:\/\/www.youtube.com\/watch?v=JBYteBLCUqo\"><a href=\"http:\/\/www.youtube.com\/watch?v=JBYteBLCUqo\">httpv:\/\/www.youtube.com\/watch?v=JBYteBLCUqo<\/a><\/a><br \/>\nCarmen Haydee D\u00edaz, ten\u00eda 51 a\u00f1os y era paciente diab\u00e9tica. Ingres\u00f3 al hospital de Tornquist el lunes pasado con un caso de neumonitis. Se la traslad\u00f3 hasta el Hospital Penna, donde evolucionaba favorablemente, pero al tercer d\u00eda comenz\u00f3 a sufrir complicaciones respiratorias y falleci\u00f3.<br \/>\nLuego de confirmarse la causa del deceso de la profesional las m\u00e1ximas autoridades de salud de la localidad intentaron llevar tranquilidad a la poblaci\u00f3n en una conferencia de prensa realizada este mediod\u00eda en la sala de situaciones del Municipio del que participaron\u00a0la Sub\u00a0Secretaria de Salud\u00a0<strong>Ver\u00f3nica Castro<\/strong>, la\u00a0Secretaria de Salud Lic.<strong> Mirta Avila<\/strong> , la Bioqu\u00edmica\u00a0<strong>Margarita Garmendia<\/strong> ,\u00a0<strong>Virginia Loffredo, m\u00e9dica <\/strong>pediatra y\u00a0<strong>Anabella Brugniere, m<\/strong>\u00e9dica cl\u00ednica.<br \/>\n&nbsp;<\/p>\n","protected":false},"excerpt":{"rendered":"<p>httpv:\/\/www.youtube.com\/watch?v=w_5CB41v4cc httpv:\/\/www.youtube.com\/watch?v=JBYteBLCUqo Carmen Haydee D\u00edaz, ten\u00eda 51 a\u00f1os y era paciente diab\u00e9tica. Ingres\u00f3 al hospital de Tornquist el lunes pasado con un caso de neumonitis. Se la traslad\u00f3 hasta el Hospital Penna, donde evolucionaba favorablemente, pero al tercer d\u00eda comenz\u00f3 a sufrir complicaciones respiratorias y falleci\u00f3. Luego de confirmarse la causa del deceso de la [&hellip;]<\/p>\n","protected":false},"author":1,"featured_media":0,"comment_status":"closed","ping_status":"open","sticky":false,"template":"","format":"standard","meta":{"footnotes":""},"categories":[51,52,53,64],"tags":[],"class_list":["post-11824","post","type-post","status-publish","format-standard","hentry","category-comunidad","category-destacadas","category-politica","category-videos-destacados"],"yoast_head":"<!-- This site is optimized with the Yoast SEO plugin v19.7.1 - https:\/\/yoast.com\/wordpress\/plugins\/seo\/ -->\n<title>PREOCUPA LA MUERTE DE UNA ENFERMERA A CAUSA DE HABER CONTRAIDO LA GRIPE A (videos conferencia de prensa) - CELTTV<\/title>\n<meta name=\"description\" content=\"Sitio web de noticias de la localidad de Tornquist, provincia de Buenos Aires, Rep\u00fablica Argentina. Contenido propio originado por periodistas de CELTTV, el canal de TV local de la Cooperativa El\u00e9ctrica de Tornquist. Turismo, Pol\u00edtica, Sociedad, Deporte, Cultura y todo el contenido de inter\u00e9s general que la gente del pueblo y la regi\u00f3n debe conocer.\" \/>\n<meta name=\"robots\" content=\"index, follow, max-snippet:-1, max-image-preview:large, max-video-preview:-1\" \/>\n<link rel=\"canonical\" href=\"https:\/\/www.celttv.com.ar\/index.php\/2013\/05\/31\/preocupa-la-muerte-de-una-enfermera-a-causa-de-haber-contraido-la-gripe-a-videos-conferencia-de-prensa\/\" \/>\n<meta property=\"og:locale\" content=\"es_ES\" \/>\n<meta property=\"og:type\" content=\"article\" \/>\n<meta property=\"og:title\" content=\"PREOCUPA LA MUERTE DE UNA ENFERMERA A CAUSA DE HABER CONTRAIDO LA GRIPE A (videos conferencia de prensa) - CELTTV\" \/>\n<meta property=\"og:description\" content=\"Sitio web de noticias de la localidad de Tornquist, provincia de Buenos Aires, Rep\u00fablica Argentina. Contenido propio originado por periodistas de CELTTV, el canal de TV local de la Cooperativa El\u00e9ctrica de Tornquist. Turismo, Pol\u00edtica, Sociedad, Deporte, Cultura y todo el contenido de inter\u00e9s general que la gente del pueblo y la regi\u00f3n debe conocer.\" \/>\n<meta property=\"og:url\" content=\"https:\/\/www.celttv.com.ar\/index.php\/2013\/05\/31\/preocupa-la-muerte-de-una-enfermera-a-causa-de-haber-contraido-la-gripe-a-videos-conferencia-de-prensa\/\" \/>\n<meta property=\"og:site_name\" content=\"CELTTV\" \/>\n<meta property=\"article:publisher\" content=\"https:\/\/www.facebook.com\/celtTV\/\" \/>\n<meta property=\"article:published_time\" content=\"2013-05-31T20:06:18+00:00\" \/>\n<meta name=\"author\" content=\"ulises\" \/>\n<meta name=\"twitter:card\" content=\"summary_large_image\" \/>\n<meta name=\"twitter:label1\" content=\"Escrito por\" \/>\n\t<meta name=\"twitter:data1\" content=\"ulises\" \/>\n\t<meta name=\"twitter:label2\" content=\"Tiempo de lectura\" \/>\n\t<meta name=\"twitter:data2\" content=\"1 minuto\" \/>\n<script type=\"application\/ld+json\" class=\"yoast-schema-graph\">{\"@context\":\"https:\/\/schema.org\",\"@graph\":[{\"@type\":\"NewsArticle\",\"@id\":\"https:\/\/www.celttv.com.ar\/index.php\/2013\/05\/31\/preocupa-la-muerte-de-una-enfermera-a-causa-de-haber-contraido-la-gripe-a-videos-conferencia-de-prensa\/#article\",\"isPartOf\":{\"@id\":\"https:\/\/www.celttv.com.ar\/index.php\/2013\/05\/31\/preocupa-la-muerte-de-una-enfermera-a-causa-de-haber-contraido-la-gripe-a-videos-conferencia-de-prensa\/\"},\"author\":{\"name\":\"ulises\",\"@id\":\"https:\/\/www.celttv.com.ar\/#\/schema\/person\/6d99c072dba59953809c81446e9d0ace\"},\"headline\":\"PREOCUPA LA MUERTE DE UNA ENFERMERA A CAUSA DE HABER CONTRAIDO LA GRIPE A (videos conferencia de prensa)\",\"datePublished\":\"2013-05-31T20:06:18+00:00\",\"dateModified\":\"2013-05-31T20:06:18+00:00\",\"mainEntityOfPage\":{\"@id\":\"https:\/\/www.celttv.com.ar\/index.php\/2013\/05\/31\/preocupa-la-muerte-de-una-enfermera-a-causa-de-haber-contraido-la-gripe-a-videos-conferencia-de-prensa\/\"},\"wordCount\":161,\"publisher\":{\"@id\":\"https:\/\/www.celttv.com.ar\/#organization\"},\"articleSection\":[\"Comunidad\",\"Destacadas\",\"Pol\u00edtica\",\"Videos Destacados\"],\"inLanguage\":\"es\"},{\"@type\":\"WebPage\",\"@id\":\"https:\/\/www.celttv.com.ar\/index.php\/2013\/05\/31\/preocupa-la-muerte-de-una-enfermera-a-causa-de-haber-contraido-la-gripe-a-videos-conferencia-de-prensa\/\",\"url\":\"https:\/\/www.celttv.com.ar\/index.php\/2013\/05\/31\/preocupa-la-muerte-de-una-enfermera-a-causa-de-haber-contraido-la-gripe-a-videos-conferencia-de-prensa\/\",\"name\":\"PREOCUPA LA MUERTE DE UNA ENFERMERA A CAUSA DE HABER CONTRAIDO LA GRIPE A (videos conferencia de prensa) - CELTTV\",\"isPartOf\":{\"@id\":\"https:\/\/www.celttv.com.ar\/#website\"},\"datePublished\":\"2013-05-31T20:06:18+00:00\",\"dateModified\":\"2013-05-31T20:06:18+00:00\",\"description\":\"Sitio web de noticias de la localidad de Tornquist, provincia de Buenos Aires, Rep\u00fablica Argentina. Contenido propio originado por periodistas de CELTTV, el canal de TV local de la Cooperativa El\u00e9ctrica de Tornquist. Turismo, Pol\u00edtica, Sociedad, Deporte, Cultura y todo el contenido de inter\u00e9s general que la gente del pueblo y la regi\u00f3n debe conocer.\",\"breadcrumb\":{\"@id\":\"https:\/\/www.celttv.com.ar\/index.php\/2013\/05\/31\/preocupa-la-muerte-de-una-enfermera-a-causa-de-haber-contraido-la-gripe-a-videos-conferencia-de-prensa\/#breadcrumb\"},\"inLanguage\":\"es\",\"potentialAction\":[{\"@type\":\"ReadAction\",\"target\":[\"https:\/\/www.celttv.com.ar\/index.php\/2013\/05\/31\/preocupa-la-muerte-de-una-enfermera-a-causa-de-haber-contraido-la-gripe-a-videos-conferencia-de-prensa\/\"]}]},{\"@type\":\"BreadcrumbList\",\"@id\":\"https:\/\/www.celttv.com.ar\/index.php\/2013\/05\/31\/preocupa-la-muerte-de-una-enfermera-a-causa-de-haber-contraido-la-gripe-a-videos-conferencia-de-prensa\/#breadcrumb\",\"itemListElement\":[{\"@type\":\"ListItem\",\"position\":1,\"name\":\"Inicio\",\"item\":\"https:\/\/www.celttv.com.ar\/\"},{\"@type\":\"ListItem\",\"position\":2,\"name\":\"PREOCUPA LA MUERTE DE UNA ENFERMERA A CAUSA DE HABER CONTRAIDO LA GRIPE A (videos conferencia de prensa)\"}]},{\"@type\":\"WebSite\",\"@id\":\"https:\/\/www.celttv.com.ar\/#website\",\"url\":\"https:\/\/www.celttv.com.ar\/\",\"name\":\"CELTTV\",\"description\":\"Cooperativa El\u00e9ctrica de Tornquist\",\"publisher\":{\"@id\":\"https:\/\/www.celttv.com.ar\/#organization\"},\"potentialAction\":[{\"@type\":\"SearchAction\",\"target\":{\"@type\":\"EntryPoint\",\"urlTemplate\":\"https:\/\/www.celttv.com.ar\/?s={search_term_string}\"},\"query-input\":\"required name=search_term_string\"}],\"inLanguage\":\"es\"},{\"@type\":\"Organization\",\"@id\":\"https:\/\/www.celttv.com.ar\/#organization\",\"name\":\"CELTTV\",\"url\":\"https:\/\/www.celttv.com.ar\/\",\"sameAs\":[\"https:\/\/www.youtube.com\/channel\/UCz_oIt8Hig64Ub-EmcNPIhg\",\"https:\/\/www.facebook.com\/celtTV\/\"],\"logo\":{\"@type\":\"ImageObject\",\"inLanguage\":\"es\",\"@id\":\"https:\/\/www.celttv.com.ar\/#\/schema\/logo\/image\/\",\"url\":\"http:\/\/www.celttv.com.ar\/wp-content\/uploads\/2022\/08\/logo-1.png\",\"contentUrl\":\"http:\/\/www.celttv.com.ar\/wp-content\/uploads\/2022\/08\/logo-1.png\",\"width\":461,\"height\":159,\"caption\":\"CELTTV\"},\"image\":{\"@id\":\"https:\/\/www.celttv.com.ar\/#\/schema\/logo\/image\/\"}},{\"@type\":\"Person\",\"@id\":\"https:\/\/www.celttv.com.ar\/#\/schema\/person\/6d99c072dba59953809c81446e9d0ace\",\"name\":\"ulises\",\"image\":{\"@type\":\"ImageObject\",\"inLanguage\":\"es\",\"@id\":\"https:\/\/www.celttv.com.ar\/#\/schema\/person\/image\/\",\"url\":\"https:\/\/secure.gravatar.com\/avatar\/7f2c48bdc33b30088f941fb6082e555f2874c98e20cb159d7b92b50eadfce793?s=96&d=mm&r=g\",\"contentUrl\":\"https:\/\/secure.gravatar.com\/avatar\/7f2c48bdc33b30088f941fb6082e555f2874c98e20cb159d7b92b50eadfce793?s=96&d=mm&r=g\",\"caption\":\"ulises\"},\"sameAs\":[\"http:\/\/www.celttv.com.ar\"]}]}<\/script>\n<!-- \/ Yoast SEO plugin. -->","yoast_head_json":{"title":"PREOCUPA LA MUERTE DE UNA ENFERMERA A CAUSA DE HABER CONTRAIDO LA GRIPE A (videos conferencia de prensa) - CELTTV","description":"Sitio web de noticias de la localidad de Tornquist, provincia de Buenos Aires, Rep\u00fablica Argentina. Contenido propio originado por periodistas de CELTTV, el canal de TV local de la Cooperativa El\u00e9ctrica de Tornquist. Turismo, Pol\u00edtica, Sociedad, Deporte, Cultura y todo el contenido de inter\u00e9s general que la gente del pueblo y la regi\u00f3n debe conocer.","robots":{"index":"index","follow":"follow","max-snippet":"max-snippet:-1","max-image-preview":"max-image-preview:large","max-video-preview":"max-video-preview:-1"},"canonical":"https:\/\/www.celttv.com.ar\/index.php\/2013\/05\/31\/preocupa-la-muerte-de-una-enfermera-a-causa-de-haber-contraido-la-gripe-a-videos-conferencia-de-prensa\/","og_locale":"es_ES","og_type":"article","og_title":"PREOCUPA LA MUERTE DE UNA ENFERMERA A CAUSA DE HABER CONTRAIDO LA GRIPE A (videos conferencia de prensa) - CELTTV","og_description":"Sitio web de noticias de la localidad de Tornquist, provincia de Buenos Aires, Rep\u00fablica Argentina. Contenido propio originado por periodistas de CELTTV, el canal de TV local de la Cooperativa El\u00e9ctrica de Tornquist. Turismo, Pol\u00edtica, Sociedad, Deporte, Cultura y todo el contenido de inter\u00e9s general que la gente del pueblo y la regi\u00f3n debe conocer.","og_url":"https:\/\/www.celttv.com.ar\/index.php\/2013\/05\/31\/preocupa-la-muerte-de-una-enfermera-a-causa-de-haber-contraido-la-gripe-a-videos-conferencia-de-prensa\/","og_site_name":"CELTTV","article_publisher":"https:\/\/www.facebook.com\/celtTV\/","article_published_time":"2013-05-31T20:06:18+00:00","author":"ulises","twitter_card":"summary_large_image","twitter_misc":{"Escrito por":"ulises","Tiempo de lectura":"1 minuto"},"schema":{"@context":"https:\/\/schema.org","@graph":[{"@type":"NewsArticle","@id":"https:\/\/www.celttv.com.ar\/index.php\/2013\/05\/31\/preocupa-la-muerte-de-una-enfermera-a-causa-de-haber-contraido-la-gripe-a-videos-conferencia-de-prensa\/#article","isPartOf":{"@id":"https:\/\/www.celttv.com.ar\/index.php\/2013\/05\/31\/preocupa-la-muerte-de-una-enfermera-a-causa-de-haber-contraido-la-gripe-a-videos-conferencia-de-prensa\/"},"author":{"name":"ulises","@id":"https:\/\/www.celttv.com.ar\/#\/schema\/person\/6d99c072dba59953809c81446e9d0ace"},"headline":"PREOCUPA LA MUERTE DE UNA ENFERMERA A CAUSA DE HABER CONTRAIDO LA GRIPE A (videos conferencia de prensa)","datePublished":"2013-05-31T20:06:18+00:00","dateModified":"2013-05-31T20:06:18+00:00","mainEntityOfPage":{"@id":"https:\/\/www.celttv.com.ar\/index.php\/2013\/05\/31\/preocupa-la-muerte-de-una-enfermera-a-causa-de-haber-contraido-la-gripe-a-videos-conferencia-de-prensa\/"},"wordCount":161,"publisher":{"@id":"https:\/\/www.celttv.com.ar\/#organization"},"articleSection":["Comunidad","Destacadas","Pol\u00edtica","Videos Destacados"],"inLanguage":"es"},{"@type":"WebPage","@id":"https:\/\/www.celttv.com.ar\/index.php\/2013\/05\/31\/preocupa-la-muerte-de-una-enfermera-a-causa-de-haber-contraido-la-gripe-a-videos-conferencia-de-prensa\/","url":"https:\/\/www.celttv.com.ar\/index.php\/2013\/05\/31\/preocupa-la-muerte-de-una-enfermera-a-causa-de-haber-contraido-la-gripe-a-videos-conferencia-de-prensa\/","name":"PREOCUPA LA MUERTE DE UNA ENFERMERA A CAUSA DE HABER CONTRAIDO LA GRIPE A (videos conferencia de prensa) - CELTTV","isPartOf":{"@id":"https:\/\/www.celttv.com.ar\/#website"},"datePublished":"2013-05-31T20:06:18+00:00","dateModified":"2013-05-31T20:06:18+00:00","description":"Sitio web de noticias de la localidad de Tornquist, provincia de Buenos Aires, Rep\u00fablica Argentina. Contenido propio originado por periodistas de CELTTV, el canal de TV local de la Cooperativa El\u00e9ctrica de Tornquist. Turismo, Pol\u00edtica, Sociedad, Deporte, Cultura y todo el contenido de inter\u00e9s general que la gente del pueblo y la regi\u00f3n debe conocer.","breadcrumb":{"@id":"https:\/\/www.celttv.com.ar\/index.php\/2013\/05\/31\/preocupa-la-muerte-de-una-enfermera-a-causa-de-haber-contraido-la-gripe-a-videos-conferencia-de-prensa\/#breadcrumb"},"inLanguage":"es","potentialAction":[{"@type":"ReadAction","target":["https:\/\/www.celttv.com.ar\/index.php\/2013\/05\/31\/preocupa-la-muerte-de-una-enfermera-a-causa-de-haber-contraido-la-gripe-a-videos-conferencia-de-prensa\/"]}]},{"@type":"BreadcrumbList","@id":"https:\/\/www.celttv.com.ar\/index.php\/2013\/05\/31\/preocupa-la-muerte-de-una-enfermera-a-causa-de-haber-contraido-la-gripe-a-videos-conferencia-de-prensa\/#breadcrumb","itemListElement":[{"@type":"ListItem","position":1,"name":"Inicio","item":"https:\/\/www.celttv.com.ar\/"},{"@type":"ListItem","position":2,"name":"PREOCUPA LA MUERTE DE UNA ENFERMERA A CAUSA DE HABER CONTRAIDO LA GRIPE A (videos conferencia de prensa)"}]},{"@type":"WebSite","@id":"https:\/\/www.celttv.com.ar\/#website","url":"https:\/\/www.celttv.com.ar\/","name":"CELTTV","description":"Cooperativa El\u00e9ctrica de Tornquist","publisher":{"@id":"https:\/\/www.celttv.com.ar\/#organization"},"potentialAction":[{"@type":"SearchAction","target":{"@type":"EntryPoint","urlTemplate":"https:\/\/www.celttv.com.ar\/?s={search_term_string}"},"query-input":"required name=search_term_string"}],"inLanguage":"es"},{"@type":"Organization","@id":"https:\/\/www.celttv.com.ar\/#organization","name":"CELTTV","url":"https:\/\/www.celttv.com.ar\/","sameAs":["https:\/\/www.youtube.com\/channel\/UCz_oIt8Hig64Ub-EmcNPIhg","https:\/\/www.facebook.com\/celtTV\/"],"logo":{"@type":"ImageObject","inLanguage":"es","@id":"https:\/\/www.celttv.com.ar\/#\/schema\/logo\/image\/","url":"http:\/\/www.celttv.com.ar\/wp-content\/uploads\/2022\/08\/logo-1.png","contentUrl":"http:\/\/www.celttv.com.ar\/wp-content\/uploads\/2022\/08\/logo-1.png","width":461,"height":159,"caption":"CELTTV"},"image":{"@id":"https:\/\/www.celttv.com.ar\/#\/schema\/logo\/image\/"}},{"@type":"Person","@id":"https:\/\/www.celttv.com.ar\/#\/schema\/person\/6d99c072dba59953809c81446e9d0ace","name":"ulises","image":{"@type":"ImageObject","inLanguage":"es","@id":"https:\/\/www.celttv.com.ar\/#\/schema\/person\/image\/","url":"https:\/\/secure.gravatar.com\/avatar\/7f2c48bdc33b30088f941fb6082e555f2874c98e20cb159d7b92b50eadfce793?s=96&d=mm&r=g","contentUrl":"https:\/\/secure.gravatar.com\/avatar\/7f2c48bdc33b30088f941fb6082e555f2874c98e20cb159d7b92b50eadfce793?s=96&d=mm&r=g","caption":"ulises"},"sameAs":["http:\/\/www.celttv.com.ar"]}]}},"_links":{"self":[{"href":"https:\/\/www.celttv.com.ar\/index.php\/wp-json\/wp\/v2\/posts\/11824","targetHints":{"allow":["GET"]}}],"collection":[{"href":"https:\/\/www.celttv.com.ar\/index.php\/wp-json\/wp\/v2\/posts"}],"about":[{"href":"https:\/\/www.celttv.com.ar\/index.php\/wp-json\/wp\/v2\/types\/post"}],"author":[{"embeddable":true,"href":"https:\/\/www.celttv.com.ar\/index.php\/wp-json\/wp\/v2\/users\/1"}],"replies":[{"embeddable":true,"href":"https:\/\/www.celttv.com.ar\/index.php\/wp-json\/wp\/v2\/comments?post=11824"}],"version-history":[{"count":0,"href":"https:\/\/www.celttv.com.ar\/index.php\/wp-json\/wp\/v2\/posts\/11824\/revisions"}],"wp:attachment":[{"href":"https:\/\/www.celttv.com.ar\/index.php\/wp-json\/wp\/v2\/media?parent=11824"}],"wp:term":[{"taxonomy":"category","embeddable":true,"href":"https:\/\/www.celttv.com.ar\/index.php\/wp-json\/wp\/v2\/categories?post=11824"},{"taxonomy":"post_tag","embeddable":true,"href":"https:\/\/www.celttv.com.ar\/index.php\/wp-json\/wp\/v2\/tags?post=11824"}],"curies":[{"name":"wp","href":"https:\/\/api.w.org\/{rel}","templated":true}]}}