{"id":11827,"date":"2013-05-31T22:07:33","date_gmt":"2013-05-31T22:07:33","guid":{"rendered":"http:\/\/www.tvcnoticias.com.ar\/?p=11827"},"modified":"2013-05-31T22:07:33","modified_gmt":"2013-05-31T22:07:33","slug":"gripe-a-region-sanitaria-pide-que-las-personas-en-riesgo-se-vacunen","status":"publish","type":"post","link":"https:\/\/www.celttv.com.ar\/index.php\/2013\/05\/31\/gripe-a-region-sanitaria-pide-que-las-personas-en-riesgo-se-vacunen\/","title":{"rendered":"GRIPE A: REGION SANITARIA PIDE QUE LAS PERSONAS EN RIESGO SE VACUNEN"},"content":{"rendered":"<table border=\"0\" cellspacing=\"0\" cellpadding=\"0\" width=\"100%\">\n<tbody>\n<tr>\n<td>\n<div id=\"textbody\">\n<a rel=\"attachment wp-att-11828\" href=\"http:\/\/www.tvcnoticias.com.ar\/?attachment_id=11828\"><img loading=\"lazy\" decoding=\"async\" class=\"aligncenter size-full wp-image-11828\" title=\"GRIPE A PREVENCION\" src=\"http:\/\/www.tvcnoticias.com.ar\/wp-content\/uploads\/2013\/05\/GRIPE-A-PREVENCION.jpg\" alt=\"\" width=\"400\" height=\"546\" \/><\/a><br \/>\nEl director de Regi\u00f3n Sanitaria I dijo que es importante llevar tranquilidad a las personas y solicit\u00f3 que aquellos que se encuentran dentro de los sectores de riesgo se vacunen, para evitar la proliferaci\u00f3n de la Gripe A.<br \/>\nJorge Gabarini dijo en &#8220;Tarde pero seguro&#8221; el programa que se emite en\u00a0<strong>LA BR\u00daJULA 24 FM 93.1<\/strong>: &#8220;Queremos llevar tranquilidad, si bien este tipo de noticias afecta, estamos en la \u00e9poca donde comienza a circular la gripe estacional y la H1N1&#8243;. Esta \u00faltima afecta m\u00e1s a las\u00a0personas con antecedentes de enfermedades que puede predisponer a situaciones mas graves&#8221;.<br \/>\n&#8220;La recomendaci\u00f3n que hacemos es que las personas menores, embarazadas, mayores de 75 a\u00f1os y a los que tienen enfermedades preexistentes como el tabaquismo, diabetes, obesidad y otras, tienen que vacunarse&#8221;, dijo el funcionario.<br \/>\nRespecto del caso de la mujer oriunda de Tornquist que falleci\u00f3 en el Hospital Penna, dijo: &#8220;Esta se\u00f1ora tuvo un viaje anterior y podr\u00eda haberse contagiado fuera de esa localidad\u00a0pero es dif\u00edcil determinar quien la contagi\u00f3&#8221;.<br \/>\n&#8220;Ahora hay que tomar medidas con las personas que estuvieron en contacto con ella como los compa\u00f1eros de trabajo y la familia&#8221;, dijo Gabarini.<br \/>\nEn relaci\u00f3n a un posible contagio dentro\u00a0del Hospital Penna, el profesional aclar\u00f3 que el virus no queda en las paredes, ni en el aire y que solo\u00a0se contagia por contacto directo con\u00a0las personas que han estado con el paciente afectado.<br \/>\nAdem\u00e1s detall\u00f3 que hay que hacer hincapi\u00e9 en lograr que las personas que padecen otras enfermedades se vacunen contra la Gripe A, por lo que solicit\u00f3 prestar m\u00e1s atenci\u00f3n y tomar las medidas necesarias.<br \/>\n&#8220;El lavado de manos, el aislamiento de las personas que est\u00e1n pasando un cuadro gripal, no asistir a lugares donde hay p\u00fablico cuando se est\u00e1 enfermo y que las personas vulnerables tambi\u00e9n eviten estar en lugares con mucha gente son otras de las medidas para evitar el contagio&#8221;, asegur\u00f3 el referente de Regi\u00f3n Sanitaria.<br \/>\nFuente: La Brujula\n<\/div>\n<\/td>\n<\/tr>\n<\/tbody>\n<\/table>\n<p>&nbsp;<\/p>\n","protected":false},"excerpt":{"rendered":"<p>El director de Regi\u00f3n Sanitaria I dijo que es importante llevar tranquilidad a las personas y solicit\u00f3 que aquellos que se encuentran dentro de los sectores de riesgo se vacunen, para evitar la proliferaci\u00f3n de la Gripe A. Jorge Gabarini dijo en &#8220;Tarde pero seguro&#8221; el programa que se emite en\u00a0LA BR\u00daJULA 24 FM 93.1: [&hellip;]<\/p>\n","protected":false},"author":1,"featured_media":0,"comment_status":"closed","ping_status":"open","sticky":false,"template":"","format":"standard","meta":{"footnotes":""},"categories":[51,52],"tags":[],"class_list":["post-11827","post","type-post","status-publish","format-standard","hentry","category-comunidad","category-destacadas"],"yoast_head":"<!-- This site is optimized with the Yoast SEO plugin v19.7.1 - https:\/\/yoast.com\/wordpress\/plugins\/seo\/ -->\n<title>GRIPE A: REGION SANITARIA PIDE QUE LAS PERSONAS EN RIESGO SE VACUNEN - CELTTV<\/title>\n<meta name=\"description\" content=\"Sitio web de noticias de la localidad de Tornquist, provincia de Buenos Aires, Rep\u00fablica Argentina. Contenido propio originado por periodistas de CELTTV, el canal de TV local de la Cooperativa El\u00e9ctrica de Tornquist. Turismo, Pol\u00edtica, Sociedad, Deporte, Cultura y todo el contenido de inter\u00e9s general que la gente del pueblo y la regi\u00f3n debe conocer.\" \/>\n<meta name=\"robots\" content=\"index, follow, max-snippet:-1, max-image-preview:large, max-video-preview:-1\" \/>\n<link rel=\"canonical\" href=\"https:\/\/www.celttv.com.ar\/index.php\/2013\/05\/31\/gripe-a-region-sanitaria-pide-que-las-personas-en-riesgo-se-vacunen\/\" \/>\n<meta property=\"og:locale\" content=\"es_ES\" \/>\n<meta property=\"og:type\" content=\"article\" \/>\n<meta property=\"og:title\" content=\"GRIPE A: REGION SANITARIA PIDE QUE LAS PERSONAS EN RIESGO SE VACUNEN - CELTTV\" \/>\n<meta property=\"og:description\" content=\"Sitio web de noticias de la localidad de Tornquist, provincia de Buenos Aires, Rep\u00fablica Argentina. Contenido propio originado por periodistas de CELTTV, el canal de TV local de la Cooperativa El\u00e9ctrica de Tornquist. Turismo, Pol\u00edtica, Sociedad, Deporte, Cultura y todo el contenido de inter\u00e9s general que la gente del pueblo y la regi\u00f3n debe conocer.\" \/>\n<meta property=\"og:url\" content=\"https:\/\/www.celttv.com.ar\/index.php\/2013\/05\/31\/gripe-a-region-sanitaria-pide-que-las-personas-en-riesgo-se-vacunen\/\" \/>\n<meta property=\"og:site_name\" content=\"CELTTV\" \/>\n<meta property=\"article:publisher\" content=\"https:\/\/www.facebook.com\/celtTV\/\" \/>\n<meta property=\"article:published_time\" content=\"2013-05-31T22:07:33+00:00\" \/>\n<meta property=\"og:image\" content=\"http:\/\/www.tvcnoticias.com.ar\/wp-content\/uploads\/2013\/05\/GRIPE-A-PREVENCION.jpg\" \/>\n<meta name=\"author\" content=\"ulises\" \/>\n<meta name=\"twitter:card\" content=\"summary_large_image\" \/>\n<meta name=\"twitter:label1\" content=\"Escrito por\" \/>\n\t<meta name=\"twitter:data1\" content=\"ulises\" \/>\n\t<meta name=\"twitter:label2\" content=\"Tiempo de lectura\" \/>\n\t<meta name=\"twitter:data2\" content=\"2 minutos\" \/>\n<script type=\"application\/ld+json\" class=\"yoast-schema-graph\">{\"@context\":\"https:\/\/schema.org\",\"@graph\":[{\"@type\":\"NewsArticle\",\"@id\":\"https:\/\/www.celttv.com.ar\/index.php\/2013\/05\/31\/gripe-a-region-sanitaria-pide-que-las-personas-en-riesgo-se-vacunen\/#article\",\"isPartOf\":{\"@id\":\"https:\/\/www.celttv.com.ar\/index.php\/2013\/05\/31\/gripe-a-region-sanitaria-pide-que-las-personas-en-riesgo-se-vacunen\/\"},\"author\":{\"name\":\"ulises\",\"@id\":\"https:\/\/www.celttv.com.ar\/#\/schema\/person\/6d99c072dba59953809c81446e9d0ace\"},\"headline\":\"GRIPE A: REGION SANITARIA PIDE QUE LAS PERSONAS EN RIESGO SE VACUNEN\",\"datePublished\":\"2013-05-31T22:07:33+00:00\",\"dateModified\":\"2013-05-31T22:07:33+00:00\",\"mainEntityOfPage\":{\"@id\":\"https:\/\/www.celttv.com.ar\/index.php\/2013\/05\/31\/gripe-a-region-sanitaria-pide-que-las-personas-en-riesgo-se-vacunen\/\"},\"wordCount\":356,\"publisher\":{\"@id\":\"https:\/\/www.celttv.com.ar\/#organization\"},\"articleSection\":[\"Comunidad\",\"Destacadas\"],\"inLanguage\":\"es\"},{\"@type\":\"WebPage\",\"@id\":\"https:\/\/www.celttv.com.ar\/index.php\/2013\/05\/31\/gripe-a-region-sanitaria-pide-que-las-personas-en-riesgo-se-vacunen\/\",\"url\":\"https:\/\/www.celttv.com.ar\/index.php\/2013\/05\/31\/gripe-a-region-sanitaria-pide-que-las-personas-en-riesgo-se-vacunen\/\",\"name\":\"GRIPE A: REGION SANITARIA PIDE QUE LAS PERSONAS EN RIESGO SE VACUNEN - CELTTV\",\"isPartOf\":{\"@id\":\"https:\/\/www.celttv.com.ar\/#website\"},\"datePublished\":\"2013-05-31T22:07:33+00:00\",\"dateModified\":\"2013-05-31T22:07:33+00:00\",\"description\":\"Sitio web de noticias de la localidad de Tornquist, provincia de Buenos Aires, Rep\u00fablica Argentina. Contenido propio originado por periodistas de CELTTV, el canal de TV local de la Cooperativa El\u00e9ctrica de Tornquist. Turismo, Pol\u00edtica, Sociedad, Deporte, Cultura y todo el contenido de inter\u00e9s general que la gente del pueblo y la regi\u00f3n debe conocer.\",\"breadcrumb\":{\"@id\":\"https:\/\/www.celttv.com.ar\/index.php\/2013\/05\/31\/gripe-a-region-sanitaria-pide-que-las-personas-en-riesgo-se-vacunen\/#breadcrumb\"},\"inLanguage\":\"es\",\"potentialAction\":[{\"@type\":\"ReadAction\",\"target\":[\"https:\/\/www.celttv.com.ar\/index.php\/2013\/05\/31\/gripe-a-region-sanitaria-pide-que-las-personas-en-riesgo-se-vacunen\/\"]}]},{\"@type\":\"BreadcrumbList\",\"@id\":\"https:\/\/www.celttv.com.ar\/index.php\/2013\/05\/31\/gripe-a-region-sanitaria-pide-que-las-personas-en-riesgo-se-vacunen\/#breadcrumb\",\"itemListElement\":[{\"@type\":\"ListItem\",\"position\":1,\"name\":\"Inicio\",\"item\":\"https:\/\/www.celttv.com.ar\/\"},{\"@type\":\"ListItem\",\"position\":2,\"name\":\"GRIPE A: REGION SANITARIA PIDE QUE LAS PERSONAS EN RIESGO SE VACUNEN\"}]},{\"@type\":\"WebSite\",\"@id\":\"https:\/\/www.celttv.com.ar\/#website\",\"url\":\"https:\/\/www.celttv.com.ar\/\",\"name\":\"CELTTV\",\"description\":\"Cooperativa El\u00e9ctrica de Tornquist\",\"publisher\":{\"@id\":\"https:\/\/www.celttv.com.ar\/#organization\"},\"potentialAction\":[{\"@type\":\"SearchAction\",\"target\":{\"@type\":\"EntryPoint\",\"urlTemplate\":\"https:\/\/www.celttv.com.ar\/?s={search_term_string}\"},\"query-input\":\"required name=search_term_string\"}],\"inLanguage\":\"es\"},{\"@type\":\"Organization\",\"@id\":\"https:\/\/www.celttv.com.ar\/#organization\",\"name\":\"CELTTV\",\"url\":\"https:\/\/www.celttv.com.ar\/\",\"sameAs\":[\"https:\/\/www.youtube.com\/channel\/UCz_oIt8Hig64Ub-EmcNPIhg\",\"https:\/\/www.facebook.com\/celtTV\/\"],\"logo\":{\"@type\":\"ImageObject\",\"inLanguage\":\"es\",\"@id\":\"https:\/\/www.celttv.com.ar\/#\/schema\/logo\/image\/\",\"url\":\"http:\/\/www.celttv.com.ar\/wp-content\/uploads\/2022\/08\/logo-1.png\",\"contentUrl\":\"http:\/\/www.celttv.com.ar\/wp-content\/uploads\/2022\/08\/logo-1.png\",\"width\":461,\"height\":159,\"caption\":\"CELTTV\"},\"image\":{\"@id\":\"https:\/\/www.celttv.com.ar\/#\/schema\/logo\/image\/\"}},{\"@type\":\"Person\",\"@id\":\"https:\/\/www.celttv.com.ar\/#\/schema\/person\/6d99c072dba59953809c81446e9d0ace\",\"name\":\"ulises\",\"image\":{\"@type\":\"ImageObject\",\"inLanguage\":\"es\",\"@id\":\"https:\/\/www.celttv.com.ar\/#\/schema\/person\/image\/\",\"url\":\"https:\/\/secure.gravatar.com\/avatar\/7f2c48bdc33b30088f941fb6082e555f2874c98e20cb159d7b92b50eadfce793?s=96&d=mm&r=g\",\"contentUrl\":\"https:\/\/secure.gravatar.com\/avatar\/7f2c48bdc33b30088f941fb6082e555f2874c98e20cb159d7b92b50eadfce793?s=96&d=mm&r=g\",\"caption\":\"ulises\"},\"sameAs\":[\"http:\/\/www.celttv.com.ar\"]}]}<\/script>\n<!-- \/ Yoast SEO plugin. -->","yoast_head_json":{"title":"GRIPE A: REGION SANITARIA PIDE QUE LAS PERSONAS EN RIESGO SE VACUNEN - CELTTV","description":"Sitio web de noticias de la localidad de Tornquist, provincia de Buenos Aires, Rep\u00fablica Argentina. Contenido propio originado por periodistas de CELTTV, el canal de TV local de la Cooperativa El\u00e9ctrica de Tornquist. Turismo, Pol\u00edtica, Sociedad, Deporte, Cultura y todo el contenido de inter\u00e9s general que la gente del pueblo y la regi\u00f3n debe conocer.","robots":{"index":"index","follow":"follow","max-snippet":"max-snippet:-1","max-image-preview":"max-image-preview:large","max-video-preview":"max-video-preview:-1"},"canonical":"https:\/\/www.celttv.com.ar\/index.php\/2013\/05\/31\/gripe-a-region-sanitaria-pide-que-las-personas-en-riesgo-se-vacunen\/","og_locale":"es_ES","og_type":"article","og_title":"GRIPE A: REGION SANITARIA PIDE QUE LAS PERSONAS EN RIESGO SE VACUNEN - CELTTV","og_description":"Sitio web de noticias de la localidad de Tornquist, provincia de Buenos Aires, Rep\u00fablica Argentina. Contenido propio originado por periodistas de CELTTV, el canal de TV local de la Cooperativa El\u00e9ctrica de Tornquist. Turismo, Pol\u00edtica, Sociedad, Deporte, Cultura y todo el contenido de inter\u00e9s general que la gente del pueblo y la regi\u00f3n debe conocer.","og_url":"https:\/\/www.celttv.com.ar\/index.php\/2013\/05\/31\/gripe-a-region-sanitaria-pide-que-las-personas-en-riesgo-se-vacunen\/","og_site_name":"CELTTV","article_publisher":"https:\/\/www.facebook.com\/celtTV\/","article_published_time":"2013-05-31T22:07:33+00:00","og_image":[{"url":"http:\/\/www.tvcnoticias.com.ar\/wp-content\/uploads\/2013\/05\/GRIPE-A-PREVENCION.jpg"}],"author":"ulises","twitter_card":"summary_large_image","twitter_misc":{"Escrito por":"ulises","Tiempo de lectura":"2 minutos"},"schema":{"@context":"https:\/\/schema.org","@graph":[{"@type":"NewsArticle","@id":"https:\/\/www.celttv.com.ar\/index.php\/2013\/05\/31\/gripe-a-region-sanitaria-pide-que-las-personas-en-riesgo-se-vacunen\/#article","isPartOf":{"@id":"https:\/\/www.celttv.com.ar\/index.php\/2013\/05\/31\/gripe-a-region-sanitaria-pide-que-las-personas-en-riesgo-se-vacunen\/"},"author":{"name":"ulises","@id":"https:\/\/www.celttv.com.ar\/#\/schema\/person\/6d99c072dba59953809c81446e9d0ace"},"headline":"GRIPE A: REGION SANITARIA PIDE QUE LAS PERSONAS EN RIESGO SE VACUNEN","datePublished":"2013-05-31T22:07:33+00:00","dateModified":"2013-05-31T22:07:33+00:00","mainEntityOfPage":{"@id":"https:\/\/www.celttv.com.ar\/index.php\/2013\/05\/31\/gripe-a-region-sanitaria-pide-que-las-personas-en-riesgo-se-vacunen\/"},"wordCount":356,"publisher":{"@id":"https:\/\/www.celttv.com.ar\/#organization"},"articleSection":["Comunidad","Destacadas"],"inLanguage":"es"},{"@type":"WebPage","@id":"https:\/\/www.celttv.com.ar\/index.php\/2013\/05\/31\/gripe-a-region-sanitaria-pide-que-las-personas-en-riesgo-se-vacunen\/","url":"https:\/\/www.celttv.com.ar\/index.php\/2013\/05\/31\/gripe-a-region-sanitaria-pide-que-las-personas-en-riesgo-se-vacunen\/","name":"GRIPE A: REGION SANITARIA PIDE QUE LAS PERSONAS EN RIESGO SE VACUNEN - CELTTV","isPartOf":{"@id":"https:\/\/www.celttv.com.ar\/#website"},"datePublished":"2013-05-31T22:07:33+00:00","dateModified":"2013-05-31T22:07:33+00:00","description":"Sitio web de noticias de la localidad de Tornquist, provincia de Buenos Aires, Rep\u00fablica Argentina. Contenido propio originado por periodistas de CELTTV, el canal de TV local de la Cooperativa El\u00e9ctrica de Tornquist. Turismo, Pol\u00edtica, Sociedad, Deporte, Cultura y todo el contenido de inter\u00e9s general que la gente del pueblo y la regi\u00f3n debe conocer.","breadcrumb":{"@id":"https:\/\/www.celttv.com.ar\/index.php\/2013\/05\/31\/gripe-a-region-sanitaria-pide-que-las-personas-en-riesgo-se-vacunen\/#breadcrumb"},"inLanguage":"es","potentialAction":[{"@type":"ReadAction","target":["https:\/\/www.celttv.com.ar\/index.php\/2013\/05\/31\/gripe-a-region-sanitaria-pide-que-las-personas-en-riesgo-se-vacunen\/"]}]},{"@type":"BreadcrumbList","@id":"https:\/\/www.celttv.com.ar\/index.php\/2013\/05\/31\/gripe-a-region-sanitaria-pide-que-las-personas-en-riesgo-se-vacunen\/#breadcrumb","itemListElement":[{"@type":"ListItem","position":1,"name":"Inicio","item":"https:\/\/www.celttv.com.ar\/"},{"@type":"ListItem","position":2,"name":"GRIPE A: REGION SANITARIA PIDE QUE LAS PERSONAS EN RIESGO SE VACUNEN"}]},{"@type":"WebSite","@id":"https:\/\/www.celttv.com.ar\/#website","url":"https:\/\/www.celttv.com.ar\/","name":"CELTTV","description":"Cooperativa El\u00e9ctrica de Tornquist","publisher":{"@id":"https:\/\/www.celttv.com.ar\/#organization"},"potentialAction":[{"@type":"SearchAction","target":{"@type":"EntryPoint","urlTemplate":"https:\/\/www.celttv.com.ar\/?s={search_term_string}"},"query-input":"required name=search_term_string"}],"inLanguage":"es"},{"@type":"Organization","@id":"https:\/\/www.celttv.com.ar\/#organization","name":"CELTTV","url":"https:\/\/www.celttv.com.ar\/","sameAs":["https:\/\/www.youtube.com\/channel\/UCz_oIt8Hig64Ub-EmcNPIhg","https:\/\/www.facebook.com\/celtTV\/"],"logo":{"@type":"ImageObject","inLanguage":"es","@id":"https:\/\/www.celttv.com.ar\/#\/schema\/logo\/image\/","url":"http:\/\/www.celttv.com.ar\/wp-content\/uploads\/2022\/08\/logo-1.png","contentUrl":"http:\/\/www.celttv.com.ar\/wp-content\/uploads\/2022\/08\/logo-1.png","width":461,"height":159,"caption":"CELTTV"},"image":{"@id":"https:\/\/www.celttv.com.ar\/#\/schema\/logo\/image\/"}},{"@type":"Person","@id":"https:\/\/www.celttv.com.ar\/#\/schema\/person\/6d99c072dba59953809c81446e9d0ace","name":"ulises","image":{"@type":"ImageObject","inLanguage":"es","@id":"https:\/\/www.celttv.com.ar\/#\/schema\/person\/image\/","url":"https:\/\/secure.gravatar.com\/avatar\/7f2c48bdc33b30088f941fb6082e555f2874c98e20cb159d7b92b50eadfce793?s=96&d=mm&r=g","contentUrl":"https:\/\/secure.gravatar.com\/avatar\/7f2c48bdc33b30088f941fb6082e555f2874c98e20cb159d7b92b50eadfce793?s=96&d=mm&r=g","caption":"ulises"},"sameAs":["http:\/\/www.celttv.com.ar"]}]}},"_links":{"self":[{"href":"https:\/\/www.celttv.com.ar\/index.php\/wp-json\/wp\/v2\/posts\/11827","targetHints":{"allow":["GET"]}}],"collection":[{"href":"https:\/\/www.celttv.com.ar\/index.php\/wp-json\/wp\/v2\/posts"}],"about":[{"href":"https:\/\/www.celttv.com.ar\/index.php\/wp-json\/wp\/v2\/types\/post"}],"author":[{"embeddable":true,"href":"https:\/\/www.celttv.com.ar\/index.php\/wp-json\/wp\/v2\/users\/1"}],"replies":[{"embeddable":true,"href":"https:\/\/www.celttv.com.ar\/index.php\/wp-json\/wp\/v2\/comments?post=11827"}],"version-history":[{"count":0,"href":"https:\/\/www.celttv.com.ar\/index.php\/wp-json\/wp\/v2\/posts\/11827\/revisions"}],"wp:attachment":[{"href":"https:\/\/www.celttv.com.ar\/index.php\/wp-json\/wp\/v2\/media?parent=11827"}],"wp:term":[{"taxonomy":"category","embeddable":true,"href":"https:\/\/www.celttv.com.ar\/index.php\/wp-json\/wp\/v2\/categories?post=11827"},{"taxonomy":"post_tag","embeddable":true,"href":"https:\/\/www.celttv.com.ar\/index.php\/wp-json\/wp\/v2\/tags?post=11827"}],"curies":[{"name":"wp","href":"https:\/\/api.w.org\/{rel}","templated":true}]}}