{"id":11840,"date":"2013-06-03T20:01:05","date_gmt":"2013-06-03T20:01:05","guid":{"rendered":"http:\/\/www.tvcnoticias.com.ar\/?p=11840"},"modified":"2013-06-03T20:01:05","modified_gmt":"2013-06-03T20:01:05","slug":"una-mujer-de-coronel-suarez-perdio-la-vida-en-la-ruta-33","status":"publish","type":"post","link":"https:\/\/www.celttv.com.ar\/index.php\/2013\/06\/03\/una-mujer-de-coronel-suarez-perdio-la-vida-en-la-ruta-33\/","title":{"rendered":"UNA MUJER DE CORONEL SUAREZ PERDIO LA VIDA EN LA RUTA 33"},"content":{"rendered":"<p><a href=\"http:\/\/www.youtube.com\/watch?v=igWubUFx9zo\"><a href=\"http:\/\/www.youtube.com\/watch?v=igWubUFx9zo\">httpv:\/\/www.youtube.com\/watch?v=igWubUFx9zo<\/a><\/a><br \/>\n<a rel=\"attachment wp-att-11841\" href=\"http:\/\/www.tvcnoticias.com.ar\/?attachment_id=11841\"><img loading=\"lazy\" decoding=\"async\" class=\"aligncenter size-full wp-image-11841\" title=\"ACCIDENTE 1 (Small)\" src=\"http:\/\/www.tvcnoticias.com.ar\/wp-content\/uploads\/2013\/06\/ACCIDENTE-1-Small.jpg\" alt=\"\" width=\"640\" height=\"334\" \/><\/a><br \/>\nUna mujer domiciliada en la ciudad de Coronel Suarez perdi\u00f3 la vida en la noche del domingo como saldo del violento choque protagonizado por un coche y un cami\u00f3n.Ocurri\u00f3 luego de la hora 21 a la altura del km. 99, a pocos kil\u00f3metros del acceso a la localidad de Saavedra.\u00a0Un cami\u00f3n Scania dominio APJ 987 oriundo de La Pampa, que transportaba soja \u00a0y se dirig\u00eda hacia Bah\u00eda Blanca impact\u00f3 frontalmente contra un Ford Ka color violeta oscuro dominio CJN 649, que transitaba en sentido contrario.\u00a0En el rodado menor viajaban tres mujeres de Coronel Su\u00e1rez: la v\u00edctima del accidente, identificada como Teresa Gonz\u00e1lez(50). su hija Daniela Verbechia (17) y la madre de Gonzalez, Hilda Cauteruccio (78) y por otro lado el chofer del cami\u00f3n scania Martin Lucero (38). Estas personas fueron trasladadas con politraumatismos varios al Hospital Municipal de Pig\u00fc\u00e9.\u00a0El violento impacto hizo que el cami\u00f3n volcara, y terminara varios metros en el sector de banquina, en la mano contraria a la que circulaba.\u00a0En el lugar del accidente trabajaron Bomberos Voluntarios de Saavedra, conjuntamente con personal del puesto de Seguridad Vial de Tornquist y polic\u00edas de la Subcomisar\u00eda de Saavedra. Los Bomberos ayudaron a rescatar a las personas heridas y tambi\u00e9n procedieron a retirar el cuerpo de la mujer, tras los peritajes realizados por la Polic\u00eda Cient\u00edfica de Coronel Su\u00e1rez. Se desconocen las causas del accidente, el cual ocurri\u00f3 en un tramo recto. La 33 permaneci\u00f3 cortada durante varios minutos y recien despu\u00e9s de haber sido retiradas las personas heridas se comenz\u00f3 a habilitar la circulaci\u00f3n de una sola mano de la cinta asf\u00e1ltica, ya que el Ford Ka qued\u00f3 sobre la ruta.\u00a0Judicialmente tom\u00f3 intervenci\u00f3n la Ayudant\u00eda Fiscal del Distrito de Saavedra a cargo del Dr. Adri\u00e1n Montero.<\/p>\n","protected":false},"excerpt":{"rendered":"<p>httpv:\/\/www.youtube.com\/watch?v=igWubUFx9zo Una mujer domiciliada en la ciudad de Coronel Suarez perdi\u00f3 la vida en la noche del domingo como saldo del violento choque protagonizado por un coche y un cami\u00f3n.Ocurri\u00f3 luego de la hora 21 a la altura del km. 99, a pocos kil\u00f3metros del acceso a la localidad de Saavedra.\u00a0Un cami\u00f3n Scania dominio APJ [&hellip;]<\/p>\n","protected":false},"author":1,"featured_media":0,"comment_status":"closed","ping_status":"open","sticky":false,"template":"","format":"standard","meta":{"footnotes":""},"categories":[52,61,64],"tags":[],"class_list":["post-11840","post","type-post","status-publish","format-standard","hentry","category-destacadas","category-policiales","category-videos-destacados"],"yoast_head":"<!-- This site is optimized with the Yoast SEO plugin v19.7.1 - https:\/\/yoast.com\/wordpress\/plugins\/seo\/ -->\n<title>UNA MUJER DE CORONEL SUAREZ PERDIO LA VIDA EN LA RUTA 33 - CELTTV<\/title>\n<meta name=\"description\" content=\"Sitio web de noticias de la localidad de Tornquist, provincia de Buenos Aires, Rep\u00fablica Argentina. Contenido propio originado por periodistas de CELTTV, el canal de TV local de la Cooperativa El\u00e9ctrica de Tornquist. Turismo, Pol\u00edtica, Sociedad, Deporte, Cultura y todo el contenido de inter\u00e9s general que la gente del pueblo y la regi\u00f3n debe conocer.\" \/>\n<meta name=\"robots\" content=\"index, follow, max-snippet:-1, max-image-preview:large, max-video-preview:-1\" \/>\n<link rel=\"canonical\" href=\"https:\/\/www.celttv.com.ar\/index.php\/2013\/06\/03\/una-mujer-de-coronel-suarez-perdio-la-vida-en-la-ruta-33\/\" \/>\n<meta property=\"og:locale\" content=\"es_ES\" \/>\n<meta property=\"og:type\" content=\"article\" \/>\n<meta property=\"og:title\" content=\"UNA MUJER DE CORONEL SUAREZ PERDIO LA VIDA EN LA RUTA 33 - CELTTV\" \/>\n<meta property=\"og:description\" content=\"Sitio web de noticias de la localidad de Tornquist, provincia de Buenos Aires, Rep\u00fablica Argentina. Contenido propio originado por periodistas de CELTTV, el canal de TV local de la Cooperativa El\u00e9ctrica de Tornquist. Turismo, Pol\u00edtica, Sociedad, Deporte, Cultura y todo el contenido de inter\u00e9s general que la gente del pueblo y la regi\u00f3n debe conocer.\" \/>\n<meta property=\"og:url\" content=\"https:\/\/www.celttv.com.ar\/index.php\/2013\/06\/03\/una-mujer-de-coronel-suarez-perdio-la-vida-en-la-ruta-33\/\" \/>\n<meta property=\"og:site_name\" content=\"CELTTV\" \/>\n<meta property=\"article:publisher\" content=\"https:\/\/www.facebook.com\/celtTV\/\" \/>\n<meta property=\"article:published_time\" content=\"2013-06-03T20:01:05+00:00\" \/>\n<meta property=\"og:image\" content=\"http:\/\/www.tvcnoticias.com.ar\/wp-content\/uploads\/2013\/06\/ACCIDENTE-1-Small.jpg\" \/>\n<meta name=\"author\" content=\"ulises\" \/>\n<meta name=\"twitter:card\" content=\"summary_large_image\" \/>\n<meta name=\"twitter:label1\" content=\"Escrito por\" \/>\n\t<meta name=\"twitter:data1\" content=\"ulises\" \/>\n\t<meta name=\"twitter:label2\" content=\"Tiempo de lectura\" \/>\n\t<meta name=\"twitter:data2\" content=\"2 minutos\" \/>\n<script type=\"application\/ld+json\" class=\"yoast-schema-graph\">{\"@context\":\"https:\/\/schema.org\",\"@graph\":[{\"@type\":\"NewsArticle\",\"@id\":\"https:\/\/www.celttv.com.ar\/index.php\/2013\/06\/03\/una-mujer-de-coronel-suarez-perdio-la-vida-en-la-ruta-33\/#article\",\"isPartOf\":{\"@id\":\"https:\/\/www.celttv.com.ar\/index.php\/2013\/06\/03\/una-mujer-de-coronel-suarez-perdio-la-vida-en-la-ruta-33\/\"},\"author\":{\"name\":\"ulises\",\"@id\":\"https:\/\/www.celttv.com.ar\/#\/schema\/person\/6d99c072dba59953809c81446e9d0ace\"},\"headline\":\"UNA MUJER DE CORONEL SUAREZ PERDIO LA VIDA EN LA RUTA 33\",\"datePublished\":\"2013-06-03T20:01:05+00:00\",\"dateModified\":\"2013-06-03T20:01:05+00:00\",\"mainEntityOfPage\":{\"@id\":\"https:\/\/www.celttv.com.ar\/index.php\/2013\/06\/03\/una-mujer-de-coronel-suarez-perdio-la-vida-en-la-ruta-33\/\"},\"wordCount\":326,\"publisher\":{\"@id\":\"https:\/\/www.celttv.com.ar\/#organization\"},\"articleSection\":[\"Destacadas\",\"Policiales\",\"Videos Destacados\"],\"inLanguage\":\"es\"},{\"@type\":\"WebPage\",\"@id\":\"https:\/\/www.celttv.com.ar\/index.php\/2013\/06\/03\/una-mujer-de-coronel-suarez-perdio-la-vida-en-la-ruta-33\/\",\"url\":\"https:\/\/www.celttv.com.ar\/index.php\/2013\/06\/03\/una-mujer-de-coronel-suarez-perdio-la-vida-en-la-ruta-33\/\",\"name\":\"UNA MUJER DE CORONEL SUAREZ PERDIO LA VIDA EN LA RUTA 33 - CELTTV\",\"isPartOf\":{\"@id\":\"https:\/\/www.celttv.com.ar\/#website\"},\"datePublished\":\"2013-06-03T20:01:05+00:00\",\"dateModified\":\"2013-06-03T20:01:05+00:00\",\"description\":\"Sitio web de noticias de la localidad de Tornquist, provincia de Buenos Aires, Rep\u00fablica Argentina. Contenido propio originado por periodistas de CELTTV, el canal de TV local de la Cooperativa El\u00e9ctrica de Tornquist. Turismo, Pol\u00edtica, Sociedad, Deporte, Cultura y todo el contenido de inter\u00e9s general que la gente del pueblo y la regi\u00f3n debe conocer.\",\"breadcrumb\":{\"@id\":\"https:\/\/www.celttv.com.ar\/index.php\/2013\/06\/03\/una-mujer-de-coronel-suarez-perdio-la-vida-en-la-ruta-33\/#breadcrumb\"},\"inLanguage\":\"es\",\"potentialAction\":[{\"@type\":\"ReadAction\",\"target\":[\"https:\/\/www.celttv.com.ar\/index.php\/2013\/06\/03\/una-mujer-de-coronel-suarez-perdio-la-vida-en-la-ruta-33\/\"]}]},{\"@type\":\"BreadcrumbList\",\"@id\":\"https:\/\/www.celttv.com.ar\/index.php\/2013\/06\/03\/una-mujer-de-coronel-suarez-perdio-la-vida-en-la-ruta-33\/#breadcrumb\",\"itemListElement\":[{\"@type\":\"ListItem\",\"position\":1,\"name\":\"Inicio\",\"item\":\"https:\/\/www.celttv.com.ar\/\"},{\"@type\":\"ListItem\",\"position\":2,\"name\":\"UNA MUJER DE CORONEL SUAREZ PERDIO LA VIDA EN LA RUTA 33\"}]},{\"@type\":\"WebSite\",\"@id\":\"https:\/\/www.celttv.com.ar\/#website\",\"url\":\"https:\/\/www.celttv.com.ar\/\",\"name\":\"CELTTV\",\"description\":\"Cooperativa El\u00e9ctrica de Tornquist\",\"publisher\":{\"@id\":\"https:\/\/www.celttv.com.ar\/#organization\"},\"potentialAction\":[{\"@type\":\"SearchAction\",\"target\":{\"@type\":\"EntryPoint\",\"urlTemplate\":\"https:\/\/www.celttv.com.ar\/?s={search_term_string}\"},\"query-input\":\"required name=search_term_string\"}],\"inLanguage\":\"es\"},{\"@type\":\"Organization\",\"@id\":\"https:\/\/www.celttv.com.ar\/#organization\",\"name\":\"CELTTV\",\"url\":\"https:\/\/www.celttv.com.ar\/\",\"sameAs\":[\"https:\/\/www.youtube.com\/channel\/UCz_oIt8Hig64Ub-EmcNPIhg\",\"https:\/\/www.facebook.com\/celtTV\/\"],\"logo\":{\"@type\":\"ImageObject\",\"inLanguage\":\"es\",\"@id\":\"https:\/\/www.celttv.com.ar\/#\/schema\/logo\/image\/\",\"url\":\"http:\/\/www.celttv.com.ar\/wp-content\/uploads\/2022\/08\/logo-1.png\",\"contentUrl\":\"http:\/\/www.celttv.com.ar\/wp-content\/uploads\/2022\/08\/logo-1.png\",\"width\":461,\"height\":159,\"caption\":\"CELTTV\"},\"image\":{\"@id\":\"https:\/\/www.celttv.com.ar\/#\/schema\/logo\/image\/\"}},{\"@type\":\"Person\",\"@id\":\"https:\/\/www.celttv.com.ar\/#\/schema\/person\/6d99c072dba59953809c81446e9d0ace\",\"name\":\"ulises\",\"image\":{\"@type\":\"ImageObject\",\"inLanguage\":\"es\",\"@id\":\"https:\/\/www.celttv.com.ar\/#\/schema\/person\/image\/\",\"url\":\"https:\/\/secure.gravatar.com\/avatar\/7f2c48bdc33b30088f941fb6082e555f2874c98e20cb159d7b92b50eadfce793?s=96&d=mm&r=g\",\"contentUrl\":\"https:\/\/secure.gravatar.com\/avatar\/7f2c48bdc33b30088f941fb6082e555f2874c98e20cb159d7b92b50eadfce793?s=96&d=mm&r=g\",\"caption\":\"ulises\"},\"sameAs\":[\"http:\/\/www.celttv.com.ar\"]}]}<\/script>\n<!-- \/ Yoast SEO plugin. -->","yoast_head_json":{"title":"UNA MUJER DE CORONEL SUAREZ PERDIO LA VIDA EN LA RUTA 33 - CELTTV","description":"Sitio web de noticias de la localidad de Tornquist, provincia de Buenos Aires, Rep\u00fablica Argentina. Contenido propio originado por periodistas de CELTTV, el canal de TV local de la Cooperativa El\u00e9ctrica de Tornquist. Turismo, Pol\u00edtica, Sociedad, Deporte, Cultura y todo el contenido de inter\u00e9s general que la gente del pueblo y la regi\u00f3n debe conocer.","robots":{"index":"index","follow":"follow","max-snippet":"max-snippet:-1","max-image-preview":"max-image-preview:large","max-video-preview":"max-video-preview:-1"},"canonical":"https:\/\/www.celttv.com.ar\/index.php\/2013\/06\/03\/una-mujer-de-coronel-suarez-perdio-la-vida-en-la-ruta-33\/","og_locale":"es_ES","og_type":"article","og_title":"UNA MUJER DE CORONEL SUAREZ PERDIO LA VIDA EN LA RUTA 33 - CELTTV","og_description":"Sitio web de noticias de la localidad de Tornquist, provincia de Buenos Aires, Rep\u00fablica Argentina. Contenido propio originado por periodistas de CELTTV, el canal de TV local de la Cooperativa El\u00e9ctrica de Tornquist. Turismo, Pol\u00edtica, Sociedad, Deporte, Cultura y todo el contenido de inter\u00e9s general que la gente del pueblo y la regi\u00f3n debe conocer.","og_url":"https:\/\/www.celttv.com.ar\/index.php\/2013\/06\/03\/una-mujer-de-coronel-suarez-perdio-la-vida-en-la-ruta-33\/","og_site_name":"CELTTV","article_publisher":"https:\/\/www.facebook.com\/celtTV\/","article_published_time":"2013-06-03T20:01:05+00:00","og_image":[{"url":"http:\/\/www.tvcnoticias.com.ar\/wp-content\/uploads\/2013\/06\/ACCIDENTE-1-Small.jpg"}],"author":"ulises","twitter_card":"summary_large_image","twitter_misc":{"Escrito por":"ulises","Tiempo de lectura":"2 minutos"},"schema":{"@context":"https:\/\/schema.org","@graph":[{"@type":"NewsArticle","@id":"https:\/\/www.celttv.com.ar\/index.php\/2013\/06\/03\/una-mujer-de-coronel-suarez-perdio-la-vida-en-la-ruta-33\/#article","isPartOf":{"@id":"https:\/\/www.celttv.com.ar\/index.php\/2013\/06\/03\/una-mujer-de-coronel-suarez-perdio-la-vida-en-la-ruta-33\/"},"author":{"name":"ulises","@id":"https:\/\/www.celttv.com.ar\/#\/schema\/person\/6d99c072dba59953809c81446e9d0ace"},"headline":"UNA MUJER DE CORONEL SUAREZ PERDIO LA VIDA EN LA RUTA 33","datePublished":"2013-06-03T20:01:05+00:00","dateModified":"2013-06-03T20:01:05+00:00","mainEntityOfPage":{"@id":"https:\/\/www.celttv.com.ar\/index.php\/2013\/06\/03\/una-mujer-de-coronel-suarez-perdio-la-vida-en-la-ruta-33\/"},"wordCount":326,"publisher":{"@id":"https:\/\/www.celttv.com.ar\/#organization"},"articleSection":["Destacadas","Policiales","Videos Destacados"],"inLanguage":"es"},{"@type":"WebPage","@id":"https:\/\/www.celttv.com.ar\/index.php\/2013\/06\/03\/una-mujer-de-coronel-suarez-perdio-la-vida-en-la-ruta-33\/","url":"https:\/\/www.celttv.com.ar\/index.php\/2013\/06\/03\/una-mujer-de-coronel-suarez-perdio-la-vida-en-la-ruta-33\/","name":"UNA MUJER DE CORONEL SUAREZ PERDIO LA VIDA EN LA RUTA 33 - CELTTV","isPartOf":{"@id":"https:\/\/www.celttv.com.ar\/#website"},"datePublished":"2013-06-03T20:01:05+00:00","dateModified":"2013-06-03T20:01:05+00:00","description":"Sitio web de noticias de la localidad de Tornquist, provincia de Buenos Aires, Rep\u00fablica Argentina. Contenido propio originado por periodistas de CELTTV, el canal de TV local de la Cooperativa El\u00e9ctrica de Tornquist. Turismo, Pol\u00edtica, Sociedad, Deporte, Cultura y todo el contenido de inter\u00e9s general que la gente del pueblo y la regi\u00f3n debe conocer.","breadcrumb":{"@id":"https:\/\/www.celttv.com.ar\/index.php\/2013\/06\/03\/una-mujer-de-coronel-suarez-perdio-la-vida-en-la-ruta-33\/#breadcrumb"},"inLanguage":"es","potentialAction":[{"@type":"ReadAction","target":["https:\/\/www.celttv.com.ar\/index.php\/2013\/06\/03\/una-mujer-de-coronel-suarez-perdio-la-vida-en-la-ruta-33\/"]}]},{"@type":"BreadcrumbList","@id":"https:\/\/www.celttv.com.ar\/index.php\/2013\/06\/03\/una-mujer-de-coronel-suarez-perdio-la-vida-en-la-ruta-33\/#breadcrumb","itemListElement":[{"@type":"ListItem","position":1,"name":"Inicio","item":"https:\/\/www.celttv.com.ar\/"},{"@type":"ListItem","position":2,"name":"UNA MUJER DE CORONEL SUAREZ PERDIO LA VIDA EN LA RUTA 33"}]},{"@type":"WebSite","@id":"https:\/\/www.celttv.com.ar\/#website","url":"https:\/\/www.celttv.com.ar\/","name":"CELTTV","description":"Cooperativa El\u00e9ctrica de Tornquist","publisher":{"@id":"https:\/\/www.celttv.com.ar\/#organization"},"potentialAction":[{"@type":"SearchAction","target":{"@type":"EntryPoint","urlTemplate":"https:\/\/www.celttv.com.ar\/?s={search_term_string}"},"query-input":"required name=search_term_string"}],"inLanguage":"es"},{"@type":"Organization","@id":"https:\/\/www.celttv.com.ar\/#organization","name":"CELTTV","url":"https:\/\/www.celttv.com.ar\/","sameAs":["https:\/\/www.youtube.com\/channel\/UCz_oIt8Hig64Ub-EmcNPIhg","https:\/\/www.facebook.com\/celtTV\/"],"logo":{"@type":"ImageObject","inLanguage":"es","@id":"https:\/\/www.celttv.com.ar\/#\/schema\/logo\/image\/","url":"http:\/\/www.celttv.com.ar\/wp-content\/uploads\/2022\/08\/logo-1.png","contentUrl":"http:\/\/www.celttv.com.ar\/wp-content\/uploads\/2022\/08\/logo-1.png","width":461,"height":159,"caption":"CELTTV"},"image":{"@id":"https:\/\/www.celttv.com.ar\/#\/schema\/logo\/image\/"}},{"@type":"Person","@id":"https:\/\/www.celttv.com.ar\/#\/schema\/person\/6d99c072dba59953809c81446e9d0ace","name":"ulises","image":{"@type":"ImageObject","inLanguage":"es","@id":"https:\/\/www.celttv.com.ar\/#\/schema\/person\/image\/","url":"https:\/\/secure.gravatar.com\/avatar\/7f2c48bdc33b30088f941fb6082e555f2874c98e20cb159d7b92b50eadfce793?s=96&d=mm&r=g","contentUrl":"https:\/\/secure.gravatar.com\/avatar\/7f2c48bdc33b30088f941fb6082e555f2874c98e20cb159d7b92b50eadfce793?s=96&d=mm&r=g","caption":"ulises"},"sameAs":["http:\/\/www.celttv.com.ar"]}]}},"_links":{"self":[{"href":"https:\/\/www.celttv.com.ar\/index.php\/wp-json\/wp\/v2\/posts\/11840","targetHints":{"allow":["GET"]}}],"collection":[{"href":"https:\/\/www.celttv.com.ar\/index.php\/wp-json\/wp\/v2\/posts"}],"about":[{"href":"https:\/\/www.celttv.com.ar\/index.php\/wp-json\/wp\/v2\/types\/post"}],"author":[{"embeddable":true,"href":"https:\/\/www.celttv.com.ar\/index.php\/wp-json\/wp\/v2\/users\/1"}],"replies":[{"embeddable":true,"href":"https:\/\/www.celttv.com.ar\/index.php\/wp-json\/wp\/v2\/comments?post=11840"}],"version-history":[{"count":0,"href":"https:\/\/www.celttv.com.ar\/index.php\/wp-json\/wp\/v2\/posts\/11840\/revisions"}],"wp:attachment":[{"href":"https:\/\/www.celttv.com.ar\/index.php\/wp-json\/wp\/v2\/media?parent=11840"}],"wp:term":[{"taxonomy":"category","embeddable":true,"href":"https:\/\/www.celttv.com.ar\/index.php\/wp-json\/wp\/v2\/categories?post=11840"},{"taxonomy":"post_tag","embeddable":true,"href":"https:\/\/www.celttv.com.ar\/index.php\/wp-json\/wp\/v2\/tags?post=11840"}],"curies":[{"name":"wp","href":"https:\/\/api.w.org\/{rel}","templated":true}]}}