{"id":11851,"date":"2013-06-03T21:32:19","date_gmt":"2013-06-03T21:32:19","guid":{"rendered":"http:\/\/www.tvcnoticias.com.ar\/?p=11851"},"modified":"2013-06-03T21:32:19","modified_gmt":"2013-06-03T21:32:19","slug":"los-bomberos-voluntarios-de-tornquist-festejaron-su-dia-imagenes-y-notas","status":"publish","type":"post","link":"https:\/\/www.celttv.com.ar\/index.php\/2013\/06\/03\/los-bomberos-voluntarios-de-tornquist-festejaron-su-dia-imagenes-y-notas\/","title":{"rendered":"LOS BOMBEROS VOLUNTARIOS DE TORNQUIST FESTEJARON SU DIA (im\u00e1genes y notas)"},"content":{"rendered":"<p><a href=\"http:\/\/www.youtube.com\/watch?v=gkka71vAZBA\"><a href=\"http:\/\/www.youtube.com\/watch?v=gkka71vAZBA\">httpv:\/\/www.youtube.com\/watch?v=gkka71vAZBA<\/a><\/a><br \/>\n<a href=\"http:\/\/www.youtube.com\/watch?v=hGeiDPFnPhM\"><a href=\"http:\/\/www.youtube.com\/watch?v=hGeiDPFnPhM\">httpv:\/\/www.youtube.com\/watch?v=hGeiDPFnPhM<\/a><\/a><br \/>\n<a href=\"http:\/\/www.youtube.com\/watch?v=VoKiA_fIUpM\"><a href=\"http:\/\/www.youtube.com\/watch?v=VoKiA_fIUpM\">httpv:\/\/www.youtube.com\/watch?v=VoKiA_fIUpM<\/a><\/a><br \/>\n<a href=\"http:\/\/www.youtube.com\/watch?v=UC519WOR_Gw\">httpv:\/\/www.youtube.com\/watch?v=UC519WOR_Gw<\/a><br \/>\nLos Bomberos Voluntarios de Tornquist festejaron su d\u00eda con un acto que tuvo lugar el pasado domingo a las 10:00 hs. donde se realiz\u00f3 la tradicional formaci\u00f3n de los servidores p\u00fablicos frente al monumento al Bombero.En el lugar se realiz\u00f3 el cambio de abanderados. La responsabilidad de portar la Bandera Argentina recay\u00f3 sobre Adri\u00e1n Ant\u00f3n, Jonatan Schwab portar\u00e1 Bandera Bonaerense; la Bandera del Cuartel estar\u00e1 a cargo de Jos\u00e9 Luis Torres. M\u00e1s tarde se deposit\u00f3 una ofrenda floral al tiempo que se realizaba un toque de sirena en memoria de bomberos y personal directivo que ya no est\u00e1n f\u00edsicamente entre nosotros. Esta tarea estuvo \u00a0a cargo de V\u00edctor Lopez y Carlos Caporicci .\u00a0 Posteriormente miembros del cuerpo activo y comisi\u00f3n directiva compartieron el corte de cinta para la incorporaci\u00f3n de una unidad Toyota Hiluy adquirida por la instituci\u00f3n, cuyas llaves fueron depositadas en manos del cuerpo activo.\u00a0\u00a0 Al asisti\u00f3 en representaci\u00f3n del Intendente, el Secretario de Gobierno Guillermo Loffler, algunos miembros del gabinete e integrantes del Honorable Concejo Deliberante. La ceremonia fue presidida por H\u00e9ctor Dinunzio, presidente de la instituci\u00f3n y Mart\u00edn Hagg, Jefe del Cuerpo Activo.\u00a0 H\u00e9ctor Dinunzio y Mart\u00edn Hagg fueron quienes se encargaron de agradecer el apoyo brindado hacia la instituci\u00f3n, anticipando ambos la llegada, en aproximadamente diez d\u00edas, de la unidad autobomba adquirida recientemente y valorando el gran esfuerzo realizado por toda la comunidad para lograr ese objetivo.<\/p>\n","protected":false},"excerpt":{"rendered":"<p>httpv:\/\/www.youtube.com\/watch?v=gkka71vAZBA httpv:\/\/www.youtube.com\/watch?v=hGeiDPFnPhM httpv:\/\/www.youtube.com\/watch?v=VoKiA_fIUpM httpv:\/\/www.youtube.com\/watch?v=UC519WOR_Gw Los Bomberos Voluntarios de Tornquist festejaron su d\u00eda con un acto que tuvo lugar el pasado domingo a las 10:00 hs. donde se realiz\u00f3 la tradicional formaci\u00f3n de los servidores p\u00fablicos frente al monumento al Bombero.En el lugar se realiz\u00f3 el cambio de abanderados. La responsabilidad de portar la Bandera Argentina [&hellip;]<\/p>\n","protected":false},"author":1,"featured_media":0,"comment_status":"closed","ping_status":"open","sticky":false,"template":"","format":"standard","meta":{"footnotes":""},"categories":[51,52,64],"tags":[],"class_list":["post-11851","post","type-post","status-publish","format-standard","hentry","category-comunidad","category-destacadas","category-videos-destacados"],"yoast_head":"<!-- This site is optimized with the Yoast SEO plugin v19.7.1 - https:\/\/yoast.com\/wordpress\/plugins\/seo\/ -->\n<title>LOS BOMBEROS VOLUNTARIOS DE TORNQUIST FESTEJARON SU DIA (im\u00e1genes y notas) - CELTTV<\/title>\n<meta name=\"description\" content=\"Sitio web de noticias de la localidad de Tornquist, provincia de Buenos Aires, Rep\u00fablica Argentina. Contenido propio originado por periodistas de CELTTV, el canal de TV local de la Cooperativa El\u00e9ctrica de Tornquist. Turismo, Pol\u00edtica, Sociedad, Deporte, Cultura y todo el contenido de inter\u00e9s general que la gente del pueblo y la regi\u00f3n debe conocer.\" \/>\n<meta name=\"robots\" content=\"index, follow, max-snippet:-1, max-image-preview:large, max-video-preview:-1\" \/>\n<link rel=\"canonical\" href=\"https:\/\/www.celttv.com.ar\/index.php\/2013\/06\/03\/los-bomberos-voluntarios-de-tornquist-festejaron-su-dia-imagenes-y-notas\/\" \/>\n<meta property=\"og:locale\" content=\"es_ES\" \/>\n<meta property=\"og:type\" content=\"article\" \/>\n<meta property=\"og:title\" content=\"LOS BOMBEROS VOLUNTARIOS DE TORNQUIST FESTEJARON SU DIA (im\u00e1genes y notas) - CELTTV\" \/>\n<meta property=\"og:description\" content=\"Sitio web de noticias de la localidad de Tornquist, provincia de Buenos Aires, Rep\u00fablica Argentina. Contenido propio originado por periodistas de CELTTV, el canal de TV local de la Cooperativa El\u00e9ctrica de Tornquist. Turismo, Pol\u00edtica, Sociedad, Deporte, Cultura y todo el contenido de inter\u00e9s general que la gente del pueblo y la regi\u00f3n debe conocer.\" \/>\n<meta property=\"og:url\" content=\"https:\/\/www.celttv.com.ar\/index.php\/2013\/06\/03\/los-bomberos-voluntarios-de-tornquist-festejaron-su-dia-imagenes-y-notas\/\" \/>\n<meta property=\"og:site_name\" content=\"CELTTV\" \/>\n<meta property=\"article:publisher\" content=\"https:\/\/www.facebook.com\/celtTV\/\" \/>\n<meta property=\"article:published_time\" content=\"2013-06-03T21:32:19+00:00\" \/>\n<meta name=\"author\" content=\"ulises\" \/>\n<meta name=\"twitter:card\" content=\"summary_large_image\" \/>\n<meta name=\"twitter:label1\" content=\"Escrito por\" \/>\n\t<meta name=\"twitter:data1\" content=\"ulises\" \/>\n\t<meta name=\"twitter:label2\" content=\"Tiempo de lectura\" \/>\n\t<meta name=\"twitter:data2\" content=\"1 minuto\" \/>\n<script type=\"application\/ld+json\" class=\"yoast-schema-graph\">{\"@context\":\"https:\/\/schema.org\",\"@graph\":[{\"@type\":\"NewsArticle\",\"@id\":\"https:\/\/www.celttv.com.ar\/index.php\/2013\/06\/03\/los-bomberos-voluntarios-de-tornquist-festejaron-su-dia-imagenes-y-notas\/#article\",\"isPartOf\":{\"@id\":\"https:\/\/www.celttv.com.ar\/index.php\/2013\/06\/03\/los-bomberos-voluntarios-de-tornquist-festejaron-su-dia-imagenes-y-notas\/\"},\"author\":{\"name\":\"ulises\",\"@id\":\"https:\/\/www.celttv.com.ar\/#\/schema\/person\/6d99c072dba59953809c81446e9d0ace\"},\"headline\":\"LOS BOMBEROS VOLUNTARIOS DE TORNQUIST FESTEJARON SU DIA (im\u00e1genes y notas)\",\"datePublished\":\"2013-06-03T21:32:19+00:00\",\"dateModified\":\"2013-06-03T21:32:19+00:00\",\"mainEntityOfPage\":{\"@id\":\"https:\/\/www.celttv.com.ar\/index.php\/2013\/06\/03\/los-bomberos-voluntarios-de-tornquist-festejaron-su-dia-imagenes-y-notas\/\"},\"wordCount\":295,\"publisher\":{\"@id\":\"https:\/\/www.celttv.com.ar\/#organization\"},\"articleSection\":[\"Comunidad\",\"Destacadas\",\"Videos Destacados\"],\"inLanguage\":\"es\"},{\"@type\":\"WebPage\",\"@id\":\"https:\/\/www.celttv.com.ar\/index.php\/2013\/06\/03\/los-bomberos-voluntarios-de-tornquist-festejaron-su-dia-imagenes-y-notas\/\",\"url\":\"https:\/\/www.celttv.com.ar\/index.php\/2013\/06\/03\/los-bomberos-voluntarios-de-tornquist-festejaron-su-dia-imagenes-y-notas\/\",\"name\":\"LOS BOMBEROS VOLUNTARIOS DE TORNQUIST FESTEJARON SU DIA (im\u00e1genes y notas) - CELTTV\",\"isPartOf\":{\"@id\":\"https:\/\/www.celttv.com.ar\/#website\"},\"datePublished\":\"2013-06-03T21:32:19+00:00\",\"dateModified\":\"2013-06-03T21:32:19+00:00\",\"description\":\"Sitio web de noticias de la localidad de Tornquist, provincia de Buenos Aires, Rep\u00fablica Argentina. Contenido propio originado por periodistas de CELTTV, el canal de TV local de la Cooperativa El\u00e9ctrica de Tornquist. Turismo, Pol\u00edtica, Sociedad, Deporte, Cultura y todo el contenido de inter\u00e9s general que la gente del pueblo y la regi\u00f3n debe conocer.\",\"breadcrumb\":{\"@id\":\"https:\/\/www.celttv.com.ar\/index.php\/2013\/06\/03\/los-bomberos-voluntarios-de-tornquist-festejaron-su-dia-imagenes-y-notas\/#breadcrumb\"},\"inLanguage\":\"es\",\"potentialAction\":[{\"@type\":\"ReadAction\",\"target\":[\"https:\/\/www.celttv.com.ar\/index.php\/2013\/06\/03\/los-bomberos-voluntarios-de-tornquist-festejaron-su-dia-imagenes-y-notas\/\"]}]},{\"@type\":\"BreadcrumbList\",\"@id\":\"https:\/\/www.celttv.com.ar\/index.php\/2013\/06\/03\/los-bomberos-voluntarios-de-tornquist-festejaron-su-dia-imagenes-y-notas\/#breadcrumb\",\"itemListElement\":[{\"@type\":\"ListItem\",\"position\":1,\"name\":\"Inicio\",\"item\":\"https:\/\/www.celttv.com.ar\/\"},{\"@type\":\"ListItem\",\"position\":2,\"name\":\"LOS BOMBEROS VOLUNTARIOS DE TORNQUIST FESTEJARON SU DIA (im\u00e1genes y notas)\"}]},{\"@type\":\"WebSite\",\"@id\":\"https:\/\/www.celttv.com.ar\/#website\",\"url\":\"https:\/\/www.celttv.com.ar\/\",\"name\":\"CELTTV\",\"description\":\"Cooperativa El\u00e9ctrica de Tornquist\",\"publisher\":{\"@id\":\"https:\/\/www.celttv.com.ar\/#organization\"},\"potentialAction\":[{\"@type\":\"SearchAction\",\"target\":{\"@type\":\"EntryPoint\",\"urlTemplate\":\"https:\/\/www.celttv.com.ar\/?s={search_term_string}\"},\"query-input\":\"required name=search_term_string\"}],\"inLanguage\":\"es\"},{\"@type\":\"Organization\",\"@id\":\"https:\/\/www.celttv.com.ar\/#organization\",\"name\":\"CELTTV\",\"url\":\"https:\/\/www.celttv.com.ar\/\",\"sameAs\":[\"https:\/\/www.youtube.com\/channel\/UCz_oIt8Hig64Ub-EmcNPIhg\",\"https:\/\/www.facebook.com\/celtTV\/\"],\"logo\":{\"@type\":\"ImageObject\",\"inLanguage\":\"es\",\"@id\":\"https:\/\/www.celttv.com.ar\/#\/schema\/logo\/image\/\",\"url\":\"http:\/\/www.celttv.com.ar\/wp-content\/uploads\/2022\/08\/logo-1.png\",\"contentUrl\":\"http:\/\/www.celttv.com.ar\/wp-content\/uploads\/2022\/08\/logo-1.png\",\"width\":461,\"height\":159,\"caption\":\"CELTTV\"},\"image\":{\"@id\":\"https:\/\/www.celttv.com.ar\/#\/schema\/logo\/image\/\"}},{\"@type\":\"Person\",\"@id\":\"https:\/\/www.celttv.com.ar\/#\/schema\/person\/6d99c072dba59953809c81446e9d0ace\",\"name\":\"ulises\",\"image\":{\"@type\":\"ImageObject\",\"inLanguage\":\"es\",\"@id\":\"https:\/\/www.celttv.com.ar\/#\/schema\/person\/image\/\",\"url\":\"https:\/\/secure.gravatar.com\/avatar\/7f2c48bdc33b30088f941fb6082e555f2874c98e20cb159d7b92b50eadfce793?s=96&d=mm&r=g\",\"contentUrl\":\"https:\/\/secure.gravatar.com\/avatar\/7f2c48bdc33b30088f941fb6082e555f2874c98e20cb159d7b92b50eadfce793?s=96&d=mm&r=g\",\"caption\":\"ulises\"},\"sameAs\":[\"http:\/\/www.celttv.com.ar\"]}]}<\/script>\n<!-- \/ Yoast SEO plugin. -->","yoast_head_json":{"title":"LOS BOMBEROS VOLUNTARIOS DE TORNQUIST FESTEJARON SU DIA (im\u00e1genes y notas) - CELTTV","description":"Sitio web de noticias de la localidad de Tornquist, provincia de Buenos Aires, Rep\u00fablica Argentina. Contenido propio originado por periodistas de CELTTV, el canal de TV local de la Cooperativa El\u00e9ctrica de Tornquist. Turismo, Pol\u00edtica, Sociedad, Deporte, Cultura y todo el contenido de inter\u00e9s general que la gente del pueblo y la regi\u00f3n debe conocer.","robots":{"index":"index","follow":"follow","max-snippet":"max-snippet:-1","max-image-preview":"max-image-preview:large","max-video-preview":"max-video-preview:-1"},"canonical":"https:\/\/www.celttv.com.ar\/index.php\/2013\/06\/03\/los-bomberos-voluntarios-de-tornquist-festejaron-su-dia-imagenes-y-notas\/","og_locale":"es_ES","og_type":"article","og_title":"LOS BOMBEROS VOLUNTARIOS DE TORNQUIST FESTEJARON SU DIA (im\u00e1genes y notas) - CELTTV","og_description":"Sitio web de noticias de la localidad de Tornquist, provincia de Buenos Aires, Rep\u00fablica Argentina. Contenido propio originado por periodistas de CELTTV, el canal de TV local de la Cooperativa El\u00e9ctrica de Tornquist. Turismo, Pol\u00edtica, Sociedad, Deporte, Cultura y todo el contenido de inter\u00e9s general que la gente del pueblo y la regi\u00f3n debe conocer.","og_url":"https:\/\/www.celttv.com.ar\/index.php\/2013\/06\/03\/los-bomberos-voluntarios-de-tornquist-festejaron-su-dia-imagenes-y-notas\/","og_site_name":"CELTTV","article_publisher":"https:\/\/www.facebook.com\/celtTV\/","article_published_time":"2013-06-03T21:32:19+00:00","author":"ulises","twitter_card":"summary_large_image","twitter_misc":{"Escrito por":"ulises","Tiempo de lectura":"1 minuto"},"schema":{"@context":"https:\/\/schema.org","@graph":[{"@type":"NewsArticle","@id":"https:\/\/www.celttv.com.ar\/index.php\/2013\/06\/03\/los-bomberos-voluntarios-de-tornquist-festejaron-su-dia-imagenes-y-notas\/#article","isPartOf":{"@id":"https:\/\/www.celttv.com.ar\/index.php\/2013\/06\/03\/los-bomberos-voluntarios-de-tornquist-festejaron-su-dia-imagenes-y-notas\/"},"author":{"name":"ulises","@id":"https:\/\/www.celttv.com.ar\/#\/schema\/person\/6d99c072dba59953809c81446e9d0ace"},"headline":"LOS BOMBEROS VOLUNTARIOS DE TORNQUIST FESTEJARON SU DIA (im\u00e1genes y notas)","datePublished":"2013-06-03T21:32:19+00:00","dateModified":"2013-06-03T21:32:19+00:00","mainEntityOfPage":{"@id":"https:\/\/www.celttv.com.ar\/index.php\/2013\/06\/03\/los-bomberos-voluntarios-de-tornquist-festejaron-su-dia-imagenes-y-notas\/"},"wordCount":295,"publisher":{"@id":"https:\/\/www.celttv.com.ar\/#organization"},"articleSection":["Comunidad","Destacadas","Videos Destacados"],"inLanguage":"es"},{"@type":"WebPage","@id":"https:\/\/www.celttv.com.ar\/index.php\/2013\/06\/03\/los-bomberos-voluntarios-de-tornquist-festejaron-su-dia-imagenes-y-notas\/","url":"https:\/\/www.celttv.com.ar\/index.php\/2013\/06\/03\/los-bomberos-voluntarios-de-tornquist-festejaron-su-dia-imagenes-y-notas\/","name":"LOS BOMBEROS VOLUNTARIOS DE TORNQUIST FESTEJARON SU DIA (im\u00e1genes y notas) - CELTTV","isPartOf":{"@id":"https:\/\/www.celttv.com.ar\/#website"},"datePublished":"2013-06-03T21:32:19+00:00","dateModified":"2013-06-03T21:32:19+00:00","description":"Sitio web de noticias de la localidad de Tornquist, provincia de Buenos Aires, Rep\u00fablica Argentina. Contenido propio originado por periodistas de CELTTV, el canal de TV local de la Cooperativa El\u00e9ctrica de Tornquist. Turismo, Pol\u00edtica, Sociedad, Deporte, Cultura y todo el contenido de inter\u00e9s general que la gente del pueblo y la regi\u00f3n debe conocer.","breadcrumb":{"@id":"https:\/\/www.celttv.com.ar\/index.php\/2013\/06\/03\/los-bomberos-voluntarios-de-tornquist-festejaron-su-dia-imagenes-y-notas\/#breadcrumb"},"inLanguage":"es","potentialAction":[{"@type":"ReadAction","target":["https:\/\/www.celttv.com.ar\/index.php\/2013\/06\/03\/los-bomberos-voluntarios-de-tornquist-festejaron-su-dia-imagenes-y-notas\/"]}]},{"@type":"BreadcrumbList","@id":"https:\/\/www.celttv.com.ar\/index.php\/2013\/06\/03\/los-bomberos-voluntarios-de-tornquist-festejaron-su-dia-imagenes-y-notas\/#breadcrumb","itemListElement":[{"@type":"ListItem","position":1,"name":"Inicio","item":"https:\/\/www.celttv.com.ar\/"},{"@type":"ListItem","position":2,"name":"LOS BOMBEROS VOLUNTARIOS DE TORNQUIST FESTEJARON SU DIA (im\u00e1genes y notas)"}]},{"@type":"WebSite","@id":"https:\/\/www.celttv.com.ar\/#website","url":"https:\/\/www.celttv.com.ar\/","name":"CELTTV","description":"Cooperativa El\u00e9ctrica de Tornquist","publisher":{"@id":"https:\/\/www.celttv.com.ar\/#organization"},"potentialAction":[{"@type":"SearchAction","target":{"@type":"EntryPoint","urlTemplate":"https:\/\/www.celttv.com.ar\/?s={search_term_string}"},"query-input":"required name=search_term_string"}],"inLanguage":"es"},{"@type":"Organization","@id":"https:\/\/www.celttv.com.ar\/#organization","name":"CELTTV","url":"https:\/\/www.celttv.com.ar\/","sameAs":["https:\/\/www.youtube.com\/channel\/UCz_oIt8Hig64Ub-EmcNPIhg","https:\/\/www.facebook.com\/celtTV\/"],"logo":{"@type":"ImageObject","inLanguage":"es","@id":"https:\/\/www.celttv.com.ar\/#\/schema\/logo\/image\/","url":"http:\/\/www.celttv.com.ar\/wp-content\/uploads\/2022\/08\/logo-1.png","contentUrl":"http:\/\/www.celttv.com.ar\/wp-content\/uploads\/2022\/08\/logo-1.png","width":461,"height":159,"caption":"CELTTV"},"image":{"@id":"https:\/\/www.celttv.com.ar\/#\/schema\/logo\/image\/"}},{"@type":"Person","@id":"https:\/\/www.celttv.com.ar\/#\/schema\/person\/6d99c072dba59953809c81446e9d0ace","name":"ulises","image":{"@type":"ImageObject","inLanguage":"es","@id":"https:\/\/www.celttv.com.ar\/#\/schema\/person\/image\/","url":"https:\/\/secure.gravatar.com\/avatar\/7f2c48bdc33b30088f941fb6082e555f2874c98e20cb159d7b92b50eadfce793?s=96&d=mm&r=g","contentUrl":"https:\/\/secure.gravatar.com\/avatar\/7f2c48bdc33b30088f941fb6082e555f2874c98e20cb159d7b92b50eadfce793?s=96&d=mm&r=g","caption":"ulises"},"sameAs":["http:\/\/www.celttv.com.ar"]}]}},"_links":{"self":[{"href":"https:\/\/www.celttv.com.ar\/index.php\/wp-json\/wp\/v2\/posts\/11851","targetHints":{"allow":["GET"]}}],"collection":[{"href":"https:\/\/www.celttv.com.ar\/index.php\/wp-json\/wp\/v2\/posts"}],"about":[{"href":"https:\/\/www.celttv.com.ar\/index.php\/wp-json\/wp\/v2\/types\/post"}],"author":[{"embeddable":true,"href":"https:\/\/www.celttv.com.ar\/index.php\/wp-json\/wp\/v2\/users\/1"}],"replies":[{"embeddable":true,"href":"https:\/\/www.celttv.com.ar\/index.php\/wp-json\/wp\/v2\/comments?post=11851"}],"version-history":[{"count":0,"href":"https:\/\/www.celttv.com.ar\/index.php\/wp-json\/wp\/v2\/posts\/11851\/revisions"}],"wp:attachment":[{"href":"https:\/\/www.celttv.com.ar\/index.php\/wp-json\/wp\/v2\/media?parent=11851"}],"wp:term":[{"taxonomy":"category","embeddable":true,"href":"https:\/\/www.celttv.com.ar\/index.php\/wp-json\/wp\/v2\/categories?post=11851"},{"taxonomy":"post_tag","embeddable":true,"href":"https:\/\/www.celttv.com.ar\/index.php\/wp-json\/wp\/v2\/tags?post=11851"}],"curies":[{"name":"wp","href":"https:\/\/api.w.org\/{rel}","templated":true}]}}