{"id":11854,"date":"2013-06-03T21:50:14","date_gmt":"2013-06-03T21:50:14","guid":{"rendered":"http:\/\/www.tvcnoticias.com.ar\/?p=11854"},"modified":"2013-06-03T21:50:14","modified_gmt":"2013-06-03T21:50:14","slug":"saldungaray-el-diacono-juan-carlos-de-piazza-fue-ordenado-sacerdote-videos-y-entrevistas","status":"publish","type":"post","link":"https:\/\/www.celttv.com.ar\/index.php\/2013\/06\/03\/saldungaray-el-diacono-juan-carlos-de-piazza-fue-ordenado-sacerdote-videos-y-entrevistas\/","title":{"rendered":"SALDUNGARAY: EL DIACONO JUAN CARLOS DE PIAZZA FUE ORDENADO SACERDOTE (Videos y entrevistas)"},"content":{"rendered":"<p><a href=\"http:\/\/www.youtube.com\/watch?v=L_fqmxoyrOY\"><a href=\"http:\/\/www.youtube.com\/watch?v=L_fqmxoyrOY\">httpv:\/\/www.youtube.com\/watch?v=L_fqmxoyrOY<\/a><\/a><br \/>\n<a href=\"http:\/\/www.youtube.com\/watch?v=DNtXhKZoGVQ\"><a href=\"http:\/\/www.youtube.com\/watch?v=DNtXhKZoGVQ\">httpv:\/\/www.youtube.com\/watch?v=DNtXhKZoGVQ<\/a><\/a><br \/>\n<a href=\"http:\/\/www.youtube.com\/watch?v=DWom5ls5pP0\"><a href=\"http:\/\/www.youtube.com\/watch?v=DWom5ls5pP0\">httpv:\/\/www.youtube.com\/watch?v=DWom5ls5pP0<\/a><\/a><br \/>\n<a href=\"http:\/\/www.youtube.com\/watch?v=htODAWEG1Jk\"><a href=\"http:\/\/www.youtube.com\/watch?v=htODAWEG1Jk\">httpv:\/\/www.youtube.com\/watch?v=htODAWEG1Jk<\/a><\/a><br \/>\nJuan Carlos de Piazza tiene dos hijos y a partir del pasado viernes es el p\u00e1rroco de la localidad de Saldungaray. Hasta la fecha se desempe\u00f1a como di\u00e1cono permanente y su ascenso fue autorizado por Benedicto XVI antes de renunciar<br \/>\nLa localidad de Saldungaray y la regi\u00f3n participaron del ordenamiento como sacerdote del di\u00e1cono permanente del lugar, Juan Carlos de Piazza, quien qued\u00f3 a cargo de la parroquia Nuestra Se\u00f1ora del Tr\u00e1nsito, \u00fanica en el pa\u00eds que guarda la imagen de una Virgen Mar\u00eda recostada.La celebraci\u00f3n tuvo lugar en el gimnasio del colegio Fort\u00edn Pav\u00f3n, y fue encabezada por el arzobispo de la arquidi\u00f3cesis de Bah\u00eda Blanca, monse\u00f1or Guillermo Garlatti. Una vez cumplido el protocolo y sea ordenado como cura, se ofreci\u00f3 una cena de camarader\u00eda para los asistentes.\u00a0 \u00a0Juan Carlos de Piazza tiene 73 a\u00f1os, es viudo, tiene dos hijos y seis nietos y, para ser ordenado sacerdote, fue necesario un permiso papal, que firm\u00f3 el papa Benedicto XVI poco antes de dejar el cargo.\u00a0\u00a0 Piazza se encuentra desde hace a\u00f1os a cargo de la parroquia local, bajo el cargo de di\u00e1cono permanente en un \u00e1rea que incluye a Sierra de la Ventana y Villa Ventana. De la celebraci\u00f3n participa\u00f3 su hijo y su familia, quienes viven en Mar del Plata, mientras, su otra hija, que vive en Espa\u00f1a, pudo observar el acto a trav\u00e9s de internet.\u00a0\u00a0 \u00a0El nuevo sacerdote fue monaguillo en su infancia, franciscano desde la adolescencia y miembro del movimiento familiar cristiano una vez casado con Mirta, De Piazza siempre estuvo vinculado a la Iglesia. Despu\u00e9s de que su esposa falleci\u00f3 en un accidente de tr\u00e1nsito, en 1979 el obispo R\u00f3mulo Garc\u00eda se lo llev\u00f3 como su secretario desde Mar del Plata \u2013donde fue visitador m\u00e9dico, practic\u00f3 karate y atendi\u00f3 un kiosco\u2013 a Bah\u00eda Blanca. Comenz\u00f3 a estudiar Teolog\u00eda y se consagr\u00f3 como di\u00e1cono.<\/p>\n","protected":false},"excerpt":{"rendered":"<p>httpv:\/\/www.youtube.com\/watch?v=L_fqmxoyrOY httpv:\/\/www.youtube.com\/watch?v=DNtXhKZoGVQ httpv:\/\/www.youtube.com\/watch?v=DWom5ls5pP0 httpv:\/\/www.youtube.com\/watch?v=htODAWEG1Jk Juan Carlos de Piazza tiene dos hijos y a partir del pasado viernes es el p\u00e1rroco de la localidad de Saldungaray. Hasta la fecha se desempe\u00f1a como di\u00e1cono permanente y su ascenso fue autorizado por Benedicto XVI antes de renunciar La localidad de Saldungaray y la regi\u00f3n participaron del ordenamiento como [&hellip;]<\/p>\n","protected":false},"author":1,"featured_media":0,"comment_status":"closed","ping_status":"open","sticky":false,"template":"","format":"standard","meta":{"footnotes":""},"categories":[51,52,64],"tags":[],"class_list":["post-11854","post","type-post","status-publish","format-standard","hentry","category-comunidad","category-destacadas","category-videos-destacados"],"yoast_head":"<!-- This site is optimized with the Yoast SEO plugin v19.7.1 - https:\/\/yoast.com\/wordpress\/plugins\/seo\/ -->\n<title>SALDUNGARAY: EL DIACONO JUAN CARLOS DE PIAZZA FUE ORDENADO SACERDOTE (Videos y entrevistas) - CELTTV<\/title>\n<meta name=\"description\" content=\"Sitio web de noticias de la localidad de Tornquist, provincia de Buenos Aires, Rep\u00fablica Argentina. Contenido propio originado por periodistas de CELTTV, el canal de TV local de la Cooperativa El\u00e9ctrica de Tornquist. Turismo, Pol\u00edtica, Sociedad, Deporte, Cultura y todo el contenido de inter\u00e9s general que la gente del pueblo y la regi\u00f3n debe conocer.\" \/>\n<meta name=\"robots\" content=\"index, follow, max-snippet:-1, max-image-preview:large, max-video-preview:-1\" \/>\n<link rel=\"canonical\" href=\"https:\/\/www.celttv.com.ar\/index.php\/2013\/06\/03\/saldungaray-el-diacono-juan-carlos-de-piazza-fue-ordenado-sacerdote-videos-y-entrevistas\/\" \/>\n<meta property=\"og:locale\" content=\"es_ES\" \/>\n<meta property=\"og:type\" content=\"article\" \/>\n<meta property=\"og:title\" content=\"SALDUNGARAY: EL DIACONO JUAN CARLOS DE PIAZZA FUE ORDENADO SACERDOTE (Videos y entrevistas) - CELTTV\" \/>\n<meta property=\"og:description\" content=\"Sitio web de noticias de la localidad de Tornquist, provincia de Buenos Aires, Rep\u00fablica Argentina. Contenido propio originado por periodistas de CELTTV, el canal de TV local de la Cooperativa El\u00e9ctrica de Tornquist. Turismo, Pol\u00edtica, Sociedad, Deporte, Cultura y todo el contenido de inter\u00e9s general que la gente del pueblo y la regi\u00f3n debe conocer.\" \/>\n<meta property=\"og:url\" content=\"https:\/\/www.celttv.com.ar\/index.php\/2013\/06\/03\/saldungaray-el-diacono-juan-carlos-de-piazza-fue-ordenado-sacerdote-videos-y-entrevistas\/\" \/>\n<meta property=\"og:site_name\" content=\"CELTTV\" \/>\n<meta property=\"article:publisher\" content=\"https:\/\/www.facebook.com\/celtTV\/\" \/>\n<meta property=\"article:published_time\" content=\"2013-06-03T21:50:14+00:00\" \/>\n<meta name=\"author\" content=\"ulises\" \/>\n<meta name=\"twitter:card\" content=\"summary_large_image\" \/>\n<meta name=\"twitter:label1\" content=\"Escrito por\" \/>\n\t<meta name=\"twitter:data1\" content=\"ulises\" \/>\n\t<meta name=\"twitter:label2\" content=\"Tiempo de lectura\" \/>\n\t<meta name=\"twitter:data2\" content=\"2 minutos\" \/>\n<script type=\"application\/ld+json\" class=\"yoast-schema-graph\">{\"@context\":\"https:\/\/schema.org\",\"@graph\":[{\"@type\":\"NewsArticle\",\"@id\":\"https:\/\/www.celttv.com.ar\/index.php\/2013\/06\/03\/saldungaray-el-diacono-juan-carlos-de-piazza-fue-ordenado-sacerdote-videos-y-entrevistas\/#article\",\"isPartOf\":{\"@id\":\"https:\/\/www.celttv.com.ar\/index.php\/2013\/06\/03\/saldungaray-el-diacono-juan-carlos-de-piazza-fue-ordenado-sacerdote-videos-y-entrevistas\/\"},\"author\":{\"name\":\"ulises\",\"@id\":\"https:\/\/www.celttv.com.ar\/#\/schema\/person\/6d99c072dba59953809c81446e9d0ace\"},\"headline\":\"SALDUNGARAY: EL DIACONO JUAN CARLOS DE PIAZZA FUE ORDENADO SACERDOTE (Videos y entrevistas)\",\"datePublished\":\"2013-06-03T21:50:14+00:00\",\"dateModified\":\"2013-06-03T21:50:14+00:00\",\"mainEntityOfPage\":{\"@id\":\"https:\/\/www.celttv.com.ar\/index.php\/2013\/06\/03\/saldungaray-el-diacono-juan-carlos-de-piazza-fue-ordenado-sacerdote-videos-y-entrevistas\/\"},\"wordCount\":382,\"publisher\":{\"@id\":\"https:\/\/www.celttv.com.ar\/#organization\"},\"articleSection\":[\"Comunidad\",\"Destacadas\",\"Videos Destacados\"],\"inLanguage\":\"es\"},{\"@type\":\"WebPage\",\"@id\":\"https:\/\/www.celttv.com.ar\/index.php\/2013\/06\/03\/saldungaray-el-diacono-juan-carlos-de-piazza-fue-ordenado-sacerdote-videos-y-entrevistas\/\",\"url\":\"https:\/\/www.celttv.com.ar\/index.php\/2013\/06\/03\/saldungaray-el-diacono-juan-carlos-de-piazza-fue-ordenado-sacerdote-videos-y-entrevistas\/\",\"name\":\"SALDUNGARAY: EL DIACONO JUAN CARLOS DE PIAZZA FUE ORDENADO SACERDOTE (Videos y entrevistas) - CELTTV\",\"isPartOf\":{\"@id\":\"https:\/\/www.celttv.com.ar\/#website\"},\"datePublished\":\"2013-06-03T21:50:14+00:00\",\"dateModified\":\"2013-06-03T21:50:14+00:00\",\"description\":\"Sitio web de noticias de la localidad de Tornquist, provincia de Buenos Aires, Rep\u00fablica Argentina. Contenido propio originado por periodistas de CELTTV, el canal de TV local de la Cooperativa El\u00e9ctrica de Tornquist. Turismo, Pol\u00edtica, Sociedad, Deporte, Cultura y todo el contenido de inter\u00e9s general que la gente del pueblo y la regi\u00f3n debe conocer.\",\"breadcrumb\":{\"@id\":\"https:\/\/www.celttv.com.ar\/index.php\/2013\/06\/03\/saldungaray-el-diacono-juan-carlos-de-piazza-fue-ordenado-sacerdote-videos-y-entrevistas\/#breadcrumb\"},\"inLanguage\":\"es\",\"potentialAction\":[{\"@type\":\"ReadAction\",\"target\":[\"https:\/\/www.celttv.com.ar\/index.php\/2013\/06\/03\/saldungaray-el-diacono-juan-carlos-de-piazza-fue-ordenado-sacerdote-videos-y-entrevistas\/\"]}]},{\"@type\":\"BreadcrumbList\",\"@id\":\"https:\/\/www.celttv.com.ar\/index.php\/2013\/06\/03\/saldungaray-el-diacono-juan-carlos-de-piazza-fue-ordenado-sacerdote-videos-y-entrevistas\/#breadcrumb\",\"itemListElement\":[{\"@type\":\"ListItem\",\"position\":1,\"name\":\"Inicio\",\"item\":\"https:\/\/www.celttv.com.ar\/\"},{\"@type\":\"ListItem\",\"position\":2,\"name\":\"SALDUNGARAY: EL DIACONO JUAN CARLOS DE PIAZZA FUE ORDENADO SACERDOTE (Videos y entrevistas)\"}]},{\"@type\":\"WebSite\",\"@id\":\"https:\/\/www.celttv.com.ar\/#website\",\"url\":\"https:\/\/www.celttv.com.ar\/\",\"name\":\"CELTTV\",\"description\":\"Cooperativa El\u00e9ctrica de Tornquist\",\"publisher\":{\"@id\":\"https:\/\/www.celttv.com.ar\/#organization\"},\"potentialAction\":[{\"@type\":\"SearchAction\",\"target\":{\"@type\":\"EntryPoint\",\"urlTemplate\":\"https:\/\/www.celttv.com.ar\/?s={search_term_string}\"},\"query-input\":\"required name=search_term_string\"}],\"inLanguage\":\"es\"},{\"@type\":\"Organization\",\"@id\":\"https:\/\/www.celttv.com.ar\/#organization\",\"name\":\"CELTTV\",\"url\":\"https:\/\/www.celttv.com.ar\/\",\"sameAs\":[\"https:\/\/www.youtube.com\/channel\/UCz_oIt8Hig64Ub-EmcNPIhg\",\"https:\/\/www.facebook.com\/celtTV\/\"],\"logo\":{\"@type\":\"ImageObject\",\"inLanguage\":\"es\",\"@id\":\"https:\/\/www.celttv.com.ar\/#\/schema\/logo\/image\/\",\"url\":\"http:\/\/www.celttv.com.ar\/wp-content\/uploads\/2022\/08\/logo-1.png\",\"contentUrl\":\"http:\/\/www.celttv.com.ar\/wp-content\/uploads\/2022\/08\/logo-1.png\",\"width\":461,\"height\":159,\"caption\":\"CELTTV\"},\"image\":{\"@id\":\"https:\/\/www.celttv.com.ar\/#\/schema\/logo\/image\/\"}},{\"@type\":\"Person\",\"@id\":\"https:\/\/www.celttv.com.ar\/#\/schema\/person\/6d99c072dba59953809c81446e9d0ace\",\"name\":\"ulises\",\"image\":{\"@type\":\"ImageObject\",\"inLanguage\":\"es\",\"@id\":\"https:\/\/www.celttv.com.ar\/#\/schema\/person\/image\/\",\"url\":\"https:\/\/secure.gravatar.com\/avatar\/7f2c48bdc33b30088f941fb6082e555f2874c98e20cb159d7b92b50eadfce793?s=96&d=mm&r=g\",\"contentUrl\":\"https:\/\/secure.gravatar.com\/avatar\/7f2c48bdc33b30088f941fb6082e555f2874c98e20cb159d7b92b50eadfce793?s=96&d=mm&r=g\",\"caption\":\"ulises\"},\"sameAs\":[\"http:\/\/www.celttv.com.ar\"]}]}<\/script>\n<!-- \/ Yoast SEO plugin. -->","yoast_head_json":{"title":"SALDUNGARAY: EL DIACONO JUAN CARLOS DE PIAZZA FUE ORDENADO SACERDOTE (Videos y entrevistas) - CELTTV","description":"Sitio web de noticias de la localidad de Tornquist, provincia de Buenos Aires, Rep\u00fablica Argentina. Contenido propio originado por periodistas de CELTTV, el canal de TV local de la Cooperativa El\u00e9ctrica de Tornquist. Turismo, Pol\u00edtica, Sociedad, Deporte, Cultura y todo el contenido de inter\u00e9s general que la gente del pueblo y la regi\u00f3n debe conocer.","robots":{"index":"index","follow":"follow","max-snippet":"max-snippet:-1","max-image-preview":"max-image-preview:large","max-video-preview":"max-video-preview:-1"},"canonical":"https:\/\/www.celttv.com.ar\/index.php\/2013\/06\/03\/saldungaray-el-diacono-juan-carlos-de-piazza-fue-ordenado-sacerdote-videos-y-entrevistas\/","og_locale":"es_ES","og_type":"article","og_title":"SALDUNGARAY: EL DIACONO JUAN CARLOS DE PIAZZA FUE ORDENADO SACERDOTE (Videos y entrevistas) - CELTTV","og_description":"Sitio web de noticias de la localidad de Tornquist, provincia de Buenos Aires, Rep\u00fablica Argentina. Contenido propio originado por periodistas de CELTTV, el canal de TV local de la Cooperativa El\u00e9ctrica de Tornquist. Turismo, Pol\u00edtica, Sociedad, Deporte, Cultura y todo el contenido de inter\u00e9s general que la gente del pueblo y la regi\u00f3n debe conocer.","og_url":"https:\/\/www.celttv.com.ar\/index.php\/2013\/06\/03\/saldungaray-el-diacono-juan-carlos-de-piazza-fue-ordenado-sacerdote-videos-y-entrevistas\/","og_site_name":"CELTTV","article_publisher":"https:\/\/www.facebook.com\/celtTV\/","article_published_time":"2013-06-03T21:50:14+00:00","author":"ulises","twitter_card":"summary_large_image","twitter_misc":{"Escrito por":"ulises","Tiempo de lectura":"2 minutos"},"schema":{"@context":"https:\/\/schema.org","@graph":[{"@type":"NewsArticle","@id":"https:\/\/www.celttv.com.ar\/index.php\/2013\/06\/03\/saldungaray-el-diacono-juan-carlos-de-piazza-fue-ordenado-sacerdote-videos-y-entrevistas\/#article","isPartOf":{"@id":"https:\/\/www.celttv.com.ar\/index.php\/2013\/06\/03\/saldungaray-el-diacono-juan-carlos-de-piazza-fue-ordenado-sacerdote-videos-y-entrevistas\/"},"author":{"name":"ulises","@id":"https:\/\/www.celttv.com.ar\/#\/schema\/person\/6d99c072dba59953809c81446e9d0ace"},"headline":"SALDUNGARAY: EL DIACONO JUAN CARLOS DE PIAZZA FUE ORDENADO SACERDOTE (Videos y entrevistas)","datePublished":"2013-06-03T21:50:14+00:00","dateModified":"2013-06-03T21:50:14+00:00","mainEntityOfPage":{"@id":"https:\/\/www.celttv.com.ar\/index.php\/2013\/06\/03\/saldungaray-el-diacono-juan-carlos-de-piazza-fue-ordenado-sacerdote-videos-y-entrevistas\/"},"wordCount":382,"publisher":{"@id":"https:\/\/www.celttv.com.ar\/#organization"},"articleSection":["Comunidad","Destacadas","Videos Destacados"],"inLanguage":"es"},{"@type":"WebPage","@id":"https:\/\/www.celttv.com.ar\/index.php\/2013\/06\/03\/saldungaray-el-diacono-juan-carlos-de-piazza-fue-ordenado-sacerdote-videos-y-entrevistas\/","url":"https:\/\/www.celttv.com.ar\/index.php\/2013\/06\/03\/saldungaray-el-diacono-juan-carlos-de-piazza-fue-ordenado-sacerdote-videos-y-entrevistas\/","name":"SALDUNGARAY: EL DIACONO JUAN CARLOS DE PIAZZA FUE ORDENADO SACERDOTE (Videos y entrevistas) - CELTTV","isPartOf":{"@id":"https:\/\/www.celttv.com.ar\/#website"},"datePublished":"2013-06-03T21:50:14+00:00","dateModified":"2013-06-03T21:50:14+00:00","description":"Sitio web de noticias de la localidad de Tornquist, provincia de Buenos Aires, Rep\u00fablica Argentina. Contenido propio originado por periodistas de CELTTV, el canal de TV local de la Cooperativa El\u00e9ctrica de Tornquist. Turismo, Pol\u00edtica, Sociedad, Deporte, Cultura y todo el contenido de inter\u00e9s general que la gente del pueblo y la regi\u00f3n debe conocer.","breadcrumb":{"@id":"https:\/\/www.celttv.com.ar\/index.php\/2013\/06\/03\/saldungaray-el-diacono-juan-carlos-de-piazza-fue-ordenado-sacerdote-videos-y-entrevistas\/#breadcrumb"},"inLanguage":"es","potentialAction":[{"@type":"ReadAction","target":["https:\/\/www.celttv.com.ar\/index.php\/2013\/06\/03\/saldungaray-el-diacono-juan-carlos-de-piazza-fue-ordenado-sacerdote-videos-y-entrevistas\/"]}]},{"@type":"BreadcrumbList","@id":"https:\/\/www.celttv.com.ar\/index.php\/2013\/06\/03\/saldungaray-el-diacono-juan-carlos-de-piazza-fue-ordenado-sacerdote-videos-y-entrevistas\/#breadcrumb","itemListElement":[{"@type":"ListItem","position":1,"name":"Inicio","item":"https:\/\/www.celttv.com.ar\/"},{"@type":"ListItem","position":2,"name":"SALDUNGARAY: EL DIACONO JUAN CARLOS DE PIAZZA FUE ORDENADO SACERDOTE (Videos y entrevistas)"}]},{"@type":"WebSite","@id":"https:\/\/www.celttv.com.ar\/#website","url":"https:\/\/www.celttv.com.ar\/","name":"CELTTV","description":"Cooperativa El\u00e9ctrica de Tornquist","publisher":{"@id":"https:\/\/www.celttv.com.ar\/#organization"},"potentialAction":[{"@type":"SearchAction","target":{"@type":"EntryPoint","urlTemplate":"https:\/\/www.celttv.com.ar\/?s={search_term_string}"},"query-input":"required name=search_term_string"}],"inLanguage":"es"},{"@type":"Organization","@id":"https:\/\/www.celttv.com.ar\/#organization","name":"CELTTV","url":"https:\/\/www.celttv.com.ar\/","sameAs":["https:\/\/www.youtube.com\/channel\/UCz_oIt8Hig64Ub-EmcNPIhg","https:\/\/www.facebook.com\/celtTV\/"],"logo":{"@type":"ImageObject","inLanguage":"es","@id":"https:\/\/www.celttv.com.ar\/#\/schema\/logo\/image\/","url":"http:\/\/www.celttv.com.ar\/wp-content\/uploads\/2022\/08\/logo-1.png","contentUrl":"http:\/\/www.celttv.com.ar\/wp-content\/uploads\/2022\/08\/logo-1.png","width":461,"height":159,"caption":"CELTTV"},"image":{"@id":"https:\/\/www.celttv.com.ar\/#\/schema\/logo\/image\/"}},{"@type":"Person","@id":"https:\/\/www.celttv.com.ar\/#\/schema\/person\/6d99c072dba59953809c81446e9d0ace","name":"ulises","image":{"@type":"ImageObject","inLanguage":"es","@id":"https:\/\/www.celttv.com.ar\/#\/schema\/person\/image\/","url":"https:\/\/secure.gravatar.com\/avatar\/7f2c48bdc33b30088f941fb6082e555f2874c98e20cb159d7b92b50eadfce793?s=96&d=mm&r=g","contentUrl":"https:\/\/secure.gravatar.com\/avatar\/7f2c48bdc33b30088f941fb6082e555f2874c98e20cb159d7b92b50eadfce793?s=96&d=mm&r=g","caption":"ulises"},"sameAs":["http:\/\/www.celttv.com.ar"]}]}},"_links":{"self":[{"href":"https:\/\/www.celttv.com.ar\/index.php\/wp-json\/wp\/v2\/posts\/11854","targetHints":{"allow":["GET"]}}],"collection":[{"href":"https:\/\/www.celttv.com.ar\/index.php\/wp-json\/wp\/v2\/posts"}],"about":[{"href":"https:\/\/www.celttv.com.ar\/index.php\/wp-json\/wp\/v2\/types\/post"}],"author":[{"embeddable":true,"href":"https:\/\/www.celttv.com.ar\/index.php\/wp-json\/wp\/v2\/users\/1"}],"replies":[{"embeddable":true,"href":"https:\/\/www.celttv.com.ar\/index.php\/wp-json\/wp\/v2\/comments?post=11854"}],"version-history":[{"count":0,"href":"https:\/\/www.celttv.com.ar\/index.php\/wp-json\/wp\/v2\/posts\/11854\/revisions"}],"wp:attachment":[{"href":"https:\/\/www.celttv.com.ar\/index.php\/wp-json\/wp\/v2\/media?parent=11854"}],"wp:term":[{"taxonomy":"category","embeddable":true,"href":"https:\/\/www.celttv.com.ar\/index.php\/wp-json\/wp\/v2\/categories?post=11854"},{"taxonomy":"post_tag","embeddable":true,"href":"https:\/\/www.celttv.com.ar\/index.php\/wp-json\/wp\/v2\/tags?post=11854"}],"curies":[{"name":"wp","href":"https:\/\/api.w.org\/{rel}","templated":true}]}}