{"id":12024,"date":"2013-06-10T19:49:23","date_gmt":"2013-06-10T19:49:23","guid":{"rendered":"http:\/\/www.tvcnoticias.com.ar\/?p=12024"},"modified":"2013-06-10T19:49:23","modified_gmt":"2013-06-10T19:49:23","slug":"tornquist-el-palacio-municipal-esta-mas-cerca-de-su-fisonomia-original-videos-fotos-notas","status":"publish","type":"post","link":"https:\/\/www.celttv.com.ar\/index.php\/2013\/06\/10\/tornquist-el-palacio-municipal-esta-mas-cerca-de-su-fisonomia-original-videos-fotos-notas\/","title":{"rendered":"TORNQUIST: EL PALACIO MUNICIPAL ESTA MAS CERCA DE SU FISONOMIA ORIGINAL (Videos, fotos, notas)"},"content":{"rendered":"<p><br \/>\n<a href=\"http:\/\/www.youtube.com\/watch?v=aDPZJtNfR7o\"><a href=\"http:\/\/www.youtube.com\/watch?v=aDPZJtNfR7o\">httpv:\/\/www.youtube.com\/watch?v=aDPZJtNfR7o<\/a><\/a><br \/>\n<a href=\"http:\/\/www.youtube.com\/watch?v=kLZvj3OrVMc\"><a href=\"http:\/\/www.youtube.com\/watch?v=kLZvj3OrVMc\">httpv:\/\/www.youtube.com\/watch?v=kLZvj3OrVMc<\/a><\/a><br \/>\nEl Palacio Municipal de Tornquist va recuperando, poco a poco, su fisonom\u00eda original. En las \u00faltimas horas se puso en marcha la tercera etapa de la obra de restauraci\u00f3n y puesta en valor del mencionado edificio, que se encuentra enmarcada dentro del Programa de Mejoramiento Habitacional e Infraestructura B\u00e1sica II, financiado por el Ministerio de Planificaci\u00f3n Federal, Inversi\u00f3n P\u00fablica y Servicios de la Naci\u00f3n.<br \/>\nEl intendente municipal, licenciado Gustavo Trankels, no ocult\u00f3 su satisfacci\u00f3n por la intervenci\u00f3n que se est\u00e1 llevando a cabo sobre uno de los edificios hist\u00f3ricos m\u00e1s importantes de nuestro distrito, dise\u00f1ado y construido por el arquitecto e ingeniero Francisco Salamone, e inaugurado en 1938.<br \/>\n\u201cLa obra de Salamone tiene un valor hist\u00f3rico y arquitect\u00f3nico muy fuerte para los tornquistenses, pero tambi\u00e9n est\u00e1 siendo reconocida a nivel internacional. Y esto se evidencia en la presencia de admiradores de la misma que llegan al distrito\u201d, coment\u00f3 Trankels.<br \/>\n\u201cResult\u00f3 muy bueno poder interactuar con el Instituto Cultural a nivel proyecto y luego con distintos organismos provinciales y nacionales para ir poniendo en valor estas obras. En esta ocasi\u00f3n en particular, la posibilidad surgi\u00f3 a trav\u00e9s de un programa que se llama PROMHIB, que financia el Ministerio de Planificaci\u00f3n Federal que conduce el Arq. \u00a0Julio De Vido\u201d, mencion\u00f3 y agradeci\u00f3 la predisposici\u00f3n y apoyo de los organismos estatales nacionales y provinciales correspondientes, especialmente a la presidenta Cristina Fern\u00e1ndez y al gobernador Daniel Scioli.<br \/>\nEl jefe comunal destac\u00f3 la posibilidad de contratar a gente especialista en la materia, en este caso, el arquitecto Rub\u00e9n Otero.<br \/>\n\u201cEl es, adem\u00e1s, un entusiasta seguidor de la obra de Salamone y reconocido en este ambiente de restauraci\u00f3n de edificios hist\u00f3ricos. En esta instancia tambi\u00e9n se trata de corregir intervenciones un tanto desafortunadas o que no han cuidado la importancia del edificio. En esta obra es importante contar con el asesoramiento del Instituto Cultural, el trabajo diario de la arquitecta Anabella Madue\u00f1a y la Secretar\u00eda de Obras P\u00fablicas, y la intervenci\u00f3n del arquitecto Rub\u00e9n Otero\u201d, manifest\u00f3 Trankels.<br \/>\nPor su parte, Otero describi\u00f3 que se trat\u00f3 de un plan distribuido en tres etapas y que la que se encuentra en ejecuci\u00f3n tiene un plazo de 90 d\u00edas.<br \/>\n\u201cLa primera incluy\u00f3 la restauraci\u00f3n de la torre, con la posibilidad de recuperar la superficie original, que es el primer objeto que debe tener una tarea de restauraci\u00f3n. En la segunda empezamos a trabajar en el basamento del edificio, donde encontramos una serie de patolog\u00edas, fisuras, grietas y algunas acciones que no tienen que ver con el tiempo, sino con trabajos que no se realizaron dentro de las normas. En esa etapa se frenaron todos los procesos de deterioro para preservar la superficie y entrar en la \u00faltima etapa, que es la que estamos realizando\u201d, se\u00f1al\u00f3.<br \/>\n\u201cEn este caso estamos abordando la reintegraci\u00f3n de todo el revestimiento de s\u00edmil piedra Par\u00eds, desarrollado a partir del revestimiento original. En el laboratorio se desarroll\u00f3 un material de la misma composici\u00f3n, granulometr\u00eda y color que el original. Es verdad que puede haber alguna diferencia entre el material de la torre y el basamento, en cuanto a su imagen, que solamente el tiempo podr\u00e1 equilibrar. Nosotros podemos desarrollar el material exactamente igual al original, aunque no le podemos dar los 75 a\u00f1os de antig\u00fcedad que ese material tiene\u201d, explic\u00f3.<br \/>\nUna vez completado el revestimiento, se aplicar\u00e1 hidrorrepelente en toda la superficie, que permitir\u00e1 preservar y aislar el edificio de la humedad ambiente.<br \/>\n&nbsp;<\/p>\n","protected":false},"excerpt":{"rendered":"<p>httpv:\/\/www.youtube.com\/watch?v=aDPZJtNfR7o httpv:\/\/www.youtube.com\/watch?v=kLZvj3OrVMc El Palacio Municipal de Tornquist va recuperando, poco a poco, su fisonom\u00eda original. En las \u00faltimas horas se puso en marcha la tercera etapa de la obra de restauraci\u00f3n y puesta en valor del mencionado edificio, que se encuentra enmarcada dentro del Programa de Mejoramiento Habitacional e Infraestructura B\u00e1sica II, financiado por el [&hellip;]<\/p>\n","protected":false},"author":1,"featured_media":0,"comment_status":"closed","ping_status":"open","sticky":false,"template":"","format":"standard","meta":{"footnotes":""},"categories":[51,52,53,64],"tags":[],"class_list":["post-12024","post","type-post","status-publish","format-standard","hentry","category-comunidad","category-destacadas","category-politica","category-videos-destacados"],"yoast_head":"<!-- This site is optimized with the Yoast SEO plugin v19.7.1 - https:\/\/yoast.com\/wordpress\/plugins\/seo\/ -->\n<title>TORNQUIST: EL PALACIO MUNICIPAL ESTA MAS CERCA DE SU FISONOMIA ORIGINAL (Videos, fotos, notas) - CELTTV<\/title>\n<meta name=\"description\" content=\"Sitio web de noticias de la localidad de Tornquist, provincia de Buenos Aires, Rep\u00fablica Argentina. Contenido propio originado por periodistas de CELTTV, el canal de TV local de la Cooperativa El\u00e9ctrica de Tornquist. Turismo, Pol\u00edtica, Sociedad, Deporte, Cultura y todo el contenido de inter\u00e9s general que la gente del pueblo y la regi\u00f3n debe conocer.\" \/>\n<meta name=\"robots\" content=\"index, follow, max-snippet:-1, max-image-preview:large, max-video-preview:-1\" \/>\n<link rel=\"canonical\" href=\"https:\/\/www.celttv.com.ar\/index.php\/2013\/06\/10\/tornquist-el-palacio-municipal-esta-mas-cerca-de-su-fisonomia-original-videos-fotos-notas\/\" \/>\n<meta property=\"og:locale\" content=\"es_ES\" \/>\n<meta property=\"og:type\" content=\"article\" \/>\n<meta property=\"og:title\" content=\"TORNQUIST: EL PALACIO MUNICIPAL ESTA MAS CERCA DE SU FISONOMIA ORIGINAL (Videos, fotos, notas) - CELTTV\" \/>\n<meta property=\"og:description\" content=\"Sitio web de noticias de la localidad de Tornquist, provincia de Buenos Aires, Rep\u00fablica Argentina. Contenido propio originado por periodistas de CELTTV, el canal de TV local de la Cooperativa El\u00e9ctrica de Tornquist. Turismo, Pol\u00edtica, Sociedad, Deporte, Cultura y todo el contenido de inter\u00e9s general que la gente del pueblo y la regi\u00f3n debe conocer.\" \/>\n<meta property=\"og:url\" content=\"https:\/\/www.celttv.com.ar\/index.php\/2013\/06\/10\/tornquist-el-palacio-municipal-esta-mas-cerca-de-su-fisonomia-original-videos-fotos-notas\/\" \/>\n<meta property=\"og:site_name\" content=\"CELTTV\" \/>\n<meta property=\"article:publisher\" content=\"https:\/\/www.facebook.com\/celtTV\/\" \/>\n<meta property=\"article:published_time\" content=\"2013-06-10T19:49:23+00:00\" \/>\n<meta name=\"author\" content=\"ulises\" \/>\n<meta name=\"twitter:card\" content=\"summary_large_image\" \/>\n<meta name=\"twitter:label1\" content=\"Escrito por\" \/>\n\t<meta name=\"twitter:data1\" content=\"ulises\" \/>\n\t<meta name=\"twitter:label2\" content=\"Tiempo de lectura\" \/>\n\t<meta name=\"twitter:data2\" content=\"3 minutos\" \/>\n<script type=\"application\/ld+json\" class=\"yoast-schema-graph\">{\"@context\":\"https:\/\/schema.org\",\"@graph\":[{\"@type\":\"NewsArticle\",\"@id\":\"https:\/\/www.celttv.com.ar\/index.php\/2013\/06\/10\/tornquist-el-palacio-municipal-esta-mas-cerca-de-su-fisonomia-original-videos-fotos-notas\/#article\",\"isPartOf\":{\"@id\":\"https:\/\/www.celttv.com.ar\/index.php\/2013\/06\/10\/tornquist-el-palacio-municipal-esta-mas-cerca-de-su-fisonomia-original-videos-fotos-notas\/\"},\"author\":{\"name\":\"ulises\",\"@id\":\"https:\/\/www.celttv.com.ar\/#\/schema\/person\/6d99c072dba59953809c81446e9d0ace\"},\"headline\":\"TORNQUIST: EL PALACIO MUNICIPAL ESTA MAS CERCA DE SU FISONOMIA ORIGINAL (Videos, fotos, notas)\",\"datePublished\":\"2013-06-10T19:49:23+00:00\",\"dateModified\":\"2013-06-10T19:49:23+00:00\",\"mainEntityOfPage\":{\"@id\":\"https:\/\/www.celttv.com.ar\/index.php\/2013\/06\/10\/tornquist-el-palacio-municipal-esta-mas-cerca-de-su-fisonomia-original-videos-fotos-notas\/\"},\"wordCount\":643,\"publisher\":{\"@id\":\"https:\/\/www.celttv.com.ar\/#organization\"},\"articleSection\":[\"Comunidad\",\"Destacadas\",\"Pol\u00edtica\",\"Videos Destacados\"],\"inLanguage\":\"es\"},{\"@type\":\"WebPage\",\"@id\":\"https:\/\/www.celttv.com.ar\/index.php\/2013\/06\/10\/tornquist-el-palacio-municipal-esta-mas-cerca-de-su-fisonomia-original-videos-fotos-notas\/\",\"url\":\"https:\/\/www.celttv.com.ar\/index.php\/2013\/06\/10\/tornquist-el-palacio-municipal-esta-mas-cerca-de-su-fisonomia-original-videos-fotos-notas\/\",\"name\":\"TORNQUIST: EL PALACIO MUNICIPAL ESTA MAS CERCA DE SU FISONOMIA ORIGINAL (Videos, fotos, notas) - CELTTV\",\"isPartOf\":{\"@id\":\"https:\/\/www.celttv.com.ar\/#website\"},\"datePublished\":\"2013-06-10T19:49:23+00:00\",\"dateModified\":\"2013-06-10T19:49:23+00:00\",\"description\":\"Sitio web de noticias de la localidad de Tornquist, provincia de Buenos Aires, Rep\u00fablica Argentina. Contenido propio originado por periodistas de CELTTV, el canal de TV local de la Cooperativa El\u00e9ctrica de Tornquist. Turismo, Pol\u00edtica, Sociedad, Deporte, Cultura y todo el contenido de inter\u00e9s general que la gente del pueblo y la regi\u00f3n debe conocer.\",\"breadcrumb\":{\"@id\":\"https:\/\/www.celttv.com.ar\/index.php\/2013\/06\/10\/tornquist-el-palacio-municipal-esta-mas-cerca-de-su-fisonomia-original-videos-fotos-notas\/#breadcrumb\"},\"inLanguage\":\"es\",\"potentialAction\":[{\"@type\":\"ReadAction\",\"target\":[\"https:\/\/www.celttv.com.ar\/index.php\/2013\/06\/10\/tornquist-el-palacio-municipal-esta-mas-cerca-de-su-fisonomia-original-videos-fotos-notas\/\"]}]},{\"@type\":\"BreadcrumbList\",\"@id\":\"https:\/\/www.celttv.com.ar\/index.php\/2013\/06\/10\/tornquist-el-palacio-municipal-esta-mas-cerca-de-su-fisonomia-original-videos-fotos-notas\/#breadcrumb\",\"itemListElement\":[{\"@type\":\"ListItem\",\"position\":1,\"name\":\"Inicio\",\"item\":\"https:\/\/www.celttv.com.ar\/\"},{\"@type\":\"ListItem\",\"position\":2,\"name\":\"TORNQUIST: EL PALACIO MUNICIPAL ESTA MAS CERCA DE SU FISONOMIA ORIGINAL (Videos, fotos, notas)\"}]},{\"@type\":\"WebSite\",\"@id\":\"https:\/\/www.celttv.com.ar\/#website\",\"url\":\"https:\/\/www.celttv.com.ar\/\",\"name\":\"CELTTV\",\"description\":\"Cooperativa El\u00e9ctrica de Tornquist\",\"publisher\":{\"@id\":\"https:\/\/www.celttv.com.ar\/#organization\"},\"potentialAction\":[{\"@type\":\"SearchAction\",\"target\":{\"@type\":\"EntryPoint\",\"urlTemplate\":\"https:\/\/www.celttv.com.ar\/?s={search_term_string}\"},\"query-input\":\"required name=search_term_string\"}],\"inLanguage\":\"es\"},{\"@type\":\"Organization\",\"@id\":\"https:\/\/www.celttv.com.ar\/#organization\",\"name\":\"CELTTV\",\"url\":\"https:\/\/www.celttv.com.ar\/\",\"sameAs\":[\"https:\/\/www.youtube.com\/channel\/UCz_oIt8Hig64Ub-EmcNPIhg\",\"https:\/\/www.facebook.com\/celtTV\/\"],\"logo\":{\"@type\":\"ImageObject\",\"inLanguage\":\"es\",\"@id\":\"https:\/\/www.celttv.com.ar\/#\/schema\/logo\/image\/\",\"url\":\"http:\/\/www.celttv.com.ar\/wp-content\/uploads\/2022\/08\/logo-1.png\",\"contentUrl\":\"http:\/\/www.celttv.com.ar\/wp-content\/uploads\/2022\/08\/logo-1.png\",\"width\":461,\"height\":159,\"caption\":\"CELTTV\"},\"image\":{\"@id\":\"https:\/\/www.celttv.com.ar\/#\/schema\/logo\/image\/\"}},{\"@type\":\"Person\",\"@id\":\"https:\/\/www.celttv.com.ar\/#\/schema\/person\/6d99c072dba59953809c81446e9d0ace\",\"name\":\"ulises\",\"image\":{\"@type\":\"ImageObject\",\"inLanguage\":\"es\",\"@id\":\"https:\/\/www.celttv.com.ar\/#\/schema\/person\/image\/\",\"url\":\"https:\/\/secure.gravatar.com\/avatar\/7f2c48bdc33b30088f941fb6082e555f2874c98e20cb159d7b92b50eadfce793?s=96&d=mm&r=g\",\"contentUrl\":\"https:\/\/secure.gravatar.com\/avatar\/7f2c48bdc33b30088f941fb6082e555f2874c98e20cb159d7b92b50eadfce793?s=96&d=mm&r=g\",\"caption\":\"ulises\"},\"sameAs\":[\"http:\/\/www.celttv.com.ar\"]}]}<\/script>\n<!-- \/ Yoast SEO plugin. -->","yoast_head_json":{"title":"TORNQUIST: EL PALACIO MUNICIPAL ESTA MAS CERCA DE SU FISONOMIA ORIGINAL (Videos, fotos, notas) - CELTTV","description":"Sitio web de noticias de la localidad de Tornquist, provincia de Buenos Aires, Rep\u00fablica Argentina. Contenido propio originado por periodistas de CELTTV, el canal de TV local de la Cooperativa El\u00e9ctrica de Tornquist. Turismo, Pol\u00edtica, Sociedad, Deporte, Cultura y todo el contenido de inter\u00e9s general que la gente del pueblo y la regi\u00f3n debe conocer.","robots":{"index":"index","follow":"follow","max-snippet":"max-snippet:-1","max-image-preview":"max-image-preview:large","max-video-preview":"max-video-preview:-1"},"canonical":"https:\/\/www.celttv.com.ar\/index.php\/2013\/06\/10\/tornquist-el-palacio-municipal-esta-mas-cerca-de-su-fisonomia-original-videos-fotos-notas\/","og_locale":"es_ES","og_type":"article","og_title":"TORNQUIST: EL PALACIO MUNICIPAL ESTA MAS CERCA DE SU FISONOMIA ORIGINAL (Videos, fotos, notas) - CELTTV","og_description":"Sitio web de noticias de la localidad de Tornquist, provincia de Buenos Aires, Rep\u00fablica Argentina. Contenido propio originado por periodistas de CELTTV, el canal de TV local de la Cooperativa El\u00e9ctrica de Tornquist. Turismo, Pol\u00edtica, Sociedad, Deporte, Cultura y todo el contenido de inter\u00e9s general que la gente del pueblo y la regi\u00f3n debe conocer.","og_url":"https:\/\/www.celttv.com.ar\/index.php\/2013\/06\/10\/tornquist-el-palacio-municipal-esta-mas-cerca-de-su-fisonomia-original-videos-fotos-notas\/","og_site_name":"CELTTV","article_publisher":"https:\/\/www.facebook.com\/celtTV\/","article_published_time":"2013-06-10T19:49:23+00:00","author":"ulises","twitter_card":"summary_large_image","twitter_misc":{"Escrito por":"ulises","Tiempo de lectura":"3 minutos"},"schema":{"@context":"https:\/\/schema.org","@graph":[{"@type":"NewsArticle","@id":"https:\/\/www.celttv.com.ar\/index.php\/2013\/06\/10\/tornquist-el-palacio-municipal-esta-mas-cerca-de-su-fisonomia-original-videos-fotos-notas\/#article","isPartOf":{"@id":"https:\/\/www.celttv.com.ar\/index.php\/2013\/06\/10\/tornquist-el-palacio-municipal-esta-mas-cerca-de-su-fisonomia-original-videos-fotos-notas\/"},"author":{"name":"ulises","@id":"https:\/\/www.celttv.com.ar\/#\/schema\/person\/6d99c072dba59953809c81446e9d0ace"},"headline":"TORNQUIST: EL PALACIO MUNICIPAL ESTA MAS CERCA DE SU FISONOMIA ORIGINAL (Videos, fotos, notas)","datePublished":"2013-06-10T19:49:23+00:00","dateModified":"2013-06-10T19:49:23+00:00","mainEntityOfPage":{"@id":"https:\/\/www.celttv.com.ar\/index.php\/2013\/06\/10\/tornquist-el-palacio-municipal-esta-mas-cerca-de-su-fisonomia-original-videos-fotos-notas\/"},"wordCount":643,"publisher":{"@id":"https:\/\/www.celttv.com.ar\/#organization"},"articleSection":["Comunidad","Destacadas","Pol\u00edtica","Videos Destacados"],"inLanguage":"es"},{"@type":"WebPage","@id":"https:\/\/www.celttv.com.ar\/index.php\/2013\/06\/10\/tornquist-el-palacio-municipal-esta-mas-cerca-de-su-fisonomia-original-videos-fotos-notas\/","url":"https:\/\/www.celttv.com.ar\/index.php\/2013\/06\/10\/tornquist-el-palacio-municipal-esta-mas-cerca-de-su-fisonomia-original-videos-fotos-notas\/","name":"TORNQUIST: EL PALACIO MUNICIPAL ESTA MAS CERCA DE SU FISONOMIA ORIGINAL (Videos, fotos, notas) - CELTTV","isPartOf":{"@id":"https:\/\/www.celttv.com.ar\/#website"},"datePublished":"2013-06-10T19:49:23+00:00","dateModified":"2013-06-10T19:49:23+00:00","description":"Sitio web de noticias de la localidad de Tornquist, provincia de Buenos Aires, Rep\u00fablica Argentina. Contenido propio originado por periodistas de CELTTV, el canal de TV local de la Cooperativa El\u00e9ctrica de Tornquist. Turismo, Pol\u00edtica, Sociedad, Deporte, Cultura y todo el contenido de inter\u00e9s general que la gente del pueblo y la regi\u00f3n debe conocer.","breadcrumb":{"@id":"https:\/\/www.celttv.com.ar\/index.php\/2013\/06\/10\/tornquist-el-palacio-municipal-esta-mas-cerca-de-su-fisonomia-original-videos-fotos-notas\/#breadcrumb"},"inLanguage":"es","potentialAction":[{"@type":"ReadAction","target":["https:\/\/www.celttv.com.ar\/index.php\/2013\/06\/10\/tornquist-el-palacio-municipal-esta-mas-cerca-de-su-fisonomia-original-videos-fotos-notas\/"]}]},{"@type":"BreadcrumbList","@id":"https:\/\/www.celttv.com.ar\/index.php\/2013\/06\/10\/tornquist-el-palacio-municipal-esta-mas-cerca-de-su-fisonomia-original-videos-fotos-notas\/#breadcrumb","itemListElement":[{"@type":"ListItem","position":1,"name":"Inicio","item":"https:\/\/www.celttv.com.ar\/"},{"@type":"ListItem","position":2,"name":"TORNQUIST: EL PALACIO MUNICIPAL ESTA MAS CERCA DE SU FISONOMIA ORIGINAL (Videos, fotos, notas)"}]},{"@type":"WebSite","@id":"https:\/\/www.celttv.com.ar\/#website","url":"https:\/\/www.celttv.com.ar\/","name":"CELTTV","description":"Cooperativa El\u00e9ctrica de Tornquist","publisher":{"@id":"https:\/\/www.celttv.com.ar\/#organization"},"potentialAction":[{"@type":"SearchAction","target":{"@type":"EntryPoint","urlTemplate":"https:\/\/www.celttv.com.ar\/?s={search_term_string}"},"query-input":"required name=search_term_string"}],"inLanguage":"es"},{"@type":"Organization","@id":"https:\/\/www.celttv.com.ar\/#organization","name":"CELTTV","url":"https:\/\/www.celttv.com.ar\/","sameAs":["https:\/\/www.youtube.com\/channel\/UCz_oIt8Hig64Ub-EmcNPIhg","https:\/\/www.facebook.com\/celtTV\/"],"logo":{"@type":"ImageObject","inLanguage":"es","@id":"https:\/\/www.celttv.com.ar\/#\/schema\/logo\/image\/","url":"http:\/\/www.celttv.com.ar\/wp-content\/uploads\/2022\/08\/logo-1.png","contentUrl":"http:\/\/www.celttv.com.ar\/wp-content\/uploads\/2022\/08\/logo-1.png","width":461,"height":159,"caption":"CELTTV"},"image":{"@id":"https:\/\/www.celttv.com.ar\/#\/schema\/logo\/image\/"}},{"@type":"Person","@id":"https:\/\/www.celttv.com.ar\/#\/schema\/person\/6d99c072dba59953809c81446e9d0ace","name":"ulises","image":{"@type":"ImageObject","inLanguage":"es","@id":"https:\/\/www.celttv.com.ar\/#\/schema\/person\/image\/","url":"https:\/\/secure.gravatar.com\/avatar\/7f2c48bdc33b30088f941fb6082e555f2874c98e20cb159d7b92b50eadfce793?s=96&d=mm&r=g","contentUrl":"https:\/\/secure.gravatar.com\/avatar\/7f2c48bdc33b30088f941fb6082e555f2874c98e20cb159d7b92b50eadfce793?s=96&d=mm&r=g","caption":"ulises"},"sameAs":["http:\/\/www.celttv.com.ar"]}]}},"_links":{"self":[{"href":"https:\/\/www.celttv.com.ar\/index.php\/wp-json\/wp\/v2\/posts\/12024","targetHints":{"allow":["GET"]}}],"collection":[{"href":"https:\/\/www.celttv.com.ar\/index.php\/wp-json\/wp\/v2\/posts"}],"about":[{"href":"https:\/\/www.celttv.com.ar\/index.php\/wp-json\/wp\/v2\/types\/post"}],"author":[{"embeddable":true,"href":"https:\/\/www.celttv.com.ar\/index.php\/wp-json\/wp\/v2\/users\/1"}],"replies":[{"embeddable":true,"href":"https:\/\/www.celttv.com.ar\/index.php\/wp-json\/wp\/v2\/comments?post=12024"}],"version-history":[{"count":0,"href":"https:\/\/www.celttv.com.ar\/index.php\/wp-json\/wp\/v2\/posts\/12024\/revisions"}],"wp:attachment":[{"href":"https:\/\/www.celttv.com.ar\/index.php\/wp-json\/wp\/v2\/media?parent=12024"}],"wp:term":[{"taxonomy":"category","embeddable":true,"href":"https:\/\/www.celttv.com.ar\/index.php\/wp-json\/wp\/v2\/categories?post=12024"},{"taxonomy":"post_tag","embeddable":true,"href":"https:\/\/www.celttv.com.ar\/index.php\/wp-json\/wp\/v2\/tags?post=12024"}],"curies":[{"name":"wp","href":"https:\/\/api.w.org\/{rel}","templated":true}]}}