{"id":12037,"date":"2013-06-11T13:07:24","date_gmt":"2013-06-11T13:07:24","guid":{"rendered":"http:\/\/www.tvcnoticias.com.ar\/?p=12037"},"modified":"2013-06-11T13:07:24","modified_gmt":"2013-06-11T13:07:24","slug":"eva-y-victoria-otra-obra-de-primer-nivel-que-llega-a-tornquist","status":"publish","type":"post","link":"https:\/\/www.celttv.com.ar\/index.php\/2013\/06\/11\/eva-y-victoria-otra-obra-de-primer-nivel-que-llega-a-tornquist\/","title":{"rendered":"&#8220;EVA Y VICTORIA&#8221;, OTRA OBRA DE PRIMER NIVEL QUE LLEGA A TORNQUIST"},"content":{"rendered":"<p>Las tablas del Teatro Municipal \u201cRodolfo Funke\u201d siguen sumando interesantes propuestas para todos los vecinos. En las \u00faltimas horas se confirm\u00f3 la presentaci\u00f3n de la obra \u201cEva y Victoria\u201d, con las estelares actuaciones de las reconocidas Norma Pons y Emilia Mazer.<br \/>\nLa actuaci\u00f3n se producir\u00e1 el domingo 7 de julio, desde las 20, en el principal escenario de nuestro distrito, que este a\u00f1o est\u00e1 apostando fuerte por las producciones culturales. Las entradas anticipadas se encuentran a la venta en la oficina dispuesta en el propio teatro, de lunes a viernes, de 8 a 14 horas.<br \/>\nLa obra, dirigida por M\u00f3nica Ottino y adaptada por Graciela Dufau, remite a un encuentro imaginario entre estas dos importantes figuras de la historia argentina, y que plantea un debate profundo y cada vez m\u00e1s actual sobre la  Argentina que so\u00f1amos para nuestro futuro.<br \/>\nDos mujeres. Dos mundos. Dos visiones de la realidad y un s\u00f3lo objetivo: La defensa de los derechos de las mujeres y de los m\u00e1s despose\u00eddos. Un debate intenso, profundo y cada vez m\u00e1s actual. Dos puntos de vista aparentemente irreconciliables, pero que al final coinciden en la meta,\u00a0 es lo que plantea el encuentro de estas dos grandes mujeres en un mundo ideal, en una fecha imprecisa, pero que tiene el valor de plantear estas dos grandes visiones que siempre dividieron a la Argentina y el supremo objetivo\u00a0 de integrarlas y comprenderlas.<br \/>\n<strong> <\/strong>Emilia Mazer,<strong> <\/strong>en una composici\u00f3n brillante, da vida esta vez a Eva Per\u00f3n en sus\u00a0 \u00faltimos a\u00f1os; mientras que Norma Pons, una de las m\u00e1s grandes actrices de la escena nacional, es Victoria Ocampo, ya en plena madurez. Liliana Troiano<strong> <\/strong>acompa\u00f1a a ambas en el escenario.<br \/>\n<strong>M\u00e1s propuestas<\/strong><br \/>\nEl mes de junio tendr\u00e1 mucha actividad en el Teatro Municipal. Las propuestas que se presentar\u00e1n son las siguientes:<br \/>\n&#8211;\u00a0\u00a0\u00a0\u00a0\u00a0\u00a0\u00a0\u00a0\u00a0 <span style=\"text-decoration: underline;\">Viernes 14<\/span>: Full Tango, organizado por el Centro de Jubilados y Pensionados de Tornquist. A las 20.30.<br \/>\n&#8211;\u00a0\u00a0\u00a0\u00a0\u00a0\u00a0\u00a0\u00a0\u00a0 <span style=\"text-decoration: underline;\">Martes 18<\/span>: 19hs, apertura y exposici\u00f3n del Taller de Dibujo de Carlos Giusti.<br \/>\n&#8211;\u00a0\u00a0\u00a0\u00a0\u00a0\u00a0\u00a0\u00a0\u00a0 <span style=\"text-decoration: underline;\">Mi\u00e9rcoles 19<\/span>: Taller de dibujo. Desde los 15 a\u00f1os. De 9 a 18 hs.<br \/>\n&#8211;\u00a0\u00a0\u00a0\u00a0\u00a0\u00a0\u00a0\u00a0\u00a0 <span style=\"text-decoration: underline;\">Del martes 18 al viernes 28<\/span>: Exposici\u00f3n abierta al p\u00fablico.<br \/>\n&#8211;\u00a0\u00a0\u00a0\u00a0\u00a0\u00a0\u00a0\u00a0\u00a0 <span style=\"text-decoration: underline;\">Domingo 23<\/span>: \u201cHumores que matan\u201d, con las actuaciones estelares de Soledad Silveira y Mar\u00eda Valenzuela. A las 20.30. Entradas en venta.<br \/>\n&nbsp;<\/p>\n","protected":false},"excerpt":{"rendered":"<p>Las tablas del Teatro Municipal \u201cRodolfo Funke\u201d siguen sumando interesantes propuestas para todos los vecinos. En las \u00faltimas horas se confirm\u00f3 la presentaci\u00f3n de la obra \u201cEva y Victoria\u201d, con las estelares actuaciones de las reconocidas Norma Pons y Emilia Mazer. La actuaci\u00f3n se producir\u00e1 el domingo 7 de julio, desde las 20, en el [&hellip;]<\/p>\n","protected":false},"author":1,"featured_media":0,"comment_status":"closed","ping_status":"open","sticky":false,"template":"","format":"standard","meta":{"footnotes":""},"categories":[52,56],"tags":[],"class_list":["post-12037","post","type-post","status-publish","format-standard","hentry","category-destacadas","category-espectaculos"],"yoast_head":"<!-- This site is optimized with the Yoast SEO plugin v19.7.1 - https:\/\/yoast.com\/wordpress\/plugins\/seo\/ -->\n<title>&quot;EVA Y VICTORIA&quot;, OTRA OBRA DE PRIMER NIVEL QUE LLEGA A TORNQUIST - CELTTV<\/title>\n<meta name=\"description\" content=\"Sitio web de noticias de la localidad de Tornquist, provincia de Buenos Aires, Rep\u00fablica Argentina. Contenido propio originado por periodistas de CELTTV, el canal de TV local de la Cooperativa El\u00e9ctrica de Tornquist. Turismo, Pol\u00edtica, Sociedad, Deporte, Cultura y todo el contenido de inter\u00e9s general que la gente del pueblo y la regi\u00f3n debe conocer.\" \/>\n<meta name=\"robots\" content=\"index, follow, max-snippet:-1, max-image-preview:large, max-video-preview:-1\" \/>\n<link rel=\"canonical\" href=\"https:\/\/www.celttv.com.ar\/index.php\/2013\/06\/11\/eva-y-victoria-otra-obra-de-primer-nivel-que-llega-a-tornquist\/\" \/>\n<meta property=\"og:locale\" content=\"es_ES\" \/>\n<meta property=\"og:type\" content=\"article\" \/>\n<meta property=\"og:title\" content=\"&quot;EVA Y VICTORIA&quot;, OTRA OBRA DE PRIMER NIVEL QUE LLEGA A TORNQUIST - CELTTV\" \/>\n<meta property=\"og:description\" content=\"Sitio web de noticias de la localidad de Tornquist, provincia de Buenos Aires, Rep\u00fablica Argentina. Contenido propio originado por periodistas de CELTTV, el canal de TV local de la Cooperativa El\u00e9ctrica de Tornquist. Turismo, Pol\u00edtica, Sociedad, Deporte, Cultura y todo el contenido de inter\u00e9s general que la gente del pueblo y la regi\u00f3n debe conocer.\" \/>\n<meta property=\"og:url\" content=\"https:\/\/www.celttv.com.ar\/index.php\/2013\/06\/11\/eva-y-victoria-otra-obra-de-primer-nivel-que-llega-a-tornquist\/\" \/>\n<meta property=\"og:site_name\" content=\"CELTTV\" \/>\n<meta property=\"article:publisher\" content=\"https:\/\/www.facebook.com\/celtTV\/\" \/>\n<meta property=\"article:published_time\" content=\"2013-06-11T13:07:24+00:00\" \/>\n<meta name=\"author\" content=\"ulises\" \/>\n<meta name=\"twitter:card\" content=\"summary_large_image\" \/>\n<meta name=\"twitter:label1\" content=\"Escrito por\" \/>\n\t<meta name=\"twitter:data1\" content=\"ulises\" \/>\n\t<meta name=\"twitter:label2\" content=\"Tiempo de lectura\" \/>\n\t<meta name=\"twitter:data2\" content=\"2 minutos\" \/>\n<script type=\"application\/ld+json\" class=\"yoast-schema-graph\">{\"@context\":\"https:\/\/schema.org\",\"@graph\":[{\"@type\":\"NewsArticle\",\"@id\":\"https:\/\/www.celttv.com.ar\/index.php\/2013\/06\/11\/eva-y-victoria-otra-obra-de-primer-nivel-que-llega-a-tornquist\/#article\",\"isPartOf\":{\"@id\":\"https:\/\/www.celttv.com.ar\/index.php\/2013\/06\/11\/eva-y-victoria-otra-obra-de-primer-nivel-que-llega-a-tornquist\/\"},\"author\":{\"name\":\"ulises\",\"@id\":\"https:\/\/www.celttv.com.ar\/#\/schema\/person\/6d99c072dba59953809c81446e9d0ace\"},\"headline\":\"&#8220;EVA Y VICTORIA&#8221;, OTRA OBRA DE PRIMER NIVEL QUE LLEGA A TORNQUIST\",\"datePublished\":\"2013-06-11T13:07:24+00:00\",\"dateModified\":\"2013-06-11T13:07:24+00:00\",\"mainEntityOfPage\":{\"@id\":\"https:\/\/www.celttv.com.ar\/index.php\/2013\/06\/11\/eva-y-victoria-otra-obra-de-primer-nivel-que-llega-a-tornquist\/\"},\"wordCount\":400,\"publisher\":{\"@id\":\"https:\/\/www.celttv.com.ar\/#organization\"},\"articleSection\":[\"Destacadas\",\"Espect\u00e1culos\"],\"inLanguage\":\"es\"},{\"@type\":\"WebPage\",\"@id\":\"https:\/\/www.celttv.com.ar\/index.php\/2013\/06\/11\/eva-y-victoria-otra-obra-de-primer-nivel-que-llega-a-tornquist\/\",\"url\":\"https:\/\/www.celttv.com.ar\/index.php\/2013\/06\/11\/eva-y-victoria-otra-obra-de-primer-nivel-que-llega-a-tornquist\/\",\"name\":\"\\\"EVA Y VICTORIA\\\", OTRA OBRA DE PRIMER NIVEL QUE LLEGA A TORNQUIST - CELTTV\",\"isPartOf\":{\"@id\":\"https:\/\/www.celttv.com.ar\/#website\"},\"datePublished\":\"2013-06-11T13:07:24+00:00\",\"dateModified\":\"2013-06-11T13:07:24+00:00\",\"description\":\"Sitio web de noticias de la localidad de Tornquist, provincia de Buenos Aires, Rep\u00fablica Argentina. Contenido propio originado por periodistas de CELTTV, el canal de TV local de la Cooperativa El\u00e9ctrica de Tornquist. Turismo, Pol\u00edtica, Sociedad, Deporte, Cultura y todo el contenido de inter\u00e9s general que la gente del pueblo y la regi\u00f3n debe conocer.\",\"breadcrumb\":{\"@id\":\"https:\/\/www.celttv.com.ar\/index.php\/2013\/06\/11\/eva-y-victoria-otra-obra-de-primer-nivel-que-llega-a-tornquist\/#breadcrumb\"},\"inLanguage\":\"es\",\"potentialAction\":[{\"@type\":\"ReadAction\",\"target\":[\"https:\/\/www.celttv.com.ar\/index.php\/2013\/06\/11\/eva-y-victoria-otra-obra-de-primer-nivel-que-llega-a-tornquist\/\"]}]},{\"@type\":\"BreadcrumbList\",\"@id\":\"https:\/\/www.celttv.com.ar\/index.php\/2013\/06\/11\/eva-y-victoria-otra-obra-de-primer-nivel-que-llega-a-tornquist\/#breadcrumb\",\"itemListElement\":[{\"@type\":\"ListItem\",\"position\":1,\"name\":\"Inicio\",\"item\":\"https:\/\/www.celttv.com.ar\/\"},{\"@type\":\"ListItem\",\"position\":2,\"name\":\"&#8220;EVA Y VICTORIA&#8221;, OTRA OBRA DE PRIMER NIVEL QUE LLEGA A TORNQUIST\"}]},{\"@type\":\"WebSite\",\"@id\":\"https:\/\/www.celttv.com.ar\/#website\",\"url\":\"https:\/\/www.celttv.com.ar\/\",\"name\":\"CELTTV\",\"description\":\"Cooperativa El\u00e9ctrica de Tornquist\",\"publisher\":{\"@id\":\"https:\/\/www.celttv.com.ar\/#organization\"},\"potentialAction\":[{\"@type\":\"SearchAction\",\"target\":{\"@type\":\"EntryPoint\",\"urlTemplate\":\"https:\/\/www.celttv.com.ar\/?s={search_term_string}\"},\"query-input\":\"required name=search_term_string\"}],\"inLanguage\":\"es\"},{\"@type\":\"Organization\",\"@id\":\"https:\/\/www.celttv.com.ar\/#organization\",\"name\":\"CELTTV\",\"url\":\"https:\/\/www.celttv.com.ar\/\",\"sameAs\":[\"https:\/\/www.youtube.com\/channel\/UCz_oIt8Hig64Ub-EmcNPIhg\",\"https:\/\/www.facebook.com\/celtTV\/\"],\"logo\":{\"@type\":\"ImageObject\",\"inLanguage\":\"es\",\"@id\":\"https:\/\/www.celttv.com.ar\/#\/schema\/logo\/image\/\",\"url\":\"http:\/\/www.celttv.com.ar\/wp-content\/uploads\/2022\/08\/logo-1.png\",\"contentUrl\":\"http:\/\/www.celttv.com.ar\/wp-content\/uploads\/2022\/08\/logo-1.png\",\"width\":461,\"height\":159,\"caption\":\"CELTTV\"},\"image\":{\"@id\":\"https:\/\/www.celttv.com.ar\/#\/schema\/logo\/image\/\"}},{\"@type\":\"Person\",\"@id\":\"https:\/\/www.celttv.com.ar\/#\/schema\/person\/6d99c072dba59953809c81446e9d0ace\",\"name\":\"ulises\",\"image\":{\"@type\":\"ImageObject\",\"inLanguage\":\"es\",\"@id\":\"https:\/\/www.celttv.com.ar\/#\/schema\/person\/image\/\",\"url\":\"https:\/\/secure.gravatar.com\/avatar\/7f2c48bdc33b30088f941fb6082e555f2874c98e20cb159d7b92b50eadfce793?s=96&d=mm&r=g\",\"contentUrl\":\"https:\/\/secure.gravatar.com\/avatar\/7f2c48bdc33b30088f941fb6082e555f2874c98e20cb159d7b92b50eadfce793?s=96&d=mm&r=g\",\"caption\":\"ulises\"},\"sameAs\":[\"http:\/\/www.celttv.com.ar\"]}]}<\/script>\n<!-- \/ Yoast SEO plugin. -->","yoast_head_json":{"title":"\"EVA Y VICTORIA\", OTRA OBRA DE PRIMER NIVEL QUE LLEGA A TORNQUIST - CELTTV","description":"Sitio web de noticias de la localidad de Tornquist, provincia de Buenos Aires, Rep\u00fablica Argentina. Contenido propio originado por periodistas de CELTTV, el canal de TV local de la Cooperativa El\u00e9ctrica de Tornquist. Turismo, Pol\u00edtica, Sociedad, Deporte, Cultura y todo el contenido de inter\u00e9s general que la gente del pueblo y la regi\u00f3n debe conocer.","robots":{"index":"index","follow":"follow","max-snippet":"max-snippet:-1","max-image-preview":"max-image-preview:large","max-video-preview":"max-video-preview:-1"},"canonical":"https:\/\/www.celttv.com.ar\/index.php\/2013\/06\/11\/eva-y-victoria-otra-obra-de-primer-nivel-que-llega-a-tornquist\/","og_locale":"es_ES","og_type":"article","og_title":"\"EVA Y VICTORIA\", OTRA OBRA DE PRIMER NIVEL QUE LLEGA A TORNQUIST - CELTTV","og_description":"Sitio web de noticias de la localidad de Tornquist, provincia de Buenos Aires, Rep\u00fablica Argentina. Contenido propio originado por periodistas de CELTTV, el canal de TV local de la Cooperativa El\u00e9ctrica de Tornquist. Turismo, Pol\u00edtica, Sociedad, Deporte, Cultura y todo el contenido de inter\u00e9s general que la gente del pueblo y la regi\u00f3n debe conocer.","og_url":"https:\/\/www.celttv.com.ar\/index.php\/2013\/06\/11\/eva-y-victoria-otra-obra-de-primer-nivel-que-llega-a-tornquist\/","og_site_name":"CELTTV","article_publisher":"https:\/\/www.facebook.com\/celtTV\/","article_published_time":"2013-06-11T13:07:24+00:00","author":"ulises","twitter_card":"summary_large_image","twitter_misc":{"Escrito por":"ulises","Tiempo de lectura":"2 minutos"},"schema":{"@context":"https:\/\/schema.org","@graph":[{"@type":"NewsArticle","@id":"https:\/\/www.celttv.com.ar\/index.php\/2013\/06\/11\/eva-y-victoria-otra-obra-de-primer-nivel-que-llega-a-tornquist\/#article","isPartOf":{"@id":"https:\/\/www.celttv.com.ar\/index.php\/2013\/06\/11\/eva-y-victoria-otra-obra-de-primer-nivel-que-llega-a-tornquist\/"},"author":{"name":"ulises","@id":"https:\/\/www.celttv.com.ar\/#\/schema\/person\/6d99c072dba59953809c81446e9d0ace"},"headline":"&#8220;EVA Y VICTORIA&#8221;, OTRA OBRA DE PRIMER NIVEL QUE LLEGA A TORNQUIST","datePublished":"2013-06-11T13:07:24+00:00","dateModified":"2013-06-11T13:07:24+00:00","mainEntityOfPage":{"@id":"https:\/\/www.celttv.com.ar\/index.php\/2013\/06\/11\/eva-y-victoria-otra-obra-de-primer-nivel-que-llega-a-tornquist\/"},"wordCount":400,"publisher":{"@id":"https:\/\/www.celttv.com.ar\/#organization"},"articleSection":["Destacadas","Espect\u00e1culos"],"inLanguage":"es"},{"@type":"WebPage","@id":"https:\/\/www.celttv.com.ar\/index.php\/2013\/06\/11\/eva-y-victoria-otra-obra-de-primer-nivel-que-llega-a-tornquist\/","url":"https:\/\/www.celttv.com.ar\/index.php\/2013\/06\/11\/eva-y-victoria-otra-obra-de-primer-nivel-que-llega-a-tornquist\/","name":"\"EVA Y VICTORIA\", OTRA OBRA DE PRIMER NIVEL QUE LLEGA A TORNQUIST - CELTTV","isPartOf":{"@id":"https:\/\/www.celttv.com.ar\/#website"},"datePublished":"2013-06-11T13:07:24+00:00","dateModified":"2013-06-11T13:07:24+00:00","description":"Sitio web de noticias de la localidad de Tornquist, provincia de Buenos Aires, Rep\u00fablica Argentina. Contenido propio originado por periodistas de CELTTV, el canal de TV local de la Cooperativa El\u00e9ctrica de Tornquist. Turismo, Pol\u00edtica, Sociedad, Deporte, Cultura y todo el contenido de inter\u00e9s general que la gente del pueblo y la regi\u00f3n debe conocer.","breadcrumb":{"@id":"https:\/\/www.celttv.com.ar\/index.php\/2013\/06\/11\/eva-y-victoria-otra-obra-de-primer-nivel-que-llega-a-tornquist\/#breadcrumb"},"inLanguage":"es","potentialAction":[{"@type":"ReadAction","target":["https:\/\/www.celttv.com.ar\/index.php\/2013\/06\/11\/eva-y-victoria-otra-obra-de-primer-nivel-que-llega-a-tornquist\/"]}]},{"@type":"BreadcrumbList","@id":"https:\/\/www.celttv.com.ar\/index.php\/2013\/06\/11\/eva-y-victoria-otra-obra-de-primer-nivel-que-llega-a-tornquist\/#breadcrumb","itemListElement":[{"@type":"ListItem","position":1,"name":"Inicio","item":"https:\/\/www.celttv.com.ar\/"},{"@type":"ListItem","position":2,"name":"&#8220;EVA Y VICTORIA&#8221;, OTRA OBRA DE PRIMER NIVEL QUE LLEGA A TORNQUIST"}]},{"@type":"WebSite","@id":"https:\/\/www.celttv.com.ar\/#website","url":"https:\/\/www.celttv.com.ar\/","name":"CELTTV","description":"Cooperativa El\u00e9ctrica de Tornquist","publisher":{"@id":"https:\/\/www.celttv.com.ar\/#organization"},"potentialAction":[{"@type":"SearchAction","target":{"@type":"EntryPoint","urlTemplate":"https:\/\/www.celttv.com.ar\/?s={search_term_string}"},"query-input":"required name=search_term_string"}],"inLanguage":"es"},{"@type":"Organization","@id":"https:\/\/www.celttv.com.ar\/#organization","name":"CELTTV","url":"https:\/\/www.celttv.com.ar\/","sameAs":["https:\/\/www.youtube.com\/channel\/UCz_oIt8Hig64Ub-EmcNPIhg","https:\/\/www.facebook.com\/celtTV\/"],"logo":{"@type":"ImageObject","inLanguage":"es","@id":"https:\/\/www.celttv.com.ar\/#\/schema\/logo\/image\/","url":"http:\/\/www.celttv.com.ar\/wp-content\/uploads\/2022\/08\/logo-1.png","contentUrl":"http:\/\/www.celttv.com.ar\/wp-content\/uploads\/2022\/08\/logo-1.png","width":461,"height":159,"caption":"CELTTV"},"image":{"@id":"https:\/\/www.celttv.com.ar\/#\/schema\/logo\/image\/"}},{"@type":"Person","@id":"https:\/\/www.celttv.com.ar\/#\/schema\/person\/6d99c072dba59953809c81446e9d0ace","name":"ulises","image":{"@type":"ImageObject","inLanguage":"es","@id":"https:\/\/www.celttv.com.ar\/#\/schema\/person\/image\/","url":"https:\/\/secure.gravatar.com\/avatar\/7f2c48bdc33b30088f941fb6082e555f2874c98e20cb159d7b92b50eadfce793?s=96&d=mm&r=g","contentUrl":"https:\/\/secure.gravatar.com\/avatar\/7f2c48bdc33b30088f941fb6082e555f2874c98e20cb159d7b92b50eadfce793?s=96&d=mm&r=g","caption":"ulises"},"sameAs":["http:\/\/www.celttv.com.ar"]}]}},"_links":{"self":[{"href":"https:\/\/www.celttv.com.ar\/index.php\/wp-json\/wp\/v2\/posts\/12037","targetHints":{"allow":["GET"]}}],"collection":[{"href":"https:\/\/www.celttv.com.ar\/index.php\/wp-json\/wp\/v2\/posts"}],"about":[{"href":"https:\/\/www.celttv.com.ar\/index.php\/wp-json\/wp\/v2\/types\/post"}],"author":[{"embeddable":true,"href":"https:\/\/www.celttv.com.ar\/index.php\/wp-json\/wp\/v2\/users\/1"}],"replies":[{"embeddable":true,"href":"https:\/\/www.celttv.com.ar\/index.php\/wp-json\/wp\/v2\/comments?post=12037"}],"version-history":[{"count":0,"href":"https:\/\/www.celttv.com.ar\/index.php\/wp-json\/wp\/v2\/posts\/12037\/revisions"}],"wp:attachment":[{"href":"https:\/\/www.celttv.com.ar\/index.php\/wp-json\/wp\/v2\/media?parent=12037"}],"wp:term":[{"taxonomy":"category","embeddable":true,"href":"https:\/\/www.celttv.com.ar\/index.php\/wp-json\/wp\/v2\/categories?post=12037"},{"taxonomy":"post_tag","embeddable":true,"href":"https:\/\/www.celttv.com.ar\/index.php\/wp-json\/wp\/v2\/tags?post=12037"}],"curies":[{"name":"wp","href":"https:\/\/api.w.org\/{rel}","templated":true}]}}