{"id":12048,"date":"2013-06-11T21:09:06","date_gmt":"2013-06-11T21:09:06","guid":{"rendered":"http:\/\/www.tvcnoticias.com.ar\/?p=12048"},"modified":"2013-06-11T21:09:06","modified_gmt":"2013-06-11T21:09:06","slug":"automoto-dejo-en-el-camino-al-faraon-y-va-por-sarmiento-compcto-y-notas","status":"publish","type":"post","link":"https:\/\/www.celttv.com.ar\/index.php\/2013\/06\/11\/automoto-dejo-en-el-camino-al-faraon-y-va-por-sarmiento-compcto-y-notas\/","title":{"rendered":"AUTOMOTO DEJO EN EL CAMINO AL FARAON Y VA POR SARMIENTO (compcto y notas)"},"content":{"rendered":"<p><a href=\"http:\/\/www.youtube.com\/watch?v=lEUNALkH0Xs\"><a href=\"http:\/\/www.youtube.com\/watch?v=lEUNALkH0Xs\">httpv:\/\/www.youtube.com\/watch?v=lEUNALkH0Xs<\/a><\/a><br \/>\n<a href=\"http:\/\/www.youtube.com\/watch?v=ZwuBhe5_CRo\"><a href=\"http:\/\/www.youtube.com\/watch?v=ZwuBhe5_CRo\">httpv:\/\/www.youtube.com\/watch?v=ZwuBhe5_CRo<\/a><\/a><br \/>\nAutomoto venci\u00f3 a Puan Futbol Club por 3 a 1, en un magnifico primer tiempo realizado por los de Carlos Salvi. Corinaldi y Pulgar en dos oportunidades marcaron las conquistas del azulgrana. Descont\u00f3 Bertolotto de penal.<br \/>\nDesde el vestuario, el local comenzaba a hilvanar la goleada en su casa. Transcurr\u00edan los primeros 60 segundos de partido cuando Montero sobre la derecha ejecuta un centro perfecto para la cabeza de\u00a0<strong><em>Mariano Corinaldi<\/em><\/strong> que con un frentazo cruzado venc\u00eda a Arce y pon\u00eda el 1 a 0. Todav\u00eda nadie se hab\u00eda acomodado en el estadio, y el rojo hac\u00eda sentirla local\u00eda. A los 4, \u00c1vila tira un centro desde la izquierda y Corinaldi nuevamente, saca una bolea que se estrella en la base del parante izquierdo del arquero visitante. Era todo de Automoto, que atacaba por las bandas, y llegaba con much\u00edsima gente al \u00e1rea del fara\u00f3n. El local dominaba, y aunque la defensa dejaba espacios, no estaba fino en el \u00faltimo pase. Dos oportunidades claras tuvoP\u00faan Futbol Club para empatar promediando la primera mitad. Una en los pies de Alc\u00e1ntara que remat\u00f3 de lejos y encontr\u00f3 bien parado a Gatti. La segunda fue luego de una buena jugada colectiva, Miranda le baja la pelota con el pecho a Geist que remata, y da en el palo.<br \/>\nAutomoto sinti\u00f3 que la visita se ven\u00eda y apret\u00f3 el acelerador. Excelente habilitaci\u00f3n de cucharita de Salas para Pulgar que remata y se va a cent\u00edmetros del poste derecho de Arce. Magnifico movimiento de \u00c1vila que, sin tocar la pelota, deja a 3 rivales parados y remata, pero Arce muy bien parado manda el bal\u00f3n al tiro de esquina. A los 35 minutos Automoto ampl\u00eda diferencias.\u00a0<strong><em>Franco Pulgar<\/em><\/strong> encuentra un rebote dentro del \u00e1rea luego de un c\u00f3rner, y fulmina a Arce que nada pudo hacer. Era el 2 a 0, que reflejaba mejor lo que pasaba en el partido. Cinco minutos despu\u00e9s Gigliotti tira un centro al \u00e1rea, que cabecea Corinaldi d\u00e9bil y controla Arce. Tres minutos antes del final, se concret\u00f3 la goleada. Fr\u00edas habilita a Corinaldi por derecha, queda mano a mano pero nada ego\u00edsta, le cede la pelota a\u00a0<strong><em>Franco Pulgar<\/em><\/strong> que define solo. Automoto se pone 3 a 0 y marcaba lo sucedido en la primera mitad.<br \/>\nEl segundo tiempo solo sirvi\u00f3 para completar el partido, aunque la visita apret\u00f3 un poquito m\u00e1s a Automoto. Sin embargo el local tuvo dos para aumentar la goleada. La primera con Fr\u00edas, que se abri\u00f3 camino por el centro y mano a mano, practic\u00f3 una cucharita sobre Arce, que se estir\u00f3 y mando la pelota al c\u00f3rner. De ese c\u00f3rner, la segunda con \u00c1vila, sac\u00e1ndose un hombre de encima y rematando cerca del poste izquierdo del golero visitante.<br \/>\nA los 21 minutos Puan descontaba. Sandoval derriba a Geist en el \u00e1rea y el \u00e1rbitro cobra penal.\u00a0<strong><em>Juan Jos\u00e9 Bertolotto<\/em><\/strong>definiendo a la derecha de Gatti, pone el 3 a 1. Solo quedaba tiempo para un tiro libre indirecto dentro del \u00e1rea de Automoto. Empujones, agarrones y todo tipo de forcejeo de pod\u00eda visualizar. Fari\u00f1a hace el pase al medio del \u00e1rea donde entraba solo Distel que remata por arriba.<br \/>\nPitazo final de Juan Ariel Ferreyra, de buen arbitraje. Automoto suma su octava victoria en doce partidos. Solo perdi\u00f3 uno, empato dos y ya tuvo fecha libre. Puan sigue sin levantar cabeza y luchando por clasificar a los play off.<br \/>\n<em>Gustavo Bacci<\/em><br \/>\n<strong>AUTOMOTO 3<\/strong><br \/>\nGuillermo Gatti<br \/>\nMart\u00edn Fhur<br \/>\nJusto Zas<br \/>\nSebasti\u00e1n Gigliotti<br \/>\nCarlos Fr\u00edas<br \/>\nMat\u00edas Salas<br \/>\nEmanuel Montero<br \/>\nJerem\u00edas Lacasta<br \/>\nAlexis \u00c1vila<br \/>\nFranco Pulgar<br \/>\nMariano Corinaldi<br \/>\nDT: Carlos Salvi<br \/>\nCambios: ST: 7m Emiliano Sandoval por Lacasta, 22m Hern\u00e1n Bilbao por Fr\u00edas y 38m F\u00e9lix C\u00f3ceres por Fhur.<br \/>\nSuplentes: Marcos Hueller y Juan Pablo Acu\u00f1a.<br \/>\n<strong>PUAN FC 1<\/strong><br \/>\nGonzalo Arce<br \/>\nLuciano Distel<br \/>\nJuan Bertolotto<br \/>\nJuan Flocco<br \/>\nLucas Ferreyra<br \/>\nSantiago Alc\u00e1ntara<br \/>\nSantiago Trejo<br \/>\nMarcelo Fari\u00f1a<br \/>\nAugusto Trejo<br \/>\nJulio Miranda<br \/>\nLucas Geist<br \/>\nDT: Jorge Rinaldi<br \/>\nCambios: PT: 45m Mat\u00edas Echenique por Ferreyra. ST: 45m Wenseslao Olmos por Alc\u00e1ntara.<br \/>\nSuplentes: Joaqu\u00edn Schwerdt, Juli\u00e1n Lopini, y Maximiliano Jalaue.<br \/>\n<strong>Amonestados: <\/strong>Gigliotti, Gatti y Sandoval en Automoto. Bertolotto y Geist en Puan FC.<br \/>\n<strong>Goles: <\/strong>PT: 1m Corinaldi (A), 35m y 42m Pulgar (A). ST: 21m Bertolotto \u2013de penal- (PFC)<br \/>\n<strong>Arbitro: <\/strong>Juan Ariel Ferreyra (7)<br \/>\n<strong>Cancha:<\/strong> Estadio Agust\u00edn Ruppel del Club Automoto (Bueno)<br \/>\n<strong>Reserva: <\/strong>Automoto 0 \u2013 Puan FC 0<br \/>\n&nbsp;<\/p>\n","protected":false},"excerpt":{"rendered":"<p>httpv:\/\/www.youtube.com\/watch?v=lEUNALkH0Xs httpv:\/\/www.youtube.com\/watch?v=ZwuBhe5_CRo Automoto venci\u00f3 a Puan Futbol Club por 3 a 1, en un magnifico primer tiempo realizado por los de Carlos Salvi. Corinaldi y Pulgar en dos oportunidades marcaron las conquistas del azulgrana. Descont\u00f3 Bertolotto de penal. Desde el vestuario, el local comenzaba a hilvanar la goleada en su casa. Transcurr\u00edan los primeros 60 [&hellip;]<\/p>\n","protected":false},"author":1,"featured_media":0,"comment_status":"closed","ping_status":"open","sticky":false,"template":"","format":"standard","meta":{"footnotes":""},"categories":[60,52,64],"tags":[],"class_list":["post-12048","post","type-post","status-publish","format-standard","hentry","category-deporte","category-destacadas","category-videos-destacados"],"yoast_head":"<!-- This site is optimized with the Yoast SEO plugin v19.7.1 - https:\/\/yoast.com\/wordpress\/plugins\/seo\/ -->\n<title>AUTOMOTO DEJO EN EL CAMINO AL FARAON Y VA POR SARMIENTO (compcto y notas) - CELTTV<\/title>\n<meta name=\"description\" content=\"Sitio web de noticias de la localidad de Tornquist, provincia de Buenos Aires, Rep\u00fablica Argentina. Contenido propio originado por periodistas de CELTTV, el canal de TV local de la Cooperativa El\u00e9ctrica de Tornquist. Turismo, Pol\u00edtica, Sociedad, Deporte, Cultura y todo el contenido de inter\u00e9s general que la gente del pueblo y la regi\u00f3n debe conocer.\" \/>\n<meta name=\"robots\" content=\"index, follow, max-snippet:-1, max-image-preview:large, max-video-preview:-1\" \/>\n<link rel=\"canonical\" href=\"https:\/\/www.celttv.com.ar\/index.php\/2013\/06\/11\/automoto-dejo-en-el-camino-al-faraon-y-va-por-sarmiento-compcto-y-notas\/\" \/>\n<meta property=\"og:locale\" content=\"es_ES\" \/>\n<meta property=\"og:type\" content=\"article\" \/>\n<meta property=\"og:title\" content=\"AUTOMOTO DEJO EN EL CAMINO AL FARAON Y VA POR SARMIENTO (compcto y notas) - CELTTV\" \/>\n<meta property=\"og:description\" content=\"Sitio web de noticias de la localidad de Tornquist, provincia de Buenos Aires, Rep\u00fablica Argentina. Contenido propio originado por periodistas de CELTTV, el canal de TV local de la Cooperativa El\u00e9ctrica de Tornquist. Turismo, Pol\u00edtica, Sociedad, Deporte, Cultura y todo el contenido de inter\u00e9s general que la gente del pueblo y la regi\u00f3n debe conocer.\" \/>\n<meta property=\"og:url\" content=\"https:\/\/www.celttv.com.ar\/index.php\/2013\/06\/11\/automoto-dejo-en-el-camino-al-faraon-y-va-por-sarmiento-compcto-y-notas\/\" \/>\n<meta property=\"og:site_name\" content=\"CELTTV\" \/>\n<meta property=\"article:publisher\" content=\"https:\/\/www.facebook.com\/celtTV\/\" \/>\n<meta property=\"article:published_time\" content=\"2013-06-11T21:09:06+00:00\" \/>\n<meta name=\"author\" content=\"ulises\" \/>\n<meta name=\"twitter:card\" content=\"summary_large_image\" \/>\n<meta name=\"twitter:label1\" content=\"Escrito por\" \/>\n\t<meta name=\"twitter:data1\" content=\"ulises\" \/>\n\t<meta name=\"twitter:label2\" content=\"Tiempo de lectura\" \/>\n\t<meta name=\"twitter:data2\" content=\"4 minutos\" \/>\n<script type=\"application\/ld+json\" class=\"yoast-schema-graph\">{\"@context\":\"https:\/\/schema.org\",\"@graph\":[{\"@type\":\"NewsArticle\",\"@id\":\"https:\/\/www.celttv.com.ar\/index.php\/2013\/06\/11\/automoto-dejo-en-el-camino-al-faraon-y-va-por-sarmiento-compcto-y-notas\/#article\",\"isPartOf\":{\"@id\":\"https:\/\/www.celttv.com.ar\/index.php\/2013\/06\/11\/automoto-dejo-en-el-camino-al-faraon-y-va-por-sarmiento-compcto-y-notas\/\"},\"author\":{\"name\":\"ulises\",\"@id\":\"https:\/\/www.celttv.com.ar\/#\/schema\/person\/6d99c072dba59953809c81446e9d0ace\"},\"headline\":\"AUTOMOTO DEJO EN EL CAMINO AL FARAON Y VA POR SARMIENTO (compcto y notas)\",\"datePublished\":\"2013-06-11T21:09:06+00:00\",\"dateModified\":\"2013-06-11T21:09:06+00:00\",\"mainEntityOfPage\":{\"@id\":\"https:\/\/www.celttv.com.ar\/index.php\/2013\/06\/11\/automoto-dejo-en-el-camino-al-faraon-y-va-por-sarmiento-compcto-y-notas\/\"},\"wordCount\":772,\"publisher\":{\"@id\":\"https:\/\/www.celttv.com.ar\/#organization\"},\"articleSection\":[\"Deporte\",\"Destacadas\",\"Videos Destacados\"],\"inLanguage\":\"es\"},{\"@type\":\"WebPage\",\"@id\":\"https:\/\/www.celttv.com.ar\/index.php\/2013\/06\/11\/automoto-dejo-en-el-camino-al-faraon-y-va-por-sarmiento-compcto-y-notas\/\",\"url\":\"https:\/\/www.celttv.com.ar\/index.php\/2013\/06\/11\/automoto-dejo-en-el-camino-al-faraon-y-va-por-sarmiento-compcto-y-notas\/\",\"name\":\"AUTOMOTO DEJO EN EL CAMINO AL FARAON Y VA POR SARMIENTO (compcto y notas) - CELTTV\",\"isPartOf\":{\"@id\":\"https:\/\/www.celttv.com.ar\/#website\"},\"datePublished\":\"2013-06-11T21:09:06+00:00\",\"dateModified\":\"2013-06-11T21:09:06+00:00\",\"description\":\"Sitio web de noticias de la localidad de Tornquist, provincia de Buenos Aires, Rep\u00fablica Argentina. Contenido propio originado por periodistas de CELTTV, el canal de TV local de la Cooperativa El\u00e9ctrica de Tornquist. Turismo, Pol\u00edtica, Sociedad, Deporte, Cultura y todo el contenido de inter\u00e9s general que la gente del pueblo y la regi\u00f3n debe conocer.\",\"breadcrumb\":{\"@id\":\"https:\/\/www.celttv.com.ar\/index.php\/2013\/06\/11\/automoto-dejo-en-el-camino-al-faraon-y-va-por-sarmiento-compcto-y-notas\/#breadcrumb\"},\"inLanguage\":\"es\",\"potentialAction\":[{\"@type\":\"ReadAction\",\"target\":[\"https:\/\/www.celttv.com.ar\/index.php\/2013\/06\/11\/automoto-dejo-en-el-camino-al-faraon-y-va-por-sarmiento-compcto-y-notas\/\"]}]},{\"@type\":\"BreadcrumbList\",\"@id\":\"https:\/\/www.celttv.com.ar\/index.php\/2013\/06\/11\/automoto-dejo-en-el-camino-al-faraon-y-va-por-sarmiento-compcto-y-notas\/#breadcrumb\",\"itemListElement\":[{\"@type\":\"ListItem\",\"position\":1,\"name\":\"Inicio\",\"item\":\"https:\/\/www.celttv.com.ar\/\"},{\"@type\":\"ListItem\",\"position\":2,\"name\":\"AUTOMOTO DEJO EN EL CAMINO AL FARAON Y VA POR SARMIENTO (compcto y notas)\"}]},{\"@type\":\"WebSite\",\"@id\":\"https:\/\/www.celttv.com.ar\/#website\",\"url\":\"https:\/\/www.celttv.com.ar\/\",\"name\":\"CELTTV\",\"description\":\"Cooperativa El\u00e9ctrica de Tornquist\",\"publisher\":{\"@id\":\"https:\/\/www.celttv.com.ar\/#organization\"},\"potentialAction\":[{\"@type\":\"SearchAction\",\"target\":{\"@type\":\"EntryPoint\",\"urlTemplate\":\"https:\/\/www.celttv.com.ar\/?s={search_term_string}\"},\"query-input\":\"required name=search_term_string\"}],\"inLanguage\":\"es\"},{\"@type\":\"Organization\",\"@id\":\"https:\/\/www.celttv.com.ar\/#organization\",\"name\":\"CELTTV\",\"url\":\"https:\/\/www.celttv.com.ar\/\",\"sameAs\":[\"https:\/\/www.youtube.com\/channel\/UCz_oIt8Hig64Ub-EmcNPIhg\",\"https:\/\/www.facebook.com\/celtTV\/\"],\"logo\":{\"@type\":\"ImageObject\",\"inLanguage\":\"es\",\"@id\":\"https:\/\/www.celttv.com.ar\/#\/schema\/logo\/image\/\",\"url\":\"http:\/\/www.celttv.com.ar\/wp-content\/uploads\/2022\/08\/logo-1.png\",\"contentUrl\":\"http:\/\/www.celttv.com.ar\/wp-content\/uploads\/2022\/08\/logo-1.png\",\"width\":461,\"height\":159,\"caption\":\"CELTTV\"},\"image\":{\"@id\":\"https:\/\/www.celttv.com.ar\/#\/schema\/logo\/image\/\"}},{\"@type\":\"Person\",\"@id\":\"https:\/\/www.celttv.com.ar\/#\/schema\/person\/6d99c072dba59953809c81446e9d0ace\",\"name\":\"ulises\",\"image\":{\"@type\":\"ImageObject\",\"inLanguage\":\"es\",\"@id\":\"https:\/\/www.celttv.com.ar\/#\/schema\/person\/image\/\",\"url\":\"https:\/\/secure.gravatar.com\/avatar\/7f2c48bdc33b30088f941fb6082e555f2874c98e20cb159d7b92b50eadfce793?s=96&d=mm&r=g\",\"contentUrl\":\"https:\/\/secure.gravatar.com\/avatar\/7f2c48bdc33b30088f941fb6082e555f2874c98e20cb159d7b92b50eadfce793?s=96&d=mm&r=g\",\"caption\":\"ulises\"},\"sameAs\":[\"http:\/\/www.celttv.com.ar\"]}]}<\/script>\n<!-- \/ Yoast SEO plugin. -->","yoast_head_json":{"title":"AUTOMOTO DEJO EN EL CAMINO AL FARAON Y VA POR SARMIENTO (compcto y notas) - CELTTV","description":"Sitio web de noticias de la localidad de Tornquist, provincia de Buenos Aires, Rep\u00fablica Argentina. Contenido propio originado por periodistas de CELTTV, el canal de TV local de la Cooperativa El\u00e9ctrica de Tornquist. Turismo, Pol\u00edtica, Sociedad, Deporte, Cultura y todo el contenido de inter\u00e9s general que la gente del pueblo y la regi\u00f3n debe conocer.","robots":{"index":"index","follow":"follow","max-snippet":"max-snippet:-1","max-image-preview":"max-image-preview:large","max-video-preview":"max-video-preview:-1"},"canonical":"https:\/\/www.celttv.com.ar\/index.php\/2013\/06\/11\/automoto-dejo-en-el-camino-al-faraon-y-va-por-sarmiento-compcto-y-notas\/","og_locale":"es_ES","og_type":"article","og_title":"AUTOMOTO DEJO EN EL CAMINO AL FARAON Y VA POR SARMIENTO (compcto y notas) - CELTTV","og_description":"Sitio web de noticias de la localidad de Tornquist, provincia de Buenos Aires, Rep\u00fablica Argentina. Contenido propio originado por periodistas de CELTTV, el canal de TV local de la Cooperativa El\u00e9ctrica de Tornquist. Turismo, Pol\u00edtica, Sociedad, Deporte, Cultura y todo el contenido de inter\u00e9s general que la gente del pueblo y la regi\u00f3n debe conocer.","og_url":"https:\/\/www.celttv.com.ar\/index.php\/2013\/06\/11\/automoto-dejo-en-el-camino-al-faraon-y-va-por-sarmiento-compcto-y-notas\/","og_site_name":"CELTTV","article_publisher":"https:\/\/www.facebook.com\/celtTV\/","article_published_time":"2013-06-11T21:09:06+00:00","author":"ulises","twitter_card":"summary_large_image","twitter_misc":{"Escrito por":"ulises","Tiempo de lectura":"4 minutos"},"schema":{"@context":"https:\/\/schema.org","@graph":[{"@type":"NewsArticle","@id":"https:\/\/www.celttv.com.ar\/index.php\/2013\/06\/11\/automoto-dejo-en-el-camino-al-faraon-y-va-por-sarmiento-compcto-y-notas\/#article","isPartOf":{"@id":"https:\/\/www.celttv.com.ar\/index.php\/2013\/06\/11\/automoto-dejo-en-el-camino-al-faraon-y-va-por-sarmiento-compcto-y-notas\/"},"author":{"name":"ulises","@id":"https:\/\/www.celttv.com.ar\/#\/schema\/person\/6d99c072dba59953809c81446e9d0ace"},"headline":"AUTOMOTO DEJO EN EL CAMINO AL FARAON Y VA POR SARMIENTO (compcto y notas)","datePublished":"2013-06-11T21:09:06+00:00","dateModified":"2013-06-11T21:09:06+00:00","mainEntityOfPage":{"@id":"https:\/\/www.celttv.com.ar\/index.php\/2013\/06\/11\/automoto-dejo-en-el-camino-al-faraon-y-va-por-sarmiento-compcto-y-notas\/"},"wordCount":772,"publisher":{"@id":"https:\/\/www.celttv.com.ar\/#organization"},"articleSection":["Deporte","Destacadas","Videos Destacados"],"inLanguage":"es"},{"@type":"WebPage","@id":"https:\/\/www.celttv.com.ar\/index.php\/2013\/06\/11\/automoto-dejo-en-el-camino-al-faraon-y-va-por-sarmiento-compcto-y-notas\/","url":"https:\/\/www.celttv.com.ar\/index.php\/2013\/06\/11\/automoto-dejo-en-el-camino-al-faraon-y-va-por-sarmiento-compcto-y-notas\/","name":"AUTOMOTO DEJO EN EL CAMINO AL FARAON Y VA POR SARMIENTO (compcto y notas) - CELTTV","isPartOf":{"@id":"https:\/\/www.celttv.com.ar\/#website"},"datePublished":"2013-06-11T21:09:06+00:00","dateModified":"2013-06-11T21:09:06+00:00","description":"Sitio web de noticias de la localidad de Tornquist, provincia de Buenos Aires, Rep\u00fablica Argentina. Contenido propio originado por periodistas de CELTTV, el canal de TV local de la Cooperativa El\u00e9ctrica de Tornquist. Turismo, Pol\u00edtica, Sociedad, Deporte, Cultura y todo el contenido de inter\u00e9s general que la gente del pueblo y la regi\u00f3n debe conocer.","breadcrumb":{"@id":"https:\/\/www.celttv.com.ar\/index.php\/2013\/06\/11\/automoto-dejo-en-el-camino-al-faraon-y-va-por-sarmiento-compcto-y-notas\/#breadcrumb"},"inLanguage":"es","potentialAction":[{"@type":"ReadAction","target":["https:\/\/www.celttv.com.ar\/index.php\/2013\/06\/11\/automoto-dejo-en-el-camino-al-faraon-y-va-por-sarmiento-compcto-y-notas\/"]}]},{"@type":"BreadcrumbList","@id":"https:\/\/www.celttv.com.ar\/index.php\/2013\/06\/11\/automoto-dejo-en-el-camino-al-faraon-y-va-por-sarmiento-compcto-y-notas\/#breadcrumb","itemListElement":[{"@type":"ListItem","position":1,"name":"Inicio","item":"https:\/\/www.celttv.com.ar\/"},{"@type":"ListItem","position":2,"name":"AUTOMOTO DEJO EN EL CAMINO AL FARAON Y VA POR SARMIENTO (compcto y notas)"}]},{"@type":"WebSite","@id":"https:\/\/www.celttv.com.ar\/#website","url":"https:\/\/www.celttv.com.ar\/","name":"CELTTV","description":"Cooperativa El\u00e9ctrica de Tornquist","publisher":{"@id":"https:\/\/www.celttv.com.ar\/#organization"},"potentialAction":[{"@type":"SearchAction","target":{"@type":"EntryPoint","urlTemplate":"https:\/\/www.celttv.com.ar\/?s={search_term_string}"},"query-input":"required name=search_term_string"}],"inLanguage":"es"},{"@type":"Organization","@id":"https:\/\/www.celttv.com.ar\/#organization","name":"CELTTV","url":"https:\/\/www.celttv.com.ar\/","sameAs":["https:\/\/www.youtube.com\/channel\/UCz_oIt8Hig64Ub-EmcNPIhg","https:\/\/www.facebook.com\/celtTV\/"],"logo":{"@type":"ImageObject","inLanguage":"es","@id":"https:\/\/www.celttv.com.ar\/#\/schema\/logo\/image\/","url":"http:\/\/www.celttv.com.ar\/wp-content\/uploads\/2022\/08\/logo-1.png","contentUrl":"http:\/\/www.celttv.com.ar\/wp-content\/uploads\/2022\/08\/logo-1.png","width":461,"height":159,"caption":"CELTTV"},"image":{"@id":"https:\/\/www.celttv.com.ar\/#\/schema\/logo\/image\/"}},{"@type":"Person","@id":"https:\/\/www.celttv.com.ar\/#\/schema\/person\/6d99c072dba59953809c81446e9d0ace","name":"ulises","image":{"@type":"ImageObject","inLanguage":"es","@id":"https:\/\/www.celttv.com.ar\/#\/schema\/person\/image\/","url":"https:\/\/secure.gravatar.com\/avatar\/7f2c48bdc33b30088f941fb6082e555f2874c98e20cb159d7b92b50eadfce793?s=96&d=mm&r=g","contentUrl":"https:\/\/secure.gravatar.com\/avatar\/7f2c48bdc33b30088f941fb6082e555f2874c98e20cb159d7b92b50eadfce793?s=96&d=mm&r=g","caption":"ulises"},"sameAs":["http:\/\/www.celttv.com.ar"]}]}},"_links":{"self":[{"href":"https:\/\/www.celttv.com.ar\/index.php\/wp-json\/wp\/v2\/posts\/12048","targetHints":{"allow":["GET"]}}],"collection":[{"href":"https:\/\/www.celttv.com.ar\/index.php\/wp-json\/wp\/v2\/posts"}],"about":[{"href":"https:\/\/www.celttv.com.ar\/index.php\/wp-json\/wp\/v2\/types\/post"}],"author":[{"embeddable":true,"href":"https:\/\/www.celttv.com.ar\/index.php\/wp-json\/wp\/v2\/users\/1"}],"replies":[{"embeddable":true,"href":"https:\/\/www.celttv.com.ar\/index.php\/wp-json\/wp\/v2\/comments?post=12048"}],"version-history":[{"count":0,"href":"https:\/\/www.celttv.com.ar\/index.php\/wp-json\/wp\/v2\/posts\/12048\/revisions"}],"wp:attachment":[{"href":"https:\/\/www.celttv.com.ar\/index.php\/wp-json\/wp\/v2\/media?parent=12048"}],"wp:term":[{"taxonomy":"category","embeddable":true,"href":"https:\/\/www.celttv.com.ar\/index.php\/wp-json\/wp\/v2\/categories?post=12048"},{"taxonomy":"post_tag","embeddable":true,"href":"https:\/\/www.celttv.com.ar\/index.php\/wp-json\/wp\/v2\/tags?post=12048"}],"curies":[{"name":"wp","href":"https:\/\/api.w.org\/{rel}","templated":true}]}}