{"id":12051,"date":"2013-06-11T22:07:41","date_gmt":"2013-06-11T22:07:41","guid":{"rendered":"http:\/\/www.tvcnoticias.com.ar\/?p=12051"},"modified":"2013-06-11T22:07:41","modified_gmt":"2013-06-11T22:07:41","slug":"se-realiza-una-nueva-campana-de-donacion-de-sangre-nota-con-antonela-lasa","status":"publish","type":"post","link":"https:\/\/www.celttv.com.ar\/index.php\/2013\/06\/11\/se-realiza-una-nueva-campana-de-donacion-de-sangre-nota-con-antonela-lasa\/","title":{"rendered":"SE REALIZA UNA NUEVA CAMPA\u00d1A DE DONACION DE SANGRE (Nota con Antonela Lasa)"},"content":{"rendered":"<p><span style=\"font-family: Verdana, Arial, Helvetica, sans-serif; font-size: x-small;\">El d\u00eda 14 de junio en el Sal\u00f3n Parroquial a partir de las 8 de la ma\u00f1ana se realizar\u00e1 la 5\u00b0 Campa\u00f1a de Donaci\u00f3n de Sangre.<\/span><br \/>\n<span style=\"font-family: Verdana, Arial, Helvetica, sans-serif; font-size: x-small;\">Esta fecha es reconocida mundialmente como D\u00eda del Donante de Sangre, dedicada a los millones de personas que, al donar sangre, salvan vidas y mejoran la salud del pr\u00f3jimo. Este D\u00eda Mundial pone de relieve la importancia de donar sangre peri\u00f3dicamente para prevenir la escasez en hospitales y cl\u00ednicas, sobre todo en los pa\u00edses en desarrollo, donde las reservas son exiguas.<\/span><br \/>\n<span style=\"font-family: Verdana, Arial, Helvetica, sans-serif; font-size: x-small;\">El objetivo es concientizar a la comunidad de la necesidad de contar con \u00e9ste recurso como uno de los elementos fundamentales de la pr\u00e1ctica m\u00e9dica, convirti\u00e9ndose en un instrumento particularmente valioso en la resoluci\u00f3n de ciertas emergencias.<\/span><br \/>\n<span style=\"font-family: Verdana, Arial, Helvetica, sans-serif; font-size: x-small;\">Existe una necesidad constante de donaciones regulares, ya que la sangre s\u00f3lo se puede conservar durante un tiempo limitado y luego deja de ser utilizable. Las donaciones regulares de sangre por un n\u00famero suficiente de personas sanas son imprescindibles para garantizar la disponibilidad de sangre segura en el momento y el lugar en que se precise.<\/span><br \/>\n<span style=\"font-family: Verdana, Arial, Helvetica, sans-serif; font-size: x-small;\">Podr\u00e1n donar sangre todas aquellas personas:<\/span><br \/>\n<span style=\"font-family: Verdana, Arial, Helvetica, sans-serif; font-size: x-small;\">Mayores de 18 a\u00f1os y menores de 65<\/span><br \/>\n<span style=\"font-family: Verdana, Arial, Helvetica, sans-serif; font-size: x-small;\">Gozar de buen estado de salud<\/span><br \/>\n<span style=\"font-family: Verdana, Arial, Helvetica, sans-serif; font-size: x-small;\">Pesar m\u00e1s de 50 kilos.<\/span><br \/>\n<a href=\"http:\/\/www.youtube.com\/watch?v=Z9mTCCmgvFg\"><a href=\"http:\/\/www.youtube.com\/watch?v=Z9mTCCmgvFg\">httpv:\/\/www.youtube.com\/watch?v=Z9mTCCmgvFg<\/a><\/a><br \/>\n<span style=\"font-family: Verdana, Arial, Helvetica, sans-serif; font-size: x-small;\">Tener valores de presi\u00f3n arterial dentro de los l\u00edmites que se consideran adecuados.<\/span><br \/>\n<span style=\"font-family: Verdana, Arial, Helvetica, sans-serif; font-size: x-small;\">No presentar fiebre o haber padecido alguna enfermedad en los \u00faltimos 7 d\u00edas.<\/span><br \/>\n<span style=\"font-family: Verdana, Arial, Helvetica, sans-serif; font-size: x-small;\">En caso de haberse colocado la vacuna para la Gripe A, deber\u00e1 esperar 24 horas<\/span><br \/>\n<span style=\"font-family: Verdana, Arial, Helvetica, sans-serif; font-size: x-small;\">La revisi\u00f3n m\u00e9dica estar\u00e1 a cargo de la Dra. Ver\u00f3nica Castro; mientras que las extracciones las realizar\u00e1n Luciana C\u00f3ceres, Mar\u00eda Ester Sanhueza, Jovita Sambueza y DaianaGonz\u00e1lez. Leonor Santill\u00e1n y Gisela Gim\u00e9nez ser\u00e1n las encargadas de tomar la presi\u00f3n. Una vez extra\u00edda la sangre, se determinar\u00e1n los grupos sangu\u00edneos en caso de que alguno de los concurrentes lo desconozca.<\/span><br \/>\n<span style=\"font-family: Verdana, Arial, Helvetica, sans-serif; font-size: x-small;\">Luego de realizada la extracci\u00f3n, se brindar\u00e1 a los donantes un desayuno con alimentos varios y, para aquellos que lo requieran, se les otorgar\u00e1 un certificado de concurrencia.<\/span><br \/>\n<strong><span style=\"font-size: x-small;\"><span style=\"font-family: Verdana, Arial, Helvetica, sans-serif;\"> Antonela Lasa<\/span><\/span><\/strong><br \/>\n<strong><span style=\"font-size: x-small;\"><span style=\"font-family: Verdana, Arial, Helvetica, sans-serif;\"> Bioqu\u00edmica Servicio de Hemoterapia<\/span><\/span><\/strong><br \/>\n&nbsp;<\/p>\n","protected":false},"excerpt":{"rendered":"<p>El d\u00eda 14 de junio en el Sal\u00f3n Parroquial a partir de las 8 de la ma\u00f1ana se realizar\u00e1 la 5\u00b0 Campa\u00f1a de Donaci\u00f3n de Sangre. Esta fecha es reconocida mundialmente como D\u00eda del Donante de Sangre, dedicada a los millones de personas que, al donar sangre, salvan vidas y mejoran la salud del pr\u00f3jimo. [&hellip;]<\/p>\n","protected":false},"author":1,"featured_media":0,"comment_status":"closed","ping_status":"open","sticky":false,"template":"","format":"standard","meta":{"footnotes":""},"categories":[51,52,64],"tags":[],"class_list":["post-12051","post","type-post","status-publish","format-standard","hentry","category-comunidad","category-destacadas","category-videos-destacados"],"yoast_head":"<!-- This site is optimized with the Yoast SEO plugin v19.7.1 - https:\/\/yoast.com\/wordpress\/plugins\/seo\/ -->\n<title>SE REALIZA UNA NUEVA CAMPA\u00d1A DE DONACION DE SANGRE (Nota con Antonela Lasa) - CELTTV<\/title>\n<meta name=\"description\" content=\"Sitio web de noticias de la localidad de Tornquist, provincia de Buenos Aires, Rep\u00fablica Argentina. Contenido propio originado por periodistas de CELTTV, el canal de TV local de la Cooperativa El\u00e9ctrica de Tornquist. Turismo, Pol\u00edtica, Sociedad, Deporte, Cultura y todo el contenido de inter\u00e9s general que la gente del pueblo y la regi\u00f3n debe conocer.\" \/>\n<meta name=\"robots\" content=\"index, follow, max-snippet:-1, max-image-preview:large, max-video-preview:-1\" \/>\n<link rel=\"canonical\" href=\"https:\/\/www.celttv.com.ar\/index.php\/2013\/06\/11\/se-realiza-una-nueva-campana-de-donacion-de-sangre-nota-con-antonela-lasa\/\" \/>\n<meta property=\"og:locale\" content=\"es_ES\" \/>\n<meta property=\"og:type\" content=\"article\" \/>\n<meta property=\"og:title\" content=\"SE REALIZA UNA NUEVA CAMPA\u00d1A DE DONACION DE SANGRE (Nota con Antonela Lasa) - CELTTV\" \/>\n<meta property=\"og:description\" content=\"Sitio web de noticias de la localidad de Tornquist, provincia de Buenos Aires, Rep\u00fablica Argentina. Contenido propio originado por periodistas de CELTTV, el canal de TV local de la Cooperativa El\u00e9ctrica de Tornquist. Turismo, Pol\u00edtica, Sociedad, Deporte, Cultura y todo el contenido de inter\u00e9s general que la gente del pueblo y la regi\u00f3n debe conocer.\" \/>\n<meta property=\"og:url\" content=\"https:\/\/www.celttv.com.ar\/index.php\/2013\/06\/11\/se-realiza-una-nueva-campana-de-donacion-de-sangre-nota-con-antonela-lasa\/\" \/>\n<meta property=\"og:site_name\" content=\"CELTTV\" \/>\n<meta property=\"article:publisher\" content=\"https:\/\/www.facebook.com\/celtTV\/\" \/>\n<meta property=\"article:published_time\" content=\"2013-06-11T22:07:41+00:00\" \/>\n<meta name=\"author\" content=\"ulises\" \/>\n<meta name=\"twitter:card\" content=\"summary_large_image\" \/>\n<meta name=\"twitter:label1\" content=\"Escrito por\" \/>\n\t<meta name=\"twitter:data1\" content=\"ulises\" \/>\n\t<meta name=\"twitter:label2\" content=\"Tiempo de lectura\" \/>\n\t<meta name=\"twitter:data2\" content=\"2 minutos\" \/>\n<script type=\"application\/ld+json\" class=\"yoast-schema-graph\">{\"@context\":\"https:\/\/schema.org\",\"@graph\":[{\"@type\":\"NewsArticle\",\"@id\":\"https:\/\/www.celttv.com.ar\/index.php\/2013\/06\/11\/se-realiza-una-nueva-campana-de-donacion-de-sangre-nota-con-antonela-lasa\/#article\",\"isPartOf\":{\"@id\":\"https:\/\/www.celttv.com.ar\/index.php\/2013\/06\/11\/se-realiza-una-nueva-campana-de-donacion-de-sangre-nota-con-antonela-lasa\/\"},\"author\":{\"name\":\"ulises\",\"@id\":\"https:\/\/www.celttv.com.ar\/#\/schema\/person\/6d99c072dba59953809c81446e9d0ace\"},\"headline\":\"SE REALIZA UNA NUEVA CAMPA\u00d1A DE DONACION DE SANGRE (Nota con Antonela Lasa)\",\"datePublished\":\"2013-06-11T22:07:41+00:00\",\"dateModified\":\"2013-06-11T22:07:41+00:00\",\"mainEntityOfPage\":{\"@id\":\"https:\/\/www.celttv.com.ar\/index.php\/2013\/06\/11\/se-realiza-una-nueva-campana-de-donacion-de-sangre-nota-con-antonela-lasa\/\"},\"wordCount\":392,\"publisher\":{\"@id\":\"https:\/\/www.celttv.com.ar\/#organization\"},\"articleSection\":[\"Comunidad\",\"Destacadas\",\"Videos Destacados\"],\"inLanguage\":\"es\"},{\"@type\":\"WebPage\",\"@id\":\"https:\/\/www.celttv.com.ar\/index.php\/2013\/06\/11\/se-realiza-una-nueva-campana-de-donacion-de-sangre-nota-con-antonela-lasa\/\",\"url\":\"https:\/\/www.celttv.com.ar\/index.php\/2013\/06\/11\/se-realiza-una-nueva-campana-de-donacion-de-sangre-nota-con-antonela-lasa\/\",\"name\":\"SE REALIZA UNA NUEVA CAMPA\u00d1A DE DONACION DE SANGRE (Nota con Antonela Lasa) - CELTTV\",\"isPartOf\":{\"@id\":\"https:\/\/www.celttv.com.ar\/#website\"},\"datePublished\":\"2013-06-11T22:07:41+00:00\",\"dateModified\":\"2013-06-11T22:07:41+00:00\",\"description\":\"Sitio web de noticias de la localidad de Tornquist, provincia de Buenos Aires, Rep\u00fablica Argentina. Contenido propio originado por periodistas de CELTTV, el canal de TV local de la Cooperativa El\u00e9ctrica de Tornquist. Turismo, Pol\u00edtica, Sociedad, Deporte, Cultura y todo el contenido de inter\u00e9s general que la gente del pueblo y la regi\u00f3n debe conocer.\",\"breadcrumb\":{\"@id\":\"https:\/\/www.celttv.com.ar\/index.php\/2013\/06\/11\/se-realiza-una-nueva-campana-de-donacion-de-sangre-nota-con-antonela-lasa\/#breadcrumb\"},\"inLanguage\":\"es\",\"potentialAction\":[{\"@type\":\"ReadAction\",\"target\":[\"https:\/\/www.celttv.com.ar\/index.php\/2013\/06\/11\/se-realiza-una-nueva-campana-de-donacion-de-sangre-nota-con-antonela-lasa\/\"]}]},{\"@type\":\"BreadcrumbList\",\"@id\":\"https:\/\/www.celttv.com.ar\/index.php\/2013\/06\/11\/se-realiza-una-nueva-campana-de-donacion-de-sangre-nota-con-antonela-lasa\/#breadcrumb\",\"itemListElement\":[{\"@type\":\"ListItem\",\"position\":1,\"name\":\"Inicio\",\"item\":\"https:\/\/www.celttv.com.ar\/\"},{\"@type\":\"ListItem\",\"position\":2,\"name\":\"SE REALIZA UNA NUEVA CAMPA\u00d1A DE DONACION DE SANGRE (Nota con Antonela Lasa)\"}]},{\"@type\":\"WebSite\",\"@id\":\"https:\/\/www.celttv.com.ar\/#website\",\"url\":\"https:\/\/www.celttv.com.ar\/\",\"name\":\"CELTTV\",\"description\":\"Cooperativa El\u00e9ctrica de Tornquist\",\"publisher\":{\"@id\":\"https:\/\/www.celttv.com.ar\/#organization\"},\"potentialAction\":[{\"@type\":\"SearchAction\",\"target\":{\"@type\":\"EntryPoint\",\"urlTemplate\":\"https:\/\/www.celttv.com.ar\/?s={search_term_string}\"},\"query-input\":\"required name=search_term_string\"}],\"inLanguage\":\"es\"},{\"@type\":\"Organization\",\"@id\":\"https:\/\/www.celttv.com.ar\/#organization\",\"name\":\"CELTTV\",\"url\":\"https:\/\/www.celttv.com.ar\/\",\"sameAs\":[\"https:\/\/www.youtube.com\/channel\/UCz_oIt8Hig64Ub-EmcNPIhg\",\"https:\/\/www.facebook.com\/celtTV\/\"],\"logo\":{\"@type\":\"ImageObject\",\"inLanguage\":\"es\",\"@id\":\"https:\/\/www.celttv.com.ar\/#\/schema\/logo\/image\/\",\"url\":\"http:\/\/www.celttv.com.ar\/wp-content\/uploads\/2022\/08\/logo-1.png\",\"contentUrl\":\"http:\/\/www.celttv.com.ar\/wp-content\/uploads\/2022\/08\/logo-1.png\",\"width\":461,\"height\":159,\"caption\":\"CELTTV\"},\"image\":{\"@id\":\"https:\/\/www.celttv.com.ar\/#\/schema\/logo\/image\/\"}},{\"@type\":\"Person\",\"@id\":\"https:\/\/www.celttv.com.ar\/#\/schema\/person\/6d99c072dba59953809c81446e9d0ace\",\"name\":\"ulises\",\"image\":{\"@type\":\"ImageObject\",\"inLanguage\":\"es\",\"@id\":\"https:\/\/www.celttv.com.ar\/#\/schema\/person\/image\/\",\"url\":\"https:\/\/secure.gravatar.com\/avatar\/7f2c48bdc33b30088f941fb6082e555f2874c98e20cb159d7b92b50eadfce793?s=96&d=mm&r=g\",\"contentUrl\":\"https:\/\/secure.gravatar.com\/avatar\/7f2c48bdc33b30088f941fb6082e555f2874c98e20cb159d7b92b50eadfce793?s=96&d=mm&r=g\",\"caption\":\"ulises\"},\"sameAs\":[\"http:\/\/www.celttv.com.ar\"]}]}<\/script>\n<!-- \/ Yoast SEO plugin. -->","yoast_head_json":{"title":"SE REALIZA UNA NUEVA CAMPA\u00d1A DE DONACION DE SANGRE (Nota con Antonela Lasa) - CELTTV","description":"Sitio web de noticias de la localidad de Tornquist, provincia de Buenos Aires, Rep\u00fablica Argentina. Contenido propio originado por periodistas de CELTTV, el canal de TV local de la Cooperativa El\u00e9ctrica de Tornquist. Turismo, Pol\u00edtica, Sociedad, Deporte, Cultura y todo el contenido de inter\u00e9s general que la gente del pueblo y la regi\u00f3n debe conocer.","robots":{"index":"index","follow":"follow","max-snippet":"max-snippet:-1","max-image-preview":"max-image-preview:large","max-video-preview":"max-video-preview:-1"},"canonical":"https:\/\/www.celttv.com.ar\/index.php\/2013\/06\/11\/se-realiza-una-nueva-campana-de-donacion-de-sangre-nota-con-antonela-lasa\/","og_locale":"es_ES","og_type":"article","og_title":"SE REALIZA UNA NUEVA CAMPA\u00d1A DE DONACION DE SANGRE (Nota con Antonela Lasa) - CELTTV","og_description":"Sitio web de noticias de la localidad de Tornquist, provincia de Buenos Aires, Rep\u00fablica Argentina. Contenido propio originado por periodistas de CELTTV, el canal de TV local de la Cooperativa El\u00e9ctrica de Tornquist. Turismo, Pol\u00edtica, Sociedad, Deporte, Cultura y todo el contenido de inter\u00e9s general que la gente del pueblo y la regi\u00f3n debe conocer.","og_url":"https:\/\/www.celttv.com.ar\/index.php\/2013\/06\/11\/se-realiza-una-nueva-campana-de-donacion-de-sangre-nota-con-antonela-lasa\/","og_site_name":"CELTTV","article_publisher":"https:\/\/www.facebook.com\/celtTV\/","article_published_time":"2013-06-11T22:07:41+00:00","author":"ulises","twitter_card":"summary_large_image","twitter_misc":{"Escrito por":"ulises","Tiempo de lectura":"2 minutos"},"schema":{"@context":"https:\/\/schema.org","@graph":[{"@type":"NewsArticle","@id":"https:\/\/www.celttv.com.ar\/index.php\/2013\/06\/11\/se-realiza-una-nueva-campana-de-donacion-de-sangre-nota-con-antonela-lasa\/#article","isPartOf":{"@id":"https:\/\/www.celttv.com.ar\/index.php\/2013\/06\/11\/se-realiza-una-nueva-campana-de-donacion-de-sangre-nota-con-antonela-lasa\/"},"author":{"name":"ulises","@id":"https:\/\/www.celttv.com.ar\/#\/schema\/person\/6d99c072dba59953809c81446e9d0ace"},"headline":"SE REALIZA UNA NUEVA CAMPA\u00d1A DE DONACION DE SANGRE (Nota con Antonela Lasa)","datePublished":"2013-06-11T22:07:41+00:00","dateModified":"2013-06-11T22:07:41+00:00","mainEntityOfPage":{"@id":"https:\/\/www.celttv.com.ar\/index.php\/2013\/06\/11\/se-realiza-una-nueva-campana-de-donacion-de-sangre-nota-con-antonela-lasa\/"},"wordCount":392,"publisher":{"@id":"https:\/\/www.celttv.com.ar\/#organization"},"articleSection":["Comunidad","Destacadas","Videos Destacados"],"inLanguage":"es"},{"@type":"WebPage","@id":"https:\/\/www.celttv.com.ar\/index.php\/2013\/06\/11\/se-realiza-una-nueva-campana-de-donacion-de-sangre-nota-con-antonela-lasa\/","url":"https:\/\/www.celttv.com.ar\/index.php\/2013\/06\/11\/se-realiza-una-nueva-campana-de-donacion-de-sangre-nota-con-antonela-lasa\/","name":"SE REALIZA UNA NUEVA CAMPA\u00d1A DE DONACION DE SANGRE (Nota con Antonela Lasa) - CELTTV","isPartOf":{"@id":"https:\/\/www.celttv.com.ar\/#website"},"datePublished":"2013-06-11T22:07:41+00:00","dateModified":"2013-06-11T22:07:41+00:00","description":"Sitio web de noticias de la localidad de Tornquist, provincia de Buenos Aires, Rep\u00fablica Argentina. Contenido propio originado por periodistas de CELTTV, el canal de TV local de la Cooperativa El\u00e9ctrica de Tornquist. Turismo, Pol\u00edtica, Sociedad, Deporte, Cultura y todo el contenido de inter\u00e9s general que la gente del pueblo y la regi\u00f3n debe conocer.","breadcrumb":{"@id":"https:\/\/www.celttv.com.ar\/index.php\/2013\/06\/11\/se-realiza-una-nueva-campana-de-donacion-de-sangre-nota-con-antonela-lasa\/#breadcrumb"},"inLanguage":"es","potentialAction":[{"@type":"ReadAction","target":["https:\/\/www.celttv.com.ar\/index.php\/2013\/06\/11\/se-realiza-una-nueva-campana-de-donacion-de-sangre-nota-con-antonela-lasa\/"]}]},{"@type":"BreadcrumbList","@id":"https:\/\/www.celttv.com.ar\/index.php\/2013\/06\/11\/se-realiza-una-nueva-campana-de-donacion-de-sangre-nota-con-antonela-lasa\/#breadcrumb","itemListElement":[{"@type":"ListItem","position":1,"name":"Inicio","item":"https:\/\/www.celttv.com.ar\/"},{"@type":"ListItem","position":2,"name":"SE REALIZA UNA NUEVA CAMPA\u00d1A DE DONACION DE SANGRE (Nota con Antonela Lasa)"}]},{"@type":"WebSite","@id":"https:\/\/www.celttv.com.ar\/#website","url":"https:\/\/www.celttv.com.ar\/","name":"CELTTV","description":"Cooperativa El\u00e9ctrica de Tornquist","publisher":{"@id":"https:\/\/www.celttv.com.ar\/#organization"},"potentialAction":[{"@type":"SearchAction","target":{"@type":"EntryPoint","urlTemplate":"https:\/\/www.celttv.com.ar\/?s={search_term_string}"},"query-input":"required name=search_term_string"}],"inLanguage":"es"},{"@type":"Organization","@id":"https:\/\/www.celttv.com.ar\/#organization","name":"CELTTV","url":"https:\/\/www.celttv.com.ar\/","sameAs":["https:\/\/www.youtube.com\/channel\/UCz_oIt8Hig64Ub-EmcNPIhg","https:\/\/www.facebook.com\/celtTV\/"],"logo":{"@type":"ImageObject","inLanguage":"es","@id":"https:\/\/www.celttv.com.ar\/#\/schema\/logo\/image\/","url":"http:\/\/www.celttv.com.ar\/wp-content\/uploads\/2022\/08\/logo-1.png","contentUrl":"http:\/\/www.celttv.com.ar\/wp-content\/uploads\/2022\/08\/logo-1.png","width":461,"height":159,"caption":"CELTTV"},"image":{"@id":"https:\/\/www.celttv.com.ar\/#\/schema\/logo\/image\/"}},{"@type":"Person","@id":"https:\/\/www.celttv.com.ar\/#\/schema\/person\/6d99c072dba59953809c81446e9d0ace","name":"ulises","image":{"@type":"ImageObject","inLanguage":"es","@id":"https:\/\/www.celttv.com.ar\/#\/schema\/person\/image\/","url":"https:\/\/secure.gravatar.com\/avatar\/7f2c48bdc33b30088f941fb6082e555f2874c98e20cb159d7b92b50eadfce793?s=96&d=mm&r=g","contentUrl":"https:\/\/secure.gravatar.com\/avatar\/7f2c48bdc33b30088f941fb6082e555f2874c98e20cb159d7b92b50eadfce793?s=96&d=mm&r=g","caption":"ulises"},"sameAs":["http:\/\/www.celttv.com.ar"]}]}},"_links":{"self":[{"href":"https:\/\/www.celttv.com.ar\/index.php\/wp-json\/wp\/v2\/posts\/12051","targetHints":{"allow":["GET"]}}],"collection":[{"href":"https:\/\/www.celttv.com.ar\/index.php\/wp-json\/wp\/v2\/posts"}],"about":[{"href":"https:\/\/www.celttv.com.ar\/index.php\/wp-json\/wp\/v2\/types\/post"}],"author":[{"embeddable":true,"href":"https:\/\/www.celttv.com.ar\/index.php\/wp-json\/wp\/v2\/users\/1"}],"replies":[{"embeddable":true,"href":"https:\/\/www.celttv.com.ar\/index.php\/wp-json\/wp\/v2\/comments?post=12051"}],"version-history":[{"count":0,"href":"https:\/\/www.celttv.com.ar\/index.php\/wp-json\/wp\/v2\/posts\/12051\/revisions"}],"wp:attachment":[{"href":"https:\/\/www.celttv.com.ar\/index.php\/wp-json\/wp\/v2\/media?parent=12051"}],"wp:term":[{"taxonomy":"category","embeddable":true,"href":"https:\/\/www.celttv.com.ar\/index.php\/wp-json\/wp\/v2\/categories?post=12051"},{"taxonomy":"post_tag","embeddable":true,"href":"https:\/\/www.celttv.com.ar\/index.php\/wp-json\/wp\/v2\/tags?post=12051"}],"curies":[{"name":"wp","href":"https:\/\/api.w.org\/{rel}","templated":true}]}}