{"id":1206,"date":"2011-08-30T22:37:08","date_gmt":"2011-08-30T22:37:08","guid":{"rendered":"http:\/\/www.tvcnoticias.com.ar\/?p=1206"},"modified":"2011-08-30T22:37:08","modified_gmt":"2011-08-30T22:37:08","slug":"se-celebraron-en-tornquist-las-fiestas-patronales-16-fotos-y-ampliaremos-con-video","status":"publish","type":"post","link":"https:\/\/www.celttv.com.ar\/index.php\/2011\/08\/30\/se-celebraron-en-tornquist-las-fiestas-patronales-16-fotos-y-ampliaremos-con-video\/","title":{"rendered":"SE CELEBRARON EN TORNQUIST LAS FIESTAS PATRONALES (16 fotos y video de la procesi\u00f3n)"},"content":{"rendered":"<p>Un importante marco de p\u00fablico particip\u00f3 ayer de la celebraci\u00f3n de las fiestas patronales en \u00e9sta ciudad, donde se conmemor\u00f3 el 394\u00ba aniversario del fallecimiento de Santa Rosa de Lima, patrona de la ciudad.<br \/>\n\u00a0\u00a0 La actividad, comenz\u00f3 en horas de la tarde con la concentraci\u00f3n de fieles en las inmediaciones de la parroquia Santa Rosa de Lima, donde la imagen de la Santa fue llevada en andas por los vecinos a trav\u00e9s de las calles de la localidad.<br \/>\n\u00a0\u00a0 A pesar del viento y el fr\u00edo que acompa\u00f1\u00f3 la peregrinaci\u00f3n, grandes y chicos, se sumaron detr\u00e1s de la imagen de Santa Rosa de Lima para elevar sus plegarias y tambi\u00e9n agradecer.<br \/>\n\u00a0\u00a0 En medio de oraciones y c\u00e1nticos de alabanza a la primera mujer americana declarada santa por la iglesia cat\u00f3lica, los fieles emprendieron el recorrido por las calles hasta llegar al SUM del Colegio Nuestra Se\u00f1ora de Luj\u00e1n, donde el p\u00e1rroco local Norberto L\u00f3pez, celebr\u00f3 la santa misa.<br \/>\n\u00a0\u00a0 Tal como sucede con otros santos, varios tornquistenses dieron rienda suelta a su fe para venerar a Santa Rosa de Lima, hija de don Gaspar Flores y do\u00f1a Mar\u00eda de Oliva, quien naci\u00f3 en Lima en 1586 y falleci\u00f3 el 24 de agosto de 1617, a los 31 a\u00f1os.<br \/>\n<a>httpv:\/\/www.youtube.com\/watch?v=7SOB2l0iY9w<\/a><br \/>\n<\/p>\n","protected":false},"excerpt":{"rendered":"<p>Un importante marco de p\u00fablico particip\u00f3 ayer de la celebraci\u00f3n de las fiestas patronales en \u00e9sta ciudad, donde se conmemor\u00f3 el 394\u00ba aniversario del fallecimiento de Santa Rosa de Lima, patrona de la ciudad. \u00a0\u00a0 La actividad, comenz\u00f3 en horas de la tarde con la concentraci\u00f3n de fieles en las inmediaciones de la parroquia Santa [&hellip;]<\/p>\n","protected":false},"author":1,"featured_media":0,"comment_status":"closed","ping_status":"open","sticky":false,"template":"","format":"standard","meta":{"footnotes":""},"categories":[51,52,64],"tags":[],"class_list":["post-1206","post","type-post","status-publish","format-standard","hentry","category-comunidad","category-destacadas","category-videos-destacados"],"yoast_head":"<!-- This site is optimized with the Yoast SEO plugin v19.7.1 - https:\/\/yoast.com\/wordpress\/plugins\/seo\/ -->\n<title>SE CELEBRARON EN TORNQUIST LAS FIESTAS PATRONALES (16 fotos y video de la procesi\u00f3n) - CELTTV<\/title>\n<meta name=\"description\" content=\"Sitio web de noticias de la localidad de Tornquist, provincia de Buenos Aires, Rep\u00fablica Argentina. Contenido propio originado por periodistas de CELTTV, el canal de TV local de la Cooperativa El\u00e9ctrica de Tornquist. Turismo, Pol\u00edtica, Sociedad, Deporte, Cultura y todo el contenido de inter\u00e9s general que la gente del pueblo y la regi\u00f3n debe conocer.\" \/>\n<meta name=\"robots\" content=\"index, follow, max-snippet:-1, max-image-preview:large, max-video-preview:-1\" \/>\n<link rel=\"canonical\" href=\"https:\/\/www.celttv.com.ar\/index.php\/2011\/08\/30\/se-celebraron-en-tornquist-las-fiestas-patronales-16-fotos-y-ampliaremos-con-video\/\" \/>\n<meta property=\"og:locale\" content=\"es_ES\" \/>\n<meta property=\"og:type\" content=\"article\" \/>\n<meta property=\"og:title\" content=\"SE CELEBRARON EN TORNQUIST LAS FIESTAS PATRONALES (16 fotos y video de la procesi\u00f3n) - CELTTV\" \/>\n<meta property=\"og:description\" content=\"Sitio web de noticias de la localidad de Tornquist, provincia de Buenos Aires, Rep\u00fablica Argentina. Contenido propio originado por periodistas de CELTTV, el canal de TV local de la Cooperativa El\u00e9ctrica de Tornquist. Turismo, Pol\u00edtica, Sociedad, Deporte, Cultura y todo el contenido de inter\u00e9s general que la gente del pueblo y la regi\u00f3n debe conocer.\" \/>\n<meta property=\"og:url\" content=\"https:\/\/www.celttv.com.ar\/index.php\/2011\/08\/30\/se-celebraron-en-tornquist-las-fiestas-patronales-16-fotos-y-ampliaremos-con-video\/\" \/>\n<meta property=\"og:site_name\" content=\"CELTTV\" \/>\n<meta property=\"article:publisher\" content=\"https:\/\/www.facebook.com\/celtTV\/\" \/>\n<meta property=\"article:published_time\" content=\"2011-08-30T22:37:08+00:00\" \/>\n<meta name=\"author\" content=\"ulises\" \/>\n<meta name=\"twitter:card\" content=\"summary_large_image\" \/>\n<meta name=\"twitter:label1\" content=\"Escrito por\" \/>\n\t<meta name=\"twitter:data1\" content=\"ulises\" \/>\n\t<meta name=\"twitter:label2\" content=\"Tiempo de lectura\" \/>\n\t<meta name=\"twitter:data2\" content=\"1 minuto\" \/>\n<script type=\"application\/ld+json\" class=\"yoast-schema-graph\">{\"@context\":\"https:\/\/schema.org\",\"@graph\":[{\"@type\":\"NewsArticle\",\"@id\":\"https:\/\/www.celttv.com.ar\/index.php\/2011\/08\/30\/se-celebraron-en-tornquist-las-fiestas-patronales-16-fotos-y-ampliaremos-con-video\/#article\",\"isPartOf\":{\"@id\":\"https:\/\/www.celttv.com.ar\/index.php\/2011\/08\/30\/se-celebraron-en-tornquist-las-fiestas-patronales-16-fotos-y-ampliaremos-con-video\/\"},\"author\":{\"name\":\"ulises\",\"@id\":\"https:\/\/www.celttv.com.ar\/#\/schema\/person\/6d99c072dba59953809c81446e9d0ace\"},\"headline\":\"SE CELEBRARON EN TORNQUIST LAS FIESTAS PATRONALES (16 fotos y video de la procesi\u00f3n)\",\"datePublished\":\"2011-08-30T22:37:08+00:00\",\"dateModified\":\"2011-08-30T22:37:08+00:00\",\"mainEntityOfPage\":{\"@id\":\"https:\/\/www.celttv.com.ar\/index.php\/2011\/08\/30\/se-celebraron-en-tornquist-las-fiestas-patronales-16-fotos-y-ampliaremos-con-video\/\"},\"wordCount\":246,\"publisher\":{\"@id\":\"https:\/\/www.celttv.com.ar\/#organization\"},\"articleSection\":[\"Comunidad\",\"Destacadas\",\"Videos Destacados\"],\"inLanguage\":\"es\"},{\"@type\":\"WebPage\",\"@id\":\"https:\/\/www.celttv.com.ar\/index.php\/2011\/08\/30\/se-celebraron-en-tornquist-las-fiestas-patronales-16-fotos-y-ampliaremos-con-video\/\",\"url\":\"https:\/\/www.celttv.com.ar\/index.php\/2011\/08\/30\/se-celebraron-en-tornquist-las-fiestas-patronales-16-fotos-y-ampliaremos-con-video\/\",\"name\":\"SE CELEBRARON EN TORNQUIST LAS FIESTAS PATRONALES (16 fotos y video de la procesi\u00f3n) - CELTTV\",\"isPartOf\":{\"@id\":\"https:\/\/www.celttv.com.ar\/#website\"},\"datePublished\":\"2011-08-30T22:37:08+00:00\",\"dateModified\":\"2011-08-30T22:37:08+00:00\",\"description\":\"Sitio web de noticias de la localidad de Tornquist, provincia de Buenos Aires, Rep\u00fablica Argentina. Contenido propio originado por periodistas de CELTTV, el canal de TV local de la Cooperativa El\u00e9ctrica de Tornquist. Turismo, Pol\u00edtica, Sociedad, Deporte, Cultura y todo el contenido de inter\u00e9s general que la gente del pueblo y la regi\u00f3n debe conocer.\",\"breadcrumb\":{\"@id\":\"https:\/\/www.celttv.com.ar\/index.php\/2011\/08\/30\/se-celebraron-en-tornquist-las-fiestas-patronales-16-fotos-y-ampliaremos-con-video\/#breadcrumb\"},\"inLanguage\":\"es\",\"potentialAction\":[{\"@type\":\"ReadAction\",\"target\":[\"https:\/\/www.celttv.com.ar\/index.php\/2011\/08\/30\/se-celebraron-en-tornquist-las-fiestas-patronales-16-fotos-y-ampliaremos-con-video\/\"]}]},{\"@type\":\"BreadcrumbList\",\"@id\":\"https:\/\/www.celttv.com.ar\/index.php\/2011\/08\/30\/se-celebraron-en-tornquist-las-fiestas-patronales-16-fotos-y-ampliaremos-con-video\/#breadcrumb\",\"itemListElement\":[{\"@type\":\"ListItem\",\"position\":1,\"name\":\"Inicio\",\"item\":\"https:\/\/www.celttv.com.ar\/\"},{\"@type\":\"ListItem\",\"position\":2,\"name\":\"SE CELEBRARON EN TORNQUIST LAS FIESTAS PATRONALES (16 fotos y video de la procesi\u00f3n)\"}]},{\"@type\":\"WebSite\",\"@id\":\"https:\/\/www.celttv.com.ar\/#website\",\"url\":\"https:\/\/www.celttv.com.ar\/\",\"name\":\"CELTTV\",\"description\":\"Cooperativa El\u00e9ctrica de Tornquist\",\"publisher\":{\"@id\":\"https:\/\/www.celttv.com.ar\/#organization\"},\"potentialAction\":[{\"@type\":\"SearchAction\",\"target\":{\"@type\":\"EntryPoint\",\"urlTemplate\":\"https:\/\/www.celttv.com.ar\/?s={search_term_string}\"},\"query-input\":\"required name=search_term_string\"}],\"inLanguage\":\"es\"},{\"@type\":\"Organization\",\"@id\":\"https:\/\/www.celttv.com.ar\/#organization\",\"name\":\"CELTTV\",\"url\":\"https:\/\/www.celttv.com.ar\/\",\"sameAs\":[\"https:\/\/www.youtube.com\/channel\/UCz_oIt8Hig64Ub-EmcNPIhg\",\"https:\/\/www.facebook.com\/celtTV\/\"],\"logo\":{\"@type\":\"ImageObject\",\"inLanguage\":\"es\",\"@id\":\"https:\/\/www.celttv.com.ar\/#\/schema\/logo\/image\/\",\"url\":\"http:\/\/www.celttv.com.ar\/wp-content\/uploads\/2022\/08\/logo-1.png\",\"contentUrl\":\"http:\/\/www.celttv.com.ar\/wp-content\/uploads\/2022\/08\/logo-1.png\",\"width\":461,\"height\":159,\"caption\":\"CELTTV\"},\"image\":{\"@id\":\"https:\/\/www.celttv.com.ar\/#\/schema\/logo\/image\/\"}},{\"@type\":\"Person\",\"@id\":\"https:\/\/www.celttv.com.ar\/#\/schema\/person\/6d99c072dba59953809c81446e9d0ace\",\"name\":\"ulises\",\"image\":{\"@type\":\"ImageObject\",\"inLanguage\":\"es\",\"@id\":\"https:\/\/www.celttv.com.ar\/#\/schema\/person\/image\/\",\"url\":\"https:\/\/secure.gravatar.com\/avatar\/7f2c48bdc33b30088f941fb6082e555f2874c98e20cb159d7b92b50eadfce793?s=96&d=mm&r=g\",\"contentUrl\":\"https:\/\/secure.gravatar.com\/avatar\/7f2c48bdc33b30088f941fb6082e555f2874c98e20cb159d7b92b50eadfce793?s=96&d=mm&r=g\",\"caption\":\"ulises\"},\"sameAs\":[\"http:\/\/www.celttv.com.ar\"]}]}<\/script>\n<!-- \/ Yoast SEO plugin. -->","yoast_head_json":{"title":"SE CELEBRARON EN TORNQUIST LAS FIESTAS PATRONALES (16 fotos y video de la procesi\u00f3n) - CELTTV","description":"Sitio web de noticias de la localidad de Tornquist, provincia de Buenos Aires, Rep\u00fablica Argentina. Contenido propio originado por periodistas de CELTTV, el canal de TV local de la Cooperativa El\u00e9ctrica de Tornquist. Turismo, Pol\u00edtica, Sociedad, Deporte, Cultura y todo el contenido de inter\u00e9s general que la gente del pueblo y la regi\u00f3n debe conocer.","robots":{"index":"index","follow":"follow","max-snippet":"max-snippet:-1","max-image-preview":"max-image-preview:large","max-video-preview":"max-video-preview:-1"},"canonical":"https:\/\/www.celttv.com.ar\/index.php\/2011\/08\/30\/se-celebraron-en-tornquist-las-fiestas-patronales-16-fotos-y-ampliaremos-con-video\/","og_locale":"es_ES","og_type":"article","og_title":"SE CELEBRARON EN TORNQUIST LAS FIESTAS PATRONALES (16 fotos y video de la procesi\u00f3n) - CELTTV","og_description":"Sitio web de noticias de la localidad de Tornquist, provincia de Buenos Aires, Rep\u00fablica Argentina. Contenido propio originado por periodistas de CELTTV, el canal de TV local de la Cooperativa El\u00e9ctrica de Tornquist. Turismo, Pol\u00edtica, Sociedad, Deporte, Cultura y todo el contenido de inter\u00e9s general que la gente del pueblo y la regi\u00f3n debe conocer.","og_url":"https:\/\/www.celttv.com.ar\/index.php\/2011\/08\/30\/se-celebraron-en-tornquist-las-fiestas-patronales-16-fotos-y-ampliaremos-con-video\/","og_site_name":"CELTTV","article_publisher":"https:\/\/www.facebook.com\/celtTV\/","article_published_time":"2011-08-30T22:37:08+00:00","author":"ulises","twitter_card":"summary_large_image","twitter_misc":{"Escrito por":"ulises","Tiempo de lectura":"1 minuto"},"schema":{"@context":"https:\/\/schema.org","@graph":[{"@type":"NewsArticle","@id":"https:\/\/www.celttv.com.ar\/index.php\/2011\/08\/30\/se-celebraron-en-tornquist-las-fiestas-patronales-16-fotos-y-ampliaremos-con-video\/#article","isPartOf":{"@id":"https:\/\/www.celttv.com.ar\/index.php\/2011\/08\/30\/se-celebraron-en-tornquist-las-fiestas-patronales-16-fotos-y-ampliaremos-con-video\/"},"author":{"name":"ulises","@id":"https:\/\/www.celttv.com.ar\/#\/schema\/person\/6d99c072dba59953809c81446e9d0ace"},"headline":"SE CELEBRARON EN TORNQUIST LAS FIESTAS PATRONALES (16 fotos y video de la procesi\u00f3n)","datePublished":"2011-08-30T22:37:08+00:00","dateModified":"2011-08-30T22:37:08+00:00","mainEntityOfPage":{"@id":"https:\/\/www.celttv.com.ar\/index.php\/2011\/08\/30\/se-celebraron-en-tornquist-las-fiestas-patronales-16-fotos-y-ampliaremos-con-video\/"},"wordCount":246,"publisher":{"@id":"https:\/\/www.celttv.com.ar\/#organization"},"articleSection":["Comunidad","Destacadas","Videos Destacados"],"inLanguage":"es"},{"@type":"WebPage","@id":"https:\/\/www.celttv.com.ar\/index.php\/2011\/08\/30\/se-celebraron-en-tornquist-las-fiestas-patronales-16-fotos-y-ampliaremos-con-video\/","url":"https:\/\/www.celttv.com.ar\/index.php\/2011\/08\/30\/se-celebraron-en-tornquist-las-fiestas-patronales-16-fotos-y-ampliaremos-con-video\/","name":"SE CELEBRARON EN TORNQUIST LAS FIESTAS PATRONALES (16 fotos y video de la procesi\u00f3n) - CELTTV","isPartOf":{"@id":"https:\/\/www.celttv.com.ar\/#website"},"datePublished":"2011-08-30T22:37:08+00:00","dateModified":"2011-08-30T22:37:08+00:00","description":"Sitio web de noticias de la localidad de Tornquist, provincia de Buenos Aires, Rep\u00fablica Argentina. Contenido propio originado por periodistas de CELTTV, el canal de TV local de la Cooperativa El\u00e9ctrica de Tornquist. Turismo, Pol\u00edtica, Sociedad, Deporte, Cultura y todo el contenido de inter\u00e9s general que la gente del pueblo y la regi\u00f3n debe conocer.","breadcrumb":{"@id":"https:\/\/www.celttv.com.ar\/index.php\/2011\/08\/30\/se-celebraron-en-tornquist-las-fiestas-patronales-16-fotos-y-ampliaremos-con-video\/#breadcrumb"},"inLanguage":"es","potentialAction":[{"@type":"ReadAction","target":["https:\/\/www.celttv.com.ar\/index.php\/2011\/08\/30\/se-celebraron-en-tornquist-las-fiestas-patronales-16-fotos-y-ampliaremos-con-video\/"]}]},{"@type":"BreadcrumbList","@id":"https:\/\/www.celttv.com.ar\/index.php\/2011\/08\/30\/se-celebraron-en-tornquist-las-fiestas-patronales-16-fotos-y-ampliaremos-con-video\/#breadcrumb","itemListElement":[{"@type":"ListItem","position":1,"name":"Inicio","item":"https:\/\/www.celttv.com.ar\/"},{"@type":"ListItem","position":2,"name":"SE CELEBRARON EN TORNQUIST LAS FIESTAS PATRONALES (16 fotos y video de la procesi\u00f3n)"}]},{"@type":"WebSite","@id":"https:\/\/www.celttv.com.ar\/#website","url":"https:\/\/www.celttv.com.ar\/","name":"CELTTV","description":"Cooperativa El\u00e9ctrica de Tornquist","publisher":{"@id":"https:\/\/www.celttv.com.ar\/#organization"},"potentialAction":[{"@type":"SearchAction","target":{"@type":"EntryPoint","urlTemplate":"https:\/\/www.celttv.com.ar\/?s={search_term_string}"},"query-input":"required name=search_term_string"}],"inLanguage":"es"},{"@type":"Organization","@id":"https:\/\/www.celttv.com.ar\/#organization","name":"CELTTV","url":"https:\/\/www.celttv.com.ar\/","sameAs":["https:\/\/www.youtube.com\/channel\/UCz_oIt8Hig64Ub-EmcNPIhg","https:\/\/www.facebook.com\/celtTV\/"],"logo":{"@type":"ImageObject","inLanguage":"es","@id":"https:\/\/www.celttv.com.ar\/#\/schema\/logo\/image\/","url":"http:\/\/www.celttv.com.ar\/wp-content\/uploads\/2022\/08\/logo-1.png","contentUrl":"http:\/\/www.celttv.com.ar\/wp-content\/uploads\/2022\/08\/logo-1.png","width":461,"height":159,"caption":"CELTTV"},"image":{"@id":"https:\/\/www.celttv.com.ar\/#\/schema\/logo\/image\/"}},{"@type":"Person","@id":"https:\/\/www.celttv.com.ar\/#\/schema\/person\/6d99c072dba59953809c81446e9d0ace","name":"ulises","image":{"@type":"ImageObject","inLanguage":"es","@id":"https:\/\/www.celttv.com.ar\/#\/schema\/person\/image\/","url":"https:\/\/secure.gravatar.com\/avatar\/7f2c48bdc33b30088f941fb6082e555f2874c98e20cb159d7b92b50eadfce793?s=96&d=mm&r=g","contentUrl":"https:\/\/secure.gravatar.com\/avatar\/7f2c48bdc33b30088f941fb6082e555f2874c98e20cb159d7b92b50eadfce793?s=96&d=mm&r=g","caption":"ulises"},"sameAs":["http:\/\/www.celttv.com.ar"]}]}},"_links":{"self":[{"href":"https:\/\/www.celttv.com.ar\/index.php\/wp-json\/wp\/v2\/posts\/1206","targetHints":{"allow":["GET"]}}],"collection":[{"href":"https:\/\/www.celttv.com.ar\/index.php\/wp-json\/wp\/v2\/posts"}],"about":[{"href":"https:\/\/www.celttv.com.ar\/index.php\/wp-json\/wp\/v2\/types\/post"}],"author":[{"embeddable":true,"href":"https:\/\/www.celttv.com.ar\/index.php\/wp-json\/wp\/v2\/users\/1"}],"replies":[{"embeddable":true,"href":"https:\/\/www.celttv.com.ar\/index.php\/wp-json\/wp\/v2\/comments?post=1206"}],"version-history":[{"count":0,"href":"https:\/\/www.celttv.com.ar\/index.php\/wp-json\/wp\/v2\/posts\/1206\/revisions"}],"wp:attachment":[{"href":"https:\/\/www.celttv.com.ar\/index.php\/wp-json\/wp\/v2\/media?parent=1206"}],"wp:term":[{"taxonomy":"category","embeddable":true,"href":"https:\/\/www.celttv.com.ar\/index.php\/wp-json\/wp\/v2\/categories?post=1206"},{"taxonomy":"post_tag","embeddable":true,"href":"https:\/\/www.celttv.com.ar\/index.php\/wp-json\/wp\/v2\/tags?post=1206"}],"curies":[{"name":"wp","href":"https:\/\/api.w.org\/{rel}","templated":true}]}}