{"id":12061,"date":"2013-06-12T22:27:07","date_gmt":"2013-06-12T22:27:07","guid":{"rendered":"http:\/\/www.tvcnoticias.com.ar\/?p=12061"},"modified":"2013-06-12T22:27:07","modified_gmt":"2013-06-12T22:27:07","slug":"desagues-cloacales-en-sierra-de-la-ventana-un-sueno-que-se-hace-realidad-fotos","status":"publish","type":"post","link":"https:\/\/www.celttv.com.ar\/index.php\/2013\/06\/12\/desagues-cloacales-en-sierra-de-la-ventana-un-sueno-que-se-hace-realidad-fotos\/","title":{"rendered":"DESAGUES CLOACALES EN SIERRA DE LA VENTANA: UN SUE\u00d1O QUE SE HACE REALIDAD (Fotos)"},"content":{"rendered":"<p><br \/>\nLa construcci\u00f3n de los desag\u00fces cloacales y la planta de tratamiento de efluentes, una de las obras m\u00e1s importantes en la historia de Sierra de la Ventana, avanza a muy buen ritmo y sin pausa.<br \/>\nPara comprobar el estado de la impactante obra, que cambiar\u00e1 sensiblemente la calidad de vida de los vecinos y permitir\u00e1 un desarrollo sostenible y amigable con el medio ambiente, el intendente municipal, licenciado Gustavo Trankels, recorri\u00f3 ayer los trabajos y dialog\u00f3 con Nicol\u00e1s Rivero, perteneciente a la empresa constructora.<br \/>\n\u201cEste es un anhelo de la comunidad superior a 20 a\u00f1os de antig\u00fcedad. Es un proyecto que se gest\u00f3 en la intendencia de Gerardo Rattero, cuando se comenz\u00f3 a perge\u00f1ar toda la ingenier\u00eda de esta futura obra. Despu\u00e9s, el proyecto se fue actualizando a la \u00faltima tecnolog\u00eda disponible y al crecimiento que tuvo Sierra de la Ventana en los \u00faltimos a\u00f1os\u201d, manifest\u00f3 Trankels.<br \/>\n\u201cLuego, un paso muy importante fue la compra de este predio, de 17 hect\u00e1reas. Hubo much\u00edsima tarea de todos, tanto de Juan Mar\u00eda Vi\u00f1ales, titular del SPAR, como del gobernador Daniel Scioli, la presidenta Cristina Fern\u00e1ndez, y el propio ministro del Interior, Florencio Randazzo. Todos y cada uno de ellos fueron dando el respaldo que necesit\u00e1bamos. Entre todos los estamentos del estado, Naci\u00f3n, Provincia y Municipio, estamos ejecutando esta obra tan ansiada\u201d, recalc\u00f3.<br \/>\nActualmente, los trabajos se concentran en la construcci\u00f3n de la planta de tratamiento de efluentes, con dos grandes piletones que requieren un enorme movimiento de suelo. Las tareas demandan el trabajo de tres retroexcavadora, varios camiones, una motoniveladora, una compactadora, regadores y una topadora, entre otras maquinarias.<br \/>\n\u201cEsta es una obra de gran dimensi\u00f3n. Hay mucha ingenier\u00eda en el lugar y detalles t\u00e9cnicos que se tuvieron en cuenta. Esa complejidad la resuelven a diario los ingenieros de la empresa, la gente de SPAR que est\u00e1 auditando permanentemente la obra y, por supuesto, el ojo de la secretaria de Obras P\u00fablicas, Anabella Madue\u00f1a, y la colaboraci\u00f3n del delegado Daniel Lagos. Todos buscando el mismo objetivo: contar con un servicio que permitir\u00e1 un desarrollo futuro amigable con el medio ambiente\u201d, destac\u00f3 el jefe comunal.<br \/>\n\u201cEstamos felices porque Sierra de la Ventana y el distrito est\u00e1n viviendo esta obra, que era un anhelo y hoy es una realidad\u201d, dijo.<br \/>\nParalelamente a la construcci\u00f3n de la mencionada planta de tratamiento, los obreros de la empresa trabajan en la ca\u00f1er\u00eda de impulsi\u00f3n, con los respectivos zanjeos y la posterior colocaci\u00f3n de los ca\u00f1os, que tambi\u00e9n demandan maquinarias, como martillos neum\u00e1ticos para sectores de roca dura y retroexcavadoras.<br \/>\n\u201cComo expres\u00f3 en su momento Vi\u00f1ales, todos debemos estar preparados para una obra larga y compleja, porque hay que romper calles y veredas. Lo importante es que una vez que se realice el trabajo es algo definitivo y pasaremos a disfrutar de este servicio, que permitir\u00e1 desarrollar la localidad con nuevos emprendimientos que hoy no se pueden instalar con un drenaje o un pozo ciego\u201d, explic\u00f3.<br \/>\nEl delegado Daniel Lagos se mostr\u00f3 satisfecho por el avance de las tareas.<br \/>\n\u201cMe cost\u00f3 mucho creer que esta obra se iba a cristalizar, porque era una promesa que se ven\u00eda escuchando a\u00f1o tras a\u00f1o, pero Gustavo lo logr\u00f3. Tengo que agradecerle a Gustavo por su compromiso con esta obra. En la medida que podemos, damos apoyo en el movimiento de suelo y el riego. Todos los habitantes de Sierra estamos deseosos de verla avanzar\u201d, confi\u00f3.<br \/>\nLa construcci\u00f3n se financia con aportes de la Naci\u00f3n, a trav\u00e9s del Ente Nacional de Obras H\u00eddricas y Saneamiento, y la Provincia de Buenos Aires, por intermedio del SPAR.<br \/>\n\u201cEn su momento, Juan Mar\u00eda Vi\u00f1ales nos coment\u00f3 que esta es una de las obras m\u00e1s importantes que encar\u00f3 el ente que dirige, dada la complejidad del terreno en donde se encuentra emplazada Sierra de la Ventana y los requerimientos t\u00e9cnicos de la misma. Por eso quiero agradecerle su apoyo y compromiso, al igual que el de la presidenta Cristina Fern\u00e1ndez, el gobernador Daniel Scioli; el administrador del ENOHSA, ingeniero Lucio Tamburo, y el ministro de Infraestructura provincial, Alejandro Arl\u00eda\u201d, admiti\u00f3 el intendente Trankels.<br \/>\n&nbsp;<br \/>\n&nbsp;<\/p>\n","protected":false},"excerpt":{"rendered":"<p>La construcci\u00f3n de los desag\u00fces cloacales y la planta de tratamiento de efluentes, una de las obras m\u00e1s importantes en la historia de Sierra de la Ventana, avanza a muy buen ritmo y sin pausa. Para comprobar el estado de la impactante obra, que cambiar\u00e1 sensiblemente la calidad de vida de los vecinos y permitir\u00e1 [&hellip;]<\/p>\n","protected":false},"author":1,"featured_media":0,"comment_status":"closed","ping_status":"open","sticky":false,"template":"","format":"standard","meta":{"footnotes":""},"categories":[51,52,53],"tags":[],"class_list":["post-12061","post","type-post","status-publish","format-standard","hentry","category-comunidad","category-destacadas","category-politica"],"yoast_head":"<!-- This site is optimized with the Yoast SEO plugin v19.7.1 - https:\/\/yoast.com\/wordpress\/plugins\/seo\/ -->\n<title>DESAGUES CLOACALES EN SIERRA DE LA VENTANA: UN SUE\u00d1O QUE SE HACE REALIDAD (Fotos) - CELTTV<\/title>\n<meta name=\"description\" content=\"Sitio web de noticias de la localidad de Tornquist, provincia de Buenos Aires, Rep\u00fablica Argentina. Contenido propio originado por periodistas de CELTTV, el canal de TV local de la Cooperativa El\u00e9ctrica de Tornquist. Turismo, Pol\u00edtica, Sociedad, Deporte, Cultura y todo el contenido de inter\u00e9s general que la gente del pueblo y la regi\u00f3n debe conocer.\" \/>\n<meta name=\"robots\" content=\"index, follow, max-snippet:-1, max-image-preview:large, max-video-preview:-1\" \/>\n<link rel=\"canonical\" href=\"https:\/\/www.celttv.com.ar\/index.php\/2013\/06\/12\/desagues-cloacales-en-sierra-de-la-ventana-un-sueno-que-se-hace-realidad-fotos\/\" \/>\n<meta property=\"og:locale\" content=\"es_ES\" \/>\n<meta property=\"og:type\" content=\"article\" \/>\n<meta property=\"og:title\" content=\"DESAGUES CLOACALES EN SIERRA DE LA VENTANA: UN SUE\u00d1O QUE SE HACE REALIDAD (Fotos) - CELTTV\" \/>\n<meta property=\"og:description\" content=\"Sitio web de noticias de la localidad de Tornquist, provincia de Buenos Aires, Rep\u00fablica Argentina. Contenido propio originado por periodistas de CELTTV, el canal de TV local de la Cooperativa El\u00e9ctrica de Tornquist. Turismo, Pol\u00edtica, Sociedad, Deporte, Cultura y todo el contenido de inter\u00e9s general que la gente del pueblo y la regi\u00f3n debe conocer.\" \/>\n<meta property=\"og:url\" content=\"https:\/\/www.celttv.com.ar\/index.php\/2013\/06\/12\/desagues-cloacales-en-sierra-de-la-ventana-un-sueno-que-se-hace-realidad-fotos\/\" \/>\n<meta property=\"og:site_name\" content=\"CELTTV\" \/>\n<meta property=\"article:publisher\" content=\"https:\/\/www.facebook.com\/celtTV\/\" \/>\n<meta property=\"article:published_time\" content=\"2013-06-12T22:27:07+00:00\" \/>\n<meta name=\"author\" content=\"ulises\" \/>\n<meta name=\"twitter:card\" content=\"summary_large_image\" \/>\n<meta name=\"twitter:label1\" content=\"Escrito por\" \/>\n\t<meta name=\"twitter:data1\" content=\"ulises\" \/>\n\t<meta name=\"twitter:label2\" content=\"Tiempo de lectura\" \/>\n\t<meta name=\"twitter:data2\" content=\"4 minutos\" \/>\n<script type=\"application\/ld+json\" class=\"yoast-schema-graph\">{\"@context\":\"https:\/\/schema.org\",\"@graph\":[{\"@type\":\"NewsArticle\",\"@id\":\"https:\/\/www.celttv.com.ar\/index.php\/2013\/06\/12\/desagues-cloacales-en-sierra-de-la-ventana-un-sueno-que-se-hace-realidad-fotos\/#article\",\"isPartOf\":{\"@id\":\"https:\/\/www.celttv.com.ar\/index.php\/2013\/06\/12\/desagues-cloacales-en-sierra-de-la-ventana-un-sueno-que-se-hace-realidad-fotos\/\"},\"author\":{\"name\":\"ulises\",\"@id\":\"https:\/\/www.celttv.com.ar\/#\/schema\/person\/6d99c072dba59953809c81446e9d0ace\"},\"headline\":\"DESAGUES CLOACALES EN SIERRA DE LA VENTANA: UN SUE\u00d1O QUE SE HACE REALIDAD (Fotos)\",\"datePublished\":\"2013-06-12T22:27:07+00:00\",\"dateModified\":\"2013-06-12T22:27:07+00:00\",\"mainEntityOfPage\":{\"@id\":\"https:\/\/www.celttv.com.ar\/index.php\/2013\/06\/12\/desagues-cloacales-en-sierra-de-la-ventana-un-sueno-que-se-hace-realidad-fotos\/\"},\"wordCount\":744,\"publisher\":{\"@id\":\"https:\/\/www.celttv.com.ar\/#organization\"},\"articleSection\":[\"Comunidad\",\"Destacadas\",\"Pol\u00edtica\"],\"inLanguage\":\"es\"},{\"@type\":\"WebPage\",\"@id\":\"https:\/\/www.celttv.com.ar\/index.php\/2013\/06\/12\/desagues-cloacales-en-sierra-de-la-ventana-un-sueno-que-se-hace-realidad-fotos\/\",\"url\":\"https:\/\/www.celttv.com.ar\/index.php\/2013\/06\/12\/desagues-cloacales-en-sierra-de-la-ventana-un-sueno-que-se-hace-realidad-fotos\/\",\"name\":\"DESAGUES CLOACALES EN SIERRA DE LA VENTANA: UN SUE\u00d1O QUE SE HACE REALIDAD (Fotos) - CELTTV\",\"isPartOf\":{\"@id\":\"https:\/\/www.celttv.com.ar\/#website\"},\"datePublished\":\"2013-06-12T22:27:07+00:00\",\"dateModified\":\"2013-06-12T22:27:07+00:00\",\"description\":\"Sitio web de noticias de la localidad de Tornquist, provincia de Buenos Aires, Rep\u00fablica Argentina. Contenido propio originado por periodistas de CELTTV, el canal de TV local de la Cooperativa El\u00e9ctrica de Tornquist. Turismo, Pol\u00edtica, Sociedad, Deporte, Cultura y todo el contenido de inter\u00e9s general que la gente del pueblo y la regi\u00f3n debe conocer.\",\"breadcrumb\":{\"@id\":\"https:\/\/www.celttv.com.ar\/index.php\/2013\/06\/12\/desagues-cloacales-en-sierra-de-la-ventana-un-sueno-que-se-hace-realidad-fotos\/#breadcrumb\"},\"inLanguage\":\"es\",\"potentialAction\":[{\"@type\":\"ReadAction\",\"target\":[\"https:\/\/www.celttv.com.ar\/index.php\/2013\/06\/12\/desagues-cloacales-en-sierra-de-la-ventana-un-sueno-que-se-hace-realidad-fotos\/\"]}]},{\"@type\":\"BreadcrumbList\",\"@id\":\"https:\/\/www.celttv.com.ar\/index.php\/2013\/06\/12\/desagues-cloacales-en-sierra-de-la-ventana-un-sueno-que-se-hace-realidad-fotos\/#breadcrumb\",\"itemListElement\":[{\"@type\":\"ListItem\",\"position\":1,\"name\":\"Inicio\",\"item\":\"https:\/\/www.celttv.com.ar\/\"},{\"@type\":\"ListItem\",\"position\":2,\"name\":\"DESAGUES CLOACALES EN SIERRA DE LA VENTANA: UN SUE\u00d1O QUE SE HACE REALIDAD (Fotos)\"}]},{\"@type\":\"WebSite\",\"@id\":\"https:\/\/www.celttv.com.ar\/#website\",\"url\":\"https:\/\/www.celttv.com.ar\/\",\"name\":\"CELTTV\",\"description\":\"Cooperativa El\u00e9ctrica de Tornquist\",\"publisher\":{\"@id\":\"https:\/\/www.celttv.com.ar\/#organization\"},\"potentialAction\":[{\"@type\":\"SearchAction\",\"target\":{\"@type\":\"EntryPoint\",\"urlTemplate\":\"https:\/\/www.celttv.com.ar\/?s={search_term_string}\"},\"query-input\":\"required name=search_term_string\"}],\"inLanguage\":\"es\"},{\"@type\":\"Organization\",\"@id\":\"https:\/\/www.celttv.com.ar\/#organization\",\"name\":\"CELTTV\",\"url\":\"https:\/\/www.celttv.com.ar\/\",\"sameAs\":[\"https:\/\/www.youtube.com\/channel\/UCz_oIt8Hig64Ub-EmcNPIhg\",\"https:\/\/www.facebook.com\/celtTV\/\"],\"logo\":{\"@type\":\"ImageObject\",\"inLanguage\":\"es\",\"@id\":\"https:\/\/www.celttv.com.ar\/#\/schema\/logo\/image\/\",\"url\":\"http:\/\/www.celttv.com.ar\/wp-content\/uploads\/2022\/08\/logo-1.png\",\"contentUrl\":\"http:\/\/www.celttv.com.ar\/wp-content\/uploads\/2022\/08\/logo-1.png\",\"width\":461,\"height\":159,\"caption\":\"CELTTV\"},\"image\":{\"@id\":\"https:\/\/www.celttv.com.ar\/#\/schema\/logo\/image\/\"}},{\"@type\":\"Person\",\"@id\":\"https:\/\/www.celttv.com.ar\/#\/schema\/person\/6d99c072dba59953809c81446e9d0ace\",\"name\":\"ulises\",\"image\":{\"@type\":\"ImageObject\",\"inLanguage\":\"es\",\"@id\":\"https:\/\/www.celttv.com.ar\/#\/schema\/person\/image\/\",\"url\":\"https:\/\/secure.gravatar.com\/avatar\/7f2c48bdc33b30088f941fb6082e555f2874c98e20cb159d7b92b50eadfce793?s=96&d=mm&r=g\",\"contentUrl\":\"https:\/\/secure.gravatar.com\/avatar\/7f2c48bdc33b30088f941fb6082e555f2874c98e20cb159d7b92b50eadfce793?s=96&d=mm&r=g\",\"caption\":\"ulises\"},\"sameAs\":[\"http:\/\/www.celttv.com.ar\"]}]}<\/script>\n<!-- \/ Yoast SEO plugin. -->","yoast_head_json":{"title":"DESAGUES CLOACALES EN SIERRA DE LA VENTANA: UN SUE\u00d1O QUE SE HACE REALIDAD (Fotos) - CELTTV","description":"Sitio web de noticias de la localidad de Tornquist, provincia de Buenos Aires, Rep\u00fablica Argentina. Contenido propio originado por periodistas de CELTTV, el canal de TV local de la Cooperativa El\u00e9ctrica de Tornquist. Turismo, Pol\u00edtica, Sociedad, Deporte, Cultura y todo el contenido de inter\u00e9s general que la gente del pueblo y la regi\u00f3n debe conocer.","robots":{"index":"index","follow":"follow","max-snippet":"max-snippet:-1","max-image-preview":"max-image-preview:large","max-video-preview":"max-video-preview:-1"},"canonical":"https:\/\/www.celttv.com.ar\/index.php\/2013\/06\/12\/desagues-cloacales-en-sierra-de-la-ventana-un-sueno-que-se-hace-realidad-fotos\/","og_locale":"es_ES","og_type":"article","og_title":"DESAGUES CLOACALES EN SIERRA DE LA VENTANA: UN SUE\u00d1O QUE SE HACE REALIDAD (Fotos) - CELTTV","og_description":"Sitio web de noticias de la localidad de Tornquist, provincia de Buenos Aires, Rep\u00fablica Argentina. Contenido propio originado por periodistas de CELTTV, el canal de TV local de la Cooperativa El\u00e9ctrica de Tornquist. Turismo, Pol\u00edtica, Sociedad, Deporte, Cultura y todo el contenido de inter\u00e9s general que la gente del pueblo y la regi\u00f3n debe conocer.","og_url":"https:\/\/www.celttv.com.ar\/index.php\/2013\/06\/12\/desagues-cloacales-en-sierra-de-la-ventana-un-sueno-que-se-hace-realidad-fotos\/","og_site_name":"CELTTV","article_publisher":"https:\/\/www.facebook.com\/celtTV\/","article_published_time":"2013-06-12T22:27:07+00:00","author":"ulises","twitter_card":"summary_large_image","twitter_misc":{"Escrito por":"ulises","Tiempo de lectura":"4 minutos"},"schema":{"@context":"https:\/\/schema.org","@graph":[{"@type":"NewsArticle","@id":"https:\/\/www.celttv.com.ar\/index.php\/2013\/06\/12\/desagues-cloacales-en-sierra-de-la-ventana-un-sueno-que-se-hace-realidad-fotos\/#article","isPartOf":{"@id":"https:\/\/www.celttv.com.ar\/index.php\/2013\/06\/12\/desagues-cloacales-en-sierra-de-la-ventana-un-sueno-que-se-hace-realidad-fotos\/"},"author":{"name":"ulises","@id":"https:\/\/www.celttv.com.ar\/#\/schema\/person\/6d99c072dba59953809c81446e9d0ace"},"headline":"DESAGUES CLOACALES EN SIERRA DE LA VENTANA: UN SUE\u00d1O QUE SE HACE REALIDAD (Fotos)","datePublished":"2013-06-12T22:27:07+00:00","dateModified":"2013-06-12T22:27:07+00:00","mainEntityOfPage":{"@id":"https:\/\/www.celttv.com.ar\/index.php\/2013\/06\/12\/desagues-cloacales-en-sierra-de-la-ventana-un-sueno-que-se-hace-realidad-fotos\/"},"wordCount":744,"publisher":{"@id":"https:\/\/www.celttv.com.ar\/#organization"},"articleSection":["Comunidad","Destacadas","Pol\u00edtica"],"inLanguage":"es"},{"@type":"WebPage","@id":"https:\/\/www.celttv.com.ar\/index.php\/2013\/06\/12\/desagues-cloacales-en-sierra-de-la-ventana-un-sueno-que-se-hace-realidad-fotos\/","url":"https:\/\/www.celttv.com.ar\/index.php\/2013\/06\/12\/desagues-cloacales-en-sierra-de-la-ventana-un-sueno-que-se-hace-realidad-fotos\/","name":"DESAGUES CLOACALES EN SIERRA DE LA VENTANA: UN SUE\u00d1O QUE SE HACE REALIDAD (Fotos) - CELTTV","isPartOf":{"@id":"https:\/\/www.celttv.com.ar\/#website"},"datePublished":"2013-06-12T22:27:07+00:00","dateModified":"2013-06-12T22:27:07+00:00","description":"Sitio web de noticias de la localidad de Tornquist, provincia de Buenos Aires, Rep\u00fablica Argentina. Contenido propio originado por periodistas de CELTTV, el canal de TV local de la Cooperativa El\u00e9ctrica de Tornquist. Turismo, Pol\u00edtica, Sociedad, Deporte, Cultura y todo el contenido de inter\u00e9s general que la gente del pueblo y la regi\u00f3n debe conocer.","breadcrumb":{"@id":"https:\/\/www.celttv.com.ar\/index.php\/2013\/06\/12\/desagues-cloacales-en-sierra-de-la-ventana-un-sueno-que-se-hace-realidad-fotos\/#breadcrumb"},"inLanguage":"es","potentialAction":[{"@type":"ReadAction","target":["https:\/\/www.celttv.com.ar\/index.php\/2013\/06\/12\/desagues-cloacales-en-sierra-de-la-ventana-un-sueno-que-se-hace-realidad-fotos\/"]}]},{"@type":"BreadcrumbList","@id":"https:\/\/www.celttv.com.ar\/index.php\/2013\/06\/12\/desagues-cloacales-en-sierra-de-la-ventana-un-sueno-que-se-hace-realidad-fotos\/#breadcrumb","itemListElement":[{"@type":"ListItem","position":1,"name":"Inicio","item":"https:\/\/www.celttv.com.ar\/"},{"@type":"ListItem","position":2,"name":"DESAGUES CLOACALES EN SIERRA DE LA VENTANA: UN SUE\u00d1O QUE SE HACE REALIDAD (Fotos)"}]},{"@type":"WebSite","@id":"https:\/\/www.celttv.com.ar\/#website","url":"https:\/\/www.celttv.com.ar\/","name":"CELTTV","description":"Cooperativa El\u00e9ctrica de Tornquist","publisher":{"@id":"https:\/\/www.celttv.com.ar\/#organization"},"potentialAction":[{"@type":"SearchAction","target":{"@type":"EntryPoint","urlTemplate":"https:\/\/www.celttv.com.ar\/?s={search_term_string}"},"query-input":"required name=search_term_string"}],"inLanguage":"es"},{"@type":"Organization","@id":"https:\/\/www.celttv.com.ar\/#organization","name":"CELTTV","url":"https:\/\/www.celttv.com.ar\/","sameAs":["https:\/\/www.youtube.com\/channel\/UCz_oIt8Hig64Ub-EmcNPIhg","https:\/\/www.facebook.com\/celtTV\/"],"logo":{"@type":"ImageObject","inLanguage":"es","@id":"https:\/\/www.celttv.com.ar\/#\/schema\/logo\/image\/","url":"http:\/\/www.celttv.com.ar\/wp-content\/uploads\/2022\/08\/logo-1.png","contentUrl":"http:\/\/www.celttv.com.ar\/wp-content\/uploads\/2022\/08\/logo-1.png","width":461,"height":159,"caption":"CELTTV"},"image":{"@id":"https:\/\/www.celttv.com.ar\/#\/schema\/logo\/image\/"}},{"@type":"Person","@id":"https:\/\/www.celttv.com.ar\/#\/schema\/person\/6d99c072dba59953809c81446e9d0ace","name":"ulises","image":{"@type":"ImageObject","inLanguage":"es","@id":"https:\/\/www.celttv.com.ar\/#\/schema\/person\/image\/","url":"https:\/\/secure.gravatar.com\/avatar\/7f2c48bdc33b30088f941fb6082e555f2874c98e20cb159d7b92b50eadfce793?s=96&d=mm&r=g","contentUrl":"https:\/\/secure.gravatar.com\/avatar\/7f2c48bdc33b30088f941fb6082e555f2874c98e20cb159d7b92b50eadfce793?s=96&d=mm&r=g","caption":"ulises"},"sameAs":["http:\/\/www.celttv.com.ar"]}]}},"_links":{"self":[{"href":"https:\/\/www.celttv.com.ar\/index.php\/wp-json\/wp\/v2\/posts\/12061","targetHints":{"allow":["GET"]}}],"collection":[{"href":"https:\/\/www.celttv.com.ar\/index.php\/wp-json\/wp\/v2\/posts"}],"about":[{"href":"https:\/\/www.celttv.com.ar\/index.php\/wp-json\/wp\/v2\/types\/post"}],"author":[{"embeddable":true,"href":"https:\/\/www.celttv.com.ar\/index.php\/wp-json\/wp\/v2\/users\/1"}],"replies":[{"embeddable":true,"href":"https:\/\/www.celttv.com.ar\/index.php\/wp-json\/wp\/v2\/comments?post=12061"}],"version-history":[{"count":0,"href":"https:\/\/www.celttv.com.ar\/index.php\/wp-json\/wp\/v2\/posts\/12061\/revisions"}],"wp:attachment":[{"href":"https:\/\/www.celttv.com.ar\/index.php\/wp-json\/wp\/v2\/media?parent=12061"}],"wp:term":[{"taxonomy":"category","embeddable":true,"href":"https:\/\/www.celttv.com.ar\/index.php\/wp-json\/wp\/v2\/categories?post=12061"},{"taxonomy":"post_tag","embeddable":true,"href":"https:\/\/www.celttv.com.ar\/index.php\/wp-json\/wp\/v2\/tags?post=12061"}],"curies":[{"name":"wp","href":"https:\/\/api.w.org\/{rel}","templated":true}]}}