{"id":12078,"date":"2013-06-12T22:59:11","date_gmt":"2013-06-12T22:59:11","guid":{"rendered":"http:\/\/www.tvcnoticias.com.ar\/?p=12078"},"modified":"2013-06-12T22:59:11","modified_gmt":"2013-06-12T22:59:11","slug":"gimnasia-artistica-basquet-y-boxeo-en-un-fin-de-semana-deportivo-fotos","status":"publish","type":"post","link":"https:\/\/www.celttv.com.ar\/index.php\/2013\/06\/12\/gimnasia-artistica-basquet-y-boxeo-en-un-fin-de-semana-deportivo-fotos\/","title":{"rendered":"GIMNASIA ARTISTICA, BASQUET Y BOXEO EN UN FIN DE SEMANA DEPORTIVO (fotos)"},"content":{"rendered":"<p><br \/>\nUna intensa actividad deportiva registraron, el pasado fin de semana, representantes de diferentes disciplinas deportivas de nuestro distrito. Estuvieron involucrados participantes de boxeo, gimnasia art\u00edstica y b\u00e1squetbol.<br \/>\nEl Gimnasio Municipal \u201cEva Per\u00f3n\u201d fue el escenario de una intensa jornada de entrenamiento de gimnasia art\u00edstica, dedicado a las alumnas del CEF N\u00ba 9 de Tornquist y el Gimnasio Ed\u00e9n, pertenecientes a los niveles Escuela y D. La actividad estuvo a cargo del profesor Gustavo Graff, integrante de la Direcci\u00f3n de Deportes comunal.<br \/>\nDurante el desarrollo de la jornada se corrigieron ejercicios y se realizaron series de competencia en los 4 aparatos, como forma de prepararse para futuros encuentros o torneos.<br \/>\nPor su parte, los representantes locales de boxeo se presentaron en Puan, donde se desarrollaron seis peleas y tres exhibiciones, organizadas por la Escuela de Box de Mat\u00edas Ferreira, que involucra a p\u00fagiles de la zona y presidiarios alojados en la Unidad Carcelaria N\u00b0 19 de Saavedra.<br \/>\nLos boxeadores Sebasti\u00e1n Mu\u00f1oz y Pablo Palavacino fueron por el gimnasio \u201cTodo a Pulm\u00f3n\u201d. El primero debut\u00f3 con \u00e9xito, al ganar su combate por puntos en decisi\u00f3n un\u00e1nime ante Eduardo Om\u00e1n, de Gimnasio \u201cLos Angelitos\u201d de Bah\u00eda Blanca. Palavecino tambi\u00e9n se retir\u00f3 victorioso, aunque en decisi\u00f3n dividida, tras un duro combate ante Carlos Pardo, de la Unidad Carcelaria saavedrense.<br \/>\nFinalmente, la Escuela Municipal de B\u00e1squetbol y el CEF N\u00ba 9 viajaron a Carhu\u00e9, en donde\u00a0 las categor\u00edas Escuelita, Premini, Mini, U13, U15 y U17, a cargo del profesor Jorge Luis Schmidt y el entrenador Sergio Pettorosso, disputaron \u00a0partidos con la Escuela Municipal de la mencionada iudad. El encuentro tuvo lugar en las instalaciones del Club Sarmiento de Carhu\u00e9.<br \/>\n&nbsp;<\/p>\n","protected":false},"excerpt":{"rendered":"<p>Una intensa actividad deportiva registraron, el pasado fin de semana, representantes de diferentes disciplinas deportivas de nuestro distrito. Estuvieron involucrados participantes de boxeo, gimnasia art\u00edstica y b\u00e1squetbol. El Gimnasio Municipal \u201cEva Per\u00f3n\u201d fue el escenario de una intensa jornada de entrenamiento de gimnasia art\u00edstica, dedicado a las alumnas del CEF N\u00ba 9 de Tornquist y [&hellip;]<\/p>\n","protected":false},"author":1,"featured_media":0,"comment_status":"closed","ping_status":"open","sticky":false,"template":"","format":"standard","meta":{"footnotes":""},"categories":[60,52],"tags":[],"class_list":["post-12078","post","type-post","status-publish","format-standard","hentry","category-deporte","category-destacadas"],"yoast_head":"<!-- This site is optimized with the Yoast SEO plugin v19.7.1 - https:\/\/yoast.com\/wordpress\/plugins\/seo\/ -->\n<title>GIMNASIA ARTISTICA, BASQUET Y BOXEO EN UN FIN DE SEMANA DEPORTIVO (fotos) - CELTTV<\/title>\n<meta name=\"description\" content=\"Sitio web de noticias de la localidad de Tornquist, provincia de Buenos Aires, Rep\u00fablica Argentina. Contenido propio originado por periodistas de CELTTV, el canal de TV local de la Cooperativa El\u00e9ctrica de Tornquist. Turismo, Pol\u00edtica, Sociedad, Deporte, Cultura y todo el contenido de inter\u00e9s general que la gente del pueblo y la regi\u00f3n debe conocer.\" \/>\n<meta name=\"robots\" content=\"index, follow, max-snippet:-1, max-image-preview:large, max-video-preview:-1\" \/>\n<link rel=\"canonical\" href=\"https:\/\/www.celttv.com.ar\/index.php\/2013\/06\/12\/gimnasia-artistica-basquet-y-boxeo-en-un-fin-de-semana-deportivo-fotos\/\" \/>\n<meta property=\"og:locale\" content=\"es_ES\" \/>\n<meta property=\"og:type\" content=\"article\" \/>\n<meta property=\"og:title\" content=\"GIMNASIA ARTISTICA, BASQUET Y BOXEO EN UN FIN DE SEMANA DEPORTIVO (fotos) - CELTTV\" \/>\n<meta property=\"og:description\" content=\"Sitio web de noticias de la localidad de Tornquist, provincia de Buenos Aires, Rep\u00fablica Argentina. Contenido propio originado por periodistas de CELTTV, el canal de TV local de la Cooperativa El\u00e9ctrica de Tornquist. Turismo, Pol\u00edtica, Sociedad, Deporte, Cultura y todo el contenido de inter\u00e9s general que la gente del pueblo y la regi\u00f3n debe conocer.\" \/>\n<meta property=\"og:url\" content=\"https:\/\/www.celttv.com.ar\/index.php\/2013\/06\/12\/gimnasia-artistica-basquet-y-boxeo-en-un-fin-de-semana-deportivo-fotos\/\" \/>\n<meta property=\"og:site_name\" content=\"CELTTV\" \/>\n<meta property=\"article:publisher\" content=\"https:\/\/www.facebook.com\/celtTV\/\" \/>\n<meta property=\"article:published_time\" content=\"2013-06-12T22:59:11+00:00\" \/>\n<meta name=\"author\" content=\"ulises\" \/>\n<meta name=\"twitter:card\" content=\"summary_large_image\" \/>\n<meta name=\"twitter:label1\" content=\"Escrito por\" \/>\n\t<meta name=\"twitter:data1\" content=\"ulises\" \/>\n\t<meta name=\"twitter:label2\" content=\"Tiempo de lectura\" \/>\n\t<meta name=\"twitter:data2\" content=\"1 minuto\" \/>\n<script type=\"application\/ld+json\" class=\"yoast-schema-graph\">{\"@context\":\"https:\/\/schema.org\",\"@graph\":[{\"@type\":\"NewsArticle\",\"@id\":\"https:\/\/www.celttv.com.ar\/index.php\/2013\/06\/12\/gimnasia-artistica-basquet-y-boxeo-en-un-fin-de-semana-deportivo-fotos\/#article\",\"isPartOf\":{\"@id\":\"https:\/\/www.celttv.com.ar\/index.php\/2013\/06\/12\/gimnasia-artistica-basquet-y-boxeo-en-un-fin-de-semana-deportivo-fotos\/\"},\"author\":{\"name\":\"ulises\",\"@id\":\"https:\/\/www.celttv.com.ar\/#\/schema\/person\/6d99c072dba59953809c81446e9d0ace\"},\"headline\":\"GIMNASIA ARTISTICA, BASQUET Y BOXEO EN UN FIN DE SEMANA DEPORTIVO (fotos)\",\"datePublished\":\"2013-06-12T22:59:11+00:00\",\"dateModified\":\"2013-06-12T22:59:11+00:00\",\"mainEntityOfPage\":{\"@id\":\"https:\/\/www.celttv.com.ar\/index.php\/2013\/06\/12\/gimnasia-artistica-basquet-y-boxeo-en-un-fin-de-semana-deportivo-fotos\/\"},\"wordCount\":306,\"publisher\":{\"@id\":\"https:\/\/www.celttv.com.ar\/#organization\"},\"articleSection\":[\"Deporte\",\"Destacadas\"],\"inLanguage\":\"es\"},{\"@type\":\"WebPage\",\"@id\":\"https:\/\/www.celttv.com.ar\/index.php\/2013\/06\/12\/gimnasia-artistica-basquet-y-boxeo-en-un-fin-de-semana-deportivo-fotos\/\",\"url\":\"https:\/\/www.celttv.com.ar\/index.php\/2013\/06\/12\/gimnasia-artistica-basquet-y-boxeo-en-un-fin-de-semana-deportivo-fotos\/\",\"name\":\"GIMNASIA ARTISTICA, BASQUET Y BOXEO EN UN FIN DE SEMANA DEPORTIVO (fotos) - CELTTV\",\"isPartOf\":{\"@id\":\"https:\/\/www.celttv.com.ar\/#website\"},\"datePublished\":\"2013-06-12T22:59:11+00:00\",\"dateModified\":\"2013-06-12T22:59:11+00:00\",\"description\":\"Sitio web de noticias de la localidad de Tornquist, provincia de Buenos Aires, Rep\u00fablica Argentina. Contenido propio originado por periodistas de CELTTV, el canal de TV local de la Cooperativa El\u00e9ctrica de Tornquist. Turismo, Pol\u00edtica, Sociedad, Deporte, Cultura y todo el contenido de inter\u00e9s general que la gente del pueblo y la regi\u00f3n debe conocer.\",\"breadcrumb\":{\"@id\":\"https:\/\/www.celttv.com.ar\/index.php\/2013\/06\/12\/gimnasia-artistica-basquet-y-boxeo-en-un-fin-de-semana-deportivo-fotos\/#breadcrumb\"},\"inLanguage\":\"es\",\"potentialAction\":[{\"@type\":\"ReadAction\",\"target\":[\"https:\/\/www.celttv.com.ar\/index.php\/2013\/06\/12\/gimnasia-artistica-basquet-y-boxeo-en-un-fin-de-semana-deportivo-fotos\/\"]}]},{\"@type\":\"BreadcrumbList\",\"@id\":\"https:\/\/www.celttv.com.ar\/index.php\/2013\/06\/12\/gimnasia-artistica-basquet-y-boxeo-en-un-fin-de-semana-deportivo-fotos\/#breadcrumb\",\"itemListElement\":[{\"@type\":\"ListItem\",\"position\":1,\"name\":\"Inicio\",\"item\":\"https:\/\/www.celttv.com.ar\/\"},{\"@type\":\"ListItem\",\"position\":2,\"name\":\"GIMNASIA ARTISTICA, BASQUET Y BOXEO EN UN FIN DE SEMANA DEPORTIVO (fotos)\"}]},{\"@type\":\"WebSite\",\"@id\":\"https:\/\/www.celttv.com.ar\/#website\",\"url\":\"https:\/\/www.celttv.com.ar\/\",\"name\":\"CELTTV\",\"description\":\"Cooperativa El\u00e9ctrica de Tornquist\",\"publisher\":{\"@id\":\"https:\/\/www.celttv.com.ar\/#organization\"},\"potentialAction\":[{\"@type\":\"SearchAction\",\"target\":{\"@type\":\"EntryPoint\",\"urlTemplate\":\"https:\/\/www.celttv.com.ar\/?s={search_term_string}\"},\"query-input\":\"required name=search_term_string\"}],\"inLanguage\":\"es\"},{\"@type\":\"Organization\",\"@id\":\"https:\/\/www.celttv.com.ar\/#organization\",\"name\":\"CELTTV\",\"url\":\"https:\/\/www.celttv.com.ar\/\",\"sameAs\":[\"https:\/\/www.youtube.com\/channel\/UCz_oIt8Hig64Ub-EmcNPIhg\",\"https:\/\/www.facebook.com\/celtTV\/\"],\"logo\":{\"@type\":\"ImageObject\",\"inLanguage\":\"es\",\"@id\":\"https:\/\/www.celttv.com.ar\/#\/schema\/logo\/image\/\",\"url\":\"http:\/\/www.celttv.com.ar\/wp-content\/uploads\/2022\/08\/logo-1.png\",\"contentUrl\":\"http:\/\/www.celttv.com.ar\/wp-content\/uploads\/2022\/08\/logo-1.png\",\"width\":461,\"height\":159,\"caption\":\"CELTTV\"},\"image\":{\"@id\":\"https:\/\/www.celttv.com.ar\/#\/schema\/logo\/image\/\"}},{\"@type\":\"Person\",\"@id\":\"https:\/\/www.celttv.com.ar\/#\/schema\/person\/6d99c072dba59953809c81446e9d0ace\",\"name\":\"ulises\",\"image\":{\"@type\":\"ImageObject\",\"inLanguage\":\"es\",\"@id\":\"https:\/\/www.celttv.com.ar\/#\/schema\/person\/image\/\",\"url\":\"https:\/\/secure.gravatar.com\/avatar\/7f2c48bdc33b30088f941fb6082e555f2874c98e20cb159d7b92b50eadfce793?s=96&d=mm&r=g\",\"contentUrl\":\"https:\/\/secure.gravatar.com\/avatar\/7f2c48bdc33b30088f941fb6082e555f2874c98e20cb159d7b92b50eadfce793?s=96&d=mm&r=g\",\"caption\":\"ulises\"},\"sameAs\":[\"http:\/\/www.celttv.com.ar\"]}]}<\/script>\n<!-- \/ Yoast SEO plugin. -->","yoast_head_json":{"title":"GIMNASIA ARTISTICA, BASQUET Y BOXEO EN UN FIN DE SEMANA DEPORTIVO (fotos) - CELTTV","description":"Sitio web de noticias de la localidad de Tornquist, provincia de Buenos Aires, Rep\u00fablica Argentina. Contenido propio originado por periodistas de CELTTV, el canal de TV local de la Cooperativa El\u00e9ctrica de Tornquist. Turismo, Pol\u00edtica, Sociedad, Deporte, Cultura y todo el contenido de inter\u00e9s general que la gente del pueblo y la regi\u00f3n debe conocer.","robots":{"index":"index","follow":"follow","max-snippet":"max-snippet:-1","max-image-preview":"max-image-preview:large","max-video-preview":"max-video-preview:-1"},"canonical":"https:\/\/www.celttv.com.ar\/index.php\/2013\/06\/12\/gimnasia-artistica-basquet-y-boxeo-en-un-fin-de-semana-deportivo-fotos\/","og_locale":"es_ES","og_type":"article","og_title":"GIMNASIA ARTISTICA, BASQUET Y BOXEO EN UN FIN DE SEMANA DEPORTIVO (fotos) - CELTTV","og_description":"Sitio web de noticias de la localidad de Tornquist, provincia de Buenos Aires, Rep\u00fablica Argentina. Contenido propio originado por periodistas de CELTTV, el canal de TV local de la Cooperativa El\u00e9ctrica de Tornquist. Turismo, Pol\u00edtica, Sociedad, Deporte, Cultura y todo el contenido de inter\u00e9s general que la gente del pueblo y la regi\u00f3n debe conocer.","og_url":"https:\/\/www.celttv.com.ar\/index.php\/2013\/06\/12\/gimnasia-artistica-basquet-y-boxeo-en-un-fin-de-semana-deportivo-fotos\/","og_site_name":"CELTTV","article_publisher":"https:\/\/www.facebook.com\/celtTV\/","article_published_time":"2013-06-12T22:59:11+00:00","author":"ulises","twitter_card":"summary_large_image","twitter_misc":{"Escrito por":"ulises","Tiempo de lectura":"1 minuto"},"schema":{"@context":"https:\/\/schema.org","@graph":[{"@type":"NewsArticle","@id":"https:\/\/www.celttv.com.ar\/index.php\/2013\/06\/12\/gimnasia-artistica-basquet-y-boxeo-en-un-fin-de-semana-deportivo-fotos\/#article","isPartOf":{"@id":"https:\/\/www.celttv.com.ar\/index.php\/2013\/06\/12\/gimnasia-artistica-basquet-y-boxeo-en-un-fin-de-semana-deportivo-fotos\/"},"author":{"name":"ulises","@id":"https:\/\/www.celttv.com.ar\/#\/schema\/person\/6d99c072dba59953809c81446e9d0ace"},"headline":"GIMNASIA ARTISTICA, BASQUET Y BOXEO EN UN FIN DE SEMANA DEPORTIVO (fotos)","datePublished":"2013-06-12T22:59:11+00:00","dateModified":"2013-06-12T22:59:11+00:00","mainEntityOfPage":{"@id":"https:\/\/www.celttv.com.ar\/index.php\/2013\/06\/12\/gimnasia-artistica-basquet-y-boxeo-en-un-fin-de-semana-deportivo-fotos\/"},"wordCount":306,"publisher":{"@id":"https:\/\/www.celttv.com.ar\/#organization"},"articleSection":["Deporte","Destacadas"],"inLanguage":"es"},{"@type":"WebPage","@id":"https:\/\/www.celttv.com.ar\/index.php\/2013\/06\/12\/gimnasia-artistica-basquet-y-boxeo-en-un-fin-de-semana-deportivo-fotos\/","url":"https:\/\/www.celttv.com.ar\/index.php\/2013\/06\/12\/gimnasia-artistica-basquet-y-boxeo-en-un-fin-de-semana-deportivo-fotos\/","name":"GIMNASIA ARTISTICA, BASQUET Y BOXEO EN UN FIN DE SEMANA DEPORTIVO (fotos) - CELTTV","isPartOf":{"@id":"https:\/\/www.celttv.com.ar\/#website"},"datePublished":"2013-06-12T22:59:11+00:00","dateModified":"2013-06-12T22:59:11+00:00","description":"Sitio web de noticias de la localidad de Tornquist, provincia de Buenos Aires, Rep\u00fablica Argentina. Contenido propio originado por periodistas de CELTTV, el canal de TV local de la Cooperativa El\u00e9ctrica de Tornquist. Turismo, Pol\u00edtica, Sociedad, Deporte, Cultura y todo el contenido de inter\u00e9s general que la gente del pueblo y la regi\u00f3n debe conocer.","breadcrumb":{"@id":"https:\/\/www.celttv.com.ar\/index.php\/2013\/06\/12\/gimnasia-artistica-basquet-y-boxeo-en-un-fin-de-semana-deportivo-fotos\/#breadcrumb"},"inLanguage":"es","potentialAction":[{"@type":"ReadAction","target":["https:\/\/www.celttv.com.ar\/index.php\/2013\/06\/12\/gimnasia-artistica-basquet-y-boxeo-en-un-fin-de-semana-deportivo-fotos\/"]}]},{"@type":"BreadcrumbList","@id":"https:\/\/www.celttv.com.ar\/index.php\/2013\/06\/12\/gimnasia-artistica-basquet-y-boxeo-en-un-fin-de-semana-deportivo-fotos\/#breadcrumb","itemListElement":[{"@type":"ListItem","position":1,"name":"Inicio","item":"https:\/\/www.celttv.com.ar\/"},{"@type":"ListItem","position":2,"name":"GIMNASIA ARTISTICA, BASQUET Y BOXEO EN UN FIN DE SEMANA DEPORTIVO (fotos)"}]},{"@type":"WebSite","@id":"https:\/\/www.celttv.com.ar\/#website","url":"https:\/\/www.celttv.com.ar\/","name":"CELTTV","description":"Cooperativa El\u00e9ctrica de Tornquist","publisher":{"@id":"https:\/\/www.celttv.com.ar\/#organization"},"potentialAction":[{"@type":"SearchAction","target":{"@type":"EntryPoint","urlTemplate":"https:\/\/www.celttv.com.ar\/?s={search_term_string}"},"query-input":"required name=search_term_string"}],"inLanguage":"es"},{"@type":"Organization","@id":"https:\/\/www.celttv.com.ar\/#organization","name":"CELTTV","url":"https:\/\/www.celttv.com.ar\/","sameAs":["https:\/\/www.youtube.com\/channel\/UCz_oIt8Hig64Ub-EmcNPIhg","https:\/\/www.facebook.com\/celtTV\/"],"logo":{"@type":"ImageObject","inLanguage":"es","@id":"https:\/\/www.celttv.com.ar\/#\/schema\/logo\/image\/","url":"http:\/\/www.celttv.com.ar\/wp-content\/uploads\/2022\/08\/logo-1.png","contentUrl":"http:\/\/www.celttv.com.ar\/wp-content\/uploads\/2022\/08\/logo-1.png","width":461,"height":159,"caption":"CELTTV"},"image":{"@id":"https:\/\/www.celttv.com.ar\/#\/schema\/logo\/image\/"}},{"@type":"Person","@id":"https:\/\/www.celttv.com.ar\/#\/schema\/person\/6d99c072dba59953809c81446e9d0ace","name":"ulises","image":{"@type":"ImageObject","inLanguage":"es","@id":"https:\/\/www.celttv.com.ar\/#\/schema\/person\/image\/","url":"https:\/\/secure.gravatar.com\/avatar\/7f2c48bdc33b30088f941fb6082e555f2874c98e20cb159d7b92b50eadfce793?s=96&d=mm&r=g","contentUrl":"https:\/\/secure.gravatar.com\/avatar\/7f2c48bdc33b30088f941fb6082e555f2874c98e20cb159d7b92b50eadfce793?s=96&d=mm&r=g","caption":"ulises"},"sameAs":["http:\/\/www.celttv.com.ar"]}]}},"_links":{"self":[{"href":"https:\/\/www.celttv.com.ar\/index.php\/wp-json\/wp\/v2\/posts\/12078","targetHints":{"allow":["GET"]}}],"collection":[{"href":"https:\/\/www.celttv.com.ar\/index.php\/wp-json\/wp\/v2\/posts"}],"about":[{"href":"https:\/\/www.celttv.com.ar\/index.php\/wp-json\/wp\/v2\/types\/post"}],"author":[{"embeddable":true,"href":"https:\/\/www.celttv.com.ar\/index.php\/wp-json\/wp\/v2\/users\/1"}],"replies":[{"embeddable":true,"href":"https:\/\/www.celttv.com.ar\/index.php\/wp-json\/wp\/v2\/comments?post=12078"}],"version-history":[{"count":0,"href":"https:\/\/www.celttv.com.ar\/index.php\/wp-json\/wp\/v2\/posts\/12078\/revisions"}],"wp:attachment":[{"href":"https:\/\/www.celttv.com.ar\/index.php\/wp-json\/wp\/v2\/media?parent=12078"}],"wp:term":[{"taxonomy":"category","embeddable":true,"href":"https:\/\/www.celttv.com.ar\/index.php\/wp-json\/wp\/v2\/categories?post=12078"},{"taxonomy":"post_tag","embeddable":true,"href":"https:\/\/www.celttv.com.ar\/index.php\/wp-json\/wp\/v2\/tags?post=12078"}],"curies":[{"name":"wp","href":"https:\/\/api.w.org\/{rel}","templated":true}]}}