{"id":12092,"date":"2013-06-12T23:13:55","date_gmt":"2013-06-12T23:13:55","guid":{"rendered":"http:\/\/www.tvcnoticias.com.ar\/?p=12092"},"modified":"2013-06-12T23:13:55","modified_gmt":"2013-06-12T23:13:55","slug":"el-sueno-de-la-casa-propia-se-hizo-realidad-en-sierra-de-la-ventana-fotos","status":"publish","type":"post","link":"https:\/\/www.celttv.com.ar\/index.php\/2013\/06\/12\/el-sueno-de-la-casa-propia-se-hizo-realidad-en-sierra-de-la-ventana-fotos\/","title":{"rendered":"EL SUE\u00d1O DE LA CASA PROPIA SE HIZO REALIDAD EN SIERRA DE LA VENTANA (fotos)"},"content":{"rendered":"<p><br \/>\nEl Plan de Financiamiento para Construcci\u00f3n de Viviendas Compartir, Programa Nuestra Casa, despert\u00f3 una enorme sonrisa en una familia de Sierra de la Ventana. Despu\u00e9s de 34 a\u00f1os, H\u00e9ctor Schwerdt y Zulema Ferreira dejaron de alquilar para pasar a contar con su vivienda propia. Ayer, el intendente municipal, licenciado Gustavo Trankels, particip\u00f3 de la entrega formal de uno de los 28 inmuebles que componen el plan.<br \/>\n\u201cComo cada entrega de viviendas, es una satisfacci\u00f3n, una alegr\u00eda que compartimos con cada una de las familias\u201d, afirm\u00f3 el jefe comunal, quien estuvo acompa\u00f1ado por la secretaria de Obras y Servicios P\u00fablicos, arquitecta Anabella Madue\u00f1a, el subsecretario Christian Trankels y el delegado Daniel Lagos.<br \/>\n\u201cEste es un plan de 28 viviendas, que como el nombre lo dice es compartido: la familia pone el terreno y la mano de obra y el municipio, a trav\u00e9s del Instituto de la Vivienda provincial, aporta los materiales. As\u00ed se van haciendo realidad los sue\u00f1os\u201d, a\u00f1adi\u00f3.<br \/>\nLa entrega se convirti\u00f3 en la 19\u00aa del programa, que se extiende por las localidades de Saldungaray, Sierra de la Ventana, Villa Ventana, Tornquist, Tres Picos y Chasic\u00f3. Las nueve restantes se encuentran muy avanzadas.<br \/>\n\u201cEste es un objetivo cumplido, un sue\u00f1o hecho realidad. Uno aprecia el esfuerzo que hicieron para llegar hasta ac\u00e1\u201d, se\u00f1al\u00f3 Trankels.<br \/>\n\u201cTenemos que felicitar a los obreros que estuvieron trabajando en la obra, a la gente de la Secretar\u00eda de Obras P\u00fablicas, con Anabella Madue\u00f1a a la cabeza y todo el equipo, que siempre est\u00e1n atentos y respondiendo a cada requisitoria\u201d, mencion\u00f3.<br \/>\nPor su parte, H\u00e9ctor Schwerdt no ocult\u00f3 su felicidad y satisfacci\u00f3n por contar con su vivienda propia.<br \/>\n\u201cGracias a Dios sali\u00f3 todo bien. Sin la ayuda de Gustavo hubiera sido imposible construirla. Esto nos cambia la vida totalmente. Estamos esperando para mudarnos ya. Alquilamos durante mucho tiempo, pero esto es otra cosa\u201d, cont\u00f3.<br \/>\n&nbsp;<\/p>\n","protected":false},"excerpt":{"rendered":"<p>El Plan de Financiamiento para Construcci\u00f3n de Viviendas Compartir, Programa Nuestra Casa, despert\u00f3 una enorme sonrisa en una familia de Sierra de la Ventana. Despu\u00e9s de 34 a\u00f1os, H\u00e9ctor Schwerdt y Zulema Ferreira dejaron de alquilar para pasar a contar con su vivienda propia. Ayer, el intendente municipal, licenciado Gustavo Trankels, particip\u00f3 de la entrega [&hellip;]<\/p>\n","protected":false},"author":1,"featured_media":0,"comment_status":"closed","ping_status":"open","sticky":false,"template":"","format":"standard","meta":{"footnotes":""},"categories":[51,52,53],"tags":[],"class_list":["post-12092","post","type-post","status-publish","format-standard","hentry","category-comunidad","category-destacadas","category-politica"],"yoast_head":"<!-- This site is optimized with the Yoast SEO plugin v19.7.1 - https:\/\/yoast.com\/wordpress\/plugins\/seo\/ -->\n<title>EL SUE\u00d1O DE LA CASA PROPIA SE HIZO REALIDAD EN SIERRA DE LA VENTANA (fotos) - CELTTV<\/title>\n<meta name=\"description\" content=\"Sitio web de noticias de la localidad de Tornquist, provincia de Buenos Aires, Rep\u00fablica Argentina. Contenido propio originado por periodistas de CELTTV, el canal de TV local de la Cooperativa El\u00e9ctrica de Tornquist. Turismo, Pol\u00edtica, Sociedad, Deporte, Cultura y todo el contenido de inter\u00e9s general que la gente del pueblo y la regi\u00f3n debe conocer.\" \/>\n<meta name=\"robots\" content=\"index, follow, max-snippet:-1, max-image-preview:large, max-video-preview:-1\" \/>\n<link rel=\"canonical\" href=\"https:\/\/www.celttv.com.ar\/index.php\/2013\/06\/12\/el-sueno-de-la-casa-propia-se-hizo-realidad-en-sierra-de-la-ventana-fotos\/\" \/>\n<meta property=\"og:locale\" content=\"es_ES\" \/>\n<meta property=\"og:type\" content=\"article\" \/>\n<meta property=\"og:title\" content=\"EL SUE\u00d1O DE LA CASA PROPIA SE HIZO REALIDAD EN SIERRA DE LA VENTANA (fotos) - CELTTV\" \/>\n<meta property=\"og:description\" content=\"Sitio web de noticias de la localidad de Tornquist, provincia de Buenos Aires, Rep\u00fablica Argentina. Contenido propio originado por periodistas de CELTTV, el canal de TV local de la Cooperativa El\u00e9ctrica de Tornquist. Turismo, Pol\u00edtica, Sociedad, Deporte, Cultura y todo el contenido de inter\u00e9s general que la gente del pueblo y la regi\u00f3n debe conocer.\" \/>\n<meta property=\"og:url\" content=\"https:\/\/www.celttv.com.ar\/index.php\/2013\/06\/12\/el-sueno-de-la-casa-propia-se-hizo-realidad-en-sierra-de-la-ventana-fotos\/\" \/>\n<meta property=\"og:site_name\" content=\"CELTTV\" \/>\n<meta property=\"article:publisher\" content=\"https:\/\/www.facebook.com\/celtTV\/\" \/>\n<meta property=\"article:published_time\" content=\"2013-06-12T23:13:55+00:00\" \/>\n<meta name=\"author\" content=\"ulises\" \/>\n<meta name=\"twitter:card\" content=\"summary_large_image\" \/>\n<meta name=\"twitter:label1\" content=\"Escrito por\" \/>\n\t<meta name=\"twitter:data1\" content=\"ulises\" \/>\n\t<meta name=\"twitter:label2\" content=\"Tiempo de lectura\" \/>\n\t<meta name=\"twitter:data2\" content=\"2 minutos\" \/>\n<script type=\"application\/ld+json\" class=\"yoast-schema-graph\">{\"@context\":\"https:\/\/schema.org\",\"@graph\":[{\"@type\":\"NewsArticle\",\"@id\":\"https:\/\/www.celttv.com.ar\/index.php\/2013\/06\/12\/el-sueno-de-la-casa-propia-se-hizo-realidad-en-sierra-de-la-ventana-fotos\/#article\",\"isPartOf\":{\"@id\":\"https:\/\/www.celttv.com.ar\/index.php\/2013\/06\/12\/el-sueno-de-la-casa-propia-se-hizo-realidad-en-sierra-de-la-ventana-fotos\/\"},\"author\":{\"name\":\"ulises\",\"@id\":\"https:\/\/www.celttv.com.ar\/#\/schema\/person\/6d99c072dba59953809c81446e9d0ace\"},\"headline\":\"EL SUE\u00d1O DE LA CASA PROPIA SE HIZO REALIDAD EN SIERRA DE LA VENTANA (fotos)\",\"datePublished\":\"2013-06-12T23:13:55+00:00\",\"dateModified\":\"2013-06-12T23:13:55+00:00\",\"mainEntityOfPage\":{\"@id\":\"https:\/\/www.celttv.com.ar\/index.php\/2013\/06\/12\/el-sueno-de-la-casa-propia-se-hizo-realidad-en-sierra-de-la-ventana-fotos\/\"},\"wordCount\":345,\"publisher\":{\"@id\":\"https:\/\/www.celttv.com.ar\/#organization\"},\"articleSection\":[\"Comunidad\",\"Destacadas\",\"Pol\u00edtica\"],\"inLanguage\":\"es\"},{\"@type\":\"WebPage\",\"@id\":\"https:\/\/www.celttv.com.ar\/index.php\/2013\/06\/12\/el-sueno-de-la-casa-propia-se-hizo-realidad-en-sierra-de-la-ventana-fotos\/\",\"url\":\"https:\/\/www.celttv.com.ar\/index.php\/2013\/06\/12\/el-sueno-de-la-casa-propia-se-hizo-realidad-en-sierra-de-la-ventana-fotos\/\",\"name\":\"EL SUE\u00d1O DE LA CASA PROPIA SE HIZO REALIDAD EN SIERRA DE LA VENTANA (fotos) - CELTTV\",\"isPartOf\":{\"@id\":\"https:\/\/www.celttv.com.ar\/#website\"},\"datePublished\":\"2013-06-12T23:13:55+00:00\",\"dateModified\":\"2013-06-12T23:13:55+00:00\",\"description\":\"Sitio web de noticias de la localidad de Tornquist, provincia de Buenos Aires, Rep\u00fablica Argentina. Contenido propio originado por periodistas de CELTTV, el canal de TV local de la Cooperativa El\u00e9ctrica de Tornquist. Turismo, Pol\u00edtica, Sociedad, Deporte, Cultura y todo el contenido de inter\u00e9s general que la gente del pueblo y la regi\u00f3n debe conocer.\",\"breadcrumb\":{\"@id\":\"https:\/\/www.celttv.com.ar\/index.php\/2013\/06\/12\/el-sueno-de-la-casa-propia-se-hizo-realidad-en-sierra-de-la-ventana-fotos\/#breadcrumb\"},\"inLanguage\":\"es\",\"potentialAction\":[{\"@type\":\"ReadAction\",\"target\":[\"https:\/\/www.celttv.com.ar\/index.php\/2013\/06\/12\/el-sueno-de-la-casa-propia-se-hizo-realidad-en-sierra-de-la-ventana-fotos\/\"]}]},{\"@type\":\"BreadcrumbList\",\"@id\":\"https:\/\/www.celttv.com.ar\/index.php\/2013\/06\/12\/el-sueno-de-la-casa-propia-se-hizo-realidad-en-sierra-de-la-ventana-fotos\/#breadcrumb\",\"itemListElement\":[{\"@type\":\"ListItem\",\"position\":1,\"name\":\"Inicio\",\"item\":\"https:\/\/www.celttv.com.ar\/\"},{\"@type\":\"ListItem\",\"position\":2,\"name\":\"EL SUE\u00d1O DE LA CASA PROPIA SE HIZO REALIDAD EN SIERRA DE LA VENTANA (fotos)\"}]},{\"@type\":\"WebSite\",\"@id\":\"https:\/\/www.celttv.com.ar\/#website\",\"url\":\"https:\/\/www.celttv.com.ar\/\",\"name\":\"CELTTV\",\"description\":\"Cooperativa El\u00e9ctrica de Tornquist\",\"publisher\":{\"@id\":\"https:\/\/www.celttv.com.ar\/#organization\"},\"potentialAction\":[{\"@type\":\"SearchAction\",\"target\":{\"@type\":\"EntryPoint\",\"urlTemplate\":\"https:\/\/www.celttv.com.ar\/?s={search_term_string}\"},\"query-input\":\"required name=search_term_string\"}],\"inLanguage\":\"es\"},{\"@type\":\"Organization\",\"@id\":\"https:\/\/www.celttv.com.ar\/#organization\",\"name\":\"CELTTV\",\"url\":\"https:\/\/www.celttv.com.ar\/\",\"sameAs\":[\"https:\/\/www.youtube.com\/channel\/UCz_oIt8Hig64Ub-EmcNPIhg\",\"https:\/\/www.facebook.com\/celtTV\/\"],\"logo\":{\"@type\":\"ImageObject\",\"inLanguage\":\"es\",\"@id\":\"https:\/\/www.celttv.com.ar\/#\/schema\/logo\/image\/\",\"url\":\"http:\/\/www.celttv.com.ar\/wp-content\/uploads\/2022\/08\/logo-1.png\",\"contentUrl\":\"http:\/\/www.celttv.com.ar\/wp-content\/uploads\/2022\/08\/logo-1.png\",\"width\":461,\"height\":159,\"caption\":\"CELTTV\"},\"image\":{\"@id\":\"https:\/\/www.celttv.com.ar\/#\/schema\/logo\/image\/\"}},{\"@type\":\"Person\",\"@id\":\"https:\/\/www.celttv.com.ar\/#\/schema\/person\/6d99c072dba59953809c81446e9d0ace\",\"name\":\"ulises\",\"image\":{\"@type\":\"ImageObject\",\"inLanguage\":\"es\",\"@id\":\"https:\/\/www.celttv.com.ar\/#\/schema\/person\/image\/\",\"url\":\"https:\/\/secure.gravatar.com\/avatar\/7f2c48bdc33b30088f941fb6082e555f2874c98e20cb159d7b92b50eadfce793?s=96&d=mm&r=g\",\"contentUrl\":\"https:\/\/secure.gravatar.com\/avatar\/7f2c48bdc33b30088f941fb6082e555f2874c98e20cb159d7b92b50eadfce793?s=96&d=mm&r=g\",\"caption\":\"ulises\"},\"sameAs\":[\"http:\/\/www.celttv.com.ar\"]}]}<\/script>\n<!-- \/ Yoast SEO plugin. -->","yoast_head_json":{"title":"EL SUE\u00d1O DE LA CASA PROPIA SE HIZO REALIDAD EN SIERRA DE LA VENTANA (fotos) - CELTTV","description":"Sitio web de noticias de la localidad de Tornquist, provincia de Buenos Aires, Rep\u00fablica Argentina. Contenido propio originado por periodistas de CELTTV, el canal de TV local de la Cooperativa El\u00e9ctrica de Tornquist. Turismo, Pol\u00edtica, Sociedad, Deporte, Cultura y todo el contenido de inter\u00e9s general que la gente del pueblo y la regi\u00f3n debe conocer.","robots":{"index":"index","follow":"follow","max-snippet":"max-snippet:-1","max-image-preview":"max-image-preview:large","max-video-preview":"max-video-preview:-1"},"canonical":"https:\/\/www.celttv.com.ar\/index.php\/2013\/06\/12\/el-sueno-de-la-casa-propia-se-hizo-realidad-en-sierra-de-la-ventana-fotos\/","og_locale":"es_ES","og_type":"article","og_title":"EL SUE\u00d1O DE LA CASA PROPIA SE HIZO REALIDAD EN SIERRA DE LA VENTANA (fotos) - CELTTV","og_description":"Sitio web de noticias de la localidad de Tornquist, provincia de Buenos Aires, Rep\u00fablica Argentina. Contenido propio originado por periodistas de CELTTV, el canal de TV local de la Cooperativa El\u00e9ctrica de Tornquist. Turismo, Pol\u00edtica, Sociedad, Deporte, Cultura y todo el contenido de inter\u00e9s general que la gente del pueblo y la regi\u00f3n debe conocer.","og_url":"https:\/\/www.celttv.com.ar\/index.php\/2013\/06\/12\/el-sueno-de-la-casa-propia-se-hizo-realidad-en-sierra-de-la-ventana-fotos\/","og_site_name":"CELTTV","article_publisher":"https:\/\/www.facebook.com\/celtTV\/","article_published_time":"2013-06-12T23:13:55+00:00","author":"ulises","twitter_card":"summary_large_image","twitter_misc":{"Escrito por":"ulises","Tiempo de lectura":"2 minutos"},"schema":{"@context":"https:\/\/schema.org","@graph":[{"@type":"NewsArticle","@id":"https:\/\/www.celttv.com.ar\/index.php\/2013\/06\/12\/el-sueno-de-la-casa-propia-se-hizo-realidad-en-sierra-de-la-ventana-fotos\/#article","isPartOf":{"@id":"https:\/\/www.celttv.com.ar\/index.php\/2013\/06\/12\/el-sueno-de-la-casa-propia-se-hizo-realidad-en-sierra-de-la-ventana-fotos\/"},"author":{"name":"ulises","@id":"https:\/\/www.celttv.com.ar\/#\/schema\/person\/6d99c072dba59953809c81446e9d0ace"},"headline":"EL SUE\u00d1O DE LA CASA PROPIA SE HIZO REALIDAD EN SIERRA DE LA VENTANA (fotos)","datePublished":"2013-06-12T23:13:55+00:00","dateModified":"2013-06-12T23:13:55+00:00","mainEntityOfPage":{"@id":"https:\/\/www.celttv.com.ar\/index.php\/2013\/06\/12\/el-sueno-de-la-casa-propia-se-hizo-realidad-en-sierra-de-la-ventana-fotos\/"},"wordCount":345,"publisher":{"@id":"https:\/\/www.celttv.com.ar\/#organization"},"articleSection":["Comunidad","Destacadas","Pol\u00edtica"],"inLanguage":"es"},{"@type":"WebPage","@id":"https:\/\/www.celttv.com.ar\/index.php\/2013\/06\/12\/el-sueno-de-la-casa-propia-se-hizo-realidad-en-sierra-de-la-ventana-fotos\/","url":"https:\/\/www.celttv.com.ar\/index.php\/2013\/06\/12\/el-sueno-de-la-casa-propia-se-hizo-realidad-en-sierra-de-la-ventana-fotos\/","name":"EL SUE\u00d1O DE LA CASA PROPIA SE HIZO REALIDAD EN SIERRA DE LA VENTANA (fotos) - CELTTV","isPartOf":{"@id":"https:\/\/www.celttv.com.ar\/#website"},"datePublished":"2013-06-12T23:13:55+00:00","dateModified":"2013-06-12T23:13:55+00:00","description":"Sitio web de noticias de la localidad de Tornquist, provincia de Buenos Aires, Rep\u00fablica Argentina. Contenido propio originado por periodistas de CELTTV, el canal de TV local de la Cooperativa El\u00e9ctrica de Tornquist. Turismo, Pol\u00edtica, Sociedad, Deporte, Cultura y todo el contenido de inter\u00e9s general que la gente del pueblo y la regi\u00f3n debe conocer.","breadcrumb":{"@id":"https:\/\/www.celttv.com.ar\/index.php\/2013\/06\/12\/el-sueno-de-la-casa-propia-se-hizo-realidad-en-sierra-de-la-ventana-fotos\/#breadcrumb"},"inLanguage":"es","potentialAction":[{"@type":"ReadAction","target":["https:\/\/www.celttv.com.ar\/index.php\/2013\/06\/12\/el-sueno-de-la-casa-propia-se-hizo-realidad-en-sierra-de-la-ventana-fotos\/"]}]},{"@type":"BreadcrumbList","@id":"https:\/\/www.celttv.com.ar\/index.php\/2013\/06\/12\/el-sueno-de-la-casa-propia-se-hizo-realidad-en-sierra-de-la-ventana-fotos\/#breadcrumb","itemListElement":[{"@type":"ListItem","position":1,"name":"Inicio","item":"https:\/\/www.celttv.com.ar\/"},{"@type":"ListItem","position":2,"name":"EL SUE\u00d1O DE LA CASA PROPIA SE HIZO REALIDAD EN SIERRA DE LA VENTANA (fotos)"}]},{"@type":"WebSite","@id":"https:\/\/www.celttv.com.ar\/#website","url":"https:\/\/www.celttv.com.ar\/","name":"CELTTV","description":"Cooperativa El\u00e9ctrica de Tornquist","publisher":{"@id":"https:\/\/www.celttv.com.ar\/#organization"},"potentialAction":[{"@type":"SearchAction","target":{"@type":"EntryPoint","urlTemplate":"https:\/\/www.celttv.com.ar\/?s={search_term_string}"},"query-input":"required name=search_term_string"}],"inLanguage":"es"},{"@type":"Organization","@id":"https:\/\/www.celttv.com.ar\/#organization","name":"CELTTV","url":"https:\/\/www.celttv.com.ar\/","sameAs":["https:\/\/www.youtube.com\/channel\/UCz_oIt8Hig64Ub-EmcNPIhg","https:\/\/www.facebook.com\/celtTV\/"],"logo":{"@type":"ImageObject","inLanguage":"es","@id":"https:\/\/www.celttv.com.ar\/#\/schema\/logo\/image\/","url":"http:\/\/www.celttv.com.ar\/wp-content\/uploads\/2022\/08\/logo-1.png","contentUrl":"http:\/\/www.celttv.com.ar\/wp-content\/uploads\/2022\/08\/logo-1.png","width":461,"height":159,"caption":"CELTTV"},"image":{"@id":"https:\/\/www.celttv.com.ar\/#\/schema\/logo\/image\/"}},{"@type":"Person","@id":"https:\/\/www.celttv.com.ar\/#\/schema\/person\/6d99c072dba59953809c81446e9d0ace","name":"ulises","image":{"@type":"ImageObject","inLanguage":"es","@id":"https:\/\/www.celttv.com.ar\/#\/schema\/person\/image\/","url":"https:\/\/secure.gravatar.com\/avatar\/7f2c48bdc33b30088f941fb6082e555f2874c98e20cb159d7b92b50eadfce793?s=96&d=mm&r=g","contentUrl":"https:\/\/secure.gravatar.com\/avatar\/7f2c48bdc33b30088f941fb6082e555f2874c98e20cb159d7b92b50eadfce793?s=96&d=mm&r=g","caption":"ulises"},"sameAs":["http:\/\/www.celttv.com.ar"]}]}},"_links":{"self":[{"href":"https:\/\/www.celttv.com.ar\/index.php\/wp-json\/wp\/v2\/posts\/12092","targetHints":{"allow":["GET"]}}],"collection":[{"href":"https:\/\/www.celttv.com.ar\/index.php\/wp-json\/wp\/v2\/posts"}],"about":[{"href":"https:\/\/www.celttv.com.ar\/index.php\/wp-json\/wp\/v2\/types\/post"}],"author":[{"embeddable":true,"href":"https:\/\/www.celttv.com.ar\/index.php\/wp-json\/wp\/v2\/users\/1"}],"replies":[{"embeddable":true,"href":"https:\/\/www.celttv.com.ar\/index.php\/wp-json\/wp\/v2\/comments?post=12092"}],"version-history":[{"count":0,"href":"https:\/\/www.celttv.com.ar\/index.php\/wp-json\/wp\/v2\/posts\/12092\/revisions"}],"wp:attachment":[{"href":"https:\/\/www.celttv.com.ar\/index.php\/wp-json\/wp\/v2\/media?parent=12092"}],"wp:term":[{"taxonomy":"category","embeddable":true,"href":"https:\/\/www.celttv.com.ar\/index.php\/wp-json\/wp\/v2\/categories?post=12092"},{"taxonomy":"post_tag","embeddable":true,"href":"https:\/\/www.celttv.com.ar\/index.php\/wp-json\/wp\/v2\/tags?post=12092"}],"curies":[{"name":"wp","href":"https:\/\/api.w.org\/{rel}","templated":true}]}}