{"id":12129,"date":"2013-06-15T17:33:23","date_gmt":"2013-06-15T17:33:23","guid":{"rendered":"http:\/\/www.tvcnoticias.com.ar\/?p=12129"},"modified":"2013-06-15T17:33:23","modified_gmt":"2013-06-15T17:33:23","slug":"el-consorcio-exportador-de-miel-del-sudoeste-bonaerense-se-reunio-en-tornquist-videos-y-notas","status":"publish","type":"post","link":"https:\/\/www.celttv.com.ar\/index.php\/2013\/06\/15\/el-consorcio-exportador-de-miel-del-sudoeste-bonaerense-se-reunio-en-tornquist-videos-y-notas\/","title":{"rendered":"EL CONSORCIO EXPORTADOR DE MIEL DEL SUDOESTE BONAERENSE SE REUNIO EN TORNQUIST (videos y notas)"},"content":{"rendered":"<p>La sala de reuniones de la Cooperativa El\u00e9ctrica de Tornquist fue sede de la reuni\u00f3n que realiz\u00f3 dias pasados el Consorcio Exportador de Miel del Sudoeste Bonaerense donde estuvieron representadas cooperativas de apicultores de la regi\u00f3n.<br \/>\nAlejandro Paris, integrante de la cooperativa anfitriona explica el alcance de la mencionada reuni\u00f3n. Sandra Massheimer, coordinadora del consorcio exportador de miel del sudoeste, brinda detalles sobre las gestiones realizadas hasta el momento y habla de los objetivs del consorcio.<br \/>\nNestor Alvarez comenta acerca sobre la participaci\u00f3n de los productores de miel en esta apuesta a futuro y Jose Vega, integrante de la Cooperativa Apicola de Laprida, destaca el rol del Consorcio y realiza una invitaci\u00f3n abierta para todos aquellos apicultores que quieran sumarse.<br \/>\n<a href=\"http:\/\/www.youtube.com\/watch?v=IbFTHb3bCyA\"><a href=\"http:\/\/www.youtube.com\/watch?v=IbFTHb3bCyA\">httpv:\/\/www.youtube.com\/watch?v=IbFTHb3bCyA<\/a><\/a><br \/>\n<a href=\"http:\/\/www.youtube.com\/watch?v=xcBWCI3Vn6w\"><a href=\"http:\/\/www.youtube.com\/watch?v=xcBWCI3Vn6w\">httpv:\/\/www.youtube.com\/watch?v=xcBWCI3Vn6w<\/a><\/a><br \/>\n<a href=\"http:\/\/www.youtube.com\/watch?v=UAfrLIDlYI4\"><a href=\"http:\/\/www.youtube.com\/watch?v=UAfrLIDlYI4\">httpv:\/\/www.youtube.com\/watch?v=UAfrLIDlYI4<\/a><\/a><br \/>\n<a href=\"http:\/\/www.youtube.com\/watch?v=bvLw1-a9P6o\"><a href=\"http:\/\/www.youtube.com\/watch?v=bvLw1-a9P6o\">httpv:\/\/www.youtube.com\/watch?v=bvLw1-a9P6o<\/a><\/a><br \/>\n<a href=\"http:\/\/www.youtube.com\/watch?v=x0DDodOLmds\"><a href=\"http:\/\/www.youtube.com\/watch?v=x0DDodOLmds\">httpv:\/\/www.youtube.com\/watch?v=x0DDodOLmds<\/a><\/a><br \/>\n<a href=\"http:\/\/www.youtube.com\/watch?v=0YCP2s7Bf3g\"><a href=\"http:\/\/www.youtube.com\/watch?v=0YCP2s7Bf3g\">httpv:\/\/www.youtube.com\/watch?v=0YCP2s7Bf3g<\/a><\/a><\/p>\n","protected":false},"excerpt":{"rendered":"<p>La sala de reuniones de la Cooperativa El\u00e9ctrica de Tornquist fue sede de la reuni\u00f3n que realiz\u00f3 dias pasados el Consorcio Exportador de Miel del Sudoeste Bonaerense donde estuvieron representadas cooperativas de apicultores de la regi\u00f3n. Alejandro Paris, integrante de la cooperativa anfitriona explica el alcance de la mencionada reuni\u00f3n. Sandra Massheimer, coordinadora del consorcio [&hellip;]<\/p>\n","protected":false},"author":1,"featured_media":0,"comment_status":"closed","ping_status":"open","sticky":false,"template":"","format":"standard","meta":{"footnotes":""},"categories":[51,52,64],"tags":[],"class_list":["post-12129","post","type-post","status-publish","format-standard","hentry","category-comunidad","category-destacadas","category-videos-destacados"],"yoast_head":"<!-- This site is optimized with the Yoast SEO plugin v19.7.1 - https:\/\/yoast.com\/wordpress\/plugins\/seo\/ -->\n<title>EL CONSORCIO EXPORTADOR DE MIEL DEL SUDOESTE BONAERENSE SE REUNIO EN TORNQUIST (videos y notas) - CELTTV<\/title>\n<meta name=\"description\" content=\"Sitio web de noticias de la localidad de Tornquist, provincia de Buenos Aires, Rep\u00fablica Argentina. Contenido propio originado por periodistas de CELTTV, el canal de TV local de la Cooperativa El\u00e9ctrica de Tornquist. Turismo, Pol\u00edtica, Sociedad, Deporte, Cultura y todo el contenido de inter\u00e9s general que la gente del pueblo y la regi\u00f3n debe conocer.\" \/>\n<meta name=\"robots\" content=\"index, follow, max-snippet:-1, max-image-preview:large, max-video-preview:-1\" \/>\n<link rel=\"canonical\" href=\"https:\/\/www.celttv.com.ar\/index.php\/2013\/06\/15\/el-consorcio-exportador-de-miel-del-sudoeste-bonaerense-se-reunio-en-tornquist-videos-y-notas\/\" \/>\n<meta property=\"og:locale\" content=\"es_ES\" \/>\n<meta property=\"og:type\" content=\"article\" \/>\n<meta property=\"og:title\" content=\"EL CONSORCIO EXPORTADOR DE MIEL DEL SUDOESTE BONAERENSE SE REUNIO EN TORNQUIST (videos y notas) - CELTTV\" \/>\n<meta property=\"og:description\" content=\"Sitio web de noticias de la localidad de Tornquist, provincia de Buenos Aires, Rep\u00fablica Argentina. Contenido propio originado por periodistas de CELTTV, el canal de TV local de la Cooperativa El\u00e9ctrica de Tornquist. Turismo, Pol\u00edtica, Sociedad, Deporte, Cultura y todo el contenido de inter\u00e9s general que la gente del pueblo y la regi\u00f3n debe conocer.\" \/>\n<meta property=\"og:url\" content=\"https:\/\/www.celttv.com.ar\/index.php\/2013\/06\/15\/el-consorcio-exportador-de-miel-del-sudoeste-bonaerense-se-reunio-en-tornquist-videos-y-notas\/\" \/>\n<meta property=\"og:site_name\" content=\"CELTTV\" \/>\n<meta property=\"article:publisher\" content=\"https:\/\/www.facebook.com\/celtTV\/\" \/>\n<meta property=\"article:published_time\" content=\"2013-06-15T17:33:23+00:00\" \/>\n<meta name=\"author\" content=\"ulises\" \/>\n<meta name=\"twitter:card\" content=\"summary_large_image\" \/>\n<meta name=\"twitter:label1\" content=\"Escrito por\" \/>\n\t<meta name=\"twitter:data1\" content=\"ulises\" \/>\n\t<meta name=\"twitter:label2\" content=\"Tiempo de lectura\" \/>\n\t<meta name=\"twitter:data2\" content=\"1 minuto\" \/>\n<script type=\"application\/ld+json\" class=\"yoast-schema-graph\">{\"@context\":\"https:\/\/schema.org\",\"@graph\":[{\"@type\":\"NewsArticle\",\"@id\":\"https:\/\/www.celttv.com.ar\/index.php\/2013\/06\/15\/el-consorcio-exportador-de-miel-del-sudoeste-bonaerense-se-reunio-en-tornquist-videos-y-notas\/#article\",\"isPartOf\":{\"@id\":\"https:\/\/www.celttv.com.ar\/index.php\/2013\/06\/15\/el-consorcio-exportador-de-miel-del-sudoeste-bonaerense-se-reunio-en-tornquist-videos-y-notas\/\"},\"author\":{\"name\":\"ulises\",\"@id\":\"https:\/\/www.celttv.com.ar\/#\/schema\/person\/6d99c072dba59953809c81446e9d0ace\"},\"headline\":\"EL CONSORCIO EXPORTADOR DE MIEL DEL SUDOESTE BONAERENSE SE REUNIO EN TORNQUIST (videos y notas)\",\"datePublished\":\"2013-06-15T17:33:23+00:00\",\"dateModified\":\"2013-06-15T17:33:23+00:00\",\"mainEntityOfPage\":{\"@id\":\"https:\/\/www.celttv.com.ar\/index.php\/2013\/06\/15\/el-consorcio-exportador-de-miel-del-sudoeste-bonaerense-se-reunio-en-tornquist-videos-y-notas\/\"},\"wordCount\":193,\"publisher\":{\"@id\":\"https:\/\/www.celttv.com.ar\/#organization\"},\"articleSection\":[\"Comunidad\",\"Destacadas\",\"Videos Destacados\"],\"inLanguage\":\"es\"},{\"@type\":\"WebPage\",\"@id\":\"https:\/\/www.celttv.com.ar\/index.php\/2013\/06\/15\/el-consorcio-exportador-de-miel-del-sudoeste-bonaerense-se-reunio-en-tornquist-videos-y-notas\/\",\"url\":\"https:\/\/www.celttv.com.ar\/index.php\/2013\/06\/15\/el-consorcio-exportador-de-miel-del-sudoeste-bonaerense-se-reunio-en-tornquist-videos-y-notas\/\",\"name\":\"EL CONSORCIO EXPORTADOR DE MIEL DEL SUDOESTE BONAERENSE SE REUNIO EN TORNQUIST (videos y notas) - CELTTV\",\"isPartOf\":{\"@id\":\"https:\/\/www.celttv.com.ar\/#website\"},\"datePublished\":\"2013-06-15T17:33:23+00:00\",\"dateModified\":\"2013-06-15T17:33:23+00:00\",\"description\":\"Sitio web de noticias de la localidad de Tornquist, provincia de Buenos Aires, Rep\u00fablica Argentina. Contenido propio originado por periodistas de CELTTV, el canal de TV local de la Cooperativa El\u00e9ctrica de Tornquist. Turismo, Pol\u00edtica, Sociedad, Deporte, Cultura y todo el contenido de inter\u00e9s general que la gente del pueblo y la regi\u00f3n debe conocer.\",\"breadcrumb\":{\"@id\":\"https:\/\/www.celttv.com.ar\/index.php\/2013\/06\/15\/el-consorcio-exportador-de-miel-del-sudoeste-bonaerense-se-reunio-en-tornquist-videos-y-notas\/#breadcrumb\"},\"inLanguage\":\"es\",\"potentialAction\":[{\"@type\":\"ReadAction\",\"target\":[\"https:\/\/www.celttv.com.ar\/index.php\/2013\/06\/15\/el-consorcio-exportador-de-miel-del-sudoeste-bonaerense-se-reunio-en-tornquist-videos-y-notas\/\"]}]},{\"@type\":\"BreadcrumbList\",\"@id\":\"https:\/\/www.celttv.com.ar\/index.php\/2013\/06\/15\/el-consorcio-exportador-de-miel-del-sudoeste-bonaerense-se-reunio-en-tornquist-videos-y-notas\/#breadcrumb\",\"itemListElement\":[{\"@type\":\"ListItem\",\"position\":1,\"name\":\"Inicio\",\"item\":\"https:\/\/www.celttv.com.ar\/\"},{\"@type\":\"ListItem\",\"position\":2,\"name\":\"EL CONSORCIO EXPORTADOR DE MIEL DEL SUDOESTE BONAERENSE SE REUNIO EN TORNQUIST (videos y notas)\"}]},{\"@type\":\"WebSite\",\"@id\":\"https:\/\/www.celttv.com.ar\/#website\",\"url\":\"https:\/\/www.celttv.com.ar\/\",\"name\":\"CELTTV\",\"description\":\"Cooperativa El\u00e9ctrica de Tornquist\",\"publisher\":{\"@id\":\"https:\/\/www.celttv.com.ar\/#organization\"},\"potentialAction\":[{\"@type\":\"SearchAction\",\"target\":{\"@type\":\"EntryPoint\",\"urlTemplate\":\"https:\/\/www.celttv.com.ar\/?s={search_term_string}\"},\"query-input\":\"required name=search_term_string\"}],\"inLanguage\":\"es\"},{\"@type\":\"Organization\",\"@id\":\"https:\/\/www.celttv.com.ar\/#organization\",\"name\":\"CELTTV\",\"url\":\"https:\/\/www.celttv.com.ar\/\",\"sameAs\":[\"https:\/\/www.youtube.com\/channel\/UCz_oIt8Hig64Ub-EmcNPIhg\",\"https:\/\/www.facebook.com\/celtTV\/\"],\"logo\":{\"@type\":\"ImageObject\",\"inLanguage\":\"es\",\"@id\":\"https:\/\/www.celttv.com.ar\/#\/schema\/logo\/image\/\",\"url\":\"http:\/\/www.celttv.com.ar\/wp-content\/uploads\/2022\/08\/logo-1.png\",\"contentUrl\":\"http:\/\/www.celttv.com.ar\/wp-content\/uploads\/2022\/08\/logo-1.png\",\"width\":461,\"height\":159,\"caption\":\"CELTTV\"},\"image\":{\"@id\":\"https:\/\/www.celttv.com.ar\/#\/schema\/logo\/image\/\"}},{\"@type\":\"Person\",\"@id\":\"https:\/\/www.celttv.com.ar\/#\/schema\/person\/6d99c072dba59953809c81446e9d0ace\",\"name\":\"ulises\",\"image\":{\"@type\":\"ImageObject\",\"inLanguage\":\"es\",\"@id\":\"https:\/\/www.celttv.com.ar\/#\/schema\/person\/image\/\",\"url\":\"https:\/\/secure.gravatar.com\/avatar\/7f2c48bdc33b30088f941fb6082e555f2874c98e20cb159d7b92b50eadfce793?s=96&d=mm&r=g\",\"contentUrl\":\"https:\/\/secure.gravatar.com\/avatar\/7f2c48bdc33b30088f941fb6082e555f2874c98e20cb159d7b92b50eadfce793?s=96&d=mm&r=g\",\"caption\":\"ulises\"},\"sameAs\":[\"http:\/\/www.celttv.com.ar\"]}]}<\/script>\n<!-- \/ Yoast SEO plugin. -->","yoast_head_json":{"title":"EL CONSORCIO EXPORTADOR DE MIEL DEL SUDOESTE BONAERENSE SE REUNIO EN TORNQUIST (videos y notas) - CELTTV","description":"Sitio web de noticias de la localidad de Tornquist, provincia de Buenos Aires, Rep\u00fablica Argentina. Contenido propio originado por periodistas de CELTTV, el canal de TV local de la Cooperativa El\u00e9ctrica de Tornquist. Turismo, Pol\u00edtica, Sociedad, Deporte, Cultura y todo el contenido de inter\u00e9s general que la gente del pueblo y la regi\u00f3n debe conocer.","robots":{"index":"index","follow":"follow","max-snippet":"max-snippet:-1","max-image-preview":"max-image-preview:large","max-video-preview":"max-video-preview:-1"},"canonical":"https:\/\/www.celttv.com.ar\/index.php\/2013\/06\/15\/el-consorcio-exportador-de-miel-del-sudoeste-bonaerense-se-reunio-en-tornquist-videos-y-notas\/","og_locale":"es_ES","og_type":"article","og_title":"EL CONSORCIO EXPORTADOR DE MIEL DEL SUDOESTE BONAERENSE SE REUNIO EN TORNQUIST (videos y notas) - CELTTV","og_description":"Sitio web de noticias de la localidad de Tornquist, provincia de Buenos Aires, Rep\u00fablica Argentina. Contenido propio originado por periodistas de CELTTV, el canal de TV local de la Cooperativa El\u00e9ctrica de Tornquist. Turismo, Pol\u00edtica, Sociedad, Deporte, Cultura y todo el contenido de inter\u00e9s general que la gente del pueblo y la regi\u00f3n debe conocer.","og_url":"https:\/\/www.celttv.com.ar\/index.php\/2013\/06\/15\/el-consorcio-exportador-de-miel-del-sudoeste-bonaerense-se-reunio-en-tornquist-videos-y-notas\/","og_site_name":"CELTTV","article_publisher":"https:\/\/www.facebook.com\/celtTV\/","article_published_time":"2013-06-15T17:33:23+00:00","author":"ulises","twitter_card":"summary_large_image","twitter_misc":{"Escrito por":"ulises","Tiempo de lectura":"1 minuto"},"schema":{"@context":"https:\/\/schema.org","@graph":[{"@type":"NewsArticle","@id":"https:\/\/www.celttv.com.ar\/index.php\/2013\/06\/15\/el-consorcio-exportador-de-miel-del-sudoeste-bonaerense-se-reunio-en-tornquist-videos-y-notas\/#article","isPartOf":{"@id":"https:\/\/www.celttv.com.ar\/index.php\/2013\/06\/15\/el-consorcio-exportador-de-miel-del-sudoeste-bonaerense-se-reunio-en-tornquist-videos-y-notas\/"},"author":{"name":"ulises","@id":"https:\/\/www.celttv.com.ar\/#\/schema\/person\/6d99c072dba59953809c81446e9d0ace"},"headline":"EL CONSORCIO EXPORTADOR DE MIEL DEL SUDOESTE BONAERENSE SE REUNIO EN TORNQUIST (videos y notas)","datePublished":"2013-06-15T17:33:23+00:00","dateModified":"2013-06-15T17:33:23+00:00","mainEntityOfPage":{"@id":"https:\/\/www.celttv.com.ar\/index.php\/2013\/06\/15\/el-consorcio-exportador-de-miel-del-sudoeste-bonaerense-se-reunio-en-tornquist-videos-y-notas\/"},"wordCount":193,"publisher":{"@id":"https:\/\/www.celttv.com.ar\/#organization"},"articleSection":["Comunidad","Destacadas","Videos Destacados"],"inLanguage":"es"},{"@type":"WebPage","@id":"https:\/\/www.celttv.com.ar\/index.php\/2013\/06\/15\/el-consorcio-exportador-de-miel-del-sudoeste-bonaerense-se-reunio-en-tornquist-videos-y-notas\/","url":"https:\/\/www.celttv.com.ar\/index.php\/2013\/06\/15\/el-consorcio-exportador-de-miel-del-sudoeste-bonaerense-se-reunio-en-tornquist-videos-y-notas\/","name":"EL CONSORCIO EXPORTADOR DE MIEL DEL SUDOESTE BONAERENSE SE REUNIO EN TORNQUIST (videos y notas) - CELTTV","isPartOf":{"@id":"https:\/\/www.celttv.com.ar\/#website"},"datePublished":"2013-06-15T17:33:23+00:00","dateModified":"2013-06-15T17:33:23+00:00","description":"Sitio web de noticias de la localidad de Tornquist, provincia de Buenos Aires, Rep\u00fablica Argentina. Contenido propio originado por periodistas de CELTTV, el canal de TV local de la Cooperativa El\u00e9ctrica de Tornquist. Turismo, Pol\u00edtica, Sociedad, Deporte, Cultura y todo el contenido de inter\u00e9s general que la gente del pueblo y la regi\u00f3n debe conocer.","breadcrumb":{"@id":"https:\/\/www.celttv.com.ar\/index.php\/2013\/06\/15\/el-consorcio-exportador-de-miel-del-sudoeste-bonaerense-se-reunio-en-tornquist-videos-y-notas\/#breadcrumb"},"inLanguage":"es","potentialAction":[{"@type":"ReadAction","target":["https:\/\/www.celttv.com.ar\/index.php\/2013\/06\/15\/el-consorcio-exportador-de-miel-del-sudoeste-bonaerense-se-reunio-en-tornquist-videos-y-notas\/"]}]},{"@type":"BreadcrumbList","@id":"https:\/\/www.celttv.com.ar\/index.php\/2013\/06\/15\/el-consorcio-exportador-de-miel-del-sudoeste-bonaerense-se-reunio-en-tornquist-videos-y-notas\/#breadcrumb","itemListElement":[{"@type":"ListItem","position":1,"name":"Inicio","item":"https:\/\/www.celttv.com.ar\/"},{"@type":"ListItem","position":2,"name":"EL CONSORCIO EXPORTADOR DE MIEL DEL SUDOESTE BONAERENSE SE REUNIO EN TORNQUIST (videos y notas)"}]},{"@type":"WebSite","@id":"https:\/\/www.celttv.com.ar\/#website","url":"https:\/\/www.celttv.com.ar\/","name":"CELTTV","description":"Cooperativa El\u00e9ctrica de Tornquist","publisher":{"@id":"https:\/\/www.celttv.com.ar\/#organization"},"potentialAction":[{"@type":"SearchAction","target":{"@type":"EntryPoint","urlTemplate":"https:\/\/www.celttv.com.ar\/?s={search_term_string}"},"query-input":"required name=search_term_string"}],"inLanguage":"es"},{"@type":"Organization","@id":"https:\/\/www.celttv.com.ar\/#organization","name":"CELTTV","url":"https:\/\/www.celttv.com.ar\/","sameAs":["https:\/\/www.youtube.com\/channel\/UCz_oIt8Hig64Ub-EmcNPIhg","https:\/\/www.facebook.com\/celtTV\/"],"logo":{"@type":"ImageObject","inLanguage":"es","@id":"https:\/\/www.celttv.com.ar\/#\/schema\/logo\/image\/","url":"http:\/\/www.celttv.com.ar\/wp-content\/uploads\/2022\/08\/logo-1.png","contentUrl":"http:\/\/www.celttv.com.ar\/wp-content\/uploads\/2022\/08\/logo-1.png","width":461,"height":159,"caption":"CELTTV"},"image":{"@id":"https:\/\/www.celttv.com.ar\/#\/schema\/logo\/image\/"}},{"@type":"Person","@id":"https:\/\/www.celttv.com.ar\/#\/schema\/person\/6d99c072dba59953809c81446e9d0ace","name":"ulises","image":{"@type":"ImageObject","inLanguage":"es","@id":"https:\/\/www.celttv.com.ar\/#\/schema\/person\/image\/","url":"https:\/\/secure.gravatar.com\/avatar\/7f2c48bdc33b30088f941fb6082e555f2874c98e20cb159d7b92b50eadfce793?s=96&d=mm&r=g","contentUrl":"https:\/\/secure.gravatar.com\/avatar\/7f2c48bdc33b30088f941fb6082e555f2874c98e20cb159d7b92b50eadfce793?s=96&d=mm&r=g","caption":"ulises"},"sameAs":["http:\/\/www.celttv.com.ar"]}]}},"_links":{"self":[{"href":"https:\/\/www.celttv.com.ar\/index.php\/wp-json\/wp\/v2\/posts\/12129","targetHints":{"allow":["GET"]}}],"collection":[{"href":"https:\/\/www.celttv.com.ar\/index.php\/wp-json\/wp\/v2\/posts"}],"about":[{"href":"https:\/\/www.celttv.com.ar\/index.php\/wp-json\/wp\/v2\/types\/post"}],"author":[{"embeddable":true,"href":"https:\/\/www.celttv.com.ar\/index.php\/wp-json\/wp\/v2\/users\/1"}],"replies":[{"embeddable":true,"href":"https:\/\/www.celttv.com.ar\/index.php\/wp-json\/wp\/v2\/comments?post=12129"}],"version-history":[{"count":0,"href":"https:\/\/www.celttv.com.ar\/index.php\/wp-json\/wp\/v2\/posts\/12129\/revisions"}],"wp:attachment":[{"href":"https:\/\/www.celttv.com.ar\/index.php\/wp-json\/wp\/v2\/media?parent=12129"}],"wp:term":[{"taxonomy":"category","embeddable":true,"href":"https:\/\/www.celttv.com.ar\/index.php\/wp-json\/wp\/v2\/categories?post=12129"},{"taxonomy":"post_tag","embeddable":true,"href":"https:\/\/www.celttv.com.ar\/index.php\/wp-json\/wp\/v2\/tags?post=12129"}],"curies":[{"name":"wp","href":"https:\/\/api.w.org\/{rel}","templated":true}]}}