{"id":12136,"date":"2013-06-19T19:15:09","date_gmt":"2013-06-19T19:15:09","guid":{"rendered":"http:\/\/www.tvcnoticias.com.ar\/?p=12136"},"modified":"2013-06-19T19:15:09","modified_gmt":"2013-06-19T19:15:09","slug":"actividad-cultural-comenzo-el-taller-compartiendo-pinceles","status":"publish","type":"post","link":"https:\/\/www.celttv.com.ar\/index.php\/2013\/06\/19\/actividad-cultural-comenzo-el-taller-compartiendo-pinceles\/","title":{"rendered":"ACTIVIDAD CULTURAL: COMENZO EL TALLER &#8220;COMPARTIENDO PINCELES&#8221; (Fotos y audios)"},"content":{"rendered":"<p><br \/>\n[audio:http:\/\/www.tvcnoticias.com.ar\/wp-content\/uploads\/2013\/06\/AUDIOS-DE-TRANKELS-Y-GIUSTI.mp3|titles=AUDIOS DE TRANKELS Y GIUSTI]<br \/>\nCarlos Giusti ya est\u00e1 compartiendo sus conocimientos en nuestro distrito. El reconocido artista comenz\u00f3 con el dictado del taller \u201cCompartiendo pinceles\u201d que se extender\u00e1 hasta el pr\u00f3ximo s\u00e1bado y que se desarrollar\u00e1 entre Tornquist y Saldungaray, bajo la organizaci\u00f3n de la Secretar\u00eda de Turismo, Cultura y Deportes.<br \/>\nEl intendente municipal, licenciado Gustavo Trankels, particip\u00f3 de la apertura de la iniciativa, desarrollada en el Teatro Municipal \u201cRodolfo Funke\u201d.<br \/>\n\u201cEste es un momento muy lindo. Tenemos el placer de contar con Carlos Giusti, que es un artista pl\u00e1stico reconocido mundialmente. Es un privilegio tenerlo trabajando en Tornquist y Saldungaray, en este esfuerzo en conjunto con el Hogar Agr\u00edcola \u2018Santa In\u00e9s\u2019 y todo el equipo de la Secretar\u00eda de Turismo, Cultura y Deportes municipal, para que artistas locales, en su gran mayor\u00eda que lo hacen por hobbie, puedan aprender nuevas t\u00e9cnicas\u201d, se\u00f1al\u00f3 el jefe comunal.<br \/>\n\u201cEl resultado est\u00e1 a la vista: los cuadros son realmente maravillosos. Es un placer enorme, una alegr\u00eda, es poder darle a nuestra gente herramientas para mejorar en lo que hacen\u201d, agreg\u00f3.<br \/>\nEl proyecto diagramado con Giusti se extender\u00e1 durante todo el a\u00f1o, con fechas preestablecidas y de manera totalmente gratuita, para que todos los interesados puedan participar.<br \/>\n\u201cHace 10 a\u00f1os que estoy trabajando en esta zona y me encontr\u00e9 con enormes sorpresas. Lo que pasa es que cuesta creer que el vecino o la chica que trabaja en la verduler\u00eda pueda realizar esos cuadros. El arte es parte de nuestra vida. La verdad es que es un placer. Aparte, estar en este teatro es muy lindo, porque es muy bello y tiene mucha historia\u201d, resalt\u00f3 Giusti, quien coment\u00f3 que en el taller se abordan todas las t\u00e9cnicas.<br \/>\nDurante la apertura actu\u00f3 la Orquesta Escuela de Tornquist, se entregaron certificados a quienes concurrieron durante los meses de verano al curso desarrollado en Saldungaray y se descubrieron los trabajos realizados.<br \/>\nEl taller se est\u00e1 llevando a cabo en Tornquist y ma\u00f1ana se trasladar\u00e1 a Saldungaray, donde estar\u00e1 hasta el s\u00e1bado.<br \/>\n&nbsp;<\/p>\n","protected":false},"excerpt":{"rendered":"<p>[audio:http:\/\/www.tvcnoticias.com.ar\/wp-content\/uploads\/2013\/06\/AUDIOS-DE-TRANKELS-Y-GIUSTI.mp3|titles=AUDIOS DE TRANKELS Y GIUSTI] Carlos Giusti ya est\u00e1 compartiendo sus conocimientos en nuestro distrito. El reconocido artista comenz\u00f3 con el dictado del taller \u201cCompartiendo pinceles\u201d que se extender\u00e1 hasta el pr\u00f3ximo s\u00e1bado y que se desarrollar\u00e1 entre Tornquist y Saldungaray, bajo la organizaci\u00f3n de la Secretar\u00eda de Turismo, Cultura y Deportes. El intendente municipal, [&hellip;]<\/p>\n","protected":false},"author":1,"featured_media":0,"comment_status":"closed","ping_status":"open","sticky":false,"template":"","format":"standard","meta":{"footnotes":""},"categories":[51,52,56,53],"tags":[],"class_list":["post-12136","post","type-post","status-publish","format-standard","hentry","category-comunidad","category-destacadas","category-espectaculos","category-politica"],"yoast_head":"<!-- This site is optimized with the Yoast SEO plugin v19.7.1 - https:\/\/yoast.com\/wordpress\/plugins\/seo\/ -->\n<title>ACTIVIDAD CULTURAL: COMENZO EL TALLER &quot;COMPARTIENDO PINCELES&quot; (Fotos y audios) - CELTTV<\/title>\n<meta name=\"description\" content=\"Sitio web de noticias de la localidad de Tornquist, provincia de Buenos Aires, Rep\u00fablica Argentina. Contenido propio originado por periodistas de CELTTV, el canal de TV local de la Cooperativa El\u00e9ctrica de Tornquist. Turismo, Pol\u00edtica, Sociedad, Deporte, Cultura y todo el contenido de inter\u00e9s general que la gente del pueblo y la regi\u00f3n debe conocer.\" \/>\n<meta name=\"robots\" content=\"index, follow, max-snippet:-1, max-image-preview:large, max-video-preview:-1\" \/>\n<link rel=\"canonical\" href=\"https:\/\/www.celttv.com.ar\/index.php\/2013\/06\/19\/actividad-cultural-comenzo-el-taller-compartiendo-pinceles\/\" \/>\n<meta property=\"og:locale\" content=\"es_ES\" \/>\n<meta property=\"og:type\" content=\"article\" \/>\n<meta property=\"og:title\" content=\"ACTIVIDAD CULTURAL: COMENZO EL TALLER &quot;COMPARTIENDO PINCELES&quot; (Fotos y audios) - CELTTV\" \/>\n<meta property=\"og:description\" content=\"Sitio web de noticias de la localidad de Tornquist, provincia de Buenos Aires, Rep\u00fablica Argentina. Contenido propio originado por periodistas de CELTTV, el canal de TV local de la Cooperativa El\u00e9ctrica de Tornquist. Turismo, Pol\u00edtica, Sociedad, Deporte, Cultura y todo el contenido de inter\u00e9s general que la gente del pueblo y la regi\u00f3n debe conocer.\" \/>\n<meta property=\"og:url\" content=\"https:\/\/www.celttv.com.ar\/index.php\/2013\/06\/19\/actividad-cultural-comenzo-el-taller-compartiendo-pinceles\/\" \/>\n<meta property=\"og:site_name\" content=\"CELTTV\" \/>\n<meta property=\"article:publisher\" content=\"https:\/\/www.facebook.com\/celtTV\/\" \/>\n<meta property=\"article:published_time\" content=\"2013-06-19T19:15:09+00:00\" \/>\n<meta name=\"author\" content=\"ulises\" \/>\n<meta name=\"twitter:card\" content=\"summary_large_image\" \/>\n<meta name=\"twitter:label1\" content=\"Escrito por\" \/>\n\t<meta name=\"twitter:data1\" content=\"ulises\" \/>\n\t<meta name=\"twitter:label2\" content=\"Tiempo de lectura\" \/>\n\t<meta name=\"twitter:data2\" content=\"2 minutos\" \/>\n<script type=\"application\/ld+json\" class=\"yoast-schema-graph\">{\"@context\":\"https:\/\/schema.org\",\"@graph\":[{\"@type\":\"NewsArticle\",\"@id\":\"https:\/\/www.celttv.com.ar\/index.php\/2013\/06\/19\/actividad-cultural-comenzo-el-taller-compartiendo-pinceles\/#article\",\"isPartOf\":{\"@id\":\"https:\/\/www.celttv.com.ar\/index.php\/2013\/06\/19\/actividad-cultural-comenzo-el-taller-compartiendo-pinceles\/\"},\"author\":{\"name\":\"ulises\",\"@id\":\"https:\/\/www.celttv.com.ar\/#\/schema\/person\/6d99c072dba59953809c81446e9d0ace\"},\"headline\":\"ACTIVIDAD CULTURAL: COMENZO EL TALLER &#8220;COMPARTIENDO PINCELES&#8221; (Fotos y audios)\",\"datePublished\":\"2013-06-19T19:15:09+00:00\",\"dateModified\":\"2013-06-19T19:15:09+00:00\",\"mainEntityOfPage\":{\"@id\":\"https:\/\/www.celttv.com.ar\/index.php\/2013\/06\/19\/actividad-cultural-comenzo-el-taller-compartiendo-pinceles\/\"},\"wordCount\":378,\"publisher\":{\"@id\":\"https:\/\/www.celttv.com.ar\/#organization\"},\"articleSection\":[\"Comunidad\",\"Destacadas\",\"Espect\u00e1culos\",\"Pol\u00edtica\"],\"inLanguage\":\"es\"},{\"@type\":\"WebPage\",\"@id\":\"https:\/\/www.celttv.com.ar\/index.php\/2013\/06\/19\/actividad-cultural-comenzo-el-taller-compartiendo-pinceles\/\",\"url\":\"https:\/\/www.celttv.com.ar\/index.php\/2013\/06\/19\/actividad-cultural-comenzo-el-taller-compartiendo-pinceles\/\",\"name\":\"ACTIVIDAD CULTURAL: COMENZO EL TALLER \\\"COMPARTIENDO PINCELES\\\" (Fotos y audios) - CELTTV\",\"isPartOf\":{\"@id\":\"https:\/\/www.celttv.com.ar\/#website\"},\"datePublished\":\"2013-06-19T19:15:09+00:00\",\"dateModified\":\"2013-06-19T19:15:09+00:00\",\"description\":\"Sitio web de noticias de la localidad de Tornquist, provincia de Buenos Aires, Rep\u00fablica Argentina. Contenido propio originado por periodistas de CELTTV, el canal de TV local de la Cooperativa El\u00e9ctrica de Tornquist. Turismo, Pol\u00edtica, Sociedad, Deporte, Cultura y todo el contenido de inter\u00e9s general que la gente del pueblo y la regi\u00f3n debe conocer.\",\"breadcrumb\":{\"@id\":\"https:\/\/www.celttv.com.ar\/index.php\/2013\/06\/19\/actividad-cultural-comenzo-el-taller-compartiendo-pinceles\/#breadcrumb\"},\"inLanguage\":\"es\",\"potentialAction\":[{\"@type\":\"ReadAction\",\"target\":[\"https:\/\/www.celttv.com.ar\/index.php\/2013\/06\/19\/actividad-cultural-comenzo-el-taller-compartiendo-pinceles\/\"]}]},{\"@type\":\"BreadcrumbList\",\"@id\":\"https:\/\/www.celttv.com.ar\/index.php\/2013\/06\/19\/actividad-cultural-comenzo-el-taller-compartiendo-pinceles\/#breadcrumb\",\"itemListElement\":[{\"@type\":\"ListItem\",\"position\":1,\"name\":\"Inicio\",\"item\":\"https:\/\/www.celttv.com.ar\/\"},{\"@type\":\"ListItem\",\"position\":2,\"name\":\"ACTIVIDAD CULTURAL: COMENZO EL TALLER &#8220;COMPARTIENDO PINCELES&#8221; (Fotos y audios)\"}]},{\"@type\":\"WebSite\",\"@id\":\"https:\/\/www.celttv.com.ar\/#website\",\"url\":\"https:\/\/www.celttv.com.ar\/\",\"name\":\"CELTTV\",\"description\":\"Cooperativa El\u00e9ctrica de Tornquist\",\"publisher\":{\"@id\":\"https:\/\/www.celttv.com.ar\/#organization\"},\"potentialAction\":[{\"@type\":\"SearchAction\",\"target\":{\"@type\":\"EntryPoint\",\"urlTemplate\":\"https:\/\/www.celttv.com.ar\/?s={search_term_string}\"},\"query-input\":\"required name=search_term_string\"}],\"inLanguage\":\"es\"},{\"@type\":\"Organization\",\"@id\":\"https:\/\/www.celttv.com.ar\/#organization\",\"name\":\"CELTTV\",\"url\":\"https:\/\/www.celttv.com.ar\/\",\"sameAs\":[\"https:\/\/www.youtube.com\/channel\/UCz_oIt8Hig64Ub-EmcNPIhg\",\"https:\/\/www.facebook.com\/celtTV\/\"],\"logo\":{\"@type\":\"ImageObject\",\"inLanguage\":\"es\",\"@id\":\"https:\/\/www.celttv.com.ar\/#\/schema\/logo\/image\/\",\"url\":\"http:\/\/www.celttv.com.ar\/wp-content\/uploads\/2022\/08\/logo-1.png\",\"contentUrl\":\"http:\/\/www.celttv.com.ar\/wp-content\/uploads\/2022\/08\/logo-1.png\",\"width\":461,\"height\":159,\"caption\":\"CELTTV\"},\"image\":{\"@id\":\"https:\/\/www.celttv.com.ar\/#\/schema\/logo\/image\/\"}},{\"@type\":\"Person\",\"@id\":\"https:\/\/www.celttv.com.ar\/#\/schema\/person\/6d99c072dba59953809c81446e9d0ace\",\"name\":\"ulises\",\"image\":{\"@type\":\"ImageObject\",\"inLanguage\":\"es\",\"@id\":\"https:\/\/www.celttv.com.ar\/#\/schema\/person\/image\/\",\"url\":\"https:\/\/secure.gravatar.com\/avatar\/7f2c48bdc33b30088f941fb6082e555f2874c98e20cb159d7b92b50eadfce793?s=96&d=mm&r=g\",\"contentUrl\":\"https:\/\/secure.gravatar.com\/avatar\/7f2c48bdc33b30088f941fb6082e555f2874c98e20cb159d7b92b50eadfce793?s=96&d=mm&r=g\",\"caption\":\"ulises\"},\"sameAs\":[\"http:\/\/www.celttv.com.ar\"]}]}<\/script>\n<!-- \/ Yoast SEO plugin. -->","yoast_head_json":{"title":"ACTIVIDAD CULTURAL: COMENZO EL TALLER \"COMPARTIENDO PINCELES\" (Fotos y audios) - CELTTV","description":"Sitio web de noticias de la localidad de Tornquist, provincia de Buenos Aires, Rep\u00fablica Argentina. Contenido propio originado por periodistas de CELTTV, el canal de TV local de la Cooperativa El\u00e9ctrica de Tornquist. Turismo, Pol\u00edtica, Sociedad, Deporte, Cultura y todo el contenido de inter\u00e9s general que la gente del pueblo y la regi\u00f3n debe conocer.","robots":{"index":"index","follow":"follow","max-snippet":"max-snippet:-1","max-image-preview":"max-image-preview:large","max-video-preview":"max-video-preview:-1"},"canonical":"https:\/\/www.celttv.com.ar\/index.php\/2013\/06\/19\/actividad-cultural-comenzo-el-taller-compartiendo-pinceles\/","og_locale":"es_ES","og_type":"article","og_title":"ACTIVIDAD CULTURAL: COMENZO EL TALLER \"COMPARTIENDO PINCELES\" (Fotos y audios) - CELTTV","og_description":"Sitio web de noticias de la localidad de Tornquist, provincia de Buenos Aires, Rep\u00fablica Argentina. Contenido propio originado por periodistas de CELTTV, el canal de TV local de la Cooperativa El\u00e9ctrica de Tornquist. Turismo, Pol\u00edtica, Sociedad, Deporte, Cultura y todo el contenido de inter\u00e9s general que la gente del pueblo y la regi\u00f3n debe conocer.","og_url":"https:\/\/www.celttv.com.ar\/index.php\/2013\/06\/19\/actividad-cultural-comenzo-el-taller-compartiendo-pinceles\/","og_site_name":"CELTTV","article_publisher":"https:\/\/www.facebook.com\/celtTV\/","article_published_time":"2013-06-19T19:15:09+00:00","author":"ulises","twitter_card":"summary_large_image","twitter_misc":{"Escrito por":"ulises","Tiempo de lectura":"2 minutos"},"schema":{"@context":"https:\/\/schema.org","@graph":[{"@type":"NewsArticle","@id":"https:\/\/www.celttv.com.ar\/index.php\/2013\/06\/19\/actividad-cultural-comenzo-el-taller-compartiendo-pinceles\/#article","isPartOf":{"@id":"https:\/\/www.celttv.com.ar\/index.php\/2013\/06\/19\/actividad-cultural-comenzo-el-taller-compartiendo-pinceles\/"},"author":{"name":"ulises","@id":"https:\/\/www.celttv.com.ar\/#\/schema\/person\/6d99c072dba59953809c81446e9d0ace"},"headline":"ACTIVIDAD CULTURAL: COMENZO EL TALLER &#8220;COMPARTIENDO PINCELES&#8221; (Fotos y audios)","datePublished":"2013-06-19T19:15:09+00:00","dateModified":"2013-06-19T19:15:09+00:00","mainEntityOfPage":{"@id":"https:\/\/www.celttv.com.ar\/index.php\/2013\/06\/19\/actividad-cultural-comenzo-el-taller-compartiendo-pinceles\/"},"wordCount":378,"publisher":{"@id":"https:\/\/www.celttv.com.ar\/#organization"},"articleSection":["Comunidad","Destacadas","Espect\u00e1culos","Pol\u00edtica"],"inLanguage":"es"},{"@type":"WebPage","@id":"https:\/\/www.celttv.com.ar\/index.php\/2013\/06\/19\/actividad-cultural-comenzo-el-taller-compartiendo-pinceles\/","url":"https:\/\/www.celttv.com.ar\/index.php\/2013\/06\/19\/actividad-cultural-comenzo-el-taller-compartiendo-pinceles\/","name":"ACTIVIDAD CULTURAL: COMENZO EL TALLER \"COMPARTIENDO PINCELES\" (Fotos y audios) - CELTTV","isPartOf":{"@id":"https:\/\/www.celttv.com.ar\/#website"},"datePublished":"2013-06-19T19:15:09+00:00","dateModified":"2013-06-19T19:15:09+00:00","description":"Sitio web de noticias de la localidad de Tornquist, provincia de Buenos Aires, Rep\u00fablica Argentina. Contenido propio originado por periodistas de CELTTV, el canal de TV local de la Cooperativa El\u00e9ctrica de Tornquist. Turismo, Pol\u00edtica, Sociedad, Deporte, Cultura y todo el contenido de inter\u00e9s general que la gente del pueblo y la regi\u00f3n debe conocer.","breadcrumb":{"@id":"https:\/\/www.celttv.com.ar\/index.php\/2013\/06\/19\/actividad-cultural-comenzo-el-taller-compartiendo-pinceles\/#breadcrumb"},"inLanguage":"es","potentialAction":[{"@type":"ReadAction","target":["https:\/\/www.celttv.com.ar\/index.php\/2013\/06\/19\/actividad-cultural-comenzo-el-taller-compartiendo-pinceles\/"]}]},{"@type":"BreadcrumbList","@id":"https:\/\/www.celttv.com.ar\/index.php\/2013\/06\/19\/actividad-cultural-comenzo-el-taller-compartiendo-pinceles\/#breadcrumb","itemListElement":[{"@type":"ListItem","position":1,"name":"Inicio","item":"https:\/\/www.celttv.com.ar\/"},{"@type":"ListItem","position":2,"name":"ACTIVIDAD CULTURAL: COMENZO EL TALLER &#8220;COMPARTIENDO PINCELES&#8221; (Fotos y audios)"}]},{"@type":"WebSite","@id":"https:\/\/www.celttv.com.ar\/#website","url":"https:\/\/www.celttv.com.ar\/","name":"CELTTV","description":"Cooperativa El\u00e9ctrica de Tornquist","publisher":{"@id":"https:\/\/www.celttv.com.ar\/#organization"},"potentialAction":[{"@type":"SearchAction","target":{"@type":"EntryPoint","urlTemplate":"https:\/\/www.celttv.com.ar\/?s={search_term_string}"},"query-input":"required name=search_term_string"}],"inLanguage":"es"},{"@type":"Organization","@id":"https:\/\/www.celttv.com.ar\/#organization","name":"CELTTV","url":"https:\/\/www.celttv.com.ar\/","sameAs":["https:\/\/www.youtube.com\/channel\/UCz_oIt8Hig64Ub-EmcNPIhg","https:\/\/www.facebook.com\/celtTV\/"],"logo":{"@type":"ImageObject","inLanguage":"es","@id":"https:\/\/www.celttv.com.ar\/#\/schema\/logo\/image\/","url":"http:\/\/www.celttv.com.ar\/wp-content\/uploads\/2022\/08\/logo-1.png","contentUrl":"http:\/\/www.celttv.com.ar\/wp-content\/uploads\/2022\/08\/logo-1.png","width":461,"height":159,"caption":"CELTTV"},"image":{"@id":"https:\/\/www.celttv.com.ar\/#\/schema\/logo\/image\/"}},{"@type":"Person","@id":"https:\/\/www.celttv.com.ar\/#\/schema\/person\/6d99c072dba59953809c81446e9d0ace","name":"ulises","image":{"@type":"ImageObject","inLanguage":"es","@id":"https:\/\/www.celttv.com.ar\/#\/schema\/person\/image\/","url":"https:\/\/secure.gravatar.com\/avatar\/7f2c48bdc33b30088f941fb6082e555f2874c98e20cb159d7b92b50eadfce793?s=96&d=mm&r=g","contentUrl":"https:\/\/secure.gravatar.com\/avatar\/7f2c48bdc33b30088f941fb6082e555f2874c98e20cb159d7b92b50eadfce793?s=96&d=mm&r=g","caption":"ulises"},"sameAs":["http:\/\/www.celttv.com.ar"]}]}},"_links":{"self":[{"href":"https:\/\/www.celttv.com.ar\/index.php\/wp-json\/wp\/v2\/posts\/12136","targetHints":{"allow":["GET"]}}],"collection":[{"href":"https:\/\/www.celttv.com.ar\/index.php\/wp-json\/wp\/v2\/posts"}],"about":[{"href":"https:\/\/www.celttv.com.ar\/index.php\/wp-json\/wp\/v2\/types\/post"}],"author":[{"embeddable":true,"href":"https:\/\/www.celttv.com.ar\/index.php\/wp-json\/wp\/v2\/users\/1"}],"replies":[{"embeddable":true,"href":"https:\/\/www.celttv.com.ar\/index.php\/wp-json\/wp\/v2\/comments?post=12136"}],"version-history":[{"count":0,"href":"https:\/\/www.celttv.com.ar\/index.php\/wp-json\/wp\/v2\/posts\/12136\/revisions"}],"wp:attachment":[{"href":"https:\/\/www.celttv.com.ar\/index.php\/wp-json\/wp\/v2\/media?parent=12136"}],"wp:term":[{"taxonomy":"category","embeddable":true,"href":"https:\/\/www.celttv.com.ar\/index.php\/wp-json\/wp\/v2\/categories?post=12136"},{"taxonomy":"post_tag","embeddable":true,"href":"https:\/\/www.celttv.com.ar\/index.php\/wp-json\/wp\/v2\/tags?post=12136"}],"curies":[{"name":"wp","href":"https:\/\/api.w.org\/{rel}","templated":true}]}}