{"id":12165,"date":"2013-06-20T00:06:10","date_gmt":"2013-06-20T00:06:10","guid":{"rendered":"http:\/\/www.tvcnoticias.com.ar\/?p=12165"},"modified":"2013-06-20T00:06:10","modified_gmt":"2013-06-20T00:06:10","slug":"65-familias-firmaron-la-escritura-de-sus-inmuebles-fotos-y-notas-en-audio","status":"publish","type":"post","link":"https:\/\/www.celttv.com.ar\/index.php\/2013\/06\/20\/65-familias-firmaron-la-escritura-de-sus-inmuebles-fotos-y-notas-en-audio\/","title":{"rendered":"65 FAMILIAS FIRMARON LA ESCRITURA DE SUS INMUEBLES (Fotos y notas en audio)"},"content":{"rendered":"<p><br \/>\n[audio:http:\/\/www.tvcnoticias.com.ar\/wp-content\/uploads\/2013\/06\/Entrega-escrituras.mp3|titles=Entrega escrituras]<br \/>\nUn total de 65 familias de nuestro distrito firmaron hoy las escrituras que les permitir\u00e1n regularizar la situaci\u00f3n dominial de sus inmuebles, durante un acto desarrollado en la ciudad cabecera, con la presencia del intendente municipal, licenciado Gustavo Trankels.<br \/>\nLa jornada se llev\u00f3 a cabo en el Teatro Municipal \u201cRodolfo Funke\u201d y tambi\u00e9n cont\u00f3 con la participaci\u00f3n de los escribanos Gustavo Ponce y Giselle Ortelli, pertenecientes a la Escriban\u00eda General de Gobierno de la Provincia de Buenos Aires, y los propios beneficiarios.<br \/>\n\u201cEsto es el final de muchas horas de trabajo. Estoy feliz porque 65 familias m\u00e1s de nuestro distrito tendr\u00e1n regularizado su dominio, en algunos casos terrenos y en otros viviendas de barrio, algunas de larga data. A trav\u00e9s de la escriban\u00eda General de Gobierno provincial, a t\u00edtulo absolutamente gratuito, estos vecinos pudieron concretar este tr\u00e1mite\u201d, coment\u00f3 Trankels.<br \/>\n\u201cDebemos agradecer y felicitar la decisi\u00f3n pol\u00edtica del gobernador Daniel Scioli en este tema, de las autoridades de la Escriban\u00eda General de Gobierno y del escribano Alfredo Sivero, adem\u00e1s de la gran tarea de Luciano Scatolini, que vino varias veces a Tornquist, se comprometi\u00f3 y resolvi\u00f3 una gran cantidad de temas del distrito. Tambi\u00e9n es valorable el aporte del escribano Gustavo Ponce, que hoy nos acompa\u00f1a resolviendo temas de gente de nuestro distrito\u201d, resalt\u00f3.<br \/>\nEl jefe comunal destac\u00f3 la tranquilidad que significar\u00e1 para las familias contar con el mencionado tr\u00e1mite.<br \/>\n\u201cLa presencia del equipo de la Escriban\u00eda en nuestro distrito no s\u00f3lo permite que las familias puedan realizar este tr\u00e1mite de manera gratuita, sino que no tengan que viajar a La Plata para hacerlo\u201d, se\u00f1al\u00f3.<br \/>\nEn esta oportunidad, la propia Municipalidad de Tornquist rubric\u00f3 la regularizaci\u00f3n de dos inmuebles que eran propiedad del Estado provincial y pasaron al patrimonio comunal.<br \/>\n\u201cSe trata de dos superficies de m\u00e1s de 200 hect\u00e1reas de campo, que engrosan el banco de tierras municipal. Esas es otra buena noticia, por eso estamos muy contentos y agradecidos\u201d, destac\u00f3 Trankels.<br \/>\n&nbsp;<\/p>\n","protected":false},"excerpt":{"rendered":"<p>[audio:http:\/\/www.tvcnoticias.com.ar\/wp-content\/uploads\/2013\/06\/Entrega-escrituras.mp3|titles=Entrega escrituras] Un total de 65 familias de nuestro distrito firmaron hoy las escrituras que les permitir\u00e1n regularizar la situaci\u00f3n dominial de sus inmuebles, durante un acto desarrollado en la ciudad cabecera, con la presencia del intendente municipal, licenciado Gustavo Trankels. La jornada se llev\u00f3 a cabo en el Teatro Municipal \u201cRodolfo Funke\u201d y tambi\u00e9n [&hellip;]<\/p>\n","protected":false},"author":1,"featured_media":0,"comment_status":"closed","ping_status":"open","sticky":false,"template":"","format":"standard","meta":{"footnotes":""},"categories":[51,52,53],"tags":[],"class_list":["post-12165","post","type-post","status-publish","format-standard","hentry","category-comunidad","category-destacadas","category-politica"],"yoast_head":"<!-- This site is optimized with the Yoast SEO plugin v19.7.1 - https:\/\/yoast.com\/wordpress\/plugins\/seo\/ -->\n<title>65 FAMILIAS FIRMARON LA ESCRITURA DE SUS INMUEBLES (Fotos y notas en audio) - CELTTV<\/title>\n<meta name=\"description\" content=\"Sitio web de noticias de la localidad de Tornquist, provincia de Buenos Aires, Rep\u00fablica Argentina. Contenido propio originado por periodistas de CELTTV, el canal de TV local de la Cooperativa El\u00e9ctrica de Tornquist. Turismo, Pol\u00edtica, Sociedad, Deporte, Cultura y todo el contenido de inter\u00e9s general que la gente del pueblo y la regi\u00f3n debe conocer.\" \/>\n<meta name=\"robots\" content=\"index, follow, max-snippet:-1, max-image-preview:large, max-video-preview:-1\" \/>\n<link rel=\"canonical\" href=\"https:\/\/www.celttv.com.ar\/index.php\/2013\/06\/20\/65-familias-firmaron-la-escritura-de-sus-inmuebles-fotos-y-notas-en-audio\/\" \/>\n<meta property=\"og:locale\" content=\"es_ES\" \/>\n<meta property=\"og:type\" content=\"article\" \/>\n<meta property=\"og:title\" content=\"65 FAMILIAS FIRMARON LA ESCRITURA DE SUS INMUEBLES (Fotos y notas en audio) - CELTTV\" \/>\n<meta property=\"og:description\" content=\"Sitio web de noticias de la localidad de Tornquist, provincia de Buenos Aires, Rep\u00fablica Argentina. Contenido propio originado por periodistas de CELTTV, el canal de TV local de la Cooperativa El\u00e9ctrica de Tornquist. Turismo, Pol\u00edtica, Sociedad, Deporte, Cultura y todo el contenido de inter\u00e9s general que la gente del pueblo y la regi\u00f3n debe conocer.\" \/>\n<meta property=\"og:url\" content=\"https:\/\/www.celttv.com.ar\/index.php\/2013\/06\/20\/65-familias-firmaron-la-escritura-de-sus-inmuebles-fotos-y-notas-en-audio\/\" \/>\n<meta property=\"og:site_name\" content=\"CELTTV\" \/>\n<meta property=\"article:publisher\" content=\"https:\/\/www.facebook.com\/celtTV\/\" \/>\n<meta property=\"article:published_time\" content=\"2013-06-20T00:06:10+00:00\" \/>\n<meta name=\"author\" content=\"ulises\" \/>\n<meta name=\"twitter:card\" content=\"summary_large_image\" \/>\n<meta name=\"twitter:label1\" content=\"Escrito por\" \/>\n\t<meta name=\"twitter:data1\" content=\"ulises\" \/>\n\t<meta name=\"twitter:label2\" content=\"Tiempo de lectura\" \/>\n\t<meta name=\"twitter:data2\" content=\"2 minutos\" \/>\n<script type=\"application\/ld+json\" class=\"yoast-schema-graph\">{\"@context\":\"https:\/\/schema.org\",\"@graph\":[{\"@type\":\"NewsArticle\",\"@id\":\"https:\/\/www.celttv.com.ar\/index.php\/2013\/06\/20\/65-familias-firmaron-la-escritura-de-sus-inmuebles-fotos-y-notas-en-audio\/#article\",\"isPartOf\":{\"@id\":\"https:\/\/www.celttv.com.ar\/index.php\/2013\/06\/20\/65-familias-firmaron-la-escritura-de-sus-inmuebles-fotos-y-notas-en-audio\/\"},\"author\":{\"name\":\"ulises\",\"@id\":\"https:\/\/www.celttv.com.ar\/#\/schema\/person\/6d99c072dba59953809c81446e9d0ace\"},\"headline\":\"65 FAMILIAS FIRMARON LA ESCRITURA DE SUS INMUEBLES (Fotos y notas en audio)\",\"datePublished\":\"2013-06-20T00:06:10+00:00\",\"dateModified\":\"2013-06-20T00:06:10+00:00\",\"mainEntityOfPage\":{\"@id\":\"https:\/\/www.celttv.com.ar\/index.php\/2013\/06\/20\/65-familias-firmaron-la-escritura-de-sus-inmuebles-fotos-y-notas-en-audio\/\"},\"wordCount\":374,\"publisher\":{\"@id\":\"https:\/\/www.celttv.com.ar\/#organization\"},\"articleSection\":[\"Comunidad\",\"Destacadas\",\"Pol\u00edtica\"],\"inLanguage\":\"es\"},{\"@type\":\"WebPage\",\"@id\":\"https:\/\/www.celttv.com.ar\/index.php\/2013\/06\/20\/65-familias-firmaron-la-escritura-de-sus-inmuebles-fotos-y-notas-en-audio\/\",\"url\":\"https:\/\/www.celttv.com.ar\/index.php\/2013\/06\/20\/65-familias-firmaron-la-escritura-de-sus-inmuebles-fotos-y-notas-en-audio\/\",\"name\":\"65 FAMILIAS FIRMARON LA ESCRITURA DE SUS INMUEBLES (Fotos y notas en audio) - CELTTV\",\"isPartOf\":{\"@id\":\"https:\/\/www.celttv.com.ar\/#website\"},\"datePublished\":\"2013-06-20T00:06:10+00:00\",\"dateModified\":\"2013-06-20T00:06:10+00:00\",\"description\":\"Sitio web de noticias de la localidad de Tornquist, provincia de Buenos Aires, Rep\u00fablica Argentina. Contenido propio originado por periodistas de CELTTV, el canal de TV local de la Cooperativa El\u00e9ctrica de Tornquist. Turismo, Pol\u00edtica, Sociedad, Deporte, Cultura y todo el contenido de inter\u00e9s general que la gente del pueblo y la regi\u00f3n debe conocer.\",\"breadcrumb\":{\"@id\":\"https:\/\/www.celttv.com.ar\/index.php\/2013\/06\/20\/65-familias-firmaron-la-escritura-de-sus-inmuebles-fotos-y-notas-en-audio\/#breadcrumb\"},\"inLanguage\":\"es\",\"potentialAction\":[{\"@type\":\"ReadAction\",\"target\":[\"https:\/\/www.celttv.com.ar\/index.php\/2013\/06\/20\/65-familias-firmaron-la-escritura-de-sus-inmuebles-fotos-y-notas-en-audio\/\"]}]},{\"@type\":\"BreadcrumbList\",\"@id\":\"https:\/\/www.celttv.com.ar\/index.php\/2013\/06\/20\/65-familias-firmaron-la-escritura-de-sus-inmuebles-fotos-y-notas-en-audio\/#breadcrumb\",\"itemListElement\":[{\"@type\":\"ListItem\",\"position\":1,\"name\":\"Inicio\",\"item\":\"https:\/\/www.celttv.com.ar\/\"},{\"@type\":\"ListItem\",\"position\":2,\"name\":\"65 FAMILIAS FIRMARON LA ESCRITURA DE SUS INMUEBLES (Fotos y notas en audio)\"}]},{\"@type\":\"WebSite\",\"@id\":\"https:\/\/www.celttv.com.ar\/#website\",\"url\":\"https:\/\/www.celttv.com.ar\/\",\"name\":\"CELTTV\",\"description\":\"Cooperativa El\u00e9ctrica de Tornquist\",\"publisher\":{\"@id\":\"https:\/\/www.celttv.com.ar\/#organization\"},\"potentialAction\":[{\"@type\":\"SearchAction\",\"target\":{\"@type\":\"EntryPoint\",\"urlTemplate\":\"https:\/\/www.celttv.com.ar\/?s={search_term_string}\"},\"query-input\":\"required name=search_term_string\"}],\"inLanguage\":\"es\"},{\"@type\":\"Organization\",\"@id\":\"https:\/\/www.celttv.com.ar\/#organization\",\"name\":\"CELTTV\",\"url\":\"https:\/\/www.celttv.com.ar\/\",\"sameAs\":[\"https:\/\/www.youtube.com\/channel\/UCz_oIt8Hig64Ub-EmcNPIhg\",\"https:\/\/www.facebook.com\/celtTV\/\"],\"logo\":{\"@type\":\"ImageObject\",\"inLanguage\":\"es\",\"@id\":\"https:\/\/www.celttv.com.ar\/#\/schema\/logo\/image\/\",\"url\":\"http:\/\/www.celttv.com.ar\/wp-content\/uploads\/2022\/08\/logo-1.png\",\"contentUrl\":\"http:\/\/www.celttv.com.ar\/wp-content\/uploads\/2022\/08\/logo-1.png\",\"width\":461,\"height\":159,\"caption\":\"CELTTV\"},\"image\":{\"@id\":\"https:\/\/www.celttv.com.ar\/#\/schema\/logo\/image\/\"}},{\"@type\":\"Person\",\"@id\":\"https:\/\/www.celttv.com.ar\/#\/schema\/person\/6d99c072dba59953809c81446e9d0ace\",\"name\":\"ulises\",\"image\":{\"@type\":\"ImageObject\",\"inLanguage\":\"es\",\"@id\":\"https:\/\/www.celttv.com.ar\/#\/schema\/person\/image\/\",\"url\":\"https:\/\/secure.gravatar.com\/avatar\/7f2c48bdc33b30088f941fb6082e555f2874c98e20cb159d7b92b50eadfce793?s=96&d=mm&r=g\",\"contentUrl\":\"https:\/\/secure.gravatar.com\/avatar\/7f2c48bdc33b30088f941fb6082e555f2874c98e20cb159d7b92b50eadfce793?s=96&d=mm&r=g\",\"caption\":\"ulises\"},\"sameAs\":[\"http:\/\/www.celttv.com.ar\"]}]}<\/script>\n<!-- \/ Yoast SEO plugin. -->","yoast_head_json":{"title":"65 FAMILIAS FIRMARON LA ESCRITURA DE SUS INMUEBLES (Fotos y notas en audio) - CELTTV","description":"Sitio web de noticias de la localidad de Tornquist, provincia de Buenos Aires, Rep\u00fablica Argentina. Contenido propio originado por periodistas de CELTTV, el canal de TV local de la Cooperativa El\u00e9ctrica de Tornquist. Turismo, Pol\u00edtica, Sociedad, Deporte, Cultura y todo el contenido de inter\u00e9s general que la gente del pueblo y la regi\u00f3n debe conocer.","robots":{"index":"index","follow":"follow","max-snippet":"max-snippet:-1","max-image-preview":"max-image-preview:large","max-video-preview":"max-video-preview:-1"},"canonical":"https:\/\/www.celttv.com.ar\/index.php\/2013\/06\/20\/65-familias-firmaron-la-escritura-de-sus-inmuebles-fotos-y-notas-en-audio\/","og_locale":"es_ES","og_type":"article","og_title":"65 FAMILIAS FIRMARON LA ESCRITURA DE SUS INMUEBLES (Fotos y notas en audio) - CELTTV","og_description":"Sitio web de noticias de la localidad de Tornquist, provincia de Buenos Aires, Rep\u00fablica Argentina. Contenido propio originado por periodistas de CELTTV, el canal de TV local de la Cooperativa El\u00e9ctrica de Tornquist. Turismo, Pol\u00edtica, Sociedad, Deporte, Cultura y todo el contenido de inter\u00e9s general que la gente del pueblo y la regi\u00f3n debe conocer.","og_url":"https:\/\/www.celttv.com.ar\/index.php\/2013\/06\/20\/65-familias-firmaron-la-escritura-de-sus-inmuebles-fotos-y-notas-en-audio\/","og_site_name":"CELTTV","article_publisher":"https:\/\/www.facebook.com\/celtTV\/","article_published_time":"2013-06-20T00:06:10+00:00","author":"ulises","twitter_card":"summary_large_image","twitter_misc":{"Escrito por":"ulises","Tiempo de lectura":"2 minutos"},"schema":{"@context":"https:\/\/schema.org","@graph":[{"@type":"NewsArticle","@id":"https:\/\/www.celttv.com.ar\/index.php\/2013\/06\/20\/65-familias-firmaron-la-escritura-de-sus-inmuebles-fotos-y-notas-en-audio\/#article","isPartOf":{"@id":"https:\/\/www.celttv.com.ar\/index.php\/2013\/06\/20\/65-familias-firmaron-la-escritura-de-sus-inmuebles-fotos-y-notas-en-audio\/"},"author":{"name":"ulises","@id":"https:\/\/www.celttv.com.ar\/#\/schema\/person\/6d99c072dba59953809c81446e9d0ace"},"headline":"65 FAMILIAS FIRMARON LA ESCRITURA DE SUS INMUEBLES (Fotos y notas en audio)","datePublished":"2013-06-20T00:06:10+00:00","dateModified":"2013-06-20T00:06:10+00:00","mainEntityOfPage":{"@id":"https:\/\/www.celttv.com.ar\/index.php\/2013\/06\/20\/65-familias-firmaron-la-escritura-de-sus-inmuebles-fotos-y-notas-en-audio\/"},"wordCount":374,"publisher":{"@id":"https:\/\/www.celttv.com.ar\/#organization"},"articleSection":["Comunidad","Destacadas","Pol\u00edtica"],"inLanguage":"es"},{"@type":"WebPage","@id":"https:\/\/www.celttv.com.ar\/index.php\/2013\/06\/20\/65-familias-firmaron-la-escritura-de-sus-inmuebles-fotos-y-notas-en-audio\/","url":"https:\/\/www.celttv.com.ar\/index.php\/2013\/06\/20\/65-familias-firmaron-la-escritura-de-sus-inmuebles-fotos-y-notas-en-audio\/","name":"65 FAMILIAS FIRMARON LA ESCRITURA DE SUS INMUEBLES (Fotos y notas en audio) - CELTTV","isPartOf":{"@id":"https:\/\/www.celttv.com.ar\/#website"},"datePublished":"2013-06-20T00:06:10+00:00","dateModified":"2013-06-20T00:06:10+00:00","description":"Sitio web de noticias de la localidad de Tornquist, provincia de Buenos Aires, Rep\u00fablica Argentina. Contenido propio originado por periodistas de CELTTV, el canal de TV local de la Cooperativa El\u00e9ctrica de Tornquist. Turismo, Pol\u00edtica, Sociedad, Deporte, Cultura y todo el contenido de inter\u00e9s general que la gente del pueblo y la regi\u00f3n debe conocer.","breadcrumb":{"@id":"https:\/\/www.celttv.com.ar\/index.php\/2013\/06\/20\/65-familias-firmaron-la-escritura-de-sus-inmuebles-fotos-y-notas-en-audio\/#breadcrumb"},"inLanguage":"es","potentialAction":[{"@type":"ReadAction","target":["https:\/\/www.celttv.com.ar\/index.php\/2013\/06\/20\/65-familias-firmaron-la-escritura-de-sus-inmuebles-fotos-y-notas-en-audio\/"]}]},{"@type":"BreadcrumbList","@id":"https:\/\/www.celttv.com.ar\/index.php\/2013\/06\/20\/65-familias-firmaron-la-escritura-de-sus-inmuebles-fotos-y-notas-en-audio\/#breadcrumb","itemListElement":[{"@type":"ListItem","position":1,"name":"Inicio","item":"https:\/\/www.celttv.com.ar\/"},{"@type":"ListItem","position":2,"name":"65 FAMILIAS FIRMARON LA ESCRITURA DE SUS INMUEBLES (Fotos y notas en audio)"}]},{"@type":"WebSite","@id":"https:\/\/www.celttv.com.ar\/#website","url":"https:\/\/www.celttv.com.ar\/","name":"CELTTV","description":"Cooperativa El\u00e9ctrica de Tornquist","publisher":{"@id":"https:\/\/www.celttv.com.ar\/#organization"},"potentialAction":[{"@type":"SearchAction","target":{"@type":"EntryPoint","urlTemplate":"https:\/\/www.celttv.com.ar\/?s={search_term_string}"},"query-input":"required name=search_term_string"}],"inLanguage":"es"},{"@type":"Organization","@id":"https:\/\/www.celttv.com.ar\/#organization","name":"CELTTV","url":"https:\/\/www.celttv.com.ar\/","sameAs":["https:\/\/www.youtube.com\/channel\/UCz_oIt8Hig64Ub-EmcNPIhg","https:\/\/www.facebook.com\/celtTV\/"],"logo":{"@type":"ImageObject","inLanguage":"es","@id":"https:\/\/www.celttv.com.ar\/#\/schema\/logo\/image\/","url":"http:\/\/www.celttv.com.ar\/wp-content\/uploads\/2022\/08\/logo-1.png","contentUrl":"http:\/\/www.celttv.com.ar\/wp-content\/uploads\/2022\/08\/logo-1.png","width":461,"height":159,"caption":"CELTTV"},"image":{"@id":"https:\/\/www.celttv.com.ar\/#\/schema\/logo\/image\/"}},{"@type":"Person","@id":"https:\/\/www.celttv.com.ar\/#\/schema\/person\/6d99c072dba59953809c81446e9d0ace","name":"ulises","image":{"@type":"ImageObject","inLanguage":"es","@id":"https:\/\/www.celttv.com.ar\/#\/schema\/person\/image\/","url":"https:\/\/secure.gravatar.com\/avatar\/7f2c48bdc33b30088f941fb6082e555f2874c98e20cb159d7b92b50eadfce793?s=96&d=mm&r=g","contentUrl":"https:\/\/secure.gravatar.com\/avatar\/7f2c48bdc33b30088f941fb6082e555f2874c98e20cb159d7b92b50eadfce793?s=96&d=mm&r=g","caption":"ulises"},"sameAs":["http:\/\/www.celttv.com.ar"]}]}},"_links":{"self":[{"href":"https:\/\/www.celttv.com.ar\/index.php\/wp-json\/wp\/v2\/posts\/12165","targetHints":{"allow":["GET"]}}],"collection":[{"href":"https:\/\/www.celttv.com.ar\/index.php\/wp-json\/wp\/v2\/posts"}],"about":[{"href":"https:\/\/www.celttv.com.ar\/index.php\/wp-json\/wp\/v2\/types\/post"}],"author":[{"embeddable":true,"href":"https:\/\/www.celttv.com.ar\/index.php\/wp-json\/wp\/v2\/users\/1"}],"replies":[{"embeddable":true,"href":"https:\/\/www.celttv.com.ar\/index.php\/wp-json\/wp\/v2\/comments?post=12165"}],"version-history":[{"count":0,"href":"https:\/\/www.celttv.com.ar\/index.php\/wp-json\/wp\/v2\/posts\/12165\/revisions"}],"wp:attachment":[{"href":"https:\/\/www.celttv.com.ar\/index.php\/wp-json\/wp\/v2\/media?parent=12165"}],"wp:term":[{"taxonomy":"category","embeddable":true,"href":"https:\/\/www.celttv.com.ar\/index.php\/wp-json\/wp\/v2\/categories?post=12165"},{"taxonomy":"post_tag","embeddable":true,"href":"https:\/\/www.celttv.com.ar\/index.php\/wp-json\/wp\/v2\/tags?post=12165"}],"curies":[{"name":"wp","href":"https:\/\/api.w.org\/{rel}","templated":true}]}}