{"id":12180,"date":"2013-06-20T15:05:27","date_gmt":"2013-06-20T15:05:27","guid":{"rendered":"http:\/\/www.tvcnoticias.com.ar\/?p=12180"},"modified":"2013-06-20T15:05:27","modified_gmt":"2013-06-20T15:05:27","slug":"bandera-argentina-saludos-por-el-dia-de-nuestro-emblema-patrio","status":"publish","type":"post","link":"https:\/\/www.celttv.com.ar\/index.php\/2013\/06\/20\/bandera-argentina-saludos-por-el-dia-de-nuestro-emblema-patrio\/","title":{"rendered":"BANDERA ARGENTINA: SALUDOS POR EL DIA DE NUESTRO EMBLEMA PATRIO"},"content":{"rendered":"<p><img loading=\"lazy\" decoding=\"async\" class=\"aligncenter size-full wp-image-12181\" title=\"bandera-argentina-dia (Small)\" src=\"http:\/\/www.tvcnoticias.com.ar\/wp-content\/uploads\/2013\/06\/bandera-argentina-dia-Small.jpg\" alt=\"\" width=\"640\" height=\"429\" \/><br \/>\nSALUDOS POR EL DIA DE LA BANDERA<br \/>\nCOMITE UCR.D\u00cdA DE LA BANDERAEl 20 de julio de 1816 el Congreso adopt\u00f3 oficialmente la bandera dise\u00f1ada por Belgrano como s\u00edmbolo patrio. En el a\u00f1o 1918 se le agreg\u00f3 un sol sobre la franja blanca para ser utilizada en caso de guerra. En 1938 se declar\u00f3 el 20 de junio como D\u00eda de la Bandera y feriado nacional, en homenaje a su creador, el general Manuel Belgrano, fallecido el 20 de junio de 1820.Este 20 de Junio llevemos a lo m\u00e1s alto la celeste y blanca, nuestra bandera debe flamear \u00a0todo el a\u00f1o y principalmente debe estar en el coraz\u00f3n de todos los Argentinos!\u00a0Comit\u00e9 UCR-Subcomit\u00e9 Saldungaray-Juventud Radical<br \/>\nHONORABLE CONCEJO DELIBERANTE<br \/>\nTornquist, 20 de Junio de 2013Dijo el General Manuel Belgrano: \u201cMe hierve la sangre al observar tanto obst\u00e1culo, tantas dificultades que se vencer\u00edan r\u00e1pidamente si hubiera un poco de inter\u00e9s por la Patria\u201d.Manuel Belgrano fue ejemplo de esfuerzo, generosidad, amor por la educaci\u00f3n, modestia, honestidad, sincera defensa de la libertad tanto civil, pol\u00edtica como de expresi\u00f3n.El mundo cambia, sin dudas, pero algunos principios, algunos valores, tienen vigencia eterna.Recordemos las palabras de Ortega y Gasset, \u201cArgentinos, \u00a1a las cosas!\u201d, no ser\u00e1 con palabras grandilocuentes, ni con falsas promesas como podremos contribuir a engrandecer nuestra patria. Ser\u00e1 con trabajo, con estudio, con sacrificio cotidiano, cumpliendo con responsabilidad desde nuestro lugar el rol que nos fue encomendado. De esta manera, d\u00eda a d\u00eda es como honramos nuestra Bandera Argentina.\t\u00a0 \u00a0 \u00a0 \u00a0 \u00a0 \u00a0 \u00a0 \u00a0 \u00a0 \u00a0 \u00a0 \u00a0 \u00a0 \u00a0 \u00a0 \u00a0 \u00a0 \u00a0 \u00a0 \u00a0 \u00a0 \u00a0 \u00a0 \u00a0 \u00a0Sergio Bordoni\t\t\tPresidente H.C.D.<br \/>\nCONCEJAL UNION PRO DE TORNQUIST<br \/>\n&#8220;Mucho me falta para ser un verdadero padre de la patria, me contentar\u00eda con ser un buen hijo de ella.&#8221;Manuel Belgrano<br \/>\nUn d\u00eda como hoy honramos la memoria de un hombre de la talla de Don Manuel Belgrano, de quien nos leg\u00f3 el s\u00edmbolo de nuestra naci\u00f3n, nuestra amada bandera. Hombre de leyes, precursor de la educaci\u00f3n, del comercio, de la ciencia, se vio obligado a asumir, a aceptar, a un rol m\u00e1s en beneficio de la patria: Se vio obligado a tomar la espada como militar, como general de las guerras de la independencia.Si hay que hablar de Manuel Belgrano hay que hablar de esfuerzo, de generosidad y amor por la educaci\u00f3n, \u00a0de modestia, de honestidad, de sincera defensa de la libertad: de la libertad civil, de la libertad pol\u00edtica y de la libertad de expresi\u00f3n y de los derechos del hombre&#8221;Mucho me falta para ser un verdadero padre de la patria, me contentar\u00eda con ser un buen hijo de ella&#8221; Es una invitaci\u00f3n a asumir nuestras propias responsabilidades. Es una llamada a hacer del mejor modo posible lo que tenemos entre manos. No importa que nuestras tareas sean aparentemente peque\u00f1as: son las que nos tocan, las que nos corresponden, y a trav\u00e9s de ellas nos preparamos mejor para las m\u00e1s grandes que puedan sobrevenirnos.Imitando el temple y el accionar de este magnifico pr\u00f3cer , deseamos desde nuestro espacio, que en cada hogar y en cada coraz\u00f3n argentino hoy, como en aquel 27 de febrero de 1812, se enarbole con orgullo y patriotismo Nuestra Bandera Nacional<br \/>\nCONCEJAL HORACIO BUITRAGOPRO TORNQUIST<br \/>\nCOALICION CIVICA DE TORNQUISTEl celeste y blanco son los colores que nos identifican, son los que eligi\u00f3 Belgrano, pensando en nosotros y en nuestra identidad.La Ense\u00f1a Patria merece \u00a0nuestro respeto. La respetamos cuando luchamos desde nuestro entorno \u00a0por vivir en paz, respetando a los dem\u00e1s, cuando nos ponemos del lado de la justicia y fundamentalmente cuando apostamos a la educaci\u00f3n y al progreso.La vemos en la cancha, en las escuelas, en las instituciones, en los eventos deportivos, adornando las vidrieras. Puede tener variadas formas y tama\u00f1os, pero siempre el mismo significado.En cualquier lugar del mundo y en la forma que sea siempre va a ser Nuestra Bandera.<br \/>\n\u00a1\u00a1\u00a1Fel\u00edz D\u00eda de la Bandera!!!<br \/>\nMar\u00eda Esther Parmigiani, PresidentMar\u00eda Graciela Bag\u00fa, ConcejalJulio Dar\u00edo Cardoso, ConcejalSergio fabi\u00e1n Bordoni, Presidente H.C.D.<br \/>\nBLOQUE COALICION CIVICA TORNQUIST<\/p>\n","protected":false},"excerpt":{"rendered":"<p>SALUDOS POR EL DIA DE LA BANDERA COMITE UCR.D\u00cdA DE LA BANDERAEl 20 de julio de 1816 el Congreso adopt\u00f3 oficialmente la bandera dise\u00f1ada por Belgrano como s\u00edmbolo patrio. En el a\u00f1o 1918 se le agreg\u00f3 un sol sobre la franja blanca para ser utilizada en caso de guerra. En 1938 se declar\u00f3 el 20 [&hellip;]<\/p>\n","protected":false},"author":1,"featured_media":0,"comment_status":"closed","ping_status":"open","sticky":false,"template":"","format":"standard","meta":{"footnotes":""},"categories":[51,52,53],"tags":[],"class_list":["post-12180","post","type-post","status-publish","format-standard","hentry","category-comunidad","category-destacadas","category-politica"],"yoast_head":"<!-- This site is optimized with the Yoast SEO plugin v19.7.1 - https:\/\/yoast.com\/wordpress\/plugins\/seo\/ -->\n<title>BANDERA ARGENTINA: SALUDOS POR EL DIA DE NUESTRO EMBLEMA PATRIO - CELTTV<\/title>\n<meta name=\"description\" content=\"Sitio web de noticias de la localidad de Tornquist, provincia de Buenos Aires, Rep\u00fablica Argentina. Contenido propio originado por periodistas de CELTTV, el canal de TV local de la Cooperativa El\u00e9ctrica de Tornquist. Turismo, Pol\u00edtica, Sociedad, Deporte, Cultura y todo el contenido de inter\u00e9s general que la gente del pueblo y la regi\u00f3n debe conocer.\" \/>\n<meta name=\"robots\" content=\"index, follow, max-snippet:-1, max-image-preview:large, max-video-preview:-1\" \/>\n<link rel=\"canonical\" href=\"https:\/\/www.celttv.com.ar\/index.php\/2013\/06\/20\/bandera-argentina-saludos-por-el-dia-de-nuestro-emblema-patrio\/\" \/>\n<meta property=\"og:locale\" content=\"es_ES\" \/>\n<meta property=\"og:type\" content=\"article\" \/>\n<meta property=\"og:title\" content=\"BANDERA ARGENTINA: SALUDOS POR EL DIA DE NUESTRO EMBLEMA PATRIO - CELTTV\" \/>\n<meta property=\"og:description\" content=\"Sitio web de noticias de la localidad de Tornquist, provincia de Buenos Aires, Rep\u00fablica Argentina. Contenido propio originado por periodistas de CELTTV, el canal de TV local de la Cooperativa El\u00e9ctrica de Tornquist. Turismo, Pol\u00edtica, Sociedad, Deporte, Cultura y todo el contenido de inter\u00e9s general que la gente del pueblo y la regi\u00f3n debe conocer.\" \/>\n<meta property=\"og:url\" content=\"https:\/\/www.celttv.com.ar\/index.php\/2013\/06\/20\/bandera-argentina-saludos-por-el-dia-de-nuestro-emblema-patrio\/\" \/>\n<meta property=\"og:site_name\" content=\"CELTTV\" \/>\n<meta property=\"article:publisher\" content=\"https:\/\/www.facebook.com\/celtTV\/\" \/>\n<meta property=\"article:published_time\" content=\"2013-06-20T15:05:27+00:00\" \/>\n<meta property=\"og:image\" content=\"http:\/\/www.tvcnoticias.com.ar\/wp-content\/uploads\/2013\/06\/bandera-argentina-dia-Small.jpg\" \/>\n<meta name=\"author\" content=\"ulises\" \/>\n<meta name=\"twitter:card\" content=\"summary_large_image\" \/>\n<meta name=\"twitter:label1\" content=\"Escrito por\" \/>\n\t<meta name=\"twitter:data1\" content=\"ulises\" \/>\n\t<meta name=\"twitter:label2\" content=\"Tiempo de lectura\" \/>\n\t<meta name=\"twitter:data2\" content=\"3 minutos\" \/>\n<script type=\"application\/ld+json\" class=\"yoast-schema-graph\">{\"@context\":\"https:\/\/schema.org\",\"@graph\":[{\"@type\":\"NewsArticle\",\"@id\":\"https:\/\/www.celttv.com.ar\/index.php\/2013\/06\/20\/bandera-argentina-saludos-por-el-dia-de-nuestro-emblema-patrio\/#article\",\"isPartOf\":{\"@id\":\"https:\/\/www.celttv.com.ar\/index.php\/2013\/06\/20\/bandera-argentina-saludos-por-el-dia-de-nuestro-emblema-patrio\/\"},\"author\":{\"name\":\"ulises\",\"@id\":\"https:\/\/www.celttv.com.ar\/#\/schema\/person\/6d99c072dba59953809c81446e9d0ace\"},\"headline\":\"BANDERA ARGENTINA: SALUDOS POR EL DIA DE NUESTRO EMBLEMA PATRIO\",\"datePublished\":\"2013-06-20T15:05:27+00:00\",\"dateModified\":\"2013-06-20T15:05:27+00:00\",\"mainEntityOfPage\":{\"@id\":\"https:\/\/www.celttv.com.ar\/index.php\/2013\/06\/20\/bandera-argentina-saludos-por-el-dia-de-nuestro-emblema-patrio\/\"},\"wordCount\":701,\"publisher\":{\"@id\":\"https:\/\/www.celttv.com.ar\/#organization\"},\"articleSection\":[\"Comunidad\",\"Destacadas\",\"Pol\u00edtica\"],\"inLanguage\":\"es\"},{\"@type\":\"WebPage\",\"@id\":\"https:\/\/www.celttv.com.ar\/index.php\/2013\/06\/20\/bandera-argentina-saludos-por-el-dia-de-nuestro-emblema-patrio\/\",\"url\":\"https:\/\/www.celttv.com.ar\/index.php\/2013\/06\/20\/bandera-argentina-saludos-por-el-dia-de-nuestro-emblema-patrio\/\",\"name\":\"BANDERA ARGENTINA: SALUDOS POR EL DIA DE NUESTRO EMBLEMA PATRIO - CELTTV\",\"isPartOf\":{\"@id\":\"https:\/\/www.celttv.com.ar\/#website\"},\"datePublished\":\"2013-06-20T15:05:27+00:00\",\"dateModified\":\"2013-06-20T15:05:27+00:00\",\"description\":\"Sitio web de noticias de la localidad de Tornquist, provincia de Buenos Aires, Rep\u00fablica Argentina. Contenido propio originado por periodistas de CELTTV, el canal de TV local de la Cooperativa El\u00e9ctrica de Tornquist. Turismo, Pol\u00edtica, Sociedad, Deporte, Cultura y todo el contenido de inter\u00e9s general que la gente del pueblo y la regi\u00f3n debe conocer.\",\"breadcrumb\":{\"@id\":\"https:\/\/www.celttv.com.ar\/index.php\/2013\/06\/20\/bandera-argentina-saludos-por-el-dia-de-nuestro-emblema-patrio\/#breadcrumb\"},\"inLanguage\":\"es\",\"potentialAction\":[{\"@type\":\"ReadAction\",\"target\":[\"https:\/\/www.celttv.com.ar\/index.php\/2013\/06\/20\/bandera-argentina-saludos-por-el-dia-de-nuestro-emblema-patrio\/\"]}]},{\"@type\":\"BreadcrumbList\",\"@id\":\"https:\/\/www.celttv.com.ar\/index.php\/2013\/06\/20\/bandera-argentina-saludos-por-el-dia-de-nuestro-emblema-patrio\/#breadcrumb\",\"itemListElement\":[{\"@type\":\"ListItem\",\"position\":1,\"name\":\"Inicio\",\"item\":\"https:\/\/www.celttv.com.ar\/\"},{\"@type\":\"ListItem\",\"position\":2,\"name\":\"BANDERA ARGENTINA: SALUDOS POR EL DIA DE NUESTRO EMBLEMA PATRIO\"}]},{\"@type\":\"WebSite\",\"@id\":\"https:\/\/www.celttv.com.ar\/#website\",\"url\":\"https:\/\/www.celttv.com.ar\/\",\"name\":\"CELTTV\",\"description\":\"Cooperativa El\u00e9ctrica de Tornquist\",\"publisher\":{\"@id\":\"https:\/\/www.celttv.com.ar\/#organization\"},\"potentialAction\":[{\"@type\":\"SearchAction\",\"target\":{\"@type\":\"EntryPoint\",\"urlTemplate\":\"https:\/\/www.celttv.com.ar\/?s={search_term_string}\"},\"query-input\":\"required name=search_term_string\"}],\"inLanguage\":\"es\"},{\"@type\":\"Organization\",\"@id\":\"https:\/\/www.celttv.com.ar\/#organization\",\"name\":\"CELTTV\",\"url\":\"https:\/\/www.celttv.com.ar\/\",\"sameAs\":[\"https:\/\/www.youtube.com\/channel\/UCz_oIt8Hig64Ub-EmcNPIhg\",\"https:\/\/www.facebook.com\/celtTV\/\"],\"logo\":{\"@type\":\"ImageObject\",\"inLanguage\":\"es\",\"@id\":\"https:\/\/www.celttv.com.ar\/#\/schema\/logo\/image\/\",\"url\":\"http:\/\/www.celttv.com.ar\/wp-content\/uploads\/2022\/08\/logo-1.png\",\"contentUrl\":\"http:\/\/www.celttv.com.ar\/wp-content\/uploads\/2022\/08\/logo-1.png\",\"width\":461,\"height\":159,\"caption\":\"CELTTV\"},\"image\":{\"@id\":\"https:\/\/www.celttv.com.ar\/#\/schema\/logo\/image\/\"}},{\"@type\":\"Person\",\"@id\":\"https:\/\/www.celttv.com.ar\/#\/schema\/person\/6d99c072dba59953809c81446e9d0ace\",\"name\":\"ulises\",\"image\":{\"@type\":\"ImageObject\",\"inLanguage\":\"es\",\"@id\":\"https:\/\/www.celttv.com.ar\/#\/schema\/person\/image\/\",\"url\":\"https:\/\/secure.gravatar.com\/avatar\/7f2c48bdc33b30088f941fb6082e555f2874c98e20cb159d7b92b50eadfce793?s=96&d=mm&r=g\",\"contentUrl\":\"https:\/\/secure.gravatar.com\/avatar\/7f2c48bdc33b30088f941fb6082e555f2874c98e20cb159d7b92b50eadfce793?s=96&d=mm&r=g\",\"caption\":\"ulises\"},\"sameAs\":[\"http:\/\/www.celttv.com.ar\"]}]}<\/script>\n<!-- \/ Yoast SEO plugin. -->","yoast_head_json":{"title":"BANDERA ARGENTINA: SALUDOS POR EL DIA DE NUESTRO EMBLEMA PATRIO - CELTTV","description":"Sitio web de noticias de la localidad de Tornquist, provincia de Buenos Aires, Rep\u00fablica Argentina. Contenido propio originado por periodistas de CELTTV, el canal de TV local de la Cooperativa El\u00e9ctrica de Tornquist. Turismo, Pol\u00edtica, Sociedad, Deporte, Cultura y todo el contenido de inter\u00e9s general que la gente del pueblo y la regi\u00f3n debe conocer.","robots":{"index":"index","follow":"follow","max-snippet":"max-snippet:-1","max-image-preview":"max-image-preview:large","max-video-preview":"max-video-preview:-1"},"canonical":"https:\/\/www.celttv.com.ar\/index.php\/2013\/06\/20\/bandera-argentina-saludos-por-el-dia-de-nuestro-emblema-patrio\/","og_locale":"es_ES","og_type":"article","og_title":"BANDERA ARGENTINA: SALUDOS POR EL DIA DE NUESTRO EMBLEMA PATRIO - CELTTV","og_description":"Sitio web de noticias de la localidad de Tornquist, provincia de Buenos Aires, Rep\u00fablica Argentina. Contenido propio originado por periodistas de CELTTV, el canal de TV local de la Cooperativa El\u00e9ctrica de Tornquist. Turismo, Pol\u00edtica, Sociedad, Deporte, Cultura y todo el contenido de inter\u00e9s general que la gente del pueblo y la regi\u00f3n debe conocer.","og_url":"https:\/\/www.celttv.com.ar\/index.php\/2013\/06\/20\/bandera-argentina-saludos-por-el-dia-de-nuestro-emblema-patrio\/","og_site_name":"CELTTV","article_publisher":"https:\/\/www.facebook.com\/celtTV\/","article_published_time":"2013-06-20T15:05:27+00:00","og_image":[{"url":"http:\/\/www.tvcnoticias.com.ar\/wp-content\/uploads\/2013\/06\/bandera-argentina-dia-Small.jpg"}],"author":"ulises","twitter_card":"summary_large_image","twitter_misc":{"Escrito por":"ulises","Tiempo de lectura":"3 minutos"},"schema":{"@context":"https:\/\/schema.org","@graph":[{"@type":"NewsArticle","@id":"https:\/\/www.celttv.com.ar\/index.php\/2013\/06\/20\/bandera-argentina-saludos-por-el-dia-de-nuestro-emblema-patrio\/#article","isPartOf":{"@id":"https:\/\/www.celttv.com.ar\/index.php\/2013\/06\/20\/bandera-argentina-saludos-por-el-dia-de-nuestro-emblema-patrio\/"},"author":{"name":"ulises","@id":"https:\/\/www.celttv.com.ar\/#\/schema\/person\/6d99c072dba59953809c81446e9d0ace"},"headline":"BANDERA ARGENTINA: SALUDOS POR EL DIA DE NUESTRO EMBLEMA PATRIO","datePublished":"2013-06-20T15:05:27+00:00","dateModified":"2013-06-20T15:05:27+00:00","mainEntityOfPage":{"@id":"https:\/\/www.celttv.com.ar\/index.php\/2013\/06\/20\/bandera-argentina-saludos-por-el-dia-de-nuestro-emblema-patrio\/"},"wordCount":701,"publisher":{"@id":"https:\/\/www.celttv.com.ar\/#organization"},"articleSection":["Comunidad","Destacadas","Pol\u00edtica"],"inLanguage":"es"},{"@type":"WebPage","@id":"https:\/\/www.celttv.com.ar\/index.php\/2013\/06\/20\/bandera-argentina-saludos-por-el-dia-de-nuestro-emblema-patrio\/","url":"https:\/\/www.celttv.com.ar\/index.php\/2013\/06\/20\/bandera-argentina-saludos-por-el-dia-de-nuestro-emblema-patrio\/","name":"BANDERA ARGENTINA: SALUDOS POR EL DIA DE NUESTRO EMBLEMA PATRIO - CELTTV","isPartOf":{"@id":"https:\/\/www.celttv.com.ar\/#website"},"datePublished":"2013-06-20T15:05:27+00:00","dateModified":"2013-06-20T15:05:27+00:00","description":"Sitio web de noticias de la localidad de Tornquist, provincia de Buenos Aires, Rep\u00fablica Argentina. Contenido propio originado por periodistas de CELTTV, el canal de TV local de la Cooperativa El\u00e9ctrica de Tornquist. Turismo, Pol\u00edtica, Sociedad, Deporte, Cultura y todo el contenido de inter\u00e9s general que la gente del pueblo y la regi\u00f3n debe conocer.","breadcrumb":{"@id":"https:\/\/www.celttv.com.ar\/index.php\/2013\/06\/20\/bandera-argentina-saludos-por-el-dia-de-nuestro-emblema-patrio\/#breadcrumb"},"inLanguage":"es","potentialAction":[{"@type":"ReadAction","target":["https:\/\/www.celttv.com.ar\/index.php\/2013\/06\/20\/bandera-argentina-saludos-por-el-dia-de-nuestro-emblema-patrio\/"]}]},{"@type":"BreadcrumbList","@id":"https:\/\/www.celttv.com.ar\/index.php\/2013\/06\/20\/bandera-argentina-saludos-por-el-dia-de-nuestro-emblema-patrio\/#breadcrumb","itemListElement":[{"@type":"ListItem","position":1,"name":"Inicio","item":"https:\/\/www.celttv.com.ar\/"},{"@type":"ListItem","position":2,"name":"BANDERA ARGENTINA: SALUDOS POR EL DIA DE NUESTRO EMBLEMA PATRIO"}]},{"@type":"WebSite","@id":"https:\/\/www.celttv.com.ar\/#website","url":"https:\/\/www.celttv.com.ar\/","name":"CELTTV","description":"Cooperativa El\u00e9ctrica de Tornquist","publisher":{"@id":"https:\/\/www.celttv.com.ar\/#organization"},"potentialAction":[{"@type":"SearchAction","target":{"@type":"EntryPoint","urlTemplate":"https:\/\/www.celttv.com.ar\/?s={search_term_string}"},"query-input":"required name=search_term_string"}],"inLanguage":"es"},{"@type":"Organization","@id":"https:\/\/www.celttv.com.ar\/#organization","name":"CELTTV","url":"https:\/\/www.celttv.com.ar\/","sameAs":["https:\/\/www.youtube.com\/channel\/UCz_oIt8Hig64Ub-EmcNPIhg","https:\/\/www.facebook.com\/celtTV\/"],"logo":{"@type":"ImageObject","inLanguage":"es","@id":"https:\/\/www.celttv.com.ar\/#\/schema\/logo\/image\/","url":"http:\/\/www.celttv.com.ar\/wp-content\/uploads\/2022\/08\/logo-1.png","contentUrl":"http:\/\/www.celttv.com.ar\/wp-content\/uploads\/2022\/08\/logo-1.png","width":461,"height":159,"caption":"CELTTV"},"image":{"@id":"https:\/\/www.celttv.com.ar\/#\/schema\/logo\/image\/"}},{"@type":"Person","@id":"https:\/\/www.celttv.com.ar\/#\/schema\/person\/6d99c072dba59953809c81446e9d0ace","name":"ulises","image":{"@type":"ImageObject","inLanguage":"es","@id":"https:\/\/www.celttv.com.ar\/#\/schema\/person\/image\/","url":"https:\/\/secure.gravatar.com\/avatar\/7f2c48bdc33b30088f941fb6082e555f2874c98e20cb159d7b92b50eadfce793?s=96&d=mm&r=g","contentUrl":"https:\/\/secure.gravatar.com\/avatar\/7f2c48bdc33b30088f941fb6082e555f2874c98e20cb159d7b92b50eadfce793?s=96&d=mm&r=g","caption":"ulises"},"sameAs":["http:\/\/www.celttv.com.ar"]}]}},"_links":{"self":[{"href":"https:\/\/www.celttv.com.ar\/index.php\/wp-json\/wp\/v2\/posts\/12180","targetHints":{"allow":["GET"]}}],"collection":[{"href":"https:\/\/www.celttv.com.ar\/index.php\/wp-json\/wp\/v2\/posts"}],"about":[{"href":"https:\/\/www.celttv.com.ar\/index.php\/wp-json\/wp\/v2\/types\/post"}],"author":[{"embeddable":true,"href":"https:\/\/www.celttv.com.ar\/index.php\/wp-json\/wp\/v2\/users\/1"}],"replies":[{"embeddable":true,"href":"https:\/\/www.celttv.com.ar\/index.php\/wp-json\/wp\/v2\/comments?post=12180"}],"version-history":[{"count":0,"href":"https:\/\/www.celttv.com.ar\/index.php\/wp-json\/wp\/v2\/posts\/12180\/revisions"}],"wp:attachment":[{"href":"https:\/\/www.celttv.com.ar\/index.php\/wp-json\/wp\/v2\/media?parent=12180"}],"wp:term":[{"taxonomy":"category","embeddable":true,"href":"https:\/\/www.celttv.com.ar\/index.php\/wp-json\/wp\/v2\/categories?post=12180"},{"taxonomy":"post_tag","embeddable":true,"href":"https:\/\/www.celttv.com.ar\/index.php\/wp-json\/wp\/v2\/tags?post=12180"}],"curies":[{"name":"wp","href":"https:\/\/api.w.org\/{rel}","templated":true}]}}