{"id":12271,"date":"2013-06-20T18:50:19","date_gmt":"2013-06-20T18:50:19","guid":{"rendered":"http:\/\/www.tvcnoticias.com.ar\/?p=12271"},"modified":"2013-06-20T18:50:19","modified_gmt":"2013-06-20T18:50:19","slug":"medio-ambiente-el-municipio-recibio-una-distincion-por-su-gestion-con-los-residuos-solidos","status":"publish","type":"post","link":"https:\/\/www.celttv.com.ar\/index.php\/2013\/06\/20\/medio-ambiente-el-municipio-recibio-una-distincion-por-su-gestion-con-los-residuos-solidos\/","title":{"rendered":"MEDIO AMBIENTE: EL MUNICIPIO RECIBIO UNA DISTINCION POR SU GESTION CON LOS RESIDUOS SOLIDOS"},"content":{"rendered":"<p><br \/>\nEl programa de reciclado que viene implementando la Municipalidad de Tornquist fue galardonado con otro importante reconocimiento. El intendente municipal, licenciado Gustavo Trankels, recibi\u00f3 una de las distinciones del Concurso \u201cEscobas de Plata, Oro y Platino\u201d, que organiza la Asociaci\u00f3n para el Estudio de los Residuos S\u00f3lidos (ARS), Miembro Nacional de International Solid Waste Association (ISWA) en Argentina,\u00a0 junto con la Universidad ISALUD.<br \/>\nLa entrega de la distinci\u00f3n se cristaliz\u00f3 durante un acto desarrollado en la sede de la casa de altos estudios, en la Ciudad Aut\u00f3noma de Buenos Aires, donde el jefe comunal estuvo acompa\u00f1ado por la ingeniera Bel\u00e9n Pastori; Paulo Su\u00e1rez, integrante de la Secretar\u00eda de Ambiente y Desarrollo Sustentable de la Naci\u00f3n; y Mart\u00edn Haag, de la Secretar\u00eda de Producci\u00f3n y Medio Ambiente comunal.<br \/>\nEl programa de reciclado impulsado por la actual administraci\u00f3n comunal, conducida por Trankels, fue galardonado con la segunda ubicaci\u00f3n en la Categor\u00eda \u201cA\u201d, que involucra a los municipios con menos de 50 mil habitantes.<br \/>\nEl trabajo presentado fue reconocido por cumplir con los objetivos del concurso, que apunta a proyectos realizados en pos de mejorar la gesti\u00f3n integral de los residuos, la limpieza y el aseo urbano en general de nuestras ciudades.<br \/>\n\u201cPara nosotros es un incentivo importante recibir esta distinci\u00f3n. Le agradezco profundamente la tarea que realizan todos los d\u00edas los agentes municipales, especialmente los integrantes de la Secretar\u00eda de Producci\u00f3n y Medio Ambiente y quienes trabajan en la planta de residuos de Saldungaray\u201d, destac\u00f3 el intendente Trankels una vez concluida la entrega.<br \/>\nEl jefe comunal le dedic\u00f3 un p\u00e1rrafo especial a la ingeniera Bel\u00e9n Pastori.<br \/>\n\u201cBel\u00e9n es una de nuestras j\u00f3venes tornquistenses que nos hacen sentir orgullosos. Su aporte a la Secretar\u00eda de Producci\u00f3n y Medio Ambiente municipal es invalorable, como tambi\u00e9n la iniciativa de haber participado en este concurso\u201d, recalc\u00f3.<br \/>\n\u201cEs importante mencionar tambi\u00e9n el constante acompa\u00f1amiento de las instituciones y el compromiso de la comunidad, que garantizan el \u00e9xito de esta pol\u00edtica de estado que hemos implementado pensando en las generaciones futuras\u201d, asegur\u00f3 y agradeci\u00f3 el apoyo permanente del Organismo Para el Desarrollo Sostenible de la Provincia de Buenos Aires (OPDS) y la Secretar\u00eda de Ambiente y Desarrollo Sustentable de la Naci\u00f3n.<br \/>\nEste premio se recibi\u00f3 en un d\u00eda trascendente para la pol\u00edtica medioambiental que se viene desarrollando en el distrito.<br \/>\n\u201cHoy es un d\u00eda muy especial por dos motivos: el haber sido reconocidos por importantes entidades relacionadas con la gesti\u00f3n de residuos y por la firma de un convenio con el doctor Juan Jos\u00e9 Mussi, secretario de Ambiente y Desarrollo Sustentable de la Naci\u00f3n, que nos permitir\u00e1 profundizar la pol\u00edtica medioambiental que venimos implementando\u201d, manifest\u00f3 Trankels.<br \/>\nPor su parte, la licenciada Pastori tambi\u00e9n se refiri\u00f3 al importante logro conseguido por la gesti\u00f3n municipal.<br \/>\n\u201cEn primer lugar quisiera agradecerle al intendente Gustavo Trankels, porque sin su apoyo y compromiso con el cuidado del medio ambiente no se hubiese podido llevar adelante \u00e9ste y dem\u00e1s proyectos medioambientales. Por otra parte, detr\u00e1s de este premio se encuentran muchos trabajadores y colaboradores, como desde la Secretaria con el apoyo del ingeniero Walter Taylor y Noem\u00ed (\u201cMimi\u201d), la participaci\u00f3n y acompa\u00f1amiento desde el comienzo de Martin Haag en todas las jornadas, y las decisiones acertadas por parte del secretario del \u00e1rea, Ricardo Valentini, el director de la misma, V\u00edctor Ant\u00f3n, quienes brindaron su confianza plena en nuestra labor con la Planta de Reciclaje\u201d, se\u00f1al\u00f3.<br \/>\n\u201cTampoco puedo dejar de nombrar a \u2018Tito\u2019, \u2018Bocha\u2019 y las chicas que se desempe\u00f1an en la Planta, que siempre estuvieron predispuestos a atendernos y escucharnos; a los recolectores; a las docentes de los establecimientos educativos que nos abrieron las puertas para poder llevar adelante nuestras charlas y compartir trabajos; y muy especialmente a la comunidad de Saldungaray, por colaborar con la separaci\u00f3n en origen\u201d, ampli\u00f3.<br \/>\n\u201cEn lo personal, siento satisfacci\u00f3n por el trabajo logrado a corto plazo y creo que este reconocimiento nos ayuda a seguir apostando por el cuidado del medio ambiente y a saber que trabajando en conjunto podemos lograr un mejor distrito para todos\u201d, resalt\u00f3.<br \/>\n&nbsp;<br \/>\n&nbsp;<\/p>\n","protected":false},"excerpt":{"rendered":"<p>El programa de reciclado que viene implementando la Municipalidad de Tornquist fue galardonado con otro importante reconocimiento. El intendente municipal, licenciado Gustavo Trankels, recibi\u00f3 una de las distinciones del Concurso \u201cEscobas de Plata, Oro y Platino\u201d, que organiza la Asociaci\u00f3n para el Estudio de los Residuos S\u00f3lidos (ARS), Miembro Nacional de International Solid Waste Association [&hellip;]<\/p>\n","protected":false},"author":1,"featured_media":0,"comment_status":"closed","ping_status":"open","sticky":false,"template":"","format":"standard","meta":{"footnotes":""},"categories":[51,52,53],"tags":[],"class_list":["post-12271","post","type-post","status-publish","format-standard","hentry","category-comunidad","category-destacadas","category-politica"],"yoast_head":"<!-- This site is optimized with the Yoast SEO plugin v19.7.1 - https:\/\/yoast.com\/wordpress\/plugins\/seo\/ -->\n<title>MEDIO AMBIENTE: EL MUNICIPIO RECIBIO UNA DISTINCION POR SU GESTION CON LOS RESIDUOS SOLIDOS - CELTTV<\/title>\n<meta name=\"description\" content=\"Sitio web de noticias de la localidad de Tornquist, provincia de Buenos Aires, Rep\u00fablica Argentina. Contenido propio originado por periodistas de CELTTV, el canal de TV local de la Cooperativa El\u00e9ctrica de Tornquist. Turismo, Pol\u00edtica, Sociedad, Deporte, Cultura y todo el contenido de inter\u00e9s general que la gente del pueblo y la regi\u00f3n debe conocer.\" \/>\n<meta name=\"robots\" content=\"index, follow, max-snippet:-1, max-image-preview:large, max-video-preview:-1\" \/>\n<link rel=\"canonical\" href=\"https:\/\/www.celttv.com.ar\/index.php\/2013\/06\/20\/medio-ambiente-el-municipio-recibio-una-distincion-por-su-gestion-con-los-residuos-solidos\/\" \/>\n<meta property=\"og:locale\" content=\"es_ES\" \/>\n<meta property=\"og:type\" content=\"article\" \/>\n<meta property=\"og:title\" content=\"MEDIO AMBIENTE: EL MUNICIPIO RECIBIO UNA DISTINCION POR SU GESTION CON LOS RESIDUOS SOLIDOS - CELTTV\" \/>\n<meta property=\"og:description\" content=\"Sitio web de noticias de la localidad de Tornquist, provincia de Buenos Aires, Rep\u00fablica Argentina. Contenido propio originado por periodistas de CELTTV, el canal de TV local de la Cooperativa El\u00e9ctrica de Tornquist. Turismo, Pol\u00edtica, Sociedad, Deporte, Cultura y todo el contenido de inter\u00e9s general que la gente del pueblo y la regi\u00f3n debe conocer.\" \/>\n<meta property=\"og:url\" content=\"https:\/\/www.celttv.com.ar\/index.php\/2013\/06\/20\/medio-ambiente-el-municipio-recibio-una-distincion-por-su-gestion-con-los-residuos-solidos\/\" \/>\n<meta property=\"og:site_name\" content=\"CELTTV\" \/>\n<meta property=\"article:publisher\" content=\"https:\/\/www.facebook.com\/celtTV\/\" \/>\n<meta property=\"article:published_time\" content=\"2013-06-20T18:50:19+00:00\" \/>\n<meta name=\"author\" content=\"ulises\" \/>\n<meta name=\"twitter:card\" content=\"summary_large_image\" \/>\n<meta name=\"twitter:label1\" content=\"Escrito por\" \/>\n\t<meta name=\"twitter:data1\" content=\"ulises\" \/>\n\t<meta name=\"twitter:label2\" content=\"Tiempo de lectura\" \/>\n\t<meta name=\"twitter:data2\" content=\"4 minutos\" \/>\n<script type=\"application\/ld+json\" class=\"yoast-schema-graph\">{\"@context\":\"https:\/\/schema.org\",\"@graph\":[{\"@type\":\"NewsArticle\",\"@id\":\"https:\/\/www.celttv.com.ar\/index.php\/2013\/06\/20\/medio-ambiente-el-municipio-recibio-una-distincion-por-su-gestion-con-los-residuos-solidos\/#article\",\"isPartOf\":{\"@id\":\"https:\/\/www.celttv.com.ar\/index.php\/2013\/06\/20\/medio-ambiente-el-municipio-recibio-una-distincion-por-su-gestion-con-los-residuos-solidos\/\"},\"author\":{\"name\":\"ulises\",\"@id\":\"https:\/\/www.celttv.com.ar\/#\/schema\/person\/6d99c072dba59953809c81446e9d0ace\"},\"headline\":\"MEDIO AMBIENTE: EL MUNICIPIO RECIBIO UNA DISTINCION POR SU GESTION CON LOS RESIDUOS SOLIDOS\",\"datePublished\":\"2013-06-20T18:50:19+00:00\",\"dateModified\":\"2013-06-20T18:50:19+00:00\",\"mainEntityOfPage\":{\"@id\":\"https:\/\/www.celttv.com.ar\/index.php\/2013\/06\/20\/medio-ambiente-el-municipio-recibio-una-distincion-por-su-gestion-con-los-residuos-solidos\/\"},\"wordCount\":738,\"publisher\":{\"@id\":\"https:\/\/www.celttv.com.ar\/#organization\"},\"articleSection\":[\"Comunidad\",\"Destacadas\",\"Pol\u00edtica\"],\"inLanguage\":\"es\"},{\"@type\":\"WebPage\",\"@id\":\"https:\/\/www.celttv.com.ar\/index.php\/2013\/06\/20\/medio-ambiente-el-municipio-recibio-una-distincion-por-su-gestion-con-los-residuos-solidos\/\",\"url\":\"https:\/\/www.celttv.com.ar\/index.php\/2013\/06\/20\/medio-ambiente-el-municipio-recibio-una-distincion-por-su-gestion-con-los-residuos-solidos\/\",\"name\":\"MEDIO AMBIENTE: EL MUNICIPIO RECIBIO UNA DISTINCION POR SU GESTION CON LOS RESIDUOS SOLIDOS - CELTTV\",\"isPartOf\":{\"@id\":\"https:\/\/www.celttv.com.ar\/#website\"},\"datePublished\":\"2013-06-20T18:50:19+00:00\",\"dateModified\":\"2013-06-20T18:50:19+00:00\",\"description\":\"Sitio web de noticias de la localidad de Tornquist, provincia de Buenos Aires, Rep\u00fablica Argentina. Contenido propio originado por periodistas de CELTTV, el canal de TV local de la Cooperativa El\u00e9ctrica de Tornquist. Turismo, Pol\u00edtica, Sociedad, Deporte, Cultura y todo el contenido de inter\u00e9s general que la gente del pueblo y la regi\u00f3n debe conocer.\",\"breadcrumb\":{\"@id\":\"https:\/\/www.celttv.com.ar\/index.php\/2013\/06\/20\/medio-ambiente-el-municipio-recibio-una-distincion-por-su-gestion-con-los-residuos-solidos\/#breadcrumb\"},\"inLanguage\":\"es\",\"potentialAction\":[{\"@type\":\"ReadAction\",\"target\":[\"https:\/\/www.celttv.com.ar\/index.php\/2013\/06\/20\/medio-ambiente-el-municipio-recibio-una-distincion-por-su-gestion-con-los-residuos-solidos\/\"]}]},{\"@type\":\"BreadcrumbList\",\"@id\":\"https:\/\/www.celttv.com.ar\/index.php\/2013\/06\/20\/medio-ambiente-el-municipio-recibio-una-distincion-por-su-gestion-con-los-residuos-solidos\/#breadcrumb\",\"itemListElement\":[{\"@type\":\"ListItem\",\"position\":1,\"name\":\"Inicio\",\"item\":\"https:\/\/www.celttv.com.ar\/\"},{\"@type\":\"ListItem\",\"position\":2,\"name\":\"MEDIO AMBIENTE: EL MUNICIPIO RECIBIO UNA DISTINCION POR SU GESTION CON LOS RESIDUOS SOLIDOS\"}]},{\"@type\":\"WebSite\",\"@id\":\"https:\/\/www.celttv.com.ar\/#website\",\"url\":\"https:\/\/www.celttv.com.ar\/\",\"name\":\"CELTTV\",\"description\":\"Cooperativa El\u00e9ctrica de Tornquist\",\"publisher\":{\"@id\":\"https:\/\/www.celttv.com.ar\/#organization\"},\"potentialAction\":[{\"@type\":\"SearchAction\",\"target\":{\"@type\":\"EntryPoint\",\"urlTemplate\":\"https:\/\/www.celttv.com.ar\/?s={search_term_string}\"},\"query-input\":\"required name=search_term_string\"}],\"inLanguage\":\"es\"},{\"@type\":\"Organization\",\"@id\":\"https:\/\/www.celttv.com.ar\/#organization\",\"name\":\"CELTTV\",\"url\":\"https:\/\/www.celttv.com.ar\/\",\"sameAs\":[\"https:\/\/www.youtube.com\/channel\/UCz_oIt8Hig64Ub-EmcNPIhg\",\"https:\/\/www.facebook.com\/celtTV\/\"],\"logo\":{\"@type\":\"ImageObject\",\"inLanguage\":\"es\",\"@id\":\"https:\/\/www.celttv.com.ar\/#\/schema\/logo\/image\/\",\"url\":\"http:\/\/www.celttv.com.ar\/wp-content\/uploads\/2022\/08\/logo-1.png\",\"contentUrl\":\"http:\/\/www.celttv.com.ar\/wp-content\/uploads\/2022\/08\/logo-1.png\",\"width\":461,\"height\":159,\"caption\":\"CELTTV\"},\"image\":{\"@id\":\"https:\/\/www.celttv.com.ar\/#\/schema\/logo\/image\/\"}},{\"@type\":\"Person\",\"@id\":\"https:\/\/www.celttv.com.ar\/#\/schema\/person\/6d99c072dba59953809c81446e9d0ace\",\"name\":\"ulises\",\"image\":{\"@type\":\"ImageObject\",\"inLanguage\":\"es\",\"@id\":\"https:\/\/www.celttv.com.ar\/#\/schema\/person\/image\/\",\"url\":\"https:\/\/secure.gravatar.com\/avatar\/7f2c48bdc33b30088f941fb6082e555f2874c98e20cb159d7b92b50eadfce793?s=96&d=mm&r=g\",\"contentUrl\":\"https:\/\/secure.gravatar.com\/avatar\/7f2c48bdc33b30088f941fb6082e555f2874c98e20cb159d7b92b50eadfce793?s=96&d=mm&r=g\",\"caption\":\"ulises\"},\"sameAs\":[\"http:\/\/www.celttv.com.ar\"]}]}<\/script>\n<!-- \/ Yoast SEO plugin. -->","yoast_head_json":{"title":"MEDIO AMBIENTE: EL MUNICIPIO RECIBIO UNA DISTINCION POR SU GESTION CON LOS RESIDUOS SOLIDOS - CELTTV","description":"Sitio web de noticias de la localidad de Tornquist, provincia de Buenos Aires, Rep\u00fablica Argentina. Contenido propio originado por periodistas de CELTTV, el canal de TV local de la Cooperativa El\u00e9ctrica de Tornquist. Turismo, Pol\u00edtica, Sociedad, Deporte, Cultura y todo el contenido de inter\u00e9s general que la gente del pueblo y la regi\u00f3n debe conocer.","robots":{"index":"index","follow":"follow","max-snippet":"max-snippet:-1","max-image-preview":"max-image-preview:large","max-video-preview":"max-video-preview:-1"},"canonical":"https:\/\/www.celttv.com.ar\/index.php\/2013\/06\/20\/medio-ambiente-el-municipio-recibio-una-distincion-por-su-gestion-con-los-residuos-solidos\/","og_locale":"es_ES","og_type":"article","og_title":"MEDIO AMBIENTE: EL MUNICIPIO RECIBIO UNA DISTINCION POR SU GESTION CON LOS RESIDUOS SOLIDOS - CELTTV","og_description":"Sitio web de noticias de la localidad de Tornquist, provincia de Buenos Aires, Rep\u00fablica Argentina. Contenido propio originado por periodistas de CELTTV, el canal de TV local de la Cooperativa El\u00e9ctrica de Tornquist. Turismo, Pol\u00edtica, Sociedad, Deporte, Cultura y todo el contenido de inter\u00e9s general que la gente del pueblo y la regi\u00f3n debe conocer.","og_url":"https:\/\/www.celttv.com.ar\/index.php\/2013\/06\/20\/medio-ambiente-el-municipio-recibio-una-distincion-por-su-gestion-con-los-residuos-solidos\/","og_site_name":"CELTTV","article_publisher":"https:\/\/www.facebook.com\/celtTV\/","article_published_time":"2013-06-20T18:50:19+00:00","author":"ulises","twitter_card":"summary_large_image","twitter_misc":{"Escrito por":"ulises","Tiempo de lectura":"4 minutos"},"schema":{"@context":"https:\/\/schema.org","@graph":[{"@type":"NewsArticle","@id":"https:\/\/www.celttv.com.ar\/index.php\/2013\/06\/20\/medio-ambiente-el-municipio-recibio-una-distincion-por-su-gestion-con-los-residuos-solidos\/#article","isPartOf":{"@id":"https:\/\/www.celttv.com.ar\/index.php\/2013\/06\/20\/medio-ambiente-el-municipio-recibio-una-distincion-por-su-gestion-con-los-residuos-solidos\/"},"author":{"name":"ulises","@id":"https:\/\/www.celttv.com.ar\/#\/schema\/person\/6d99c072dba59953809c81446e9d0ace"},"headline":"MEDIO AMBIENTE: EL MUNICIPIO RECIBIO UNA DISTINCION POR SU GESTION CON LOS RESIDUOS SOLIDOS","datePublished":"2013-06-20T18:50:19+00:00","dateModified":"2013-06-20T18:50:19+00:00","mainEntityOfPage":{"@id":"https:\/\/www.celttv.com.ar\/index.php\/2013\/06\/20\/medio-ambiente-el-municipio-recibio-una-distincion-por-su-gestion-con-los-residuos-solidos\/"},"wordCount":738,"publisher":{"@id":"https:\/\/www.celttv.com.ar\/#organization"},"articleSection":["Comunidad","Destacadas","Pol\u00edtica"],"inLanguage":"es"},{"@type":"WebPage","@id":"https:\/\/www.celttv.com.ar\/index.php\/2013\/06\/20\/medio-ambiente-el-municipio-recibio-una-distincion-por-su-gestion-con-los-residuos-solidos\/","url":"https:\/\/www.celttv.com.ar\/index.php\/2013\/06\/20\/medio-ambiente-el-municipio-recibio-una-distincion-por-su-gestion-con-los-residuos-solidos\/","name":"MEDIO AMBIENTE: EL MUNICIPIO RECIBIO UNA DISTINCION POR SU GESTION CON LOS RESIDUOS SOLIDOS - CELTTV","isPartOf":{"@id":"https:\/\/www.celttv.com.ar\/#website"},"datePublished":"2013-06-20T18:50:19+00:00","dateModified":"2013-06-20T18:50:19+00:00","description":"Sitio web de noticias de la localidad de Tornquist, provincia de Buenos Aires, Rep\u00fablica Argentina. Contenido propio originado por periodistas de CELTTV, el canal de TV local de la Cooperativa El\u00e9ctrica de Tornquist. Turismo, Pol\u00edtica, Sociedad, Deporte, Cultura y todo el contenido de inter\u00e9s general que la gente del pueblo y la regi\u00f3n debe conocer.","breadcrumb":{"@id":"https:\/\/www.celttv.com.ar\/index.php\/2013\/06\/20\/medio-ambiente-el-municipio-recibio-una-distincion-por-su-gestion-con-los-residuos-solidos\/#breadcrumb"},"inLanguage":"es","potentialAction":[{"@type":"ReadAction","target":["https:\/\/www.celttv.com.ar\/index.php\/2013\/06\/20\/medio-ambiente-el-municipio-recibio-una-distincion-por-su-gestion-con-los-residuos-solidos\/"]}]},{"@type":"BreadcrumbList","@id":"https:\/\/www.celttv.com.ar\/index.php\/2013\/06\/20\/medio-ambiente-el-municipio-recibio-una-distincion-por-su-gestion-con-los-residuos-solidos\/#breadcrumb","itemListElement":[{"@type":"ListItem","position":1,"name":"Inicio","item":"https:\/\/www.celttv.com.ar\/"},{"@type":"ListItem","position":2,"name":"MEDIO AMBIENTE: EL MUNICIPIO RECIBIO UNA DISTINCION POR SU GESTION CON LOS RESIDUOS SOLIDOS"}]},{"@type":"WebSite","@id":"https:\/\/www.celttv.com.ar\/#website","url":"https:\/\/www.celttv.com.ar\/","name":"CELTTV","description":"Cooperativa El\u00e9ctrica de Tornquist","publisher":{"@id":"https:\/\/www.celttv.com.ar\/#organization"},"potentialAction":[{"@type":"SearchAction","target":{"@type":"EntryPoint","urlTemplate":"https:\/\/www.celttv.com.ar\/?s={search_term_string}"},"query-input":"required name=search_term_string"}],"inLanguage":"es"},{"@type":"Organization","@id":"https:\/\/www.celttv.com.ar\/#organization","name":"CELTTV","url":"https:\/\/www.celttv.com.ar\/","sameAs":["https:\/\/www.youtube.com\/channel\/UCz_oIt8Hig64Ub-EmcNPIhg","https:\/\/www.facebook.com\/celtTV\/"],"logo":{"@type":"ImageObject","inLanguage":"es","@id":"https:\/\/www.celttv.com.ar\/#\/schema\/logo\/image\/","url":"http:\/\/www.celttv.com.ar\/wp-content\/uploads\/2022\/08\/logo-1.png","contentUrl":"http:\/\/www.celttv.com.ar\/wp-content\/uploads\/2022\/08\/logo-1.png","width":461,"height":159,"caption":"CELTTV"},"image":{"@id":"https:\/\/www.celttv.com.ar\/#\/schema\/logo\/image\/"}},{"@type":"Person","@id":"https:\/\/www.celttv.com.ar\/#\/schema\/person\/6d99c072dba59953809c81446e9d0ace","name":"ulises","image":{"@type":"ImageObject","inLanguage":"es","@id":"https:\/\/www.celttv.com.ar\/#\/schema\/person\/image\/","url":"https:\/\/secure.gravatar.com\/avatar\/7f2c48bdc33b30088f941fb6082e555f2874c98e20cb159d7b92b50eadfce793?s=96&d=mm&r=g","contentUrl":"https:\/\/secure.gravatar.com\/avatar\/7f2c48bdc33b30088f941fb6082e555f2874c98e20cb159d7b92b50eadfce793?s=96&d=mm&r=g","caption":"ulises"},"sameAs":["http:\/\/www.celttv.com.ar"]}]}},"_links":{"self":[{"href":"https:\/\/www.celttv.com.ar\/index.php\/wp-json\/wp\/v2\/posts\/12271","targetHints":{"allow":["GET"]}}],"collection":[{"href":"https:\/\/www.celttv.com.ar\/index.php\/wp-json\/wp\/v2\/posts"}],"about":[{"href":"https:\/\/www.celttv.com.ar\/index.php\/wp-json\/wp\/v2\/types\/post"}],"author":[{"embeddable":true,"href":"https:\/\/www.celttv.com.ar\/index.php\/wp-json\/wp\/v2\/users\/1"}],"replies":[{"embeddable":true,"href":"https:\/\/www.celttv.com.ar\/index.php\/wp-json\/wp\/v2\/comments?post=12271"}],"version-history":[{"count":0,"href":"https:\/\/www.celttv.com.ar\/index.php\/wp-json\/wp\/v2\/posts\/12271\/revisions"}],"wp:attachment":[{"href":"https:\/\/www.celttv.com.ar\/index.php\/wp-json\/wp\/v2\/media?parent=12271"}],"wp:term":[{"taxonomy":"category","embeddable":true,"href":"https:\/\/www.celttv.com.ar\/index.php\/wp-json\/wp\/v2\/categories?post=12271"},{"taxonomy":"post_tag","embeddable":true,"href":"https:\/\/www.celttv.com.ar\/index.php\/wp-json\/wp\/v2\/tags?post=12271"}],"curies":[{"name":"wp","href":"https:\/\/api.w.org\/{rel}","templated":true}]}}