{"id":12281,"date":"2013-06-20T19:20:19","date_gmt":"2013-06-20T19:20:19","guid":{"rendered":"http:\/\/www.tvcnoticias.com.ar\/?p=12281"},"modified":"2013-06-20T19:20:19","modified_gmt":"2013-06-20T19:20:19","slug":"medio-ambiente-trankels-firmo-un-convenio-que-permitira-profundizar-el-proyecto-re-reciclado","status":"publish","type":"post","link":"https:\/\/www.celttv.com.ar\/index.php\/2013\/06\/20\/medio-ambiente-trankels-firmo-un-convenio-que-permitira-profundizar-el-proyecto-re-reciclado\/","title":{"rendered":"MEDIO AMBIENTE: TRANKELS FIRMO UN CONVENIO QUE PERMITIRA PROFUNDIZAR EL PROYECTO RE RECICLADO"},"content":{"rendered":"<p><br \/>\nUn importante convenio que permitir\u00e1 incorporar fondos del Estado nacional al proyecto de residuos s\u00f3lidos urbanos de la Municipalidad de Tornquist suscribi\u00f3 \u00a0el intendente municipal, licenciado Gustavo Trankels, con el secretario de Ambiente y Desarrollo Sustentable de la Naci\u00f3n, doctor Juan Jos\u00e9 Mussi.<br \/>\nEl acto de firma se desarroll\u00f3 en la sede que el organismo posee en la Ciudad Aut\u00f3noma de Buenos Aires, con la presencia de las mencionadas autoridades.<br \/>\nMediante el convenio, la comuna local recibir\u00e1 fondos que le permitir\u00e1n profundizar el programa de manejo de los residuos s\u00f3lidos urbanos del distrito, iniciado en el comienzo de la gesti\u00f3n del actual jefe comunal.<br \/>\n\u201cLe agradezco una vez m\u00e1s a nuestra presidenta Cristina Fern\u00e1ndez la decisi\u00f3n pol\u00edtica de asistir a distritos peque\u00f1os como el nuestro en acciones de gobierno que contribuyen a mejorar la calidad de vida de nuestros vecinos y, en este caso, tambi\u00e9n la de las generaciones futuras\u201d, coment\u00f3 el intendente Trankels, quienes estuvo acompa\u00f1ado por el secretario de Gobierno y Hacienda, Guillermo L\u00f6ffler.<br \/>\n\u201cQuiero destacar tambi\u00e9n el compromiso y la militancia del compa\u00f1ero Juan Jos\u00e9 Mussi, quien nos abri\u00f3 las puertas de la secretar\u00eda de Ambiente de la Naci\u00f3n acompa\u00f1\u00e1ndonos en la b\u00fasqueda de lograr un desarrollo medioambientalmente sostenible para el partido de Tornquist\u201d, a\u00f1adi\u00f3.<br \/>\nDe la firma de convenios participaron tambi\u00e9n el subsecretario de Coordinaci\u00f3n de Pol\u00edticas Ambientales, Ariel L\u00f3pez; el director general de administraci\u00f3n, licenciado Javier Amat; y representantes de otros siete municipios de las provincias de Buenos Aires, C\u00f3rdoba y La Pampa.<br \/>\n&nbsp;<\/p>\n","protected":false},"excerpt":{"rendered":"<p>Un importante convenio que permitir\u00e1 incorporar fondos del Estado nacional al proyecto de residuos s\u00f3lidos urbanos de la Municipalidad de Tornquist suscribi\u00f3 \u00a0el intendente municipal, licenciado Gustavo Trankels, con el secretario de Ambiente y Desarrollo Sustentable de la Naci\u00f3n, doctor Juan Jos\u00e9 Mussi. El acto de firma se desarroll\u00f3 en la sede que el organismo [&hellip;]<\/p>\n","protected":false},"author":1,"featured_media":0,"comment_status":"closed","ping_status":"open","sticky":false,"template":"","format":"standard","meta":{"footnotes":""},"categories":[51,52,53],"tags":[],"class_list":["post-12281","post","type-post","status-publish","format-standard","hentry","category-comunidad","category-destacadas","category-politica"],"yoast_head":"<!-- This site is optimized with the Yoast SEO plugin v19.7.1 - https:\/\/yoast.com\/wordpress\/plugins\/seo\/ -->\n<title>MEDIO AMBIENTE: TRANKELS FIRMO UN CONVENIO QUE PERMITIRA PROFUNDIZAR EL PROYECTO RE RECICLADO - CELTTV<\/title>\n<meta name=\"description\" content=\"Sitio web de noticias de la localidad de Tornquist, provincia de Buenos Aires, Rep\u00fablica Argentina. Contenido propio originado por periodistas de CELTTV, el canal de TV local de la Cooperativa El\u00e9ctrica de Tornquist. Turismo, Pol\u00edtica, Sociedad, Deporte, Cultura y todo el contenido de inter\u00e9s general que la gente del pueblo y la regi\u00f3n debe conocer.\" \/>\n<meta name=\"robots\" content=\"index, follow, max-snippet:-1, max-image-preview:large, max-video-preview:-1\" \/>\n<link rel=\"canonical\" href=\"https:\/\/www.celttv.com.ar\/index.php\/2013\/06\/20\/medio-ambiente-trankels-firmo-un-convenio-que-permitira-profundizar-el-proyecto-re-reciclado\/\" \/>\n<meta property=\"og:locale\" content=\"es_ES\" \/>\n<meta property=\"og:type\" content=\"article\" \/>\n<meta property=\"og:title\" content=\"MEDIO AMBIENTE: TRANKELS FIRMO UN CONVENIO QUE PERMITIRA PROFUNDIZAR EL PROYECTO RE RECICLADO - CELTTV\" \/>\n<meta property=\"og:description\" content=\"Sitio web de noticias de la localidad de Tornquist, provincia de Buenos Aires, Rep\u00fablica Argentina. Contenido propio originado por periodistas de CELTTV, el canal de TV local de la Cooperativa El\u00e9ctrica de Tornquist. Turismo, Pol\u00edtica, Sociedad, Deporte, Cultura y todo el contenido de inter\u00e9s general que la gente del pueblo y la regi\u00f3n debe conocer.\" \/>\n<meta property=\"og:url\" content=\"https:\/\/www.celttv.com.ar\/index.php\/2013\/06\/20\/medio-ambiente-trankels-firmo-un-convenio-que-permitira-profundizar-el-proyecto-re-reciclado\/\" \/>\n<meta property=\"og:site_name\" content=\"CELTTV\" \/>\n<meta property=\"article:publisher\" content=\"https:\/\/www.facebook.com\/celtTV\/\" \/>\n<meta property=\"article:published_time\" content=\"2013-06-20T19:20:19+00:00\" \/>\n<meta name=\"author\" content=\"ulises\" \/>\n<meta name=\"twitter:card\" content=\"summary_large_image\" \/>\n<meta name=\"twitter:label1\" content=\"Escrito por\" \/>\n\t<meta name=\"twitter:data1\" content=\"ulises\" \/>\n\t<meta name=\"twitter:label2\" content=\"Tiempo de lectura\" \/>\n\t<meta name=\"twitter:data2\" content=\"1 minuto\" \/>\n<script type=\"application\/ld+json\" class=\"yoast-schema-graph\">{\"@context\":\"https:\/\/schema.org\",\"@graph\":[{\"@type\":\"NewsArticle\",\"@id\":\"https:\/\/www.celttv.com.ar\/index.php\/2013\/06\/20\/medio-ambiente-trankels-firmo-un-convenio-que-permitira-profundizar-el-proyecto-re-reciclado\/#article\",\"isPartOf\":{\"@id\":\"https:\/\/www.celttv.com.ar\/index.php\/2013\/06\/20\/medio-ambiente-trankels-firmo-un-convenio-que-permitira-profundizar-el-proyecto-re-reciclado\/\"},\"author\":{\"name\":\"ulises\",\"@id\":\"https:\/\/www.celttv.com.ar\/#\/schema\/person\/6d99c072dba59953809c81446e9d0ace\"},\"headline\":\"MEDIO AMBIENTE: TRANKELS FIRMO UN CONVENIO QUE PERMITIRA PROFUNDIZAR EL PROYECTO RE RECICLADO\",\"datePublished\":\"2013-06-20T19:20:19+00:00\",\"dateModified\":\"2013-06-20T19:20:19+00:00\",\"mainEntityOfPage\":{\"@id\":\"https:\/\/www.celttv.com.ar\/index.php\/2013\/06\/20\/medio-ambiente-trankels-firmo-un-convenio-que-permitira-profundizar-el-proyecto-re-reciclado\/\"},\"wordCount\":293,\"publisher\":{\"@id\":\"https:\/\/www.celttv.com.ar\/#organization\"},\"articleSection\":[\"Comunidad\",\"Destacadas\",\"Pol\u00edtica\"],\"inLanguage\":\"es\"},{\"@type\":\"WebPage\",\"@id\":\"https:\/\/www.celttv.com.ar\/index.php\/2013\/06\/20\/medio-ambiente-trankels-firmo-un-convenio-que-permitira-profundizar-el-proyecto-re-reciclado\/\",\"url\":\"https:\/\/www.celttv.com.ar\/index.php\/2013\/06\/20\/medio-ambiente-trankels-firmo-un-convenio-que-permitira-profundizar-el-proyecto-re-reciclado\/\",\"name\":\"MEDIO AMBIENTE: TRANKELS FIRMO UN CONVENIO QUE PERMITIRA PROFUNDIZAR EL PROYECTO RE RECICLADO - CELTTV\",\"isPartOf\":{\"@id\":\"https:\/\/www.celttv.com.ar\/#website\"},\"datePublished\":\"2013-06-20T19:20:19+00:00\",\"dateModified\":\"2013-06-20T19:20:19+00:00\",\"description\":\"Sitio web de noticias de la localidad de Tornquist, provincia de Buenos Aires, Rep\u00fablica Argentina. Contenido propio originado por periodistas de CELTTV, el canal de TV local de la Cooperativa El\u00e9ctrica de Tornquist. Turismo, Pol\u00edtica, Sociedad, Deporte, Cultura y todo el contenido de inter\u00e9s general que la gente del pueblo y la regi\u00f3n debe conocer.\",\"breadcrumb\":{\"@id\":\"https:\/\/www.celttv.com.ar\/index.php\/2013\/06\/20\/medio-ambiente-trankels-firmo-un-convenio-que-permitira-profundizar-el-proyecto-re-reciclado\/#breadcrumb\"},\"inLanguage\":\"es\",\"potentialAction\":[{\"@type\":\"ReadAction\",\"target\":[\"https:\/\/www.celttv.com.ar\/index.php\/2013\/06\/20\/medio-ambiente-trankels-firmo-un-convenio-que-permitira-profundizar-el-proyecto-re-reciclado\/\"]}]},{\"@type\":\"BreadcrumbList\",\"@id\":\"https:\/\/www.celttv.com.ar\/index.php\/2013\/06\/20\/medio-ambiente-trankels-firmo-un-convenio-que-permitira-profundizar-el-proyecto-re-reciclado\/#breadcrumb\",\"itemListElement\":[{\"@type\":\"ListItem\",\"position\":1,\"name\":\"Inicio\",\"item\":\"https:\/\/www.celttv.com.ar\/\"},{\"@type\":\"ListItem\",\"position\":2,\"name\":\"MEDIO AMBIENTE: TRANKELS FIRMO UN CONVENIO QUE PERMITIRA PROFUNDIZAR EL PROYECTO RE RECICLADO\"}]},{\"@type\":\"WebSite\",\"@id\":\"https:\/\/www.celttv.com.ar\/#website\",\"url\":\"https:\/\/www.celttv.com.ar\/\",\"name\":\"CELTTV\",\"description\":\"Cooperativa El\u00e9ctrica de Tornquist\",\"publisher\":{\"@id\":\"https:\/\/www.celttv.com.ar\/#organization\"},\"potentialAction\":[{\"@type\":\"SearchAction\",\"target\":{\"@type\":\"EntryPoint\",\"urlTemplate\":\"https:\/\/www.celttv.com.ar\/?s={search_term_string}\"},\"query-input\":\"required name=search_term_string\"}],\"inLanguage\":\"es\"},{\"@type\":\"Organization\",\"@id\":\"https:\/\/www.celttv.com.ar\/#organization\",\"name\":\"CELTTV\",\"url\":\"https:\/\/www.celttv.com.ar\/\",\"sameAs\":[\"https:\/\/www.youtube.com\/channel\/UCz_oIt8Hig64Ub-EmcNPIhg\",\"https:\/\/www.facebook.com\/celtTV\/\"],\"logo\":{\"@type\":\"ImageObject\",\"inLanguage\":\"es\",\"@id\":\"https:\/\/www.celttv.com.ar\/#\/schema\/logo\/image\/\",\"url\":\"http:\/\/www.celttv.com.ar\/wp-content\/uploads\/2022\/08\/logo-1.png\",\"contentUrl\":\"http:\/\/www.celttv.com.ar\/wp-content\/uploads\/2022\/08\/logo-1.png\",\"width\":461,\"height\":159,\"caption\":\"CELTTV\"},\"image\":{\"@id\":\"https:\/\/www.celttv.com.ar\/#\/schema\/logo\/image\/\"}},{\"@type\":\"Person\",\"@id\":\"https:\/\/www.celttv.com.ar\/#\/schema\/person\/6d99c072dba59953809c81446e9d0ace\",\"name\":\"ulises\",\"image\":{\"@type\":\"ImageObject\",\"inLanguage\":\"es\",\"@id\":\"https:\/\/www.celttv.com.ar\/#\/schema\/person\/image\/\",\"url\":\"https:\/\/secure.gravatar.com\/avatar\/7f2c48bdc33b30088f941fb6082e555f2874c98e20cb159d7b92b50eadfce793?s=96&d=mm&r=g\",\"contentUrl\":\"https:\/\/secure.gravatar.com\/avatar\/7f2c48bdc33b30088f941fb6082e555f2874c98e20cb159d7b92b50eadfce793?s=96&d=mm&r=g\",\"caption\":\"ulises\"},\"sameAs\":[\"http:\/\/www.celttv.com.ar\"]}]}<\/script>\n<!-- \/ Yoast SEO plugin. -->","yoast_head_json":{"title":"MEDIO AMBIENTE: TRANKELS FIRMO UN CONVENIO QUE PERMITIRA PROFUNDIZAR EL PROYECTO RE RECICLADO - CELTTV","description":"Sitio web de noticias de la localidad de Tornquist, provincia de Buenos Aires, Rep\u00fablica Argentina. Contenido propio originado por periodistas de CELTTV, el canal de TV local de la Cooperativa El\u00e9ctrica de Tornquist. Turismo, Pol\u00edtica, Sociedad, Deporte, Cultura y todo el contenido de inter\u00e9s general que la gente del pueblo y la regi\u00f3n debe conocer.","robots":{"index":"index","follow":"follow","max-snippet":"max-snippet:-1","max-image-preview":"max-image-preview:large","max-video-preview":"max-video-preview:-1"},"canonical":"https:\/\/www.celttv.com.ar\/index.php\/2013\/06\/20\/medio-ambiente-trankels-firmo-un-convenio-que-permitira-profundizar-el-proyecto-re-reciclado\/","og_locale":"es_ES","og_type":"article","og_title":"MEDIO AMBIENTE: TRANKELS FIRMO UN CONVENIO QUE PERMITIRA PROFUNDIZAR EL PROYECTO RE RECICLADO - CELTTV","og_description":"Sitio web de noticias de la localidad de Tornquist, provincia de Buenos Aires, Rep\u00fablica Argentina. Contenido propio originado por periodistas de CELTTV, el canal de TV local de la Cooperativa El\u00e9ctrica de Tornquist. Turismo, Pol\u00edtica, Sociedad, Deporte, Cultura y todo el contenido de inter\u00e9s general que la gente del pueblo y la regi\u00f3n debe conocer.","og_url":"https:\/\/www.celttv.com.ar\/index.php\/2013\/06\/20\/medio-ambiente-trankels-firmo-un-convenio-que-permitira-profundizar-el-proyecto-re-reciclado\/","og_site_name":"CELTTV","article_publisher":"https:\/\/www.facebook.com\/celtTV\/","article_published_time":"2013-06-20T19:20:19+00:00","author":"ulises","twitter_card":"summary_large_image","twitter_misc":{"Escrito por":"ulises","Tiempo de lectura":"1 minuto"},"schema":{"@context":"https:\/\/schema.org","@graph":[{"@type":"NewsArticle","@id":"https:\/\/www.celttv.com.ar\/index.php\/2013\/06\/20\/medio-ambiente-trankels-firmo-un-convenio-que-permitira-profundizar-el-proyecto-re-reciclado\/#article","isPartOf":{"@id":"https:\/\/www.celttv.com.ar\/index.php\/2013\/06\/20\/medio-ambiente-trankels-firmo-un-convenio-que-permitira-profundizar-el-proyecto-re-reciclado\/"},"author":{"name":"ulises","@id":"https:\/\/www.celttv.com.ar\/#\/schema\/person\/6d99c072dba59953809c81446e9d0ace"},"headline":"MEDIO AMBIENTE: TRANKELS FIRMO UN CONVENIO QUE PERMITIRA PROFUNDIZAR EL PROYECTO RE RECICLADO","datePublished":"2013-06-20T19:20:19+00:00","dateModified":"2013-06-20T19:20:19+00:00","mainEntityOfPage":{"@id":"https:\/\/www.celttv.com.ar\/index.php\/2013\/06\/20\/medio-ambiente-trankels-firmo-un-convenio-que-permitira-profundizar-el-proyecto-re-reciclado\/"},"wordCount":293,"publisher":{"@id":"https:\/\/www.celttv.com.ar\/#organization"},"articleSection":["Comunidad","Destacadas","Pol\u00edtica"],"inLanguage":"es"},{"@type":"WebPage","@id":"https:\/\/www.celttv.com.ar\/index.php\/2013\/06\/20\/medio-ambiente-trankels-firmo-un-convenio-que-permitira-profundizar-el-proyecto-re-reciclado\/","url":"https:\/\/www.celttv.com.ar\/index.php\/2013\/06\/20\/medio-ambiente-trankels-firmo-un-convenio-que-permitira-profundizar-el-proyecto-re-reciclado\/","name":"MEDIO AMBIENTE: TRANKELS FIRMO UN CONVENIO QUE PERMITIRA PROFUNDIZAR EL PROYECTO RE RECICLADO - CELTTV","isPartOf":{"@id":"https:\/\/www.celttv.com.ar\/#website"},"datePublished":"2013-06-20T19:20:19+00:00","dateModified":"2013-06-20T19:20:19+00:00","description":"Sitio web de noticias de la localidad de Tornquist, provincia de Buenos Aires, Rep\u00fablica Argentina. Contenido propio originado por periodistas de CELTTV, el canal de TV local de la Cooperativa El\u00e9ctrica de Tornquist. Turismo, Pol\u00edtica, Sociedad, Deporte, Cultura y todo el contenido de inter\u00e9s general que la gente del pueblo y la regi\u00f3n debe conocer.","breadcrumb":{"@id":"https:\/\/www.celttv.com.ar\/index.php\/2013\/06\/20\/medio-ambiente-trankels-firmo-un-convenio-que-permitira-profundizar-el-proyecto-re-reciclado\/#breadcrumb"},"inLanguage":"es","potentialAction":[{"@type":"ReadAction","target":["https:\/\/www.celttv.com.ar\/index.php\/2013\/06\/20\/medio-ambiente-trankels-firmo-un-convenio-que-permitira-profundizar-el-proyecto-re-reciclado\/"]}]},{"@type":"BreadcrumbList","@id":"https:\/\/www.celttv.com.ar\/index.php\/2013\/06\/20\/medio-ambiente-trankels-firmo-un-convenio-que-permitira-profundizar-el-proyecto-re-reciclado\/#breadcrumb","itemListElement":[{"@type":"ListItem","position":1,"name":"Inicio","item":"https:\/\/www.celttv.com.ar\/"},{"@type":"ListItem","position":2,"name":"MEDIO AMBIENTE: TRANKELS FIRMO UN CONVENIO QUE PERMITIRA PROFUNDIZAR EL PROYECTO RE RECICLADO"}]},{"@type":"WebSite","@id":"https:\/\/www.celttv.com.ar\/#website","url":"https:\/\/www.celttv.com.ar\/","name":"CELTTV","description":"Cooperativa El\u00e9ctrica de Tornquist","publisher":{"@id":"https:\/\/www.celttv.com.ar\/#organization"},"potentialAction":[{"@type":"SearchAction","target":{"@type":"EntryPoint","urlTemplate":"https:\/\/www.celttv.com.ar\/?s={search_term_string}"},"query-input":"required name=search_term_string"}],"inLanguage":"es"},{"@type":"Organization","@id":"https:\/\/www.celttv.com.ar\/#organization","name":"CELTTV","url":"https:\/\/www.celttv.com.ar\/","sameAs":["https:\/\/www.youtube.com\/channel\/UCz_oIt8Hig64Ub-EmcNPIhg","https:\/\/www.facebook.com\/celtTV\/"],"logo":{"@type":"ImageObject","inLanguage":"es","@id":"https:\/\/www.celttv.com.ar\/#\/schema\/logo\/image\/","url":"http:\/\/www.celttv.com.ar\/wp-content\/uploads\/2022\/08\/logo-1.png","contentUrl":"http:\/\/www.celttv.com.ar\/wp-content\/uploads\/2022\/08\/logo-1.png","width":461,"height":159,"caption":"CELTTV"},"image":{"@id":"https:\/\/www.celttv.com.ar\/#\/schema\/logo\/image\/"}},{"@type":"Person","@id":"https:\/\/www.celttv.com.ar\/#\/schema\/person\/6d99c072dba59953809c81446e9d0ace","name":"ulises","image":{"@type":"ImageObject","inLanguage":"es","@id":"https:\/\/www.celttv.com.ar\/#\/schema\/person\/image\/","url":"https:\/\/secure.gravatar.com\/avatar\/7f2c48bdc33b30088f941fb6082e555f2874c98e20cb159d7b92b50eadfce793?s=96&d=mm&r=g","contentUrl":"https:\/\/secure.gravatar.com\/avatar\/7f2c48bdc33b30088f941fb6082e555f2874c98e20cb159d7b92b50eadfce793?s=96&d=mm&r=g","caption":"ulises"},"sameAs":["http:\/\/www.celttv.com.ar"]}]}},"_links":{"self":[{"href":"https:\/\/www.celttv.com.ar\/index.php\/wp-json\/wp\/v2\/posts\/12281","targetHints":{"allow":["GET"]}}],"collection":[{"href":"https:\/\/www.celttv.com.ar\/index.php\/wp-json\/wp\/v2\/posts"}],"about":[{"href":"https:\/\/www.celttv.com.ar\/index.php\/wp-json\/wp\/v2\/types\/post"}],"author":[{"embeddable":true,"href":"https:\/\/www.celttv.com.ar\/index.php\/wp-json\/wp\/v2\/users\/1"}],"replies":[{"embeddable":true,"href":"https:\/\/www.celttv.com.ar\/index.php\/wp-json\/wp\/v2\/comments?post=12281"}],"version-history":[{"count":0,"href":"https:\/\/www.celttv.com.ar\/index.php\/wp-json\/wp\/v2\/posts\/12281\/revisions"}],"wp:attachment":[{"href":"https:\/\/www.celttv.com.ar\/index.php\/wp-json\/wp\/v2\/media?parent=12281"}],"wp:term":[{"taxonomy":"category","embeddable":true,"href":"https:\/\/www.celttv.com.ar\/index.php\/wp-json\/wp\/v2\/categories?post=12281"},{"taxonomy":"post_tag","embeddable":true,"href":"https:\/\/www.celttv.com.ar\/index.php\/wp-json\/wp\/v2\/tags?post=12281"}],"curies":[{"name":"wp","href":"https:\/\/api.w.org\/{rel}","templated":true}]}}