{"id":12288,"date":"2013-06-20T22:02:06","date_gmt":"2013-06-20T22:02:06","guid":{"rendered":"http:\/\/www.tvcnoticias.com.ar\/?p=12288"},"modified":"2013-06-20T22:02:06","modified_gmt":"2013-06-20T22:02:06","slug":"futbol-menor-tornquist-sera-sede-de-la-super-liga-de-baby-futbol-regional","status":"publish","type":"post","link":"https:\/\/www.celttv.com.ar\/index.php\/2013\/06\/20\/futbol-menor-tornquist-sera-sede-de-la-super-liga-de-baby-futbol-regional\/","title":{"rendered":"FUTBOL MENOR: TORNQUIST SERA SEDE DE LA SUPER LIGA DE BABY FUTBOL REGIONAL"},"content":{"rendered":"<p><br \/>\n<a href=\"http:\/\/www.youtube.com\/watch?v=B7wWqhZNVo4\"><a href=\"http:\/\/www.youtube.com\/watch?v=B7wWqhZNVo4\">http:\/\/www.youtube.com\/watch?v=B7wWqhZNVo4<\/a><\/a><br \/>\n<a href=\"http:\/\/www.youtube.com\/watch?v=fo3vx8uG6UM\"><a href=\"http:\/\/www.youtube.com\/watch?v=fo3vx8uG6UM\">http:\/\/www.youtube.com\/watch?v=fo3vx8uG6UM<\/a><\/a><br \/>\n<a href=\"http:\/\/www.youtube.com\/watch?v=EjC3RopogyM\"><a href=\"http:\/\/www.youtube.com\/watch?v=EjC3RopogyM\">http:\/\/www.youtube.com\/watch?v=EjC3RopogyM<\/a><\/a><br \/>\nCon una conferencia de prensa desarrollada en la Sala de Situaciones del Palacio comunal, se lanz\u00f3 \u00a0la S\u00faper Liga de Baby F\u00fatbol, que cuenta con la organizaci\u00f3n de Full Sports Gesti\u00f3n Deportiva y el apoyo de la Municipalidad de Tornquist, a trav\u00e9s de la Secretar\u00eda de Turismo, Cultura y Deportes.<br \/>\nLa competencia, destinada a ni\u00f1os de 6 a 11 a\u00f1os, tendr\u00e1 base en cuatro ciudades de nuestra zona (Tornquist, Pig\u00fc\u00e9, Carhu\u00e9 y Puan), donde se disputar\u00e1n las eliminatorias distritales, para culminar con una definici\u00f3n regional entre los equipos ganadores.<br \/>\nEl torneo tendr\u00e1 car\u00e1cter de comercial, estar\u00e1 dividido en las categor\u00edas 2002-2003, 2004-2005 y 2006-2007 y tendr\u00e1 como sedes, en nuestra ciudad, el gimnasio municipal \u201cEva Per\u00f3n\u201d y el gimnasio del Automoto Club Deportivo.<br \/>\nLas planillas para las inscripciones se podr\u00e1n retirar, hasta el lunes 24, en la Direcci\u00f3n de Deportes comunal, de lunes a viernes de 8 a 13.30. Tambi\u00e9n se podr\u00e1 consultar a los referentes de los clubes o bien gestionarla a trav\u00e9s de la p\u00e1gina web del torneo (<a href=\"http:\/\/www.superligababy.com.ar\/\">www.superligababy.com.ar<\/a>), donde una vez iniciado se encontrar\u00e1 toda la informaci\u00f3n necesaria, incluido fechas y resultados. Cada equipo deber\u00e1 abonar un canon de 300 pesos.<br \/>\n\u201cTenemos la suerte de participar desde Tornquist en esta S\u00faper Liga de Baby F\u00fatbol. Es muy lindo que los chicos de nuestro distrito tengan la posibilidad de participar desde tan peque\u00f1os. Es, adem\u00e1s, un punto de encuentro entre padres e hijos e ideal para esta \u00e9poca del a\u00f1o, por el fr\u00edo. Se realizar\u00e1 en gimnasios cerrados\u201d, coment\u00f3 Rub\u00e9n Testa, secretario de Turismo, Cultura y Deportes del municipio, durante el lanzamiento, que tambi\u00e9n cont\u00f3 con la participaci\u00f3n del director de Deportes, Jorge Schmidt; Guillermo Gatti, de Full Sports; y el presidente del Automoto Club Deportivo, Rodrigo Fuhr.<br \/>\n\u201cEsta iniciativa tambi\u00e9n apunta a la inclusi\u00f3n. Desde que nos acercaron la idea, nuestro intendente Gustavo Trankels estuvo de acuerdo con brindar todas las herramientas que poseemos en la Secretar\u00eda para ponerlas a disposici\u00f3n. Ojal\u00e1 este sea un punto de encuentro de todo el distrito\u201d, a\u00f1adi\u00f3.<br \/>\nGatti coment\u00f3 los objetivos primordiales de la liga, cuya primera edici\u00f3n tambi\u00e9n se desarroll\u00f3 en Tornquist.<br \/>\n\u201cEsta es una segunda fase de la prueba piloto desarrollada en el club Automoto. En esa oportunidad tuvo puntos muy buenos y otros para mejorar. Lo bueno es que se involucraron muchos chicos, que gust\u00f3 y que le sirvi\u00f3 al club, y lo no tan bueno result\u00f3 que los chicos se quedaron con ganas de jugar m\u00e1s tiempo. Apunta a los meses de invierno, cuando los ni\u00f1os de esta edad no tienen tanta competencia\u201d, resalt\u00f3.<br \/>\n\u201cLa intenci\u00f3n de esta liga es que los chicos mejoren la t\u00e9cnica. La competencia bien usada es muy importante para la formaci\u00f3n. Debemos destacar que est\u00e1 abierto a todos los chicos, tanto federados como no federados, al igual que las instituciones deportivas que tengan sede. Afortunadamente, en esta ocasi\u00f3n estar\u00e1n participando Automoto y el CEF\u201d, se\u00f1al\u00f3.<br \/>\n&nbsp;<br \/>\n&nbsp;<\/p>\n","protected":false},"excerpt":{"rendered":"<p>http:\/\/www.youtube.com\/watch?v=B7wWqhZNVo4 http:\/\/www.youtube.com\/watch?v=fo3vx8uG6UM http:\/\/www.youtube.com\/watch?v=EjC3RopogyM Con una conferencia de prensa desarrollada en la Sala de Situaciones del Palacio comunal, se lanz\u00f3 \u00a0la S\u00faper Liga de Baby F\u00fatbol, que cuenta con la organizaci\u00f3n de Full Sports Gesti\u00f3n Deportiva y el apoyo de la Municipalidad de Tornquist, a trav\u00e9s de la Secretar\u00eda de Turismo, Cultura y Deportes. La competencia, [&hellip;]<\/p>\n","protected":false},"author":1,"featured_media":0,"comment_status":"closed","ping_status":"open","sticky":false,"template":"","format":"standard","meta":{"footnotes":""},"categories":[51,60,52,53],"tags":[],"class_list":["post-12288","post","type-post","status-publish","format-standard","hentry","category-comunidad","category-deporte","category-destacadas","category-politica"],"yoast_head":"<!-- This site is optimized with the Yoast SEO plugin v19.7.1 - https:\/\/yoast.com\/wordpress\/plugins\/seo\/ -->\n<title>FUTBOL MENOR: TORNQUIST SERA SEDE DE LA SUPER LIGA DE BABY FUTBOL REGIONAL - CELTTV<\/title>\n<meta name=\"description\" content=\"Sitio web de noticias de la localidad de Tornquist, provincia de Buenos Aires, Rep\u00fablica Argentina. Contenido propio originado por periodistas de CELTTV, el canal de TV local de la Cooperativa El\u00e9ctrica de Tornquist. Turismo, Pol\u00edtica, Sociedad, Deporte, Cultura y todo el contenido de inter\u00e9s general que la gente del pueblo y la regi\u00f3n debe conocer.\" \/>\n<meta name=\"robots\" content=\"index, follow, max-snippet:-1, max-image-preview:large, max-video-preview:-1\" \/>\n<link rel=\"canonical\" href=\"https:\/\/www.celttv.com.ar\/index.php\/2013\/06\/20\/futbol-menor-tornquist-sera-sede-de-la-super-liga-de-baby-futbol-regional\/\" \/>\n<meta property=\"og:locale\" content=\"es_ES\" \/>\n<meta property=\"og:type\" content=\"article\" \/>\n<meta property=\"og:title\" content=\"FUTBOL MENOR: TORNQUIST SERA SEDE DE LA SUPER LIGA DE BABY FUTBOL REGIONAL - CELTTV\" \/>\n<meta property=\"og:description\" content=\"Sitio web de noticias de la localidad de Tornquist, provincia de Buenos Aires, Rep\u00fablica Argentina. Contenido propio originado por periodistas de CELTTV, el canal de TV local de la Cooperativa El\u00e9ctrica de Tornquist. Turismo, Pol\u00edtica, Sociedad, Deporte, Cultura y todo el contenido de inter\u00e9s general que la gente del pueblo y la regi\u00f3n debe conocer.\" \/>\n<meta property=\"og:url\" content=\"https:\/\/www.celttv.com.ar\/index.php\/2013\/06\/20\/futbol-menor-tornquist-sera-sede-de-la-super-liga-de-baby-futbol-regional\/\" \/>\n<meta property=\"og:site_name\" content=\"CELTTV\" \/>\n<meta property=\"article:publisher\" content=\"https:\/\/www.facebook.com\/celtTV\/\" \/>\n<meta property=\"article:published_time\" content=\"2013-06-20T22:02:06+00:00\" \/>\n<meta name=\"author\" content=\"ulises\" \/>\n<meta name=\"twitter:card\" content=\"summary_large_image\" \/>\n<meta name=\"twitter:label1\" content=\"Escrito por\" \/>\n\t<meta name=\"twitter:data1\" content=\"ulises\" \/>\n\t<meta name=\"twitter:label2\" content=\"Tiempo de lectura\" \/>\n\t<meta name=\"twitter:data2\" content=\"3 minutos\" \/>\n<script type=\"application\/ld+json\" class=\"yoast-schema-graph\">{\"@context\":\"https:\/\/schema.org\",\"@graph\":[{\"@type\":\"NewsArticle\",\"@id\":\"https:\/\/www.celttv.com.ar\/index.php\/2013\/06\/20\/futbol-menor-tornquist-sera-sede-de-la-super-liga-de-baby-futbol-regional\/#article\",\"isPartOf\":{\"@id\":\"https:\/\/www.celttv.com.ar\/index.php\/2013\/06\/20\/futbol-menor-tornquist-sera-sede-de-la-super-liga-de-baby-futbol-regional\/\"},\"author\":{\"name\":\"ulises\",\"@id\":\"https:\/\/www.celttv.com.ar\/#\/schema\/person\/6d99c072dba59953809c81446e9d0ace\"},\"headline\":\"FUTBOL MENOR: TORNQUIST SERA SEDE DE LA SUPER LIGA DE BABY FUTBOL REGIONAL\",\"datePublished\":\"2013-06-20T22:02:06+00:00\",\"dateModified\":\"2013-06-20T22:02:06+00:00\",\"mainEntityOfPage\":{\"@id\":\"https:\/\/www.celttv.com.ar\/index.php\/2013\/06\/20\/futbol-menor-tornquist-sera-sede-de-la-super-liga-de-baby-futbol-regional\/\"},\"wordCount\":568,\"publisher\":{\"@id\":\"https:\/\/www.celttv.com.ar\/#organization\"},\"articleSection\":[\"Comunidad\",\"Deporte\",\"Destacadas\",\"Pol\u00edtica\"],\"inLanguage\":\"es\"},{\"@type\":\"WebPage\",\"@id\":\"https:\/\/www.celttv.com.ar\/index.php\/2013\/06\/20\/futbol-menor-tornquist-sera-sede-de-la-super-liga-de-baby-futbol-regional\/\",\"url\":\"https:\/\/www.celttv.com.ar\/index.php\/2013\/06\/20\/futbol-menor-tornquist-sera-sede-de-la-super-liga-de-baby-futbol-regional\/\",\"name\":\"FUTBOL MENOR: TORNQUIST SERA SEDE DE LA SUPER LIGA DE BABY FUTBOL REGIONAL - CELTTV\",\"isPartOf\":{\"@id\":\"https:\/\/www.celttv.com.ar\/#website\"},\"datePublished\":\"2013-06-20T22:02:06+00:00\",\"dateModified\":\"2013-06-20T22:02:06+00:00\",\"description\":\"Sitio web de noticias de la localidad de Tornquist, provincia de Buenos Aires, Rep\u00fablica Argentina. Contenido propio originado por periodistas de CELTTV, el canal de TV local de la Cooperativa El\u00e9ctrica de Tornquist. Turismo, Pol\u00edtica, Sociedad, Deporte, Cultura y todo el contenido de inter\u00e9s general que la gente del pueblo y la regi\u00f3n debe conocer.\",\"breadcrumb\":{\"@id\":\"https:\/\/www.celttv.com.ar\/index.php\/2013\/06\/20\/futbol-menor-tornquist-sera-sede-de-la-super-liga-de-baby-futbol-regional\/#breadcrumb\"},\"inLanguage\":\"es\",\"potentialAction\":[{\"@type\":\"ReadAction\",\"target\":[\"https:\/\/www.celttv.com.ar\/index.php\/2013\/06\/20\/futbol-menor-tornquist-sera-sede-de-la-super-liga-de-baby-futbol-regional\/\"]}]},{\"@type\":\"BreadcrumbList\",\"@id\":\"https:\/\/www.celttv.com.ar\/index.php\/2013\/06\/20\/futbol-menor-tornquist-sera-sede-de-la-super-liga-de-baby-futbol-regional\/#breadcrumb\",\"itemListElement\":[{\"@type\":\"ListItem\",\"position\":1,\"name\":\"Inicio\",\"item\":\"https:\/\/www.celttv.com.ar\/\"},{\"@type\":\"ListItem\",\"position\":2,\"name\":\"FUTBOL MENOR: TORNQUIST SERA SEDE DE LA SUPER LIGA DE BABY FUTBOL REGIONAL\"}]},{\"@type\":\"WebSite\",\"@id\":\"https:\/\/www.celttv.com.ar\/#website\",\"url\":\"https:\/\/www.celttv.com.ar\/\",\"name\":\"CELTTV\",\"description\":\"Cooperativa El\u00e9ctrica de Tornquist\",\"publisher\":{\"@id\":\"https:\/\/www.celttv.com.ar\/#organization\"},\"potentialAction\":[{\"@type\":\"SearchAction\",\"target\":{\"@type\":\"EntryPoint\",\"urlTemplate\":\"https:\/\/www.celttv.com.ar\/?s={search_term_string}\"},\"query-input\":\"required name=search_term_string\"}],\"inLanguage\":\"es\"},{\"@type\":\"Organization\",\"@id\":\"https:\/\/www.celttv.com.ar\/#organization\",\"name\":\"CELTTV\",\"url\":\"https:\/\/www.celttv.com.ar\/\",\"sameAs\":[\"https:\/\/www.youtube.com\/channel\/UCz_oIt8Hig64Ub-EmcNPIhg\",\"https:\/\/www.facebook.com\/celtTV\/\"],\"logo\":{\"@type\":\"ImageObject\",\"inLanguage\":\"es\",\"@id\":\"https:\/\/www.celttv.com.ar\/#\/schema\/logo\/image\/\",\"url\":\"http:\/\/www.celttv.com.ar\/wp-content\/uploads\/2022\/08\/logo-1.png\",\"contentUrl\":\"http:\/\/www.celttv.com.ar\/wp-content\/uploads\/2022\/08\/logo-1.png\",\"width\":461,\"height\":159,\"caption\":\"CELTTV\"},\"image\":{\"@id\":\"https:\/\/www.celttv.com.ar\/#\/schema\/logo\/image\/\"}},{\"@type\":\"Person\",\"@id\":\"https:\/\/www.celttv.com.ar\/#\/schema\/person\/6d99c072dba59953809c81446e9d0ace\",\"name\":\"ulises\",\"image\":{\"@type\":\"ImageObject\",\"inLanguage\":\"es\",\"@id\":\"https:\/\/www.celttv.com.ar\/#\/schema\/person\/image\/\",\"url\":\"https:\/\/secure.gravatar.com\/avatar\/7f2c48bdc33b30088f941fb6082e555f2874c98e20cb159d7b92b50eadfce793?s=96&d=mm&r=g\",\"contentUrl\":\"https:\/\/secure.gravatar.com\/avatar\/7f2c48bdc33b30088f941fb6082e555f2874c98e20cb159d7b92b50eadfce793?s=96&d=mm&r=g\",\"caption\":\"ulises\"},\"sameAs\":[\"http:\/\/www.celttv.com.ar\"]}]}<\/script>\n<!-- \/ Yoast SEO plugin. -->","yoast_head_json":{"title":"FUTBOL MENOR: TORNQUIST SERA SEDE DE LA SUPER LIGA DE BABY FUTBOL REGIONAL - CELTTV","description":"Sitio web de noticias de la localidad de Tornquist, provincia de Buenos Aires, Rep\u00fablica Argentina. Contenido propio originado por periodistas de CELTTV, el canal de TV local de la Cooperativa El\u00e9ctrica de Tornquist. Turismo, Pol\u00edtica, Sociedad, Deporte, Cultura y todo el contenido de inter\u00e9s general que la gente del pueblo y la regi\u00f3n debe conocer.","robots":{"index":"index","follow":"follow","max-snippet":"max-snippet:-1","max-image-preview":"max-image-preview:large","max-video-preview":"max-video-preview:-1"},"canonical":"https:\/\/www.celttv.com.ar\/index.php\/2013\/06\/20\/futbol-menor-tornquist-sera-sede-de-la-super-liga-de-baby-futbol-regional\/","og_locale":"es_ES","og_type":"article","og_title":"FUTBOL MENOR: TORNQUIST SERA SEDE DE LA SUPER LIGA DE BABY FUTBOL REGIONAL - CELTTV","og_description":"Sitio web de noticias de la localidad de Tornquist, provincia de Buenos Aires, Rep\u00fablica Argentina. Contenido propio originado por periodistas de CELTTV, el canal de TV local de la Cooperativa El\u00e9ctrica de Tornquist. Turismo, Pol\u00edtica, Sociedad, Deporte, Cultura y todo el contenido de inter\u00e9s general que la gente del pueblo y la regi\u00f3n debe conocer.","og_url":"https:\/\/www.celttv.com.ar\/index.php\/2013\/06\/20\/futbol-menor-tornquist-sera-sede-de-la-super-liga-de-baby-futbol-regional\/","og_site_name":"CELTTV","article_publisher":"https:\/\/www.facebook.com\/celtTV\/","article_published_time":"2013-06-20T22:02:06+00:00","author":"ulises","twitter_card":"summary_large_image","twitter_misc":{"Escrito por":"ulises","Tiempo de lectura":"3 minutos"},"schema":{"@context":"https:\/\/schema.org","@graph":[{"@type":"NewsArticle","@id":"https:\/\/www.celttv.com.ar\/index.php\/2013\/06\/20\/futbol-menor-tornquist-sera-sede-de-la-super-liga-de-baby-futbol-regional\/#article","isPartOf":{"@id":"https:\/\/www.celttv.com.ar\/index.php\/2013\/06\/20\/futbol-menor-tornquist-sera-sede-de-la-super-liga-de-baby-futbol-regional\/"},"author":{"name":"ulises","@id":"https:\/\/www.celttv.com.ar\/#\/schema\/person\/6d99c072dba59953809c81446e9d0ace"},"headline":"FUTBOL MENOR: TORNQUIST SERA SEDE DE LA SUPER LIGA DE BABY FUTBOL REGIONAL","datePublished":"2013-06-20T22:02:06+00:00","dateModified":"2013-06-20T22:02:06+00:00","mainEntityOfPage":{"@id":"https:\/\/www.celttv.com.ar\/index.php\/2013\/06\/20\/futbol-menor-tornquist-sera-sede-de-la-super-liga-de-baby-futbol-regional\/"},"wordCount":568,"publisher":{"@id":"https:\/\/www.celttv.com.ar\/#organization"},"articleSection":["Comunidad","Deporte","Destacadas","Pol\u00edtica"],"inLanguage":"es"},{"@type":"WebPage","@id":"https:\/\/www.celttv.com.ar\/index.php\/2013\/06\/20\/futbol-menor-tornquist-sera-sede-de-la-super-liga-de-baby-futbol-regional\/","url":"https:\/\/www.celttv.com.ar\/index.php\/2013\/06\/20\/futbol-menor-tornquist-sera-sede-de-la-super-liga-de-baby-futbol-regional\/","name":"FUTBOL MENOR: TORNQUIST SERA SEDE DE LA SUPER LIGA DE BABY FUTBOL REGIONAL - CELTTV","isPartOf":{"@id":"https:\/\/www.celttv.com.ar\/#website"},"datePublished":"2013-06-20T22:02:06+00:00","dateModified":"2013-06-20T22:02:06+00:00","description":"Sitio web de noticias de la localidad de Tornquist, provincia de Buenos Aires, Rep\u00fablica Argentina. Contenido propio originado por periodistas de CELTTV, el canal de TV local de la Cooperativa El\u00e9ctrica de Tornquist. Turismo, Pol\u00edtica, Sociedad, Deporte, Cultura y todo el contenido de inter\u00e9s general que la gente del pueblo y la regi\u00f3n debe conocer.","breadcrumb":{"@id":"https:\/\/www.celttv.com.ar\/index.php\/2013\/06\/20\/futbol-menor-tornquist-sera-sede-de-la-super-liga-de-baby-futbol-regional\/#breadcrumb"},"inLanguage":"es","potentialAction":[{"@type":"ReadAction","target":["https:\/\/www.celttv.com.ar\/index.php\/2013\/06\/20\/futbol-menor-tornquist-sera-sede-de-la-super-liga-de-baby-futbol-regional\/"]}]},{"@type":"BreadcrumbList","@id":"https:\/\/www.celttv.com.ar\/index.php\/2013\/06\/20\/futbol-menor-tornquist-sera-sede-de-la-super-liga-de-baby-futbol-regional\/#breadcrumb","itemListElement":[{"@type":"ListItem","position":1,"name":"Inicio","item":"https:\/\/www.celttv.com.ar\/"},{"@type":"ListItem","position":2,"name":"FUTBOL MENOR: TORNQUIST SERA SEDE DE LA SUPER LIGA DE BABY FUTBOL REGIONAL"}]},{"@type":"WebSite","@id":"https:\/\/www.celttv.com.ar\/#website","url":"https:\/\/www.celttv.com.ar\/","name":"CELTTV","description":"Cooperativa El\u00e9ctrica de Tornquist","publisher":{"@id":"https:\/\/www.celttv.com.ar\/#organization"},"potentialAction":[{"@type":"SearchAction","target":{"@type":"EntryPoint","urlTemplate":"https:\/\/www.celttv.com.ar\/?s={search_term_string}"},"query-input":"required name=search_term_string"}],"inLanguage":"es"},{"@type":"Organization","@id":"https:\/\/www.celttv.com.ar\/#organization","name":"CELTTV","url":"https:\/\/www.celttv.com.ar\/","sameAs":["https:\/\/www.youtube.com\/channel\/UCz_oIt8Hig64Ub-EmcNPIhg","https:\/\/www.facebook.com\/celtTV\/"],"logo":{"@type":"ImageObject","inLanguage":"es","@id":"https:\/\/www.celttv.com.ar\/#\/schema\/logo\/image\/","url":"http:\/\/www.celttv.com.ar\/wp-content\/uploads\/2022\/08\/logo-1.png","contentUrl":"http:\/\/www.celttv.com.ar\/wp-content\/uploads\/2022\/08\/logo-1.png","width":461,"height":159,"caption":"CELTTV"},"image":{"@id":"https:\/\/www.celttv.com.ar\/#\/schema\/logo\/image\/"}},{"@type":"Person","@id":"https:\/\/www.celttv.com.ar\/#\/schema\/person\/6d99c072dba59953809c81446e9d0ace","name":"ulises","image":{"@type":"ImageObject","inLanguage":"es","@id":"https:\/\/www.celttv.com.ar\/#\/schema\/person\/image\/","url":"https:\/\/secure.gravatar.com\/avatar\/7f2c48bdc33b30088f941fb6082e555f2874c98e20cb159d7b92b50eadfce793?s=96&d=mm&r=g","contentUrl":"https:\/\/secure.gravatar.com\/avatar\/7f2c48bdc33b30088f941fb6082e555f2874c98e20cb159d7b92b50eadfce793?s=96&d=mm&r=g","caption":"ulises"},"sameAs":["http:\/\/www.celttv.com.ar"]}]}},"_links":{"self":[{"href":"https:\/\/www.celttv.com.ar\/index.php\/wp-json\/wp\/v2\/posts\/12288","targetHints":{"allow":["GET"]}}],"collection":[{"href":"https:\/\/www.celttv.com.ar\/index.php\/wp-json\/wp\/v2\/posts"}],"about":[{"href":"https:\/\/www.celttv.com.ar\/index.php\/wp-json\/wp\/v2\/types\/post"}],"author":[{"embeddable":true,"href":"https:\/\/www.celttv.com.ar\/index.php\/wp-json\/wp\/v2\/users\/1"}],"replies":[{"embeddable":true,"href":"https:\/\/www.celttv.com.ar\/index.php\/wp-json\/wp\/v2\/comments?post=12288"}],"version-history":[{"count":0,"href":"https:\/\/www.celttv.com.ar\/index.php\/wp-json\/wp\/v2\/posts\/12288\/revisions"}],"wp:attachment":[{"href":"https:\/\/www.celttv.com.ar\/index.php\/wp-json\/wp\/v2\/media?parent=12288"}],"wp:term":[{"taxonomy":"category","embeddable":true,"href":"https:\/\/www.celttv.com.ar\/index.php\/wp-json\/wp\/v2\/categories?post=12288"},{"taxonomy":"post_tag","embeddable":true,"href":"https:\/\/www.celttv.com.ar\/index.php\/wp-json\/wp\/v2\/tags?post=12288"}],"curies":[{"name":"wp","href":"https:\/\/api.w.org\/{rel}","templated":true}]}}