{"id":12294,"date":"2013-06-20T22:57:32","date_gmt":"2013-06-20T22:57:32","guid":{"rendered":"http:\/\/www.tvcnoticias.com.ar\/?p=12294"},"modified":"2013-06-20T22:57:32","modified_gmt":"2013-06-20T22:57:32","slug":"el-dia-de-la-bandera-tuvo-su-acto-conmemorativo-en-tornquist-fotos","status":"publish","type":"post","link":"https:\/\/www.celttv.com.ar\/index.php\/2013\/06\/20\/el-dia-de-la-bandera-tuvo-su-acto-conmemorativo-en-tornquist-fotos\/","title":{"rendered":"EL DIA DE LA BANDERA TUVO SU ACTO CONMEMORATIVO EN TORNQUIST (fotos)"},"content":{"rendered":"<p><br \/>\nEn la flamante Escuela de Educaci\u00f3n Secundaria T\u00e9cnica N\u00b0 1, que se sum\u00f3 por primera vez a la organizaci\u00f3n de una fecha patria, se desarroll\u00f3 en la ma\u00f1ana de hoy el acto oficial por el D\u00eda de la Bandera.<br \/>\nLa jornada cont\u00f3 con la participaci\u00f3n de autoridades del Ejecutivo municipal, concejales, concejeros escolares, delegados de diferentes localidades, autoridades educativas, entidades escolares, instituciones y vecinos.<br \/>\n\u201cEs dif\u00edcil hablar de alguien que ya no est\u00e1, que cambi\u00f3 su vocaci\u00f3n de abogado para ocupar el cargo que su Patria le ofrec\u00eda, y a\u00fan as\u00ed, a\u00f1os m\u00e1s tarde, pudo decir en una de sus cartas: \u00b4No busco gloria, sino la uni\u00f3n de los americanos\u00b4. Hablar de un hombre que por todo premio a sus gloriosas victorias s\u00f3lo pidi\u00f3 fundar escuelas donde se ense\u00f1ara a respetar los derechos del hombre. Hablar de un hombre junto al que march\u00f3 todo el pueblo juje\u00f1o durante el \u00e9xodo. Hablar de un hombre que no repleg\u00f3 sus fuerzas a pesar de la derrota. No hablamos de un hombre com\u00fan, sino de uno que dirigi\u00f3 miles de destino, de alguien sobre cuya espalda recay\u00f3 la enorme responsabilidad de comandar hombres de batallas y acumular resonantes triunfos\u201d, destac\u00f3 el profesor Jorge Luis Schmidt, director de Deportes comunal.<br \/>\nTambi\u00e9n hizo uso de la palabra la Inspectora Jefe Distrital, profesora Ana Skolak.<br \/>\n\u201cEn el sistema educativo tenemos mucho en com\u00fan con aquella \u00e9poca. Tenemos como \u00fanico objetivo garantizar la educaci\u00f3n de nuestros ni\u00f1os y j\u00f3venes. Todos le ponen el cuerpo en el d\u00eda a d\u00eda, pero no nos debemos olvidar de algo, que nuestros chicos transitan durante 15 a\u00f1os su educaci\u00f3n en los tres niveles. Ellos no pueden desconocer nuestra propia historia y deben amar a esa bandera, que es la que nos representa y es nuestro s\u00edmbolo patrio. Ese es el mejor homenaje que podemos hacerle al General Belgrano\u201d, confi\u00f3.<br \/>\nDurante el acto se proyect\u00f3 un video sobre la bandera, realizado por los alumnos del establecimiento organizador, y se escuch\u00f3 el discurso de la docente Julia Stuhldreher.<br \/>\n\u201cLa creaci\u00f3n de la bandera es un hecho important\u00edsimo en la historia de nuestro pa\u00eds y en la vida de todos los argentinos, porque nos identifica. Conmemoramos hoy el D\u00eda de la Bandera en recuerdo a su ilustre creador, el General Manuel Belgrano. Se dice que Belgrano se inspir\u00f3 en los colores del cielo o en el manto de la virgen, pero en realidad fueron los colores de la escarapela, que ya se utilizaba en ese momento, los que finalmente se plasmaron en la bandera nacional. Reci\u00e9n el 20 de julio de 1816, despu\u00e9s de la declaraci\u00f3n de la independencia, cuando el Congreso adopt\u00f3 la bandera como s\u00edmbolo patrio. Hasta ese momento, s\u00f3lo se hab\u00eda promovido su uso en secreto\u201d, relat\u00f3 sobre el hecho hist\u00f3rico.<br \/>\nUna vez culminado el acto conmemorativo, se sirvi\u00f3 un chocolate caliente para todos los presentes.<br \/>\n&nbsp;<\/p>\n","protected":false},"excerpt":{"rendered":"<p>En la flamante Escuela de Educaci\u00f3n Secundaria T\u00e9cnica N\u00b0 1, que se sum\u00f3 por primera vez a la organizaci\u00f3n de una fecha patria, se desarroll\u00f3 en la ma\u00f1ana de hoy el acto oficial por el D\u00eda de la Bandera. La jornada cont\u00f3 con la participaci\u00f3n de autoridades del Ejecutivo municipal, concejales, concejeros escolares, delegados de [&hellip;]<\/p>\n","protected":false},"author":1,"featured_media":0,"comment_status":"closed","ping_status":"open","sticky":false,"template":"","format":"standard","meta":{"footnotes":""},"categories":[51,52,53],"tags":[],"class_list":["post-12294","post","type-post","status-publish","format-standard","hentry","category-comunidad","category-destacadas","category-politica"],"yoast_head":"<!-- This site is optimized with the Yoast SEO plugin v19.7.1 - https:\/\/yoast.com\/wordpress\/plugins\/seo\/ -->\n<title>EL DIA DE LA BANDERA TUVO SU ACTO CONMEMORATIVO EN TORNQUIST (fotos) - CELTTV<\/title>\n<meta name=\"description\" content=\"Sitio web de noticias de la localidad de Tornquist, provincia de Buenos Aires, Rep\u00fablica Argentina. Contenido propio originado por periodistas de CELTTV, el canal de TV local de la Cooperativa El\u00e9ctrica de Tornquist. Turismo, Pol\u00edtica, Sociedad, Deporte, Cultura y todo el contenido de inter\u00e9s general que la gente del pueblo y la regi\u00f3n debe conocer.\" \/>\n<meta name=\"robots\" content=\"index, follow, max-snippet:-1, max-image-preview:large, max-video-preview:-1\" \/>\n<link rel=\"canonical\" href=\"https:\/\/www.celttv.com.ar\/index.php\/2013\/06\/20\/el-dia-de-la-bandera-tuvo-su-acto-conmemorativo-en-tornquist-fotos\/\" \/>\n<meta property=\"og:locale\" content=\"es_ES\" \/>\n<meta property=\"og:type\" content=\"article\" \/>\n<meta property=\"og:title\" content=\"EL DIA DE LA BANDERA TUVO SU ACTO CONMEMORATIVO EN TORNQUIST (fotos) - CELTTV\" \/>\n<meta property=\"og:description\" content=\"Sitio web de noticias de la localidad de Tornquist, provincia de Buenos Aires, Rep\u00fablica Argentina. Contenido propio originado por periodistas de CELTTV, el canal de TV local de la Cooperativa El\u00e9ctrica de Tornquist. Turismo, Pol\u00edtica, Sociedad, Deporte, Cultura y todo el contenido de inter\u00e9s general que la gente del pueblo y la regi\u00f3n debe conocer.\" \/>\n<meta property=\"og:url\" content=\"https:\/\/www.celttv.com.ar\/index.php\/2013\/06\/20\/el-dia-de-la-bandera-tuvo-su-acto-conmemorativo-en-tornquist-fotos\/\" \/>\n<meta property=\"og:site_name\" content=\"CELTTV\" \/>\n<meta property=\"article:publisher\" content=\"https:\/\/www.facebook.com\/celtTV\/\" \/>\n<meta property=\"article:published_time\" content=\"2013-06-20T22:57:32+00:00\" \/>\n<meta name=\"author\" content=\"ulises\" \/>\n<meta name=\"twitter:card\" content=\"summary_large_image\" \/>\n<meta name=\"twitter:label1\" content=\"Escrito por\" \/>\n\t<meta name=\"twitter:data1\" content=\"ulises\" \/>\n\t<meta name=\"twitter:label2\" content=\"Tiempo de lectura\" \/>\n\t<meta name=\"twitter:data2\" content=\"3 minutos\" \/>\n<script type=\"application\/ld+json\" class=\"yoast-schema-graph\">{\"@context\":\"https:\/\/schema.org\",\"@graph\":[{\"@type\":\"NewsArticle\",\"@id\":\"https:\/\/www.celttv.com.ar\/index.php\/2013\/06\/20\/el-dia-de-la-bandera-tuvo-su-acto-conmemorativo-en-tornquist-fotos\/#article\",\"isPartOf\":{\"@id\":\"https:\/\/www.celttv.com.ar\/index.php\/2013\/06\/20\/el-dia-de-la-bandera-tuvo-su-acto-conmemorativo-en-tornquist-fotos\/\"},\"author\":{\"name\":\"ulises\",\"@id\":\"https:\/\/www.celttv.com.ar\/#\/schema\/person\/6d99c072dba59953809c81446e9d0ace\"},\"headline\":\"EL DIA DE LA BANDERA TUVO SU ACTO CONMEMORATIVO EN TORNQUIST (fotos)\",\"datePublished\":\"2013-06-20T22:57:32+00:00\",\"dateModified\":\"2013-06-20T22:57:32+00:00\",\"mainEntityOfPage\":{\"@id\":\"https:\/\/www.celttv.com.ar\/index.php\/2013\/06\/20\/el-dia-de-la-bandera-tuvo-su-acto-conmemorativo-en-tornquist-fotos\/\"},\"wordCount\":526,\"publisher\":{\"@id\":\"https:\/\/www.celttv.com.ar\/#organization\"},\"articleSection\":[\"Comunidad\",\"Destacadas\",\"Pol\u00edtica\"],\"inLanguage\":\"es\"},{\"@type\":\"WebPage\",\"@id\":\"https:\/\/www.celttv.com.ar\/index.php\/2013\/06\/20\/el-dia-de-la-bandera-tuvo-su-acto-conmemorativo-en-tornquist-fotos\/\",\"url\":\"https:\/\/www.celttv.com.ar\/index.php\/2013\/06\/20\/el-dia-de-la-bandera-tuvo-su-acto-conmemorativo-en-tornquist-fotos\/\",\"name\":\"EL DIA DE LA BANDERA TUVO SU ACTO CONMEMORATIVO EN TORNQUIST (fotos) - CELTTV\",\"isPartOf\":{\"@id\":\"https:\/\/www.celttv.com.ar\/#website\"},\"datePublished\":\"2013-06-20T22:57:32+00:00\",\"dateModified\":\"2013-06-20T22:57:32+00:00\",\"description\":\"Sitio web de noticias de la localidad de Tornquist, provincia de Buenos Aires, Rep\u00fablica Argentina. Contenido propio originado por periodistas de CELTTV, el canal de TV local de la Cooperativa El\u00e9ctrica de Tornquist. Turismo, Pol\u00edtica, Sociedad, Deporte, Cultura y todo el contenido de inter\u00e9s general que la gente del pueblo y la regi\u00f3n debe conocer.\",\"breadcrumb\":{\"@id\":\"https:\/\/www.celttv.com.ar\/index.php\/2013\/06\/20\/el-dia-de-la-bandera-tuvo-su-acto-conmemorativo-en-tornquist-fotos\/#breadcrumb\"},\"inLanguage\":\"es\",\"potentialAction\":[{\"@type\":\"ReadAction\",\"target\":[\"https:\/\/www.celttv.com.ar\/index.php\/2013\/06\/20\/el-dia-de-la-bandera-tuvo-su-acto-conmemorativo-en-tornquist-fotos\/\"]}]},{\"@type\":\"BreadcrumbList\",\"@id\":\"https:\/\/www.celttv.com.ar\/index.php\/2013\/06\/20\/el-dia-de-la-bandera-tuvo-su-acto-conmemorativo-en-tornquist-fotos\/#breadcrumb\",\"itemListElement\":[{\"@type\":\"ListItem\",\"position\":1,\"name\":\"Inicio\",\"item\":\"https:\/\/www.celttv.com.ar\/\"},{\"@type\":\"ListItem\",\"position\":2,\"name\":\"EL DIA DE LA BANDERA TUVO SU ACTO CONMEMORATIVO EN TORNQUIST (fotos)\"}]},{\"@type\":\"WebSite\",\"@id\":\"https:\/\/www.celttv.com.ar\/#website\",\"url\":\"https:\/\/www.celttv.com.ar\/\",\"name\":\"CELTTV\",\"description\":\"Cooperativa El\u00e9ctrica de Tornquist\",\"publisher\":{\"@id\":\"https:\/\/www.celttv.com.ar\/#organization\"},\"potentialAction\":[{\"@type\":\"SearchAction\",\"target\":{\"@type\":\"EntryPoint\",\"urlTemplate\":\"https:\/\/www.celttv.com.ar\/?s={search_term_string}\"},\"query-input\":\"required name=search_term_string\"}],\"inLanguage\":\"es\"},{\"@type\":\"Organization\",\"@id\":\"https:\/\/www.celttv.com.ar\/#organization\",\"name\":\"CELTTV\",\"url\":\"https:\/\/www.celttv.com.ar\/\",\"sameAs\":[\"https:\/\/www.youtube.com\/channel\/UCz_oIt8Hig64Ub-EmcNPIhg\",\"https:\/\/www.facebook.com\/celtTV\/\"],\"logo\":{\"@type\":\"ImageObject\",\"inLanguage\":\"es\",\"@id\":\"https:\/\/www.celttv.com.ar\/#\/schema\/logo\/image\/\",\"url\":\"http:\/\/www.celttv.com.ar\/wp-content\/uploads\/2022\/08\/logo-1.png\",\"contentUrl\":\"http:\/\/www.celttv.com.ar\/wp-content\/uploads\/2022\/08\/logo-1.png\",\"width\":461,\"height\":159,\"caption\":\"CELTTV\"},\"image\":{\"@id\":\"https:\/\/www.celttv.com.ar\/#\/schema\/logo\/image\/\"}},{\"@type\":\"Person\",\"@id\":\"https:\/\/www.celttv.com.ar\/#\/schema\/person\/6d99c072dba59953809c81446e9d0ace\",\"name\":\"ulises\",\"image\":{\"@type\":\"ImageObject\",\"inLanguage\":\"es\",\"@id\":\"https:\/\/www.celttv.com.ar\/#\/schema\/person\/image\/\",\"url\":\"https:\/\/secure.gravatar.com\/avatar\/7f2c48bdc33b30088f941fb6082e555f2874c98e20cb159d7b92b50eadfce793?s=96&d=mm&r=g\",\"contentUrl\":\"https:\/\/secure.gravatar.com\/avatar\/7f2c48bdc33b30088f941fb6082e555f2874c98e20cb159d7b92b50eadfce793?s=96&d=mm&r=g\",\"caption\":\"ulises\"},\"sameAs\":[\"http:\/\/www.celttv.com.ar\"]}]}<\/script>\n<!-- \/ Yoast SEO plugin. -->","yoast_head_json":{"title":"EL DIA DE LA BANDERA TUVO SU ACTO CONMEMORATIVO EN TORNQUIST (fotos) - CELTTV","description":"Sitio web de noticias de la localidad de Tornquist, provincia de Buenos Aires, Rep\u00fablica Argentina. Contenido propio originado por periodistas de CELTTV, el canal de TV local de la Cooperativa El\u00e9ctrica de Tornquist. Turismo, Pol\u00edtica, Sociedad, Deporte, Cultura y todo el contenido de inter\u00e9s general que la gente del pueblo y la regi\u00f3n debe conocer.","robots":{"index":"index","follow":"follow","max-snippet":"max-snippet:-1","max-image-preview":"max-image-preview:large","max-video-preview":"max-video-preview:-1"},"canonical":"https:\/\/www.celttv.com.ar\/index.php\/2013\/06\/20\/el-dia-de-la-bandera-tuvo-su-acto-conmemorativo-en-tornquist-fotos\/","og_locale":"es_ES","og_type":"article","og_title":"EL DIA DE LA BANDERA TUVO SU ACTO CONMEMORATIVO EN TORNQUIST (fotos) - CELTTV","og_description":"Sitio web de noticias de la localidad de Tornquist, provincia de Buenos Aires, Rep\u00fablica Argentina. Contenido propio originado por periodistas de CELTTV, el canal de TV local de la Cooperativa El\u00e9ctrica de Tornquist. Turismo, Pol\u00edtica, Sociedad, Deporte, Cultura y todo el contenido de inter\u00e9s general que la gente del pueblo y la regi\u00f3n debe conocer.","og_url":"https:\/\/www.celttv.com.ar\/index.php\/2013\/06\/20\/el-dia-de-la-bandera-tuvo-su-acto-conmemorativo-en-tornquist-fotos\/","og_site_name":"CELTTV","article_publisher":"https:\/\/www.facebook.com\/celtTV\/","article_published_time":"2013-06-20T22:57:32+00:00","author":"ulises","twitter_card":"summary_large_image","twitter_misc":{"Escrito por":"ulises","Tiempo de lectura":"3 minutos"},"schema":{"@context":"https:\/\/schema.org","@graph":[{"@type":"NewsArticle","@id":"https:\/\/www.celttv.com.ar\/index.php\/2013\/06\/20\/el-dia-de-la-bandera-tuvo-su-acto-conmemorativo-en-tornquist-fotos\/#article","isPartOf":{"@id":"https:\/\/www.celttv.com.ar\/index.php\/2013\/06\/20\/el-dia-de-la-bandera-tuvo-su-acto-conmemorativo-en-tornquist-fotos\/"},"author":{"name":"ulises","@id":"https:\/\/www.celttv.com.ar\/#\/schema\/person\/6d99c072dba59953809c81446e9d0ace"},"headline":"EL DIA DE LA BANDERA TUVO SU ACTO CONMEMORATIVO EN TORNQUIST (fotos)","datePublished":"2013-06-20T22:57:32+00:00","dateModified":"2013-06-20T22:57:32+00:00","mainEntityOfPage":{"@id":"https:\/\/www.celttv.com.ar\/index.php\/2013\/06\/20\/el-dia-de-la-bandera-tuvo-su-acto-conmemorativo-en-tornquist-fotos\/"},"wordCount":526,"publisher":{"@id":"https:\/\/www.celttv.com.ar\/#organization"},"articleSection":["Comunidad","Destacadas","Pol\u00edtica"],"inLanguage":"es"},{"@type":"WebPage","@id":"https:\/\/www.celttv.com.ar\/index.php\/2013\/06\/20\/el-dia-de-la-bandera-tuvo-su-acto-conmemorativo-en-tornquist-fotos\/","url":"https:\/\/www.celttv.com.ar\/index.php\/2013\/06\/20\/el-dia-de-la-bandera-tuvo-su-acto-conmemorativo-en-tornquist-fotos\/","name":"EL DIA DE LA BANDERA TUVO SU ACTO CONMEMORATIVO EN TORNQUIST (fotos) - CELTTV","isPartOf":{"@id":"https:\/\/www.celttv.com.ar\/#website"},"datePublished":"2013-06-20T22:57:32+00:00","dateModified":"2013-06-20T22:57:32+00:00","description":"Sitio web de noticias de la localidad de Tornquist, provincia de Buenos Aires, Rep\u00fablica Argentina. Contenido propio originado por periodistas de CELTTV, el canal de TV local de la Cooperativa El\u00e9ctrica de Tornquist. Turismo, Pol\u00edtica, Sociedad, Deporte, Cultura y todo el contenido de inter\u00e9s general que la gente del pueblo y la regi\u00f3n debe conocer.","breadcrumb":{"@id":"https:\/\/www.celttv.com.ar\/index.php\/2013\/06\/20\/el-dia-de-la-bandera-tuvo-su-acto-conmemorativo-en-tornquist-fotos\/#breadcrumb"},"inLanguage":"es","potentialAction":[{"@type":"ReadAction","target":["https:\/\/www.celttv.com.ar\/index.php\/2013\/06\/20\/el-dia-de-la-bandera-tuvo-su-acto-conmemorativo-en-tornquist-fotos\/"]}]},{"@type":"BreadcrumbList","@id":"https:\/\/www.celttv.com.ar\/index.php\/2013\/06\/20\/el-dia-de-la-bandera-tuvo-su-acto-conmemorativo-en-tornquist-fotos\/#breadcrumb","itemListElement":[{"@type":"ListItem","position":1,"name":"Inicio","item":"https:\/\/www.celttv.com.ar\/"},{"@type":"ListItem","position":2,"name":"EL DIA DE LA BANDERA TUVO SU ACTO CONMEMORATIVO EN TORNQUIST (fotos)"}]},{"@type":"WebSite","@id":"https:\/\/www.celttv.com.ar\/#website","url":"https:\/\/www.celttv.com.ar\/","name":"CELTTV","description":"Cooperativa El\u00e9ctrica de Tornquist","publisher":{"@id":"https:\/\/www.celttv.com.ar\/#organization"},"potentialAction":[{"@type":"SearchAction","target":{"@type":"EntryPoint","urlTemplate":"https:\/\/www.celttv.com.ar\/?s={search_term_string}"},"query-input":"required name=search_term_string"}],"inLanguage":"es"},{"@type":"Organization","@id":"https:\/\/www.celttv.com.ar\/#organization","name":"CELTTV","url":"https:\/\/www.celttv.com.ar\/","sameAs":["https:\/\/www.youtube.com\/channel\/UCz_oIt8Hig64Ub-EmcNPIhg","https:\/\/www.facebook.com\/celtTV\/"],"logo":{"@type":"ImageObject","inLanguage":"es","@id":"https:\/\/www.celttv.com.ar\/#\/schema\/logo\/image\/","url":"http:\/\/www.celttv.com.ar\/wp-content\/uploads\/2022\/08\/logo-1.png","contentUrl":"http:\/\/www.celttv.com.ar\/wp-content\/uploads\/2022\/08\/logo-1.png","width":461,"height":159,"caption":"CELTTV"},"image":{"@id":"https:\/\/www.celttv.com.ar\/#\/schema\/logo\/image\/"}},{"@type":"Person","@id":"https:\/\/www.celttv.com.ar\/#\/schema\/person\/6d99c072dba59953809c81446e9d0ace","name":"ulises","image":{"@type":"ImageObject","inLanguage":"es","@id":"https:\/\/www.celttv.com.ar\/#\/schema\/person\/image\/","url":"https:\/\/secure.gravatar.com\/avatar\/7f2c48bdc33b30088f941fb6082e555f2874c98e20cb159d7b92b50eadfce793?s=96&d=mm&r=g","contentUrl":"https:\/\/secure.gravatar.com\/avatar\/7f2c48bdc33b30088f941fb6082e555f2874c98e20cb159d7b92b50eadfce793?s=96&d=mm&r=g","caption":"ulises"},"sameAs":["http:\/\/www.celttv.com.ar"]}]}},"_links":{"self":[{"href":"https:\/\/www.celttv.com.ar\/index.php\/wp-json\/wp\/v2\/posts\/12294","targetHints":{"allow":["GET"]}}],"collection":[{"href":"https:\/\/www.celttv.com.ar\/index.php\/wp-json\/wp\/v2\/posts"}],"about":[{"href":"https:\/\/www.celttv.com.ar\/index.php\/wp-json\/wp\/v2\/types\/post"}],"author":[{"embeddable":true,"href":"https:\/\/www.celttv.com.ar\/index.php\/wp-json\/wp\/v2\/users\/1"}],"replies":[{"embeddable":true,"href":"https:\/\/www.celttv.com.ar\/index.php\/wp-json\/wp\/v2\/comments?post=12294"}],"version-history":[{"count":0,"href":"https:\/\/www.celttv.com.ar\/index.php\/wp-json\/wp\/v2\/posts\/12294\/revisions"}],"wp:attachment":[{"href":"https:\/\/www.celttv.com.ar\/index.php\/wp-json\/wp\/v2\/media?parent=12294"}],"wp:term":[{"taxonomy":"category","embeddable":true,"href":"https:\/\/www.celttv.com.ar\/index.php\/wp-json\/wp\/v2\/categories?post=12294"},{"taxonomy":"post_tag","embeddable":true,"href":"https:\/\/www.celttv.com.ar\/index.php\/wp-json\/wp\/v2\/tags?post=12294"}],"curies":[{"name":"wp","href":"https:\/\/api.w.org\/{rel}","templated":true}]}}