{"id":12317,"date":"2013-06-21T21:03:38","date_gmt":"2013-06-21T21:03:38","guid":{"rendered":"http:\/\/www.tvcnoticias.com.ar\/?p=12317"},"modified":"2013-06-21T21:03:38","modified_gmt":"2013-06-21T21:03:38","slug":"saldungaray-nuevo-equipamiento-para-la-planta-de-reciclables","status":"publish","type":"post","link":"https:\/\/www.celttv.com.ar\/index.php\/2013\/06\/21\/saldungaray-nuevo-equipamiento-para-la-planta-de-reciclables\/","title":{"rendered":"SALDUNGARAY: NUEVO EQUIPAMIENTO PARA LA PLANTA DE RECICLABLES"},"content":{"rendered":"<p>Una prensa compactadora, destinada a mejorar la prestaci\u00f3n de la Planta de Reciclables de Saldungaray, fue incorporada en las \u00faltimas horas por la Municipalidad de Tornquist.<br \/>\n\u201cEstamos equipando permanentemente las distintas \u00e1reas municipales. En este caso tiene que ver con la Secretar\u00eda de Producci\u00f3n y Medio Ambiente, ya que se compr\u00f3 una prensa, para la compactaci\u00f3n de los pets que se recolectan en los puntos limpios\u201d, coment\u00f3 el intendente municipal, licenciado Gustavo Trankels.<br \/>\n\u201cActualmente tenemos dos de estas m\u00e1quinas funcionando en la planta de Saldungaray. Vamos a agregar esta \u00faltima incorporaci\u00f3n, que tiene mayor capacidad de compactaci\u00f3n, con todas las medidas de seguridad correspondientes\u201d, resalt\u00f3.<br \/>\nLa inversi\u00f3n realizada fue del orden de los 38 mil pesos, en busca de hacer m\u00e1s eficiente el trabajo que se desarrolla en la planta de la localidad de nuestro distrito.<br \/>\n\u201cTambi\u00e9n est\u00e1 bueno destacar que los fondos para la compra de este equipo provienen de las ventas que estamos realizando del material que se est\u00e1 reciclando. El fruto de todo ese trabajo, cuyo principal objetivo es el cuidado del medio ambiente, tambi\u00e9n tiene su r\u00e9dito econ\u00f3mico que se reinvierte en el mismo programa de tratamiento de residuos s\u00f3lidos\u201d, destac\u00f3 Trankels.<br \/>\n\u201cEl \u00e9xito del programa va asociado al acompa\u00f1amiento de la comunidad y al cambio cultural con respecto al reciclado de pl\u00e1sticos, cartones, vidrios y dem\u00e1s elementos que se pueden reutilizar. En la medida que el volumen crece, porque la gente tiene mayor compromiso y se va sumando a esta iniciativa, nosotros tenemos que ir mejorando este equipamiento. Todo lo que se recicla y se reusa es material que ya no quedar\u00e1 dispuesto en los basureros a cielo abierto, sino que tendr\u00e1 otro destino\u201d, explic\u00f3.<br \/>\nPor su parte, el director de Producci\u00f3n y Medio Ambiente de la destac\u00f3 la trascendencia de mejorar el equipamiento de la planta.<br \/>\n\u201cEs muy importante haber adquirido la m\u00e1quina, porque el compromiso de la comunidad con el reciclado va creciendo. Adem\u00e1s, recientemente incorporamos a Villa Ventana al programa Tu Manzana Recicla, y eso har\u00e1 que el volumen de los reciclables que lleguen a la planta sea mayor. El intendente nos pidi\u00f3 que implantemos esta acci\u00f3n como una pol\u00edtica de estado dentro de la misma comunidad\u201d, afirm\u00f3.<br \/>\n&nbsp;<br \/>\n&nbsp;<\/p>\n","protected":false},"excerpt":{"rendered":"<p>Una prensa compactadora, destinada a mejorar la prestaci\u00f3n de la Planta de Reciclables de Saldungaray, fue incorporada en las \u00faltimas horas por la Municipalidad de Tornquist. \u201cEstamos equipando permanentemente las distintas \u00e1reas municipales. En este caso tiene que ver con la Secretar\u00eda de Producci\u00f3n y Medio Ambiente, ya que se compr\u00f3 una prensa, para la [&hellip;]<\/p>\n","protected":false},"author":1,"featured_media":0,"comment_status":"closed","ping_status":"open","sticky":false,"template":"","format":"standard","meta":{"footnotes":""},"categories":[51,52,53],"tags":[],"class_list":["post-12317","post","type-post","status-publish","format-standard","hentry","category-comunidad","category-destacadas","category-politica"],"yoast_head":"<!-- This site is optimized with the Yoast SEO plugin v19.7.1 - https:\/\/yoast.com\/wordpress\/plugins\/seo\/ -->\n<title>SALDUNGARAY: NUEVO EQUIPAMIENTO PARA LA PLANTA DE RECICLABLES - CELTTV<\/title>\n<meta name=\"description\" content=\"Sitio web de noticias de la localidad de Tornquist, provincia de Buenos Aires, Rep\u00fablica Argentina. Contenido propio originado por periodistas de CELTTV, el canal de TV local de la Cooperativa El\u00e9ctrica de Tornquist. Turismo, Pol\u00edtica, Sociedad, Deporte, Cultura y todo el contenido de inter\u00e9s general que la gente del pueblo y la regi\u00f3n debe conocer.\" \/>\n<meta name=\"robots\" content=\"index, follow, max-snippet:-1, max-image-preview:large, max-video-preview:-1\" \/>\n<link rel=\"canonical\" href=\"https:\/\/www.celttv.com.ar\/index.php\/2013\/06\/21\/saldungaray-nuevo-equipamiento-para-la-planta-de-reciclables\/\" \/>\n<meta property=\"og:locale\" content=\"es_ES\" \/>\n<meta property=\"og:type\" content=\"article\" \/>\n<meta property=\"og:title\" content=\"SALDUNGARAY: NUEVO EQUIPAMIENTO PARA LA PLANTA DE RECICLABLES - CELTTV\" \/>\n<meta property=\"og:description\" content=\"Sitio web de noticias de la localidad de Tornquist, provincia de Buenos Aires, Rep\u00fablica Argentina. Contenido propio originado por periodistas de CELTTV, el canal de TV local de la Cooperativa El\u00e9ctrica de Tornquist. Turismo, Pol\u00edtica, Sociedad, Deporte, Cultura y todo el contenido de inter\u00e9s general que la gente del pueblo y la regi\u00f3n debe conocer.\" \/>\n<meta property=\"og:url\" content=\"https:\/\/www.celttv.com.ar\/index.php\/2013\/06\/21\/saldungaray-nuevo-equipamiento-para-la-planta-de-reciclables\/\" \/>\n<meta property=\"og:site_name\" content=\"CELTTV\" \/>\n<meta property=\"article:publisher\" content=\"https:\/\/www.facebook.com\/celtTV\/\" \/>\n<meta property=\"article:published_time\" content=\"2013-06-21T21:03:38+00:00\" \/>\n<meta name=\"author\" content=\"ulises\" \/>\n<meta name=\"twitter:card\" content=\"summary_large_image\" \/>\n<meta name=\"twitter:label1\" content=\"Escrito por\" \/>\n\t<meta name=\"twitter:data1\" content=\"ulises\" \/>\n\t<meta name=\"twitter:label2\" content=\"Tiempo de lectura\" \/>\n\t<meta name=\"twitter:data2\" content=\"2 minutos\" \/>\n<script type=\"application\/ld+json\" class=\"yoast-schema-graph\">{\"@context\":\"https:\/\/schema.org\",\"@graph\":[{\"@type\":\"NewsArticle\",\"@id\":\"https:\/\/www.celttv.com.ar\/index.php\/2013\/06\/21\/saldungaray-nuevo-equipamiento-para-la-planta-de-reciclables\/#article\",\"isPartOf\":{\"@id\":\"https:\/\/www.celttv.com.ar\/index.php\/2013\/06\/21\/saldungaray-nuevo-equipamiento-para-la-planta-de-reciclables\/\"},\"author\":{\"name\":\"ulises\",\"@id\":\"https:\/\/www.celttv.com.ar\/#\/schema\/person\/6d99c072dba59953809c81446e9d0ace\"},\"headline\":\"SALDUNGARAY: NUEVO EQUIPAMIENTO PARA LA PLANTA DE RECICLABLES\",\"datePublished\":\"2013-06-21T21:03:38+00:00\",\"dateModified\":\"2013-06-21T21:03:38+00:00\",\"mainEntityOfPage\":{\"@id\":\"https:\/\/www.celttv.com.ar\/index.php\/2013\/06\/21\/saldungaray-nuevo-equipamiento-para-la-planta-de-reciclables\/\"},\"wordCount\":397,\"publisher\":{\"@id\":\"https:\/\/www.celttv.com.ar\/#organization\"},\"articleSection\":[\"Comunidad\",\"Destacadas\",\"Pol\u00edtica\"],\"inLanguage\":\"es\"},{\"@type\":\"WebPage\",\"@id\":\"https:\/\/www.celttv.com.ar\/index.php\/2013\/06\/21\/saldungaray-nuevo-equipamiento-para-la-planta-de-reciclables\/\",\"url\":\"https:\/\/www.celttv.com.ar\/index.php\/2013\/06\/21\/saldungaray-nuevo-equipamiento-para-la-planta-de-reciclables\/\",\"name\":\"SALDUNGARAY: NUEVO EQUIPAMIENTO PARA LA PLANTA DE RECICLABLES - CELTTV\",\"isPartOf\":{\"@id\":\"https:\/\/www.celttv.com.ar\/#website\"},\"datePublished\":\"2013-06-21T21:03:38+00:00\",\"dateModified\":\"2013-06-21T21:03:38+00:00\",\"description\":\"Sitio web de noticias de la localidad de Tornquist, provincia de Buenos Aires, Rep\u00fablica Argentina. Contenido propio originado por periodistas de CELTTV, el canal de TV local de la Cooperativa El\u00e9ctrica de Tornquist. Turismo, Pol\u00edtica, Sociedad, Deporte, Cultura y todo el contenido de inter\u00e9s general que la gente del pueblo y la regi\u00f3n debe conocer.\",\"breadcrumb\":{\"@id\":\"https:\/\/www.celttv.com.ar\/index.php\/2013\/06\/21\/saldungaray-nuevo-equipamiento-para-la-planta-de-reciclables\/#breadcrumb\"},\"inLanguage\":\"es\",\"potentialAction\":[{\"@type\":\"ReadAction\",\"target\":[\"https:\/\/www.celttv.com.ar\/index.php\/2013\/06\/21\/saldungaray-nuevo-equipamiento-para-la-planta-de-reciclables\/\"]}]},{\"@type\":\"BreadcrumbList\",\"@id\":\"https:\/\/www.celttv.com.ar\/index.php\/2013\/06\/21\/saldungaray-nuevo-equipamiento-para-la-planta-de-reciclables\/#breadcrumb\",\"itemListElement\":[{\"@type\":\"ListItem\",\"position\":1,\"name\":\"Inicio\",\"item\":\"https:\/\/www.celttv.com.ar\/\"},{\"@type\":\"ListItem\",\"position\":2,\"name\":\"SALDUNGARAY: NUEVO EQUIPAMIENTO PARA LA PLANTA DE RECICLABLES\"}]},{\"@type\":\"WebSite\",\"@id\":\"https:\/\/www.celttv.com.ar\/#website\",\"url\":\"https:\/\/www.celttv.com.ar\/\",\"name\":\"CELTTV\",\"description\":\"Cooperativa El\u00e9ctrica de Tornquist\",\"publisher\":{\"@id\":\"https:\/\/www.celttv.com.ar\/#organization\"},\"potentialAction\":[{\"@type\":\"SearchAction\",\"target\":{\"@type\":\"EntryPoint\",\"urlTemplate\":\"https:\/\/www.celttv.com.ar\/?s={search_term_string}\"},\"query-input\":\"required name=search_term_string\"}],\"inLanguage\":\"es\"},{\"@type\":\"Organization\",\"@id\":\"https:\/\/www.celttv.com.ar\/#organization\",\"name\":\"CELTTV\",\"url\":\"https:\/\/www.celttv.com.ar\/\",\"sameAs\":[\"https:\/\/www.youtube.com\/channel\/UCz_oIt8Hig64Ub-EmcNPIhg\",\"https:\/\/www.facebook.com\/celtTV\/\"],\"logo\":{\"@type\":\"ImageObject\",\"inLanguage\":\"es\",\"@id\":\"https:\/\/www.celttv.com.ar\/#\/schema\/logo\/image\/\",\"url\":\"http:\/\/www.celttv.com.ar\/wp-content\/uploads\/2022\/08\/logo-1.png\",\"contentUrl\":\"http:\/\/www.celttv.com.ar\/wp-content\/uploads\/2022\/08\/logo-1.png\",\"width\":461,\"height\":159,\"caption\":\"CELTTV\"},\"image\":{\"@id\":\"https:\/\/www.celttv.com.ar\/#\/schema\/logo\/image\/\"}},{\"@type\":\"Person\",\"@id\":\"https:\/\/www.celttv.com.ar\/#\/schema\/person\/6d99c072dba59953809c81446e9d0ace\",\"name\":\"ulises\",\"image\":{\"@type\":\"ImageObject\",\"inLanguage\":\"es\",\"@id\":\"https:\/\/www.celttv.com.ar\/#\/schema\/person\/image\/\",\"url\":\"https:\/\/secure.gravatar.com\/avatar\/7f2c48bdc33b30088f941fb6082e555f2874c98e20cb159d7b92b50eadfce793?s=96&d=mm&r=g\",\"contentUrl\":\"https:\/\/secure.gravatar.com\/avatar\/7f2c48bdc33b30088f941fb6082e555f2874c98e20cb159d7b92b50eadfce793?s=96&d=mm&r=g\",\"caption\":\"ulises\"},\"sameAs\":[\"http:\/\/www.celttv.com.ar\"]}]}<\/script>\n<!-- \/ Yoast SEO plugin. -->","yoast_head_json":{"title":"SALDUNGARAY: NUEVO EQUIPAMIENTO PARA LA PLANTA DE RECICLABLES - CELTTV","description":"Sitio web de noticias de la localidad de Tornquist, provincia de Buenos Aires, Rep\u00fablica Argentina. Contenido propio originado por periodistas de CELTTV, el canal de TV local de la Cooperativa El\u00e9ctrica de Tornquist. Turismo, Pol\u00edtica, Sociedad, Deporte, Cultura y todo el contenido de inter\u00e9s general que la gente del pueblo y la regi\u00f3n debe conocer.","robots":{"index":"index","follow":"follow","max-snippet":"max-snippet:-1","max-image-preview":"max-image-preview:large","max-video-preview":"max-video-preview:-1"},"canonical":"https:\/\/www.celttv.com.ar\/index.php\/2013\/06\/21\/saldungaray-nuevo-equipamiento-para-la-planta-de-reciclables\/","og_locale":"es_ES","og_type":"article","og_title":"SALDUNGARAY: NUEVO EQUIPAMIENTO PARA LA PLANTA DE RECICLABLES - CELTTV","og_description":"Sitio web de noticias de la localidad de Tornquist, provincia de Buenos Aires, Rep\u00fablica Argentina. Contenido propio originado por periodistas de CELTTV, el canal de TV local de la Cooperativa El\u00e9ctrica de Tornquist. Turismo, Pol\u00edtica, Sociedad, Deporte, Cultura y todo el contenido de inter\u00e9s general que la gente del pueblo y la regi\u00f3n debe conocer.","og_url":"https:\/\/www.celttv.com.ar\/index.php\/2013\/06\/21\/saldungaray-nuevo-equipamiento-para-la-planta-de-reciclables\/","og_site_name":"CELTTV","article_publisher":"https:\/\/www.facebook.com\/celtTV\/","article_published_time":"2013-06-21T21:03:38+00:00","author":"ulises","twitter_card":"summary_large_image","twitter_misc":{"Escrito por":"ulises","Tiempo de lectura":"2 minutos"},"schema":{"@context":"https:\/\/schema.org","@graph":[{"@type":"NewsArticle","@id":"https:\/\/www.celttv.com.ar\/index.php\/2013\/06\/21\/saldungaray-nuevo-equipamiento-para-la-planta-de-reciclables\/#article","isPartOf":{"@id":"https:\/\/www.celttv.com.ar\/index.php\/2013\/06\/21\/saldungaray-nuevo-equipamiento-para-la-planta-de-reciclables\/"},"author":{"name":"ulises","@id":"https:\/\/www.celttv.com.ar\/#\/schema\/person\/6d99c072dba59953809c81446e9d0ace"},"headline":"SALDUNGARAY: NUEVO EQUIPAMIENTO PARA LA PLANTA DE RECICLABLES","datePublished":"2013-06-21T21:03:38+00:00","dateModified":"2013-06-21T21:03:38+00:00","mainEntityOfPage":{"@id":"https:\/\/www.celttv.com.ar\/index.php\/2013\/06\/21\/saldungaray-nuevo-equipamiento-para-la-planta-de-reciclables\/"},"wordCount":397,"publisher":{"@id":"https:\/\/www.celttv.com.ar\/#organization"},"articleSection":["Comunidad","Destacadas","Pol\u00edtica"],"inLanguage":"es"},{"@type":"WebPage","@id":"https:\/\/www.celttv.com.ar\/index.php\/2013\/06\/21\/saldungaray-nuevo-equipamiento-para-la-planta-de-reciclables\/","url":"https:\/\/www.celttv.com.ar\/index.php\/2013\/06\/21\/saldungaray-nuevo-equipamiento-para-la-planta-de-reciclables\/","name":"SALDUNGARAY: NUEVO EQUIPAMIENTO PARA LA PLANTA DE RECICLABLES - CELTTV","isPartOf":{"@id":"https:\/\/www.celttv.com.ar\/#website"},"datePublished":"2013-06-21T21:03:38+00:00","dateModified":"2013-06-21T21:03:38+00:00","description":"Sitio web de noticias de la localidad de Tornquist, provincia de Buenos Aires, Rep\u00fablica Argentina. Contenido propio originado por periodistas de CELTTV, el canal de TV local de la Cooperativa El\u00e9ctrica de Tornquist. Turismo, Pol\u00edtica, Sociedad, Deporte, Cultura y todo el contenido de inter\u00e9s general que la gente del pueblo y la regi\u00f3n debe conocer.","breadcrumb":{"@id":"https:\/\/www.celttv.com.ar\/index.php\/2013\/06\/21\/saldungaray-nuevo-equipamiento-para-la-planta-de-reciclables\/#breadcrumb"},"inLanguage":"es","potentialAction":[{"@type":"ReadAction","target":["https:\/\/www.celttv.com.ar\/index.php\/2013\/06\/21\/saldungaray-nuevo-equipamiento-para-la-planta-de-reciclables\/"]}]},{"@type":"BreadcrumbList","@id":"https:\/\/www.celttv.com.ar\/index.php\/2013\/06\/21\/saldungaray-nuevo-equipamiento-para-la-planta-de-reciclables\/#breadcrumb","itemListElement":[{"@type":"ListItem","position":1,"name":"Inicio","item":"https:\/\/www.celttv.com.ar\/"},{"@type":"ListItem","position":2,"name":"SALDUNGARAY: NUEVO EQUIPAMIENTO PARA LA PLANTA DE RECICLABLES"}]},{"@type":"WebSite","@id":"https:\/\/www.celttv.com.ar\/#website","url":"https:\/\/www.celttv.com.ar\/","name":"CELTTV","description":"Cooperativa El\u00e9ctrica de Tornquist","publisher":{"@id":"https:\/\/www.celttv.com.ar\/#organization"},"potentialAction":[{"@type":"SearchAction","target":{"@type":"EntryPoint","urlTemplate":"https:\/\/www.celttv.com.ar\/?s={search_term_string}"},"query-input":"required name=search_term_string"}],"inLanguage":"es"},{"@type":"Organization","@id":"https:\/\/www.celttv.com.ar\/#organization","name":"CELTTV","url":"https:\/\/www.celttv.com.ar\/","sameAs":["https:\/\/www.youtube.com\/channel\/UCz_oIt8Hig64Ub-EmcNPIhg","https:\/\/www.facebook.com\/celtTV\/"],"logo":{"@type":"ImageObject","inLanguage":"es","@id":"https:\/\/www.celttv.com.ar\/#\/schema\/logo\/image\/","url":"http:\/\/www.celttv.com.ar\/wp-content\/uploads\/2022\/08\/logo-1.png","contentUrl":"http:\/\/www.celttv.com.ar\/wp-content\/uploads\/2022\/08\/logo-1.png","width":461,"height":159,"caption":"CELTTV"},"image":{"@id":"https:\/\/www.celttv.com.ar\/#\/schema\/logo\/image\/"}},{"@type":"Person","@id":"https:\/\/www.celttv.com.ar\/#\/schema\/person\/6d99c072dba59953809c81446e9d0ace","name":"ulises","image":{"@type":"ImageObject","inLanguage":"es","@id":"https:\/\/www.celttv.com.ar\/#\/schema\/person\/image\/","url":"https:\/\/secure.gravatar.com\/avatar\/7f2c48bdc33b30088f941fb6082e555f2874c98e20cb159d7b92b50eadfce793?s=96&d=mm&r=g","contentUrl":"https:\/\/secure.gravatar.com\/avatar\/7f2c48bdc33b30088f941fb6082e555f2874c98e20cb159d7b92b50eadfce793?s=96&d=mm&r=g","caption":"ulises"},"sameAs":["http:\/\/www.celttv.com.ar"]}]}},"_links":{"self":[{"href":"https:\/\/www.celttv.com.ar\/index.php\/wp-json\/wp\/v2\/posts\/12317","targetHints":{"allow":["GET"]}}],"collection":[{"href":"https:\/\/www.celttv.com.ar\/index.php\/wp-json\/wp\/v2\/posts"}],"about":[{"href":"https:\/\/www.celttv.com.ar\/index.php\/wp-json\/wp\/v2\/types\/post"}],"author":[{"embeddable":true,"href":"https:\/\/www.celttv.com.ar\/index.php\/wp-json\/wp\/v2\/users\/1"}],"replies":[{"embeddable":true,"href":"https:\/\/www.celttv.com.ar\/index.php\/wp-json\/wp\/v2\/comments?post=12317"}],"version-history":[{"count":0,"href":"https:\/\/www.celttv.com.ar\/index.php\/wp-json\/wp\/v2\/posts\/12317\/revisions"}],"wp:attachment":[{"href":"https:\/\/www.celttv.com.ar\/index.php\/wp-json\/wp\/v2\/media?parent=12317"}],"wp:term":[{"taxonomy":"category","embeddable":true,"href":"https:\/\/www.celttv.com.ar\/index.php\/wp-json\/wp\/v2\/categories?post=12317"},{"taxonomy":"post_tag","embeddable":true,"href":"https:\/\/www.celttv.com.ar\/index.php\/wp-json\/wp\/v2\/tags?post=12317"}],"curies":[{"name":"wp","href":"https:\/\/api.w.org\/{rel}","templated":true}]}}