{"id":12321,"date":"2013-06-22T15:03:06","date_gmt":"2013-06-22T15:03:06","guid":{"rendered":"http:\/\/www.tvcnoticias.com.ar\/?p=12321"},"modified":"2013-06-22T15:03:06","modified_gmt":"2013-06-22T15:03:06","slug":"el-frente-progresista-civico-y-social-confirmo-su-lista","status":"publish","type":"post","link":"https:\/\/www.celttv.com.ar\/index.php\/2013\/06\/22\/el-frente-progresista-civico-y-social-confirmo-su-lista\/","title":{"rendered":"EL FRENTE PROGRESISTA CIVICO Y SOCIAL CONFIRMO SU LISTA"},"content":{"rendered":"<table cellspacing=\"3\" width=\"100%\">\n<tbody>\n<tr>\n<td>\n<div>\n<div dir=\"ltr\">\n<div>\nDOCUMENTO POL\u00cdTICO<br \/>\nFRENTE PROGRESISTA C\u00cdVICO Y SOCIAL:<br \/>\nFrente a la actual situaci\u00f3n pol\u00edtica y social y atendiendo al reclamo de la ciudadan\u00eda, las fuerzas pol\u00edticas socialdem\u00f3cratas, progresistas y republicanas (FAP; UCR y CC) hemos decidido aunar esfuerzos y criterios en pos de construir entre todos una alternativa seria y representativa a los intereses de los ciudadanos del Distrito de Tornquist. Dimos pruebas fehacientes del trabajo conjunto en el cuerpo deliberativo logrando un importante control de gesti\u00f3n, apuntando al crecimiento equitativo del distrito.<br \/>\nLa lista del Frente Progresista C\u00edvico y Social se conform\u00f3 atendiendo a un criterio federal que represente a la mayor cantidad de localidades del distrito.\n<\/div>\n<div>\nCONCEJALES TITULARES<br \/>\n1.\u00a0\u00a0\u00a0\u00a0Bordoni, Sergio.<br \/>\n2.\u00a0\u00a0\u00a0\u00a0De Larena, Sonia.<br \/>\n3.\u00a0\u00a0\u00a0\u00a0Gabella, Ezequiel.<br \/>\n4.\u00a0\u00a0\u00a0\u00a0Garc\u00eda, Laura.<br \/>\n5.\u00a0\u00a0\u00a0\u00a0Alarc\u00f3n, Alfredo.<br \/>\n6.\u00a0\u00a0\u00a0\u00a0Baier, Noelia.<br \/>\nCONCEJALES SUPLENTES<br \/>\n1.\u00a0\u00a0\u00a0\u00a0Bassi, Sebasti\u00e1n.<br \/>\n2.\u00a0\u00a0\u00a0\u00a0Ballesteros, Mar\u00eda Isabe.<br \/>\n3.\u00a0\u00a0\u00a0\u00a0Bauer, Andrea.<br \/>\n4.\u00a0\u00a0\u00a0\u00a0Laborde, Edgardo<br \/>\n&nbsp;\n<\/div>\n<p>CONSEJEROS ESCOLARES TITULARES<br \/>\n1.\u00a0\u00a0\u00a0\u00a0Marcolini, Claudia.<br \/>\n2.\u00a0\u00a0\u00a0\u00a0Muscillo, Adriana.<br \/>\nCONSEJEROS ESCOLARES SUPLENTES<br \/>\n1.\u00a0\u00a0\u00a0\u00a0Ceschan, Julieta.\n<\/p><\/div>\n<\/div>\n<\/td>\n<\/tr>\n<\/tbody>\n<\/table>\n<p>&nbsp;<\/p>\n","protected":false},"excerpt":{"rendered":"<p>DOCUMENTO POL\u00cdTICO FRENTE PROGRESISTA C\u00cdVICO Y SOCIAL: Frente a la actual situaci\u00f3n pol\u00edtica y social y atendiendo al reclamo de la ciudadan\u00eda, las fuerzas pol\u00edticas socialdem\u00f3cratas, progresistas y republicanas (FAP; UCR y CC) hemos decidido aunar esfuerzos y criterios en pos de construir entre todos una alternativa seria y representativa a los intereses de los [&hellip;]<\/p>\n","protected":false},"author":1,"featured_media":0,"comment_status":"closed","ping_status":"open","sticky":false,"template":"","format":"standard","meta":{"footnotes":""},"categories":[51,52,53],"tags":[],"class_list":["post-12321","post","type-post","status-publish","format-standard","hentry","category-comunidad","category-destacadas","category-politica"],"yoast_head":"<!-- This site is optimized with the Yoast SEO plugin v19.7.1 - https:\/\/yoast.com\/wordpress\/plugins\/seo\/ -->\n<title>EL FRENTE PROGRESISTA CIVICO Y SOCIAL CONFIRMO SU LISTA - CELTTV<\/title>\n<meta name=\"description\" content=\"Sitio web de noticias de la localidad de Tornquist, provincia de Buenos Aires, Rep\u00fablica Argentina. Contenido propio originado por periodistas de CELTTV, el canal de TV local de la Cooperativa El\u00e9ctrica de Tornquist. Turismo, Pol\u00edtica, Sociedad, Deporte, Cultura y todo el contenido de inter\u00e9s general que la gente del pueblo y la regi\u00f3n debe conocer.\" \/>\n<meta name=\"robots\" content=\"index, follow, max-snippet:-1, max-image-preview:large, max-video-preview:-1\" \/>\n<link rel=\"canonical\" href=\"https:\/\/www.celttv.com.ar\/index.php\/2013\/06\/22\/el-frente-progresista-civico-y-social-confirmo-su-lista\/\" \/>\n<meta property=\"og:locale\" content=\"es_ES\" \/>\n<meta property=\"og:type\" content=\"article\" \/>\n<meta property=\"og:title\" content=\"EL FRENTE PROGRESISTA CIVICO Y SOCIAL CONFIRMO SU LISTA - CELTTV\" \/>\n<meta property=\"og:description\" content=\"Sitio web de noticias de la localidad de Tornquist, provincia de Buenos Aires, Rep\u00fablica Argentina. Contenido propio originado por periodistas de CELTTV, el canal de TV local de la Cooperativa El\u00e9ctrica de Tornquist. Turismo, Pol\u00edtica, Sociedad, Deporte, Cultura y todo el contenido de inter\u00e9s general que la gente del pueblo y la regi\u00f3n debe conocer.\" \/>\n<meta property=\"og:url\" content=\"https:\/\/www.celttv.com.ar\/index.php\/2013\/06\/22\/el-frente-progresista-civico-y-social-confirmo-su-lista\/\" \/>\n<meta property=\"og:site_name\" content=\"CELTTV\" \/>\n<meta property=\"article:publisher\" content=\"https:\/\/www.facebook.com\/celtTV\/\" \/>\n<meta property=\"article:published_time\" content=\"2013-06-22T15:03:06+00:00\" \/>\n<meta name=\"author\" content=\"ulises\" \/>\n<meta name=\"twitter:card\" content=\"summary_large_image\" \/>\n<meta name=\"twitter:label1\" content=\"Escrito por\" \/>\n\t<meta name=\"twitter:data1\" content=\"ulises\" \/>\n\t<meta name=\"twitter:label2\" content=\"Tiempo de lectura\" \/>\n\t<meta name=\"twitter:data2\" content=\"1 minuto\" \/>\n<script type=\"application\/ld+json\" class=\"yoast-schema-graph\">{\"@context\":\"https:\/\/schema.org\",\"@graph\":[{\"@type\":\"NewsArticle\",\"@id\":\"https:\/\/www.celttv.com.ar\/index.php\/2013\/06\/22\/el-frente-progresista-civico-y-social-confirmo-su-lista\/#article\",\"isPartOf\":{\"@id\":\"https:\/\/www.celttv.com.ar\/index.php\/2013\/06\/22\/el-frente-progresista-civico-y-social-confirmo-su-lista\/\"},\"author\":{\"name\":\"ulises\",\"@id\":\"https:\/\/www.celttv.com.ar\/#\/schema\/person\/6d99c072dba59953809c81446e9d0ace\"},\"headline\":\"EL FRENTE PROGRESISTA CIVICO Y SOCIAL CONFIRMO SU LISTA\",\"datePublished\":\"2013-06-22T15:03:06+00:00\",\"dateModified\":\"2013-06-22T15:03:06+00:00\",\"mainEntityOfPage\":{\"@id\":\"https:\/\/www.celttv.com.ar\/index.php\/2013\/06\/22\/el-frente-progresista-civico-y-social-confirmo-su-lista\/\"},\"wordCount\":169,\"publisher\":{\"@id\":\"https:\/\/www.celttv.com.ar\/#organization\"},\"articleSection\":[\"Comunidad\",\"Destacadas\",\"Pol\u00edtica\"],\"inLanguage\":\"es\"},{\"@type\":\"WebPage\",\"@id\":\"https:\/\/www.celttv.com.ar\/index.php\/2013\/06\/22\/el-frente-progresista-civico-y-social-confirmo-su-lista\/\",\"url\":\"https:\/\/www.celttv.com.ar\/index.php\/2013\/06\/22\/el-frente-progresista-civico-y-social-confirmo-su-lista\/\",\"name\":\"EL FRENTE PROGRESISTA CIVICO Y SOCIAL CONFIRMO SU LISTA - CELTTV\",\"isPartOf\":{\"@id\":\"https:\/\/www.celttv.com.ar\/#website\"},\"datePublished\":\"2013-06-22T15:03:06+00:00\",\"dateModified\":\"2013-06-22T15:03:06+00:00\",\"description\":\"Sitio web de noticias de la localidad de Tornquist, provincia de Buenos Aires, Rep\u00fablica Argentina. Contenido propio originado por periodistas de CELTTV, el canal de TV local de la Cooperativa El\u00e9ctrica de Tornquist. Turismo, Pol\u00edtica, Sociedad, Deporte, Cultura y todo el contenido de inter\u00e9s general que la gente del pueblo y la regi\u00f3n debe conocer.\",\"breadcrumb\":{\"@id\":\"https:\/\/www.celttv.com.ar\/index.php\/2013\/06\/22\/el-frente-progresista-civico-y-social-confirmo-su-lista\/#breadcrumb\"},\"inLanguage\":\"es\",\"potentialAction\":[{\"@type\":\"ReadAction\",\"target\":[\"https:\/\/www.celttv.com.ar\/index.php\/2013\/06\/22\/el-frente-progresista-civico-y-social-confirmo-su-lista\/\"]}]},{\"@type\":\"BreadcrumbList\",\"@id\":\"https:\/\/www.celttv.com.ar\/index.php\/2013\/06\/22\/el-frente-progresista-civico-y-social-confirmo-su-lista\/#breadcrumb\",\"itemListElement\":[{\"@type\":\"ListItem\",\"position\":1,\"name\":\"Inicio\",\"item\":\"https:\/\/www.celttv.com.ar\/\"},{\"@type\":\"ListItem\",\"position\":2,\"name\":\"EL FRENTE PROGRESISTA CIVICO Y SOCIAL CONFIRMO SU LISTA\"}]},{\"@type\":\"WebSite\",\"@id\":\"https:\/\/www.celttv.com.ar\/#website\",\"url\":\"https:\/\/www.celttv.com.ar\/\",\"name\":\"CELTTV\",\"description\":\"Cooperativa El\u00e9ctrica de Tornquist\",\"publisher\":{\"@id\":\"https:\/\/www.celttv.com.ar\/#organization\"},\"potentialAction\":[{\"@type\":\"SearchAction\",\"target\":{\"@type\":\"EntryPoint\",\"urlTemplate\":\"https:\/\/www.celttv.com.ar\/?s={search_term_string}\"},\"query-input\":\"required name=search_term_string\"}],\"inLanguage\":\"es\"},{\"@type\":\"Organization\",\"@id\":\"https:\/\/www.celttv.com.ar\/#organization\",\"name\":\"CELTTV\",\"url\":\"https:\/\/www.celttv.com.ar\/\",\"sameAs\":[\"https:\/\/www.youtube.com\/channel\/UCz_oIt8Hig64Ub-EmcNPIhg\",\"https:\/\/www.facebook.com\/celtTV\/\"],\"logo\":{\"@type\":\"ImageObject\",\"inLanguage\":\"es\",\"@id\":\"https:\/\/www.celttv.com.ar\/#\/schema\/logo\/image\/\",\"url\":\"http:\/\/www.celttv.com.ar\/wp-content\/uploads\/2022\/08\/logo-1.png\",\"contentUrl\":\"http:\/\/www.celttv.com.ar\/wp-content\/uploads\/2022\/08\/logo-1.png\",\"width\":461,\"height\":159,\"caption\":\"CELTTV\"},\"image\":{\"@id\":\"https:\/\/www.celttv.com.ar\/#\/schema\/logo\/image\/\"}},{\"@type\":\"Person\",\"@id\":\"https:\/\/www.celttv.com.ar\/#\/schema\/person\/6d99c072dba59953809c81446e9d0ace\",\"name\":\"ulises\",\"image\":{\"@type\":\"ImageObject\",\"inLanguage\":\"es\",\"@id\":\"https:\/\/www.celttv.com.ar\/#\/schema\/person\/image\/\",\"url\":\"https:\/\/secure.gravatar.com\/avatar\/7f2c48bdc33b30088f941fb6082e555f2874c98e20cb159d7b92b50eadfce793?s=96&d=mm&r=g\",\"contentUrl\":\"https:\/\/secure.gravatar.com\/avatar\/7f2c48bdc33b30088f941fb6082e555f2874c98e20cb159d7b92b50eadfce793?s=96&d=mm&r=g\",\"caption\":\"ulises\"},\"sameAs\":[\"http:\/\/www.celttv.com.ar\"]}]}<\/script>\n<!-- \/ Yoast SEO plugin. -->","yoast_head_json":{"title":"EL FRENTE PROGRESISTA CIVICO Y SOCIAL CONFIRMO SU LISTA - CELTTV","description":"Sitio web de noticias de la localidad de Tornquist, provincia de Buenos Aires, Rep\u00fablica Argentina. Contenido propio originado por periodistas de CELTTV, el canal de TV local de la Cooperativa El\u00e9ctrica de Tornquist. Turismo, Pol\u00edtica, Sociedad, Deporte, Cultura y todo el contenido de inter\u00e9s general que la gente del pueblo y la regi\u00f3n debe conocer.","robots":{"index":"index","follow":"follow","max-snippet":"max-snippet:-1","max-image-preview":"max-image-preview:large","max-video-preview":"max-video-preview:-1"},"canonical":"https:\/\/www.celttv.com.ar\/index.php\/2013\/06\/22\/el-frente-progresista-civico-y-social-confirmo-su-lista\/","og_locale":"es_ES","og_type":"article","og_title":"EL FRENTE PROGRESISTA CIVICO Y SOCIAL CONFIRMO SU LISTA - CELTTV","og_description":"Sitio web de noticias de la localidad de Tornquist, provincia de Buenos Aires, Rep\u00fablica Argentina. Contenido propio originado por periodistas de CELTTV, el canal de TV local de la Cooperativa El\u00e9ctrica de Tornquist. Turismo, Pol\u00edtica, Sociedad, Deporte, Cultura y todo el contenido de inter\u00e9s general que la gente del pueblo y la regi\u00f3n debe conocer.","og_url":"https:\/\/www.celttv.com.ar\/index.php\/2013\/06\/22\/el-frente-progresista-civico-y-social-confirmo-su-lista\/","og_site_name":"CELTTV","article_publisher":"https:\/\/www.facebook.com\/celtTV\/","article_published_time":"2013-06-22T15:03:06+00:00","author":"ulises","twitter_card":"summary_large_image","twitter_misc":{"Escrito por":"ulises","Tiempo de lectura":"1 minuto"},"schema":{"@context":"https:\/\/schema.org","@graph":[{"@type":"NewsArticle","@id":"https:\/\/www.celttv.com.ar\/index.php\/2013\/06\/22\/el-frente-progresista-civico-y-social-confirmo-su-lista\/#article","isPartOf":{"@id":"https:\/\/www.celttv.com.ar\/index.php\/2013\/06\/22\/el-frente-progresista-civico-y-social-confirmo-su-lista\/"},"author":{"name":"ulises","@id":"https:\/\/www.celttv.com.ar\/#\/schema\/person\/6d99c072dba59953809c81446e9d0ace"},"headline":"EL FRENTE PROGRESISTA CIVICO Y SOCIAL CONFIRMO SU LISTA","datePublished":"2013-06-22T15:03:06+00:00","dateModified":"2013-06-22T15:03:06+00:00","mainEntityOfPage":{"@id":"https:\/\/www.celttv.com.ar\/index.php\/2013\/06\/22\/el-frente-progresista-civico-y-social-confirmo-su-lista\/"},"wordCount":169,"publisher":{"@id":"https:\/\/www.celttv.com.ar\/#organization"},"articleSection":["Comunidad","Destacadas","Pol\u00edtica"],"inLanguage":"es"},{"@type":"WebPage","@id":"https:\/\/www.celttv.com.ar\/index.php\/2013\/06\/22\/el-frente-progresista-civico-y-social-confirmo-su-lista\/","url":"https:\/\/www.celttv.com.ar\/index.php\/2013\/06\/22\/el-frente-progresista-civico-y-social-confirmo-su-lista\/","name":"EL FRENTE PROGRESISTA CIVICO Y SOCIAL CONFIRMO SU LISTA - CELTTV","isPartOf":{"@id":"https:\/\/www.celttv.com.ar\/#website"},"datePublished":"2013-06-22T15:03:06+00:00","dateModified":"2013-06-22T15:03:06+00:00","description":"Sitio web de noticias de la localidad de Tornquist, provincia de Buenos Aires, Rep\u00fablica Argentina. Contenido propio originado por periodistas de CELTTV, el canal de TV local de la Cooperativa El\u00e9ctrica de Tornquist. Turismo, Pol\u00edtica, Sociedad, Deporte, Cultura y todo el contenido de inter\u00e9s general que la gente del pueblo y la regi\u00f3n debe conocer.","breadcrumb":{"@id":"https:\/\/www.celttv.com.ar\/index.php\/2013\/06\/22\/el-frente-progresista-civico-y-social-confirmo-su-lista\/#breadcrumb"},"inLanguage":"es","potentialAction":[{"@type":"ReadAction","target":["https:\/\/www.celttv.com.ar\/index.php\/2013\/06\/22\/el-frente-progresista-civico-y-social-confirmo-su-lista\/"]}]},{"@type":"BreadcrumbList","@id":"https:\/\/www.celttv.com.ar\/index.php\/2013\/06\/22\/el-frente-progresista-civico-y-social-confirmo-su-lista\/#breadcrumb","itemListElement":[{"@type":"ListItem","position":1,"name":"Inicio","item":"https:\/\/www.celttv.com.ar\/"},{"@type":"ListItem","position":2,"name":"EL FRENTE PROGRESISTA CIVICO Y SOCIAL CONFIRMO SU LISTA"}]},{"@type":"WebSite","@id":"https:\/\/www.celttv.com.ar\/#website","url":"https:\/\/www.celttv.com.ar\/","name":"CELTTV","description":"Cooperativa El\u00e9ctrica de Tornquist","publisher":{"@id":"https:\/\/www.celttv.com.ar\/#organization"},"potentialAction":[{"@type":"SearchAction","target":{"@type":"EntryPoint","urlTemplate":"https:\/\/www.celttv.com.ar\/?s={search_term_string}"},"query-input":"required name=search_term_string"}],"inLanguage":"es"},{"@type":"Organization","@id":"https:\/\/www.celttv.com.ar\/#organization","name":"CELTTV","url":"https:\/\/www.celttv.com.ar\/","sameAs":["https:\/\/www.youtube.com\/channel\/UCz_oIt8Hig64Ub-EmcNPIhg","https:\/\/www.facebook.com\/celtTV\/"],"logo":{"@type":"ImageObject","inLanguage":"es","@id":"https:\/\/www.celttv.com.ar\/#\/schema\/logo\/image\/","url":"http:\/\/www.celttv.com.ar\/wp-content\/uploads\/2022\/08\/logo-1.png","contentUrl":"http:\/\/www.celttv.com.ar\/wp-content\/uploads\/2022\/08\/logo-1.png","width":461,"height":159,"caption":"CELTTV"},"image":{"@id":"https:\/\/www.celttv.com.ar\/#\/schema\/logo\/image\/"}},{"@type":"Person","@id":"https:\/\/www.celttv.com.ar\/#\/schema\/person\/6d99c072dba59953809c81446e9d0ace","name":"ulises","image":{"@type":"ImageObject","inLanguage":"es","@id":"https:\/\/www.celttv.com.ar\/#\/schema\/person\/image\/","url":"https:\/\/secure.gravatar.com\/avatar\/7f2c48bdc33b30088f941fb6082e555f2874c98e20cb159d7b92b50eadfce793?s=96&d=mm&r=g","contentUrl":"https:\/\/secure.gravatar.com\/avatar\/7f2c48bdc33b30088f941fb6082e555f2874c98e20cb159d7b92b50eadfce793?s=96&d=mm&r=g","caption":"ulises"},"sameAs":["http:\/\/www.celttv.com.ar"]}]}},"_links":{"self":[{"href":"https:\/\/www.celttv.com.ar\/index.php\/wp-json\/wp\/v2\/posts\/12321","targetHints":{"allow":["GET"]}}],"collection":[{"href":"https:\/\/www.celttv.com.ar\/index.php\/wp-json\/wp\/v2\/posts"}],"about":[{"href":"https:\/\/www.celttv.com.ar\/index.php\/wp-json\/wp\/v2\/types\/post"}],"author":[{"embeddable":true,"href":"https:\/\/www.celttv.com.ar\/index.php\/wp-json\/wp\/v2\/users\/1"}],"replies":[{"embeddable":true,"href":"https:\/\/www.celttv.com.ar\/index.php\/wp-json\/wp\/v2\/comments?post=12321"}],"version-history":[{"count":0,"href":"https:\/\/www.celttv.com.ar\/index.php\/wp-json\/wp\/v2\/posts\/12321\/revisions"}],"wp:attachment":[{"href":"https:\/\/www.celttv.com.ar\/index.php\/wp-json\/wp\/v2\/media?parent=12321"}],"wp:term":[{"taxonomy":"category","embeddable":true,"href":"https:\/\/www.celttv.com.ar\/index.php\/wp-json\/wp\/v2\/categories?post=12321"},{"taxonomy":"post_tag","embeddable":true,"href":"https:\/\/www.celttv.com.ar\/index.php\/wp-json\/wp\/v2\/tags?post=12321"}],"curies":[{"name":"wp","href":"https:\/\/api.w.org\/{rel}","templated":true}]}}