{"id":12366,"date":"2013-06-25T20:54:10","date_gmt":"2013-06-25T20:54:10","guid":{"rendered":"http:\/\/www.tvcnoticias.com.ar\/?p=12366"},"modified":"2013-06-25T20:54:10","modified_gmt":"2013-06-25T20:54:10","slug":"unidad-academica-festejaron-los-25-anos-de-ensenanza-primaria-y-60-del-nivel-secundario","status":"publish","type":"post","link":"https:\/\/www.celttv.com.ar\/index.php\/2013\/06\/25\/unidad-academica-festejaron-los-25-anos-de-ensenanza-primaria-y-60-del-nivel-secundario\/","title":{"rendered":"UNIDAD ACADEMICA: FESTEJARON LOS 25 A\u00d1OS DE ENSE\u00d1ANZA PRIMARIA Y 60 DEL NIVEL SECUNDARIO"},"content":{"rendered":"<p><a href=\"http:\/\/www.youtube.com\/watch?v=HQD92OUP3Is\"><a href=\"http:\/\/www.youtube.com\/watch?v=HQD92OUP3Is\">httpv:\/\/www.youtube.com\/watch?v=HQD92OUP3Is<\/a><\/a><br \/>\n<a href=\"http:\/\/www.youtube.com\/watch?v=FxDPXxCG77c\"><a href=\"http:\/\/www.youtube.com\/watch?v=FxDPXxCG77c\">httpv:\/\/www.youtube.com\/watch?v=FxDPXxCG77c<\/a><\/a><br \/>\n<a href=\"http:\/\/www.youtube.com\/watch?v=j3F2VHIMUCU\"><a href=\"http:\/\/www.youtube.com\/watch?v=j3F2VHIMUCU\">httpv:\/\/www.youtube.com\/watch?v=j3F2VHIMUCU<\/a><\/a><br \/>\nEn el sal\u00f3n de la Sociedad Italiana festejaron los 25 a\u00f1os de ense\u00f1anza primaria y los 60 de nivel secundario. Varias promociones se hicieron presentes en un sal\u00f3n acondicionado y con un muy buen servicio a cargo del Club Uni\u00f3n, de nuestra ciudad.<br \/>\nDurante la noche se entregaron reconocimientos a docentes jubiladas este a\u00f1o como Nora Fuschini, Mirta Del Gobbo, Elsa Kaltenbach y Mar\u00eda de los Angeles Daguerre.<br \/>\nMarisa Casalini Directora Institucional de la Unidad Acad\u00e9mica se mostr\u00f3 muy agradecida por el apoyo brindado hacia la instituci\u00f3n educativa cuando se dirigi\u00f3 a los presentes.<br \/>\nGracias a las firmas Center Computaci\u00f3n y Zacconi Hogar se realizaron sorteos especiales, se proyect\u00f3 un video institucional y participaron docentes y alumnos del taller de m\u00fasica.<\/p>\n","protected":false},"excerpt":{"rendered":"<p>httpv:\/\/www.youtube.com\/watch?v=HQD92OUP3Is httpv:\/\/www.youtube.com\/watch?v=FxDPXxCG77c httpv:\/\/www.youtube.com\/watch?v=j3F2VHIMUCU En el sal\u00f3n de la Sociedad Italiana festejaron los 25 a\u00f1os de ense\u00f1anza primaria y los 60 de nivel secundario. Varias promociones se hicieron presentes en un sal\u00f3n acondicionado y con un muy buen servicio a cargo del Club Uni\u00f3n, de nuestra ciudad. Durante la noche se entregaron reconocimientos a docentes jubiladas [&hellip;]<\/p>\n","protected":false},"author":1,"featured_media":0,"comment_status":"closed","ping_status":"open","sticky":false,"template":"","format":"standard","meta":{"footnotes":""},"categories":[51,52,64],"tags":[],"class_list":["post-12366","post","type-post","status-publish","format-standard","hentry","category-comunidad","category-destacadas","category-videos-destacados"],"yoast_head":"<!-- This site is optimized with the Yoast SEO plugin v19.7.1 - https:\/\/yoast.com\/wordpress\/plugins\/seo\/ -->\n<title>UNIDAD ACADEMICA: FESTEJARON LOS 25 A\u00d1OS DE ENSE\u00d1ANZA PRIMARIA Y 60 DEL NIVEL SECUNDARIO - CELTTV<\/title>\n<meta name=\"description\" content=\"Sitio web de noticias de la localidad de Tornquist, provincia de Buenos Aires, Rep\u00fablica Argentina. Contenido propio originado por periodistas de CELTTV, el canal de TV local de la Cooperativa El\u00e9ctrica de Tornquist. Turismo, Pol\u00edtica, Sociedad, Deporte, Cultura y todo el contenido de inter\u00e9s general que la gente del pueblo y la regi\u00f3n debe conocer.\" \/>\n<meta name=\"robots\" content=\"index, follow, max-snippet:-1, max-image-preview:large, max-video-preview:-1\" \/>\n<link rel=\"canonical\" href=\"https:\/\/www.celttv.com.ar\/index.php\/2013\/06\/25\/unidad-academica-festejaron-los-25-anos-de-ensenanza-primaria-y-60-del-nivel-secundario\/\" \/>\n<meta property=\"og:locale\" content=\"es_ES\" \/>\n<meta property=\"og:type\" content=\"article\" \/>\n<meta property=\"og:title\" content=\"UNIDAD ACADEMICA: FESTEJARON LOS 25 A\u00d1OS DE ENSE\u00d1ANZA PRIMARIA Y 60 DEL NIVEL SECUNDARIO - CELTTV\" \/>\n<meta property=\"og:description\" content=\"Sitio web de noticias de la localidad de Tornquist, provincia de Buenos Aires, Rep\u00fablica Argentina. Contenido propio originado por periodistas de CELTTV, el canal de TV local de la Cooperativa El\u00e9ctrica de Tornquist. Turismo, Pol\u00edtica, Sociedad, Deporte, Cultura y todo el contenido de inter\u00e9s general que la gente del pueblo y la regi\u00f3n debe conocer.\" \/>\n<meta property=\"og:url\" content=\"https:\/\/www.celttv.com.ar\/index.php\/2013\/06\/25\/unidad-academica-festejaron-los-25-anos-de-ensenanza-primaria-y-60-del-nivel-secundario\/\" \/>\n<meta property=\"og:site_name\" content=\"CELTTV\" \/>\n<meta property=\"article:publisher\" content=\"https:\/\/www.facebook.com\/celtTV\/\" \/>\n<meta property=\"article:published_time\" content=\"2013-06-25T20:54:10+00:00\" \/>\n<meta name=\"author\" content=\"ulises\" \/>\n<meta name=\"twitter:card\" content=\"summary_large_image\" \/>\n<meta name=\"twitter:label1\" content=\"Escrito por\" \/>\n\t<meta name=\"twitter:data1\" content=\"ulises\" \/>\n\t<meta name=\"twitter:label2\" content=\"Tiempo de lectura\" \/>\n\t<meta name=\"twitter:data2\" content=\"1 minuto\" \/>\n<script type=\"application\/ld+json\" class=\"yoast-schema-graph\">{\"@context\":\"https:\/\/schema.org\",\"@graph\":[{\"@type\":\"NewsArticle\",\"@id\":\"https:\/\/www.celttv.com.ar\/index.php\/2013\/06\/25\/unidad-academica-festejaron-los-25-anos-de-ensenanza-primaria-y-60-del-nivel-secundario\/#article\",\"isPartOf\":{\"@id\":\"https:\/\/www.celttv.com.ar\/index.php\/2013\/06\/25\/unidad-academica-festejaron-los-25-anos-de-ensenanza-primaria-y-60-del-nivel-secundario\/\"},\"author\":{\"name\":\"ulises\",\"@id\":\"https:\/\/www.celttv.com.ar\/#\/schema\/person\/6d99c072dba59953809c81446e9d0ace\"},\"headline\":\"UNIDAD ACADEMICA: FESTEJARON LOS 25 A\u00d1OS DE ENSE\u00d1ANZA PRIMARIA Y 60 DEL NIVEL SECUNDARIO\",\"datePublished\":\"2013-06-25T20:54:10+00:00\",\"dateModified\":\"2013-06-25T20:54:10+00:00\",\"mainEntityOfPage\":{\"@id\":\"https:\/\/www.celttv.com.ar\/index.php\/2013\/06\/25\/unidad-academica-festejaron-los-25-anos-de-ensenanza-primaria-y-60-del-nivel-secundario\/\"},\"wordCount\":170,\"publisher\":{\"@id\":\"https:\/\/www.celttv.com.ar\/#organization\"},\"articleSection\":[\"Comunidad\",\"Destacadas\",\"Videos Destacados\"],\"inLanguage\":\"es\"},{\"@type\":\"WebPage\",\"@id\":\"https:\/\/www.celttv.com.ar\/index.php\/2013\/06\/25\/unidad-academica-festejaron-los-25-anos-de-ensenanza-primaria-y-60-del-nivel-secundario\/\",\"url\":\"https:\/\/www.celttv.com.ar\/index.php\/2013\/06\/25\/unidad-academica-festejaron-los-25-anos-de-ensenanza-primaria-y-60-del-nivel-secundario\/\",\"name\":\"UNIDAD ACADEMICA: FESTEJARON LOS 25 A\u00d1OS DE ENSE\u00d1ANZA PRIMARIA Y 60 DEL NIVEL SECUNDARIO - CELTTV\",\"isPartOf\":{\"@id\":\"https:\/\/www.celttv.com.ar\/#website\"},\"datePublished\":\"2013-06-25T20:54:10+00:00\",\"dateModified\":\"2013-06-25T20:54:10+00:00\",\"description\":\"Sitio web de noticias de la localidad de Tornquist, provincia de Buenos Aires, Rep\u00fablica Argentina. Contenido propio originado por periodistas de CELTTV, el canal de TV local de la Cooperativa El\u00e9ctrica de Tornquist. Turismo, Pol\u00edtica, Sociedad, Deporte, Cultura y todo el contenido de inter\u00e9s general que la gente del pueblo y la regi\u00f3n debe conocer.\",\"breadcrumb\":{\"@id\":\"https:\/\/www.celttv.com.ar\/index.php\/2013\/06\/25\/unidad-academica-festejaron-los-25-anos-de-ensenanza-primaria-y-60-del-nivel-secundario\/#breadcrumb\"},\"inLanguage\":\"es\",\"potentialAction\":[{\"@type\":\"ReadAction\",\"target\":[\"https:\/\/www.celttv.com.ar\/index.php\/2013\/06\/25\/unidad-academica-festejaron-los-25-anos-de-ensenanza-primaria-y-60-del-nivel-secundario\/\"]}]},{\"@type\":\"BreadcrumbList\",\"@id\":\"https:\/\/www.celttv.com.ar\/index.php\/2013\/06\/25\/unidad-academica-festejaron-los-25-anos-de-ensenanza-primaria-y-60-del-nivel-secundario\/#breadcrumb\",\"itemListElement\":[{\"@type\":\"ListItem\",\"position\":1,\"name\":\"Inicio\",\"item\":\"https:\/\/www.celttv.com.ar\/\"},{\"@type\":\"ListItem\",\"position\":2,\"name\":\"UNIDAD ACADEMICA: FESTEJARON LOS 25 A\u00d1OS DE ENSE\u00d1ANZA PRIMARIA Y 60 DEL NIVEL SECUNDARIO\"}]},{\"@type\":\"WebSite\",\"@id\":\"https:\/\/www.celttv.com.ar\/#website\",\"url\":\"https:\/\/www.celttv.com.ar\/\",\"name\":\"CELTTV\",\"description\":\"Cooperativa El\u00e9ctrica de Tornquist\",\"publisher\":{\"@id\":\"https:\/\/www.celttv.com.ar\/#organization\"},\"potentialAction\":[{\"@type\":\"SearchAction\",\"target\":{\"@type\":\"EntryPoint\",\"urlTemplate\":\"https:\/\/www.celttv.com.ar\/?s={search_term_string}\"},\"query-input\":\"required name=search_term_string\"}],\"inLanguage\":\"es\"},{\"@type\":\"Organization\",\"@id\":\"https:\/\/www.celttv.com.ar\/#organization\",\"name\":\"CELTTV\",\"url\":\"https:\/\/www.celttv.com.ar\/\",\"sameAs\":[\"https:\/\/www.youtube.com\/channel\/UCz_oIt8Hig64Ub-EmcNPIhg\",\"https:\/\/www.facebook.com\/celtTV\/\"],\"logo\":{\"@type\":\"ImageObject\",\"inLanguage\":\"es\",\"@id\":\"https:\/\/www.celttv.com.ar\/#\/schema\/logo\/image\/\",\"url\":\"http:\/\/www.celttv.com.ar\/wp-content\/uploads\/2022\/08\/logo-1.png\",\"contentUrl\":\"http:\/\/www.celttv.com.ar\/wp-content\/uploads\/2022\/08\/logo-1.png\",\"width\":461,\"height\":159,\"caption\":\"CELTTV\"},\"image\":{\"@id\":\"https:\/\/www.celttv.com.ar\/#\/schema\/logo\/image\/\"}},{\"@type\":\"Person\",\"@id\":\"https:\/\/www.celttv.com.ar\/#\/schema\/person\/6d99c072dba59953809c81446e9d0ace\",\"name\":\"ulises\",\"image\":{\"@type\":\"ImageObject\",\"inLanguage\":\"es\",\"@id\":\"https:\/\/www.celttv.com.ar\/#\/schema\/person\/image\/\",\"url\":\"https:\/\/secure.gravatar.com\/avatar\/7f2c48bdc33b30088f941fb6082e555f2874c98e20cb159d7b92b50eadfce793?s=96&d=mm&r=g\",\"contentUrl\":\"https:\/\/secure.gravatar.com\/avatar\/7f2c48bdc33b30088f941fb6082e555f2874c98e20cb159d7b92b50eadfce793?s=96&d=mm&r=g\",\"caption\":\"ulises\"},\"sameAs\":[\"http:\/\/www.celttv.com.ar\"]}]}<\/script>\n<!-- \/ Yoast SEO plugin. -->","yoast_head_json":{"title":"UNIDAD ACADEMICA: FESTEJARON LOS 25 A\u00d1OS DE ENSE\u00d1ANZA PRIMARIA Y 60 DEL NIVEL SECUNDARIO - CELTTV","description":"Sitio web de noticias de la localidad de Tornquist, provincia de Buenos Aires, Rep\u00fablica Argentina. Contenido propio originado por periodistas de CELTTV, el canal de TV local de la Cooperativa El\u00e9ctrica de Tornquist. Turismo, Pol\u00edtica, Sociedad, Deporte, Cultura y todo el contenido de inter\u00e9s general que la gente del pueblo y la regi\u00f3n debe conocer.","robots":{"index":"index","follow":"follow","max-snippet":"max-snippet:-1","max-image-preview":"max-image-preview:large","max-video-preview":"max-video-preview:-1"},"canonical":"https:\/\/www.celttv.com.ar\/index.php\/2013\/06\/25\/unidad-academica-festejaron-los-25-anos-de-ensenanza-primaria-y-60-del-nivel-secundario\/","og_locale":"es_ES","og_type":"article","og_title":"UNIDAD ACADEMICA: FESTEJARON LOS 25 A\u00d1OS DE ENSE\u00d1ANZA PRIMARIA Y 60 DEL NIVEL SECUNDARIO - CELTTV","og_description":"Sitio web de noticias de la localidad de Tornquist, provincia de Buenos Aires, Rep\u00fablica Argentina. Contenido propio originado por periodistas de CELTTV, el canal de TV local de la Cooperativa El\u00e9ctrica de Tornquist. Turismo, Pol\u00edtica, Sociedad, Deporte, Cultura y todo el contenido de inter\u00e9s general que la gente del pueblo y la regi\u00f3n debe conocer.","og_url":"https:\/\/www.celttv.com.ar\/index.php\/2013\/06\/25\/unidad-academica-festejaron-los-25-anos-de-ensenanza-primaria-y-60-del-nivel-secundario\/","og_site_name":"CELTTV","article_publisher":"https:\/\/www.facebook.com\/celtTV\/","article_published_time":"2013-06-25T20:54:10+00:00","author":"ulises","twitter_card":"summary_large_image","twitter_misc":{"Escrito por":"ulises","Tiempo de lectura":"1 minuto"},"schema":{"@context":"https:\/\/schema.org","@graph":[{"@type":"NewsArticle","@id":"https:\/\/www.celttv.com.ar\/index.php\/2013\/06\/25\/unidad-academica-festejaron-los-25-anos-de-ensenanza-primaria-y-60-del-nivel-secundario\/#article","isPartOf":{"@id":"https:\/\/www.celttv.com.ar\/index.php\/2013\/06\/25\/unidad-academica-festejaron-los-25-anos-de-ensenanza-primaria-y-60-del-nivel-secundario\/"},"author":{"name":"ulises","@id":"https:\/\/www.celttv.com.ar\/#\/schema\/person\/6d99c072dba59953809c81446e9d0ace"},"headline":"UNIDAD ACADEMICA: FESTEJARON LOS 25 A\u00d1OS DE ENSE\u00d1ANZA PRIMARIA Y 60 DEL NIVEL SECUNDARIO","datePublished":"2013-06-25T20:54:10+00:00","dateModified":"2013-06-25T20:54:10+00:00","mainEntityOfPage":{"@id":"https:\/\/www.celttv.com.ar\/index.php\/2013\/06\/25\/unidad-academica-festejaron-los-25-anos-de-ensenanza-primaria-y-60-del-nivel-secundario\/"},"wordCount":170,"publisher":{"@id":"https:\/\/www.celttv.com.ar\/#organization"},"articleSection":["Comunidad","Destacadas","Videos Destacados"],"inLanguage":"es"},{"@type":"WebPage","@id":"https:\/\/www.celttv.com.ar\/index.php\/2013\/06\/25\/unidad-academica-festejaron-los-25-anos-de-ensenanza-primaria-y-60-del-nivel-secundario\/","url":"https:\/\/www.celttv.com.ar\/index.php\/2013\/06\/25\/unidad-academica-festejaron-los-25-anos-de-ensenanza-primaria-y-60-del-nivel-secundario\/","name":"UNIDAD ACADEMICA: FESTEJARON LOS 25 A\u00d1OS DE ENSE\u00d1ANZA PRIMARIA Y 60 DEL NIVEL SECUNDARIO - CELTTV","isPartOf":{"@id":"https:\/\/www.celttv.com.ar\/#website"},"datePublished":"2013-06-25T20:54:10+00:00","dateModified":"2013-06-25T20:54:10+00:00","description":"Sitio web de noticias de la localidad de Tornquist, provincia de Buenos Aires, Rep\u00fablica Argentina. Contenido propio originado por periodistas de CELTTV, el canal de TV local de la Cooperativa El\u00e9ctrica de Tornquist. Turismo, Pol\u00edtica, Sociedad, Deporte, Cultura y todo el contenido de inter\u00e9s general que la gente del pueblo y la regi\u00f3n debe conocer.","breadcrumb":{"@id":"https:\/\/www.celttv.com.ar\/index.php\/2013\/06\/25\/unidad-academica-festejaron-los-25-anos-de-ensenanza-primaria-y-60-del-nivel-secundario\/#breadcrumb"},"inLanguage":"es","potentialAction":[{"@type":"ReadAction","target":["https:\/\/www.celttv.com.ar\/index.php\/2013\/06\/25\/unidad-academica-festejaron-los-25-anos-de-ensenanza-primaria-y-60-del-nivel-secundario\/"]}]},{"@type":"BreadcrumbList","@id":"https:\/\/www.celttv.com.ar\/index.php\/2013\/06\/25\/unidad-academica-festejaron-los-25-anos-de-ensenanza-primaria-y-60-del-nivel-secundario\/#breadcrumb","itemListElement":[{"@type":"ListItem","position":1,"name":"Inicio","item":"https:\/\/www.celttv.com.ar\/"},{"@type":"ListItem","position":2,"name":"UNIDAD ACADEMICA: FESTEJARON LOS 25 A\u00d1OS DE ENSE\u00d1ANZA PRIMARIA Y 60 DEL NIVEL SECUNDARIO"}]},{"@type":"WebSite","@id":"https:\/\/www.celttv.com.ar\/#website","url":"https:\/\/www.celttv.com.ar\/","name":"CELTTV","description":"Cooperativa El\u00e9ctrica de Tornquist","publisher":{"@id":"https:\/\/www.celttv.com.ar\/#organization"},"potentialAction":[{"@type":"SearchAction","target":{"@type":"EntryPoint","urlTemplate":"https:\/\/www.celttv.com.ar\/?s={search_term_string}"},"query-input":"required name=search_term_string"}],"inLanguage":"es"},{"@type":"Organization","@id":"https:\/\/www.celttv.com.ar\/#organization","name":"CELTTV","url":"https:\/\/www.celttv.com.ar\/","sameAs":["https:\/\/www.youtube.com\/channel\/UCz_oIt8Hig64Ub-EmcNPIhg","https:\/\/www.facebook.com\/celtTV\/"],"logo":{"@type":"ImageObject","inLanguage":"es","@id":"https:\/\/www.celttv.com.ar\/#\/schema\/logo\/image\/","url":"http:\/\/www.celttv.com.ar\/wp-content\/uploads\/2022\/08\/logo-1.png","contentUrl":"http:\/\/www.celttv.com.ar\/wp-content\/uploads\/2022\/08\/logo-1.png","width":461,"height":159,"caption":"CELTTV"},"image":{"@id":"https:\/\/www.celttv.com.ar\/#\/schema\/logo\/image\/"}},{"@type":"Person","@id":"https:\/\/www.celttv.com.ar\/#\/schema\/person\/6d99c072dba59953809c81446e9d0ace","name":"ulises","image":{"@type":"ImageObject","inLanguage":"es","@id":"https:\/\/www.celttv.com.ar\/#\/schema\/person\/image\/","url":"https:\/\/secure.gravatar.com\/avatar\/7f2c48bdc33b30088f941fb6082e555f2874c98e20cb159d7b92b50eadfce793?s=96&d=mm&r=g","contentUrl":"https:\/\/secure.gravatar.com\/avatar\/7f2c48bdc33b30088f941fb6082e555f2874c98e20cb159d7b92b50eadfce793?s=96&d=mm&r=g","caption":"ulises"},"sameAs":["http:\/\/www.celttv.com.ar"]}]}},"_links":{"self":[{"href":"https:\/\/www.celttv.com.ar\/index.php\/wp-json\/wp\/v2\/posts\/12366","targetHints":{"allow":["GET"]}}],"collection":[{"href":"https:\/\/www.celttv.com.ar\/index.php\/wp-json\/wp\/v2\/posts"}],"about":[{"href":"https:\/\/www.celttv.com.ar\/index.php\/wp-json\/wp\/v2\/types\/post"}],"author":[{"embeddable":true,"href":"https:\/\/www.celttv.com.ar\/index.php\/wp-json\/wp\/v2\/users\/1"}],"replies":[{"embeddable":true,"href":"https:\/\/www.celttv.com.ar\/index.php\/wp-json\/wp\/v2\/comments?post=12366"}],"version-history":[{"count":0,"href":"https:\/\/www.celttv.com.ar\/index.php\/wp-json\/wp\/v2\/posts\/12366\/revisions"}],"wp:attachment":[{"href":"https:\/\/www.celttv.com.ar\/index.php\/wp-json\/wp\/v2\/media?parent=12366"}],"wp:term":[{"taxonomy":"category","embeddable":true,"href":"https:\/\/www.celttv.com.ar\/index.php\/wp-json\/wp\/v2\/categories?post=12366"},{"taxonomy":"post_tag","embeddable":true,"href":"https:\/\/www.celttv.com.ar\/index.php\/wp-json\/wp\/v2\/tags?post=12366"}],"curies":[{"name":"wp","href":"https:\/\/api.w.org\/{rel}","templated":true}]}}