{"id":12381,"date":"2013-06-26T21:49:14","date_gmt":"2013-06-26T21:49:14","guid":{"rendered":"http:\/\/www.tvcnoticias.com.ar\/?p=12381"},"modified":"2013-06-26T21:49:14","modified_gmt":"2013-06-26T21:49:14","slug":"medio-ambiente-continua-la-tarea-de-concientizar-a-los-mas-chicos","status":"publish","type":"post","link":"https:\/\/www.celttv.com.ar\/index.php\/2013\/06\/26\/medio-ambiente-continua-la-tarea-de-concientizar-a-los-mas-chicos\/","title":{"rendered":"MEDIO AMBIENTE: CONTINUA LA TAREA DE CONCIENTIZAR A LOS MAS CHICOS"},"content":{"rendered":"<p><br \/>\nUna charla sobre concientizaci\u00f3n ambiental para los m\u00e1s chicos, llev\u00f3 a cabo la Secretar\u00eda de Producci\u00f3n y Medio Ambiente de la Municipalidad de Tornquist en el Jard\u00edn de Infantes \u201cSan Francisco de As\u00eds\u201d de la ciudad cabecera.<br \/>\nLa iniciativa surgi\u00f3 a partir de un pedido de las docentes de la sala de cinco a\u00f1os y las autoridades del establecimiento educativo, que trabajan con los peque\u00f1os en temas relacionados con el medio ambiente.<br \/>\nLa tem\u00e1tica abordada durante la charla por el director de Producci\u00f3n y Medio Ambiente, V\u00edctor Ant\u00f3n, incluy\u00f3 la importancia de adquirir la cultura de las 3R (reducir, reutilizar y reciclar), la utilizaci\u00f3n de los puntos limpios, el cuidado del agua y la preservaci\u00f3n del medio ambiente en general.<br \/>\nLa apuesta de concientizar a los m\u00e1s peque\u00f1os tiene como objetivo llegar a los m\u00e1s grandes y trabajar en pos de que las futuras generaciones incorporen este tipo de conductas.<br \/>\nEste tipo de iniciativas se enmarca dentro del plan medioambiental que viene llevando a cabo la administraci\u00f3n que conduce el intendente municipal, licenciado Gustavo Trankels.<br \/>\n&nbsp;<\/p>\n","protected":false},"excerpt":{"rendered":"<p>Una charla sobre concientizaci\u00f3n ambiental para los m\u00e1s chicos, llev\u00f3 a cabo la Secretar\u00eda de Producci\u00f3n y Medio Ambiente de la Municipalidad de Tornquist en el Jard\u00edn de Infantes \u201cSan Francisco de As\u00eds\u201d de la ciudad cabecera. La iniciativa surgi\u00f3 a partir de un pedido de las docentes de la sala de cinco a\u00f1os y [&hellip;]<\/p>\n","protected":false},"author":1,"featured_media":0,"comment_status":"closed","ping_status":"open","sticky":false,"template":"","format":"standard","meta":{"footnotes":""},"categories":[51,52,53],"tags":[],"class_list":["post-12381","post","type-post","status-publish","format-standard","hentry","category-comunidad","category-destacadas","category-politica"],"yoast_head":"<!-- This site is optimized with the Yoast SEO plugin v19.7.1 - https:\/\/yoast.com\/wordpress\/plugins\/seo\/ -->\n<title>MEDIO AMBIENTE: CONTINUA LA TAREA DE CONCIENTIZAR A LOS MAS CHICOS - CELTTV<\/title>\n<meta name=\"description\" content=\"Sitio web de noticias de la localidad de Tornquist, provincia de Buenos Aires, Rep\u00fablica Argentina. Contenido propio originado por periodistas de CELTTV, el canal de TV local de la Cooperativa El\u00e9ctrica de Tornquist. Turismo, Pol\u00edtica, Sociedad, Deporte, Cultura y todo el contenido de inter\u00e9s general que la gente del pueblo y la regi\u00f3n debe conocer.\" \/>\n<meta name=\"robots\" content=\"index, follow, max-snippet:-1, max-image-preview:large, max-video-preview:-1\" \/>\n<link rel=\"canonical\" href=\"https:\/\/www.celttv.com.ar\/index.php\/2013\/06\/26\/medio-ambiente-continua-la-tarea-de-concientizar-a-los-mas-chicos\/\" \/>\n<meta property=\"og:locale\" content=\"es_ES\" \/>\n<meta property=\"og:type\" content=\"article\" \/>\n<meta property=\"og:title\" content=\"MEDIO AMBIENTE: CONTINUA LA TAREA DE CONCIENTIZAR A LOS MAS CHICOS - CELTTV\" \/>\n<meta property=\"og:description\" content=\"Sitio web de noticias de la localidad de Tornquist, provincia de Buenos Aires, Rep\u00fablica Argentina. Contenido propio originado por periodistas de CELTTV, el canal de TV local de la Cooperativa El\u00e9ctrica de Tornquist. Turismo, Pol\u00edtica, Sociedad, Deporte, Cultura y todo el contenido de inter\u00e9s general que la gente del pueblo y la regi\u00f3n debe conocer.\" \/>\n<meta property=\"og:url\" content=\"https:\/\/www.celttv.com.ar\/index.php\/2013\/06\/26\/medio-ambiente-continua-la-tarea-de-concientizar-a-los-mas-chicos\/\" \/>\n<meta property=\"og:site_name\" content=\"CELTTV\" \/>\n<meta property=\"article:publisher\" content=\"https:\/\/www.facebook.com\/celtTV\/\" \/>\n<meta property=\"article:published_time\" content=\"2013-06-26T21:49:14+00:00\" \/>\n<meta name=\"author\" content=\"ulises\" \/>\n<meta name=\"twitter:card\" content=\"summary_large_image\" \/>\n<meta name=\"twitter:label1\" content=\"Escrito por\" \/>\n\t<meta name=\"twitter:data1\" content=\"ulises\" \/>\n\t<meta name=\"twitter:label2\" content=\"Tiempo de lectura\" \/>\n\t<meta name=\"twitter:data2\" content=\"1 minuto\" \/>\n<script type=\"application\/ld+json\" class=\"yoast-schema-graph\">{\"@context\":\"https:\/\/schema.org\",\"@graph\":[{\"@type\":\"NewsArticle\",\"@id\":\"https:\/\/www.celttv.com.ar\/index.php\/2013\/06\/26\/medio-ambiente-continua-la-tarea-de-concientizar-a-los-mas-chicos\/#article\",\"isPartOf\":{\"@id\":\"https:\/\/www.celttv.com.ar\/index.php\/2013\/06\/26\/medio-ambiente-continua-la-tarea-de-concientizar-a-los-mas-chicos\/\"},\"author\":{\"name\":\"ulises\",\"@id\":\"https:\/\/www.celttv.com.ar\/#\/schema\/person\/6d99c072dba59953809c81446e9d0ace\"},\"headline\":\"MEDIO AMBIENTE: CONTINUA LA TAREA DE CONCIENTIZAR A LOS MAS CHICOS\",\"datePublished\":\"2013-06-26T21:49:14+00:00\",\"dateModified\":\"2013-06-26T21:49:14+00:00\",\"mainEntityOfPage\":{\"@id\":\"https:\/\/www.celttv.com.ar\/index.php\/2013\/06\/26\/medio-ambiente-continua-la-tarea-de-concientizar-a-los-mas-chicos\/\"},\"wordCount\":209,\"publisher\":{\"@id\":\"https:\/\/www.celttv.com.ar\/#organization\"},\"articleSection\":[\"Comunidad\",\"Destacadas\",\"Pol\u00edtica\"],\"inLanguage\":\"es\"},{\"@type\":\"WebPage\",\"@id\":\"https:\/\/www.celttv.com.ar\/index.php\/2013\/06\/26\/medio-ambiente-continua-la-tarea-de-concientizar-a-los-mas-chicos\/\",\"url\":\"https:\/\/www.celttv.com.ar\/index.php\/2013\/06\/26\/medio-ambiente-continua-la-tarea-de-concientizar-a-los-mas-chicos\/\",\"name\":\"MEDIO AMBIENTE: CONTINUA LA TAREA DE CONCIENTIZAR A LOS MAS CHICOS - CELTTV\",\"isPartOf\":{\"@id\":\"https:\/\/www.celttv.com.ar\/#website\"},\"datePublished\":\"2013-06-26T21:49:14+00:00\",\"dateModified\":\"2013-06-26T21:49:14+00:00\",\"description\":\"Sitio web de noticias de la localidad de Tornquist, provincia de Buenos Aires, Rep\u00fablica Argentina. Contenido propio originado por periodistas de CELTTV, el canal de TV local de la Cooperativa El\u00e9ctrica de Tornquist. Turismo, Pol\u00edtica, Sociedad, Deporte, Cultura y todo el contenido de inter\u00e9s general que la gente del pueblo y la regi\u00f3n debe conocer.\",\"breadcrumb\":{\"@id\":\"https:\/\/www.celttv.com.ar\/index.php\/2013\/06\/26\/medio-ambiente-continua-la-tarea-de-concientizar-a-los-mas-chicos\/#breadcrumb\"},\"inLanguage\":\"es\",\"potentialAction\":[{\"@type\":\"ReadAction\",\"target\":[\"https:\/\/www.celttv.com.ar\/index.php\/2013\/06\/26\/medio-ambiente-continua-la-tarea-de-concientizar-a-los-mas-chicos\/\"]}]},{\"@type\":\"BreadcrumbList\",\"@id\":\"https:\/\/www.celttv.com.ar\/index.php\/2013\/06\/26\/medio-ambiente-continua-la-tarea-de-concientizar-a-los-mas-chicos\/#breadcrumb\",\"itemListElement\":[{\"@type\":\"ListItem\",\"position\":1,\"name\":\"Inicio\",\"item\":\"https:\/\/www.celttv.com.ar\/\"},{\"@type\":\"ListItem\",\"position\":2,\"name\":\"MEDIO AMBIENTE: CONTINUA LA TAREA DE CONCIENTIZAR A LOS MAS CHICOS\"}]},{\"@type\":\"WebSite\",\"@id\":\"https:\/\/www.celttv.com.ar\/#website\",\"url\":\"https:\/\/www.celttv.com.ar\/\",\"name\":\"CELTTV\",\"description\":\"Cooperativa El\u00e9ctrica de Tornquist\",\"publisher\":{\"@id\":\"https:\/\/www.celttv.com.ar\/#organization\"},\"potentialAction\":[{\"@type\":\"SearchAction\",\"target\":{\"@type\":\"EntryPoint\",\"urlTemplate\":\"https:\/\/www.celttv.com.ar\/?s={search_term_string}\"},\"query-input\":\"required name=search_term_string\"}],\"inLanguage\":\"es\"},{\"@type\":\"Organization\",\"@id\":\"https:\/\/www.celttv.com.ar\/#organization\",\"name\":\"CELTTV\",\"url\":\"https:\/\/www.celttv.com.ar\/\",\"sameAs\":[\"https:\/\/www.youtube.com\/channel\/UCz_oIt8Hig64Ub-EmcNPIhg\",\"https:\/\/www.facebook.com\/celtTV\/\"],\"logo\":{\"@type\":\"ImageObject\",\"inLanguage\":\"es\",\"@id\":\"https:\/\/www.celttv.com.ar\/#\/schema\/logo\/image\/\",\"url\":\"http:\/\/www.celttv.com.ar\/wp-content\/uploads\/2022\/08\/logo-1.png\",\"contentUrl\":\"http:\/\/www.celttv.com.ar\/wp-content\/uploads\/2022\/08\/logo-1.png\",\"width\":461,\"height\":159,\"caption\":\"CELTTV\"},\"image\":{\"@id\":\"https:\/\/www.celttv.com.ar\/#\/schema\/logo\/image\/\"}},{\"@type\":\"Person\",\"@id\":\"https:\/\/www.celttv.com.ar\/#\/schema\/person\/6d99c072dba59953809c81446e9d0ace\",\"name\":\"ulises\",\"image\":{\"@type\":\"ImageObject\",\"inLanguage\":\"es\",\"@id\":\"https:\/\/www.celttv.com.ar\/#\/schema\/person\/image\/\",\"url\":\"https:\/\/secure.gravatar.com\/avatar\/7f2c48bdc33b30088f941fb6082e555f2874c98e20cb159d7b92b50eadfce793?s=96&d=mm&r=g\",\"contentUrl\":\"https:\/\/secure.gravatar.com\/avatar\/7f2c48bdc33b30088f941fb6082e555f2874c98e20cb159d7b92b50eadfce793?s=96&d=mm&r=g\",\"caption\":\"ulises\"},\"sameAs\":[\"http:\/\/www.celttv.com.ar\"]}]}<\/script>\n<!-- \/ Yoast SEO plugin. -->","yoast_head_json":{"title":"MEDIO AMBIENTE: CONTINUA LA TAREA DE CONCIENTIZAR A LOS MAS CHICOS - CELTTV","description":"Sitio web de noticias de la localidad de Tornquist, provincia de Buenos Aires, Rep\u00fablica Argentina. Contenido propio originado por periodistas de CELTTV, el canal de TV local de la Cooperativa El\u00e9ctrica de Tornquist. Turismo, Pol\u00edtica, Sociedad, Deporte, Cultura y todo el contenido de inter\u00e9s general que la gente del pueblo y la regi\u00f3n debe conocer.","robots":{"index":"index","follow":"follow","max-snippet":"max-snippet:-1","max-image-preview":"max-image-preview:large","max-video-preview":"max-video-preview:-1"},"canonical":"https:\/\/www.celttv.com.ar\/index.php\/2013\/06\/26\/medio-ambiente-continua-la-tarea-de-concientizar-a-los-mas-chicos\/","og_locale":"es_ES","og_type":"article","og_title":"MEDIO AMBIENTE: CONTINUA LA TAREA DE CONCIENTIZAR A LOS MAS CHICOS - CELTTV","og_description":"Sitio web de noticias de la localidad de Tornquist, provincia de Buenos Aires, Rep\u00fablica Argentina. Contenido propio originado por periodistas de CELTTV, el canal de TV local de la Cooperativa El\u00e9ctrica de Tornquist. Turismo, Pol\u00edtica, Sociedad, Deporte, Cultura y todo el contenido de inter\u00e9s general que la gente del pueblo y la regi\u00f3n debe conocer.","og_url":"https:\/\/www.celttv.com.ar\/index.php\/2013\/06\/26\/medio-ambiente-continua-la-tarea-de-concientizar-a-los-mas-chicos\/","og_site_name":"CELTTV","article_publisher":"https:\/\/www.facebook.com\/celtTV\/","article_published_time":"2013-06-26T21:49:14+00:00","author":"ulises","twitter_card":"summary_large_image","twitter_misc":{"Escrito por":"ulises","Tiempo de lectura":"1 minuto"},"schema":{"@context":"https:\/\/schema.org","@graph":[{"@type":"NewsArticle","@id":"https:\/\/www.celttv.com.ar\/index.php\/2013\/06\/26\/medio-ambiente-continua-la-tarea-de-concientizar-a-los-mas-chicos\/#article","isPartOf":{"@id":"https:\/\/www.celttv.com.ar\/index.php\/2013\/06\/26\/medio-ambiente-continua-la-tarea-de-concientizar-a-los-mas-chicos\/"},"author":{"name":"ulises","@id":"https:\/\/www.celttv.com.ar\/#\/schema\/person\/6d99c072dba59953809c81446e9d0ace"},"headline":"MEDIO AMBIENTE: CONTINUA LA TAREA DE CONCIENTIZAR A LOS MAS CHICOS","datePublished":"2013-06-26T21:49:14+00:00","dateModified":"2013-06-26T21:49:14+00:00","mainEntityOfPage":{"@id":"https:\/\/www.celttv.com.ar\/index.php\/2013\/06\/26\/medio-ambiente-continua-la-tarea-de-concientizar-a-los-mas-chicos\/"},"wordCount":209,"publisher":{"@id":"https:\/\/www.celttv.com.ar\/#organization"},"articleSection":["Comunidad","Destacadas","Pol\u00edtica"],"inLanguage":"es"},{"@type":"WebPage","@id":"https:\/\/www.celttv.com.ar\/index.php\/2013\/06\/26\/medio-ambiente-continua-la-tarea-de-concientizar-a-los-mas-chicos\/","url":"https:\/\/www.celttv.com.ar\/index.php\/2013\/06\/26\/medio-ambiente-continua-la-tarea-de-concientizar-a-los-mas-chicos\/","name":"MEDIO AMBIENTE: CONTINUA LA TAREA DE CONCIENTIZAR A LOS MAS CHICOS - CELTTV","isPartOf":{"@id":"https:\/\/www.celttv.com.ar\/#website"},"datePublished":"2013-06-26T21:49:14+00:00","dateModified":"2013-06-26T21:49:14+00:00","description":"Sitio web de noticias de la localidad de Tornquist, provincia de Buenos Aires, Rep\u00fablica Argentina. Contenido propio originado por periodistas de CELTTV, el canal de TV local de la Cooperativa El\u00e9ctrica de Tornquist. Turismo, Pol\u00edtica, Sociedad, Deporte, Cultura y todo el contenido de inter\u00e9s general que la gente del pueblo y la regi\u00f3n debe conocer.","breadcrumb":{"@id":"https:\/\/www.celttv.com.ar\/index.php\/2013\/06\/26\/medio-ambiente-continua-la-tarea-de-concientizar-a-los-mas-chicos\/#breadcrumb"},"inLanguage":"es","potentialAction":[{"@type":"ReadAction","target":["https:\/\/www.celttv.com.ar\/index.php\/2013\/06\/26\/medio-ambiente-continua-la-tarea-de-concientizar-a-los-mas-chicos\/"]}]},{"@type":"BreadcrumbList","@id":"https:\/\/www.celttv.com.ar\/index.php\/2013\/06\/26\/medio-ambiente-continua-la-tarea-de-concientizar-a-los-mas-chicos\/#breadcrumb","itemListElement":[{"@type":"ListItem","position":1,"name":"Inicio","item":"https:\/\/www.celttv.com.ar\/"},{"@type":"ListItem","position":2,"name":"MEDIO AMBIENTE: CONTINUA LA TAREA DE CONCIENTIZAR A LOS MAS CHICOS"}]},{"@type":"WebSite","@id":"https:\/\/www.celttv.com.ar\/#website","url":"https:\/\/www.celttv.com.ar\/","name":"CELTTV","description":"Cooperativa El\u00e9ctrica de Tornquist","publisher":{"@id":"https:\/\/www.celttv.com.ar\/#organization"},"potentialAction":[{"@type":"SearchAction","target":{"@type":"EntryPoint","urlTemplate":"https:\/\/www.celttv.com.ar\/?s={search_term_string}"},"query-input":"required name=search_term_string"}],"inLanguage":"es"},{"@type":"Organization","@id":"https:\/\/www.celttv.com.ar\/#organization","name":"CELTTV","url":"https:\/\/www.celttv.com.ar\/","sameAs":["https:\/\/www.youtube.com\/channel\/UCz_oIt8Hig64Ub-EmcNPIhg","https:\/\/www.facebook.com\/celtTV\/"],"logo":{"@type":"ImageObject","inLanguage":"es","@id":"https:\/\/www.celttv.com.ar\/#\/schema\/logo\/image\/","url":"http:\/\/www.celttv.com.ar\/wp-content\/uploads\/2022\/08\/logo-1.png","contentUrl":"http:\/\/www.celttv.com.ar\/wp-content\/uploads\/2022\/08\/logo-1.png","width":461,"height":159,"caption":"CELTTV"},"image":{"@id":"https:\/\/www.celttv.com.ar\/#\/schema\/logo\/image\/"}},{"@type":"Person","@id":"https:\/\/www.celttv.com.ar\/#\/schema\/person\/6d99c072dba59953809c81446e9d0ace","name":"ulises","image":{"@type":"ImageObject","inLanguage":"es","@id":"https:\/\/www.celttv.com.ar\/#\/schema\/person\/image\/","url":"https:\/\/secure.gravatar.com\/avatar\/7f2c48bdc33b30088f941fb6082e555f2874c98e20cb159d7b92b50eadfce793?s=96&d=mm&r=g","contentUrl":"https:\/\/secure.gravatar.com\/avatar\/7f2c48bdc33b30088f941fb6082e555f2874c98e20cb159d7b92b50eadfce793?s=96&d=mm&r=g","caption":"ulises"},"sameAs":["http:\/\/www.celttv.com.ar"]}]}},"_links":{"self":[{"href":"https:\/\/www.celttv.com.ar\/index.php\/wp-json\/wp\/v2\/posts\/12381","targetHints":{"allow":["GET"]}}],"collection":[{"href":"https:\/\/www.celttv.com.ar\/index.php\/wp-json\/wp\/v2\/posts"}],"about":[{"href":"https:\/\/www.celttv.com.ar\/index.php\/wp-json\/wp\/v2\/types\/post"}],"author":[{"embeddable":true,"href":"https:\/\/www.celttv.com.ar\/index.php\/wp-json\/wp\/v2\/users\/1"}],"replies":[{"embeddable":true,"href":"https:\/\/www.celttv.com.ar\/index.php\/wp-json\/wp\/v2\/comments?post=12381"}],"version-history":[{"count":0,"href":"https:\/\/www.celttv.com.ar\/index.php\/wp-json\/wp\/v2\/posts\/12381\/revisions"}],"wp:attachment":[{"href":"https:\/\/www.celttv.com.ar\/index.php\/wp-json\/wp\/v2\/media?parent=12381"}],"wp:term":[{"taxonomy":"category","embeddable":true,"href":"https:\/\/www.celttv.com.ar\/index.php\/wp-json\/wp\/v2\/categories?post=12381"},{"taxonomy":"post_tag","embeddable":true,"href":"https:\/\/www.celttv.com.ar\/index.php\/wp-json\/wp\/v2\/tags?post=12381"}],"curies":[{"name":"wp","href":"https:\/\/api.w.org\/{rel}","templated":true}]}}