{"id":12393,"date":"2013-06-27T21:19:43","date_gmt":"2013-06-27T21:19:43","guid":{"rendered":"http:\/\/www.tvcnoticias.com.ar\/?p=12393"},"modified":"2013-06-27T21:19:43","modified_gmt":"2013-06-27T21:19:43","slug":"comenzo-la-ejecucion-de-una-importante-obra-para-tornquist-fotos-y-notas","status":"publish","type":"post","link":"https:\/\/www.celttv.com.ar\/index.php\/2013\/06\/27\/comenzo-la-ejecucion-de-una-importante-obra-para-tornquist-fotos-y-notas\/","title":{"rendered":"COMENZO LA EJECUCION DE UNA IMPORTANTE OBRA PARA TORNQUIST (Fotos y notas)"},"content":{"rendered":"<p><br \/>\n[audio:http:\/\/www.tvcnoticias.com.ar\/wp-content\/uploads\/2013\/06\/OBRA-DE-AGUA-EN-TORNQUIST.mp3|titles=OBRA DE AGUA EN TORNQUIST]<br \/>\nUna obra que permitir\u00e1 mejorar el servicio de agua potable en la ciudad cabecera del distrito comenz\u00f3 a ejecutarse en las \u00faltimas horas en el predio del Parque Lineal. Se trata de la construcci\u00f3n de un pozo de abastecimiento y red, ejecutados con fondos provenientes del gobierno nacional, a trav\u00e9s del programa M\u00e1s Cerca: M\u00e1s Municipio, Mejor Pa\u00eds, M\u00e1s Patria, dependiente del Ministerio de Planificaci\u00f3n Federal, Inversi\u00f3n P\u00fablica y Servicios.<br \/>\nEl intendente municipal, licenciado Gustavo Trankels, recorri\u00f3 en la ma\u00f1ana de hoy el sector y corrobor\u00f3 los avances en el desarrollo de la perforaci\u00f3n, que posibilitar\u00e1 ampliar la capacidad de captaci\u00f3n existente actualmente en Tornquist.<br \/>\nEl jefe comunal estuvo acompa\u00f1ado por la secretaria de Obras y Servicios P\u00fablicos, arquitecta Anabella Madue\u00f1a, y el subsecretario de la misma dependencia, Christian Trankels.<br \/>\n\u201cEste es un proyecto que en su momento se realiz\u00f3 desde la Secretar\u00eda de Obras y Servicios P\u00fablicos del municipio. La idea es reforzar y mejorar la calidad del servicio de captaci\u00f3n, almacenamiento y distribuci\u00f3n de agua potable. Para eso estamos incorporando la novena perforaci\u00f3n, tras realizar la gesti\u00f3n ante el Ente Nacional de Obras H\u00eddricas y Saneamiento (Enohsa)\u201d, destac\u00f3 Trankels.<br \/>\n\u201cOportunamente firmamos el convenio con el ministro Julio De Vido, y eso posibilit\u00f3 que el municipio tenga hoy el adelanto de fondos para poder iniciar esta obra. Es una inversi\u00f3n del orden de los 900 mil pesos y se trata de una perforaci\u00f3n, con toda la tecnolog\u00eda que existe hoy en el tema, con el objetivo de asegurar durabilidad en el tiempo\u201d, explic\u00f3.<br \/>\nTrankels coment\u00f3 otros detalles de la obra.<br \/>\n\u201cAdem\u00e1s del pozo de captaci\u00f3n, se incorporar\u00e1 una l\u00ednea de impulsi\u00f3n que lo vincular\u00e1 con la red existente actualmente y tambi\u00e9n con los tanques de almacenamiento de agua, mientras que en una segunda etapa haremos un anillado en el Barrio Sur, que incluir\u00e1 la provisi\u00f3n de agua potable en ca\u00f1er\u00edas de \u00faltima tecnolog\u00eda para el futuro barrio de viviendas y para mejorar el caudal de un importante sector del barrio, que tiene algunas deficiencias en la presi\u00f3n\u201d, asegur\u00f3.<br \/>\n\u201cEste verano no tuvimos inconvenientes con la provisi\u00f3n, pero de todos modos aprovechamos el invierno para ejecutar esta obra y llegar al pr\u00f3ximo per\u00edodo estival en buenas condiciones, con el objetivo de estar cubiertos ante un incremento de demanda\u201d, recalc\u00f3 y agreg\u00f3 que se dispondr\u00e1 de un sistema de clorado en la misma perforaci\u00f3n.<br \/>\nEl intendente destac\u00f3 el apoyo permanente que el municipio recibe de parte del gobierno que conduce la presidenta Cristina Fern\u00e1ndez y, en este caso, especialmente al administrador del Enohsa, Lucio Tamburo y todo su equipo.<br \/>\n\u201cLa obra se ejecuta con aportes del gobierno nacional. De otra manera ser\u00eda imposible afrontar una ejecuci\u00f3n de esta envergadura desde el municipio. La presidenta Cristina Fern\u00e1ndez, a trav\u00e9s del Plan M\u00e1s Cerca, nos permite acceder a esta infraestructura, que hacia el futuro nos brinda tranquilidad de provisi\u00f3n en calidad y cantidad suficiente para toda la comunidad. Es una inversi\u00f3n importante no s\u00f3lo en infraestructura sino tambi\u00e9n en salud\u201d, consider\u00f3.<br \/>\nPor su parte, Madue\u00f1a resalt\u00f3 la importancia de contar con una nueva perforaci\u00f3n, aunque advirti\u00f3 que no obstante continuar\u00e1n trabajando en la concientizaci\u00f3n de los vecinos, para que el recurso sea usado responsablemente.<br \/>\n\u201cPese a que en el \u00faltimo verano no tuvimos inconvenientes, es bueno poder realizar esta obra, que contribuye en el mejoramiento del servicio. De todos modos, tenemos que continuar cuidando el recurso\u201d, se\u00f1al\u00f3.<br \/>\n\u201cLa iniciativa apunta al futuro, teniendo en cuenta que proyectamos otras etapas pensando en una cantidad de habitantes mucho mayor a la que tenemos, m\u00e1s del doble que la actual\u201d, rescat\u00f3.<br \/>\n\u201cEl plazo de obra est\u00e1 programado en dos meses, ya que no s\u00f3lo abarca la perforaci\u00f3n sino tambi\u00e9n la parte civil y electromec\u00e1nica, la instalaci\u00f3n del clorador y la parte el\u00e9ctrica, adem\u00e1s de 300 metros de ca\u00f1er\u00eda de impulsi\u00f3n para vincularlo con el tanque de reserva\u201d, manifest\u00f3.<br \/>\n<strong>La obra, en detalle<\/strong><br \/>\nLa ejecuci\u00f3n comprende dos etapas:<br \/>\n&#8211;\u00a0\u00a0\u00a0\u00a0\u00a0\u00a0\u00a0\u00a0\u00a0 Ejecuci\u00f3n de una perforaci\u00f3n para extracci\u00f3n de agua de 100 metros de profundidad, con ca\u00f1o de acero de \u00d88\u201d, encamisado de acero de \u00d812\u201d hasta los primeros 40 metros de profundidad. Esta perforaci\u00f3n se empalmar\u00e1 a la red existente y estar\u00e1 asimismo conectada (a trav\u00e9s de una ca\u00f1er\u00eda de impulsi\u00f3n de \u00d8160 mm y 300 metros de longitud aprox.), a la cisterna elevada ubicada en el Club H\u00edpico. La obra comprende asimismo la construcci\u00f3n de un tablero de comando y pilar de medici\u00f3n, la instalaci\u00f3n de bombas dosificadoras y elementos de interconexi\u00f3n, con su correspondiente caseta de mamposter\u00eda.<br \/>\n&#8211;\u00a0\u00a0\u00a0\u00a0\u00a0\u00a0\u00a0\u00a0\u00a0 La otra etapa de obra, consiste en la extensi\u00f3n de red de agua corriente, de una longitud aproximada de 1000  metros lineales en el sector sur de la ciudad, tendr\u00e1 tres objetivos fundamentales: anillar un cuarto de la planta urbana de la ciudad lo que permitir\u00e1 mejorar la calidad del servicio en ese sector; dotar del servicio al barrio de viviendas en construcci\u00f3n (30 viviendas correspondientes al Programa Plurianual Reconvertido), y extender el servicio para futuras construcciones de viviendas en esa zona. La red se materializar\u00e1 con ca\u00f1os de PVC Clase 6 de \u00d8 110, 75 y 63 mm<br \/>\n&nbsp;<br \/>\nToda la obra se realizar\u00e1 con materiales de primera calidad y maquinarias de alta tecnolog\u00eda<br \/>\n&nbsp;<\/p>\n","protected":false},"excerpt":{"rendered":"<p>[audio:http:\/\/www.tvcnoticias.com.ar\/wp-content\/uploads\/2013\/06\/OBRA-DE-AGUA-EN-TORNQUIST.mp3|titles=OBRA DE AGUA EN TORNQUIST] Una obra que permitir\u00e1 mejorar el servicio de agua potable en la ciudad cabecera del distrito comenz\u00f3 a ejecutarse en las \u00faltimas horas en el predio del Parque Lineal. Se trata de la construcci\u00f3n de un pozo de abastecimiento y red, ejecutados con fondos provenientes del gobierno nacional, a trav\u00e9s [&hellip;]<\/p>\n","protected":false},"author":1,"featured_media":0,"comment_status":"closed","ping_status":"open","sticky":false,"template":"","format":"standard","meta":{"footnotes":""},"categories":[51,52,53],"tags":[],"class_list":["post-12393","post","type-post","status-publish","format-standard","hentry","category-comunidad","category-destacadas","category-politica"],"yoast_head":"<!-- This site is optimized with the Yoast SEO plugin v19.7.1 - https:\/\/yoast.com\/wordpress\/plugins\/seo\/ -->\n<title>COMENZO LA EJECUCION DE UNA IMPORTANTE OBRA PARA TORNQUIST (Fotos y notas) - CELTTV<\/title>\n<meta name=\"description\" content=\"Sitio web de noticias de la localidad de Tornquist, provincia de Buenos Aires, Rep\u00fablica Argentina. Contenido propio originado por periodistas de CELTTV, el canal de TV local de la Cooperativa El\u00e9ctrica de Tornquist. Turismo, Pol\u00edtica, Sociedad, Deporte, Cultura y todo el contenido de inter\u00e9s general que la gente del pueblo y la regi\u00f3n debe conocer.\" \/>\n<meta name=\"robots\" content=\"index, follow, max-snippet:-1, max-image-preview:large, max-video-preview:-1\" \/>\n<link rel=\"canonical\" href=\"https:\/\/www.celttv.com.ar\/index.php\/2013\/06\/27\/comenzo-la-ejecucion-de-una-importante-obra-para-tornquist-fotos-y-notas\/\" \/>\n<meta property=\"og:locale\" content=\"es_ES\" \/>\n<meta property=\"og:type\" content=\"article\" \/>\n<meta property=\"og:title\" content=\"COMENZO LA EJECUCION DE UNA IMPORTANTE OBRA PARA TORNQUIST (Fotos y notas) - CELTTV\" \/>\n<meta property=\"og:description\" content=\"Sitio web de noticias de la localidad de Tornquist, provincia de Buenos Aires, Rep\u00fablica Argentina. Contenido propio originado por periodistas de CELTTV, el canal de TV local de la Cooperativa El\u00e9ctrica de Tornquist. Turismo, Pol\u00edtica, Sociedad, Deporte, Cultura y todo el contenido de inter\u00e9s general que la gente del pueblo y la regi\u00f3n debe conocer.\" \/>\n<meta property=\"og:url\" content=\"https:\/\/www.celttv.com.ar\/index.php\/2013\/06\/27\/comenzo-la-ejecucion-de-una-importante-obra-para-tornquist-fotos-y-notas\/\" \/>\n<meta property=\"og:site_name\" content=\"CELTTV\" \/>\n<meta property=\"article:publisher\" content=\"https:\/\/www.facebook.com\/celtTV\/\" \/>\n<meta property=\"article:published_time\" content=\"2013-06-27T21:19:43+00:00\" \/>\n<meta name=\"author\" content=\"ulises\" \/>\n<meta name=\"twitter:card\" content=\"summary_large_image\" \/>\n<meta name=\"twitter:label1\" content=\"Escrito por\" \/>\n\t<meta name=\"twitter:data1\" content=\"ulises\" \/>\n\t<meta name=\"twitter:label2\" content=\"Tiempo de lectura\" \/>\n\t<meta name=\"twitter:data2\" content=\"5 minutos\" \/>\n<script type=\"application\/ld+json\" class=\"yoast-schema-graph\">{\"@context\":\"https:\/\/schema.org\",\"@graph\":[{\"@type\":\"NewsArticle\",\"@id\":\"https:\/\/www.celttv.com.ar\/index.php\/2013\/06\/27\/comenzo-la-ejecucion-de-una-importante-obra-para-tornquist-fotos-y-notas\/#article\",\"isPartOf\":{\"@id\":\"https:\/\/www.celttv.com.ar\/index.php\/2013\/06\/27\/comenzo-la-ejecucion-de-una-importante-obra-para-tornquist-fotos-y-notas\/\"},\"author\":{\"name\":\"ulises\",\"@id\":\"https:\/\/www.celttv.com.ar\/#\/schema\/person\/6d99c072dba59953809c81446e9d0ace\"},\"headline\":\"COMENZO LA EJECUCION DE UNA IMPORTANTE OBRA PARA TORNQUIST (Fotos y notas)\",\"datePublished\":\"2013-06-27T21:19:43+00:00\",\"dateModified\":\"2013-06-27T21:19:43+00:00\",\"mainEntityOfPage\":{\"@id\":\"https:\/\/www.celttv.com.ar\/index.php\/2013\/06\/27\/comenzo-la-ejecucion-de-una-importante-obra-para-tornquist-fotos-y-notas\/\"},\"wordCount\":969,\"publisher\":{\"@id\":\"https:\/\/www.celttv.com.ar\/#organization\"},\"articleSection\":[\"Comunidad\",\"Destacadas\",\"Pol\u00edtica\"],\"inLanguage\":\"es\"},{\"@type\":\"WebPage\",\"@id\":\"https:\/\/www.celttv.com.ar\/index.php\/2013\/06\/27\/comenzo-la-ejecucion-de-una-importante-obra-para-tornquist-fotos-y-notas\/\",\"url\":\"https:\/\/www.celttv.com.ar\/index.php\/2013\/06\/27\/comenzo-la-ejecucion-de-una-importante-obra-para-tornquist-fotos-y-notas\/\",\"name\":\"COMENZO LA EJECUCION DE UNA IMPORTANTE OBRA PARA TORNQUIST (Fotos y notas) - CELTTV\",\"isPartOf\":{\"@id\":\"https:\/\/www.celttv.com.ar\/#website\"},\"datePublished\":\"2013-06-27T21:19:43+00:00\",\"dateModified\":\"2013-06-27T21:19:43+00:00\",\"description\":\"Sitio web de noticias de la localidad de Tornquist, provincia de Buenos Aires, Rep\u00fablica Argentina. Contenido propio originado por periodistas de CELTTV, el canal de TV local de la Cooperativa El\u00e9ctrica de Tornquist. Turismo, Pol\u00edtica, Sociedad, Deporte, Cultura y todo el contenido de inter\u00e9s general que la gente del pueblo y la regi\u00f3n debe conocer.\",\"breadcrumb\":{\"@id\":\"https:\/\/www.celttv.com.ar\/index.php\/2013\/06\/27\/comenzo-la-ejecucion-de-una-importante-obra-para-tornquist-fotos-y-notas\/#breadcrumb\"},\"inLanguage\":\"es\",\"potentialAction\":[{\"@type\":\"ReadAction\",\"target\":[\"https:\/\/www.celttv.com.ar\/index.php\/2013\/06\/27\/comenzo-la-ejecucion-de-una-importante-obra-para-tornquist-fotos-y-notas\/\"]}]},{\"@type\":\"BreadcrumbList\",\"@id\":\"https:\/\/www.celttv.com.ar\/index.php\/2013\/06\/27\/comenzo-la-ejecucion-de-una-importante-obra-para-tornquist-fotos-y-notas\/#breadcrumb\",\"itemListElement\":[{\"@type\":\"ListItem\",\"position\":1,\"name\":\"Inicio\",\"item\":\"https:\/\/www.celttv.com.ar\/\"},{\"@type\":\"ListItem\",\"position\":2,\"name\":\"COMENZO LA EJECUCION DE UNA IMPORTANTE OBRA PARA TORNQUIST (Fotos y notas)\"}]},{\"@type\":\"WebSite\",\"@id\":\"https:\/\/www.celttv.com.ar\/#website\",\"url\":\"https:\/\/www.celttv.com.ar\/\",\"name\":\"CELTTV\",\"description\":\"Cooperativa El\u00e9ctrica de Tornquist\",\"publisher\":{\"@id\":\"https:\/\/www.celttv.com.ar\/#organization\"},\"potentialAction\":[{\"@type\":\"SearchAction\",\"target\":{\"@type\":\"EntryPoint\",\"urlTemplate\":\"https:\/\/www.celttv.com.ar\/?s={search_term_string}\"},\"query-input\":\"required name=search_term_string\"}],\"inLanguage\":\"es\"},{\"@type\":\"Organization\",\"@id\":\"https:\/\/www.celttv.com.ar\/#organization\",\"name\":\"CELTTV\",\"url\":\"https:\/\/www.celttv.com.ar\/\",\"sameAs\":[\"https:\/\/www.youtube.com\/channel\/UCz_oIt8Hig64Ub-EmcNPIhg\",\"https:\/\/www.facebook.com\/celtTV\/\"],\"logo\":{\"@type\":\"ImageObject\",\"inLanguage\":\"es\",\"@id\":\"https:\/\/www.celttv.com.ar\/#\/schema\/logo\/image\/\",\"url\":\"http:\/\/www.celttv.com.ar\/wp-content\/uploads\/2022\/08\/logo-1.png\",\"contentUrl\":\"http:\/\/www.celttv.com.ar\/wp-content\/uploads\/2022\/08\/logo-1.png\",\"width\":461,\"height\":159,\"caption\":\"CELTTV\"},\"image\":{\"@id\":\"https:\/\/www.celttv.com.ar\/#\/schema\/logo\/image\/\"}},{\"@type\":\"Person\",\"@id\":\"https:\/\/www.celttv.com.ar\/#\/schema\/person\/6d99c072dba59953809c81446e9d0ace\",\"name\":\"ulises\",\"image\":{\"@type\":\"ImageObject\",\"inLanguage\":\"es\",\"@id\":\"https:\/\/www.celttv.com.ar\/#\/schema\/person\/image\/\",\"url\":\"https:\/\/secure.gravatar.com\/avatar\/7f2c48bdc33b30088f941fb6082e555f2874c98e20cb159d7b92b50eadfce793?s=96&d=mm&r=g\",\"contentUrl\":\"https:\/\/secure.gravatar.com\/avatar\/7f2c48bdc33b30088f941fb6082e555f2874c98e20cb159d7b92b50eadfce793?s=96&d=mm&r=g\",\"caption\":\"ulises\"},\"sameAs\":[\"http:\/\/www.celttv.com.ar\"]}]}<\/script>\n<!-- \/ Yoast SEO plugin. -->","yoast_head_json":{"title":"COMENZO LA EJECUCION DE UNA IMPORTANTE OBRA PARA TORNQUIST (Fotos y notas) - CELTTV","description":"Sitio web de noticias de la localidad de Tornquist, provincia de Buenos Aires, Rep\u00fablica Argentina. Contenido propio originado por periodistas de CELTTV, el canal de TV local de la Cooperativa El\u00e9ctrica de Tornquist. Turismo, Pol\u00edtica, Sociedad, Deporte, Cultura y todo el contenido de inter\u00e9s general que la gente del pueblo y la regi\u00f3n debe conocer.","robots":{"index":"index","follow":"follow","max-snippet":"max-snippet:-1","max-image-preview":"max-image-preview:large","max-video-preview":"max-video-preview:-1"},"canonical":"https:\/\/www.celttv.com.ar\/index.php\/2013\/06\/27\/comenzo-la-ejecucion-de-una-importante-obra-para-tornquist-fotos-y-notas\/","og_locale":"es_ES","og_type":"article","og_title":"COMENZO LA EJECUCION DE UNA IMPORTANTE OBRA PARA TORNQUIST (Fotos y notas) - CELTTV","og_description":"Sitio web de noticias de la localidad de Tornquist, provincia de Buenos Aires, Rep\u00fablica Argentina. Contenido propio originado por periodistas de CELTTV, el canal de TV local de la Cooperativa El\u00e9ctrica de Tornquist. Turismo, Pol\u00edtica, Sociedad, Deporte, Cultura y todo el contenido de inter\u00e9s general que la gente del pueblo y la regi\u00f3n debe conocer.","og_url":"https:\/\/www.celttv.com.ar\/index.php\/2013\/06\/27\/comenzo-la-ejecucion-de-una-importante-obra-para-tornquist-fotos-y-notas\/","og_site_name":"CELTTV","article_publisher":"https:\/\/www.facebook.com\/celtTV\/","article_published_time":"2013-06-27T21:19:43+00:00","author":"ulises","twitter_card":"summary_large_image","twitter_misc":{"Escrito por":"ulises","Tiempo de lectura":"5 minutos"},"schema":{"@context":"https:\/\/schema.org","@graph":[{"@type":"NewsArticle","@id":"https:\/\/www.celttv.com.ar\/index.php\/2013\/06\/27\/comenzo-la-ejecucion-de-una-importante-obra-para-tornquist-fotos-y-notas\/#article","isPartOf":{"@id":"https:\/\/www.celttv.com.ar\/index.php\/2013\/06\/27\/comenzo-la-ejecucion-de-una-importante-obra-para-tornquist-fotos-y-notas\/"},"author":{"name":"ulises","@id":"https:\/\/www.celttv.com.ar\/#\/schema\/person\/6d99c072dba59953809c81446e9d0ace"},"headline":"COMENZO LA EJECUCION DE UNA IMPORTANTE OBRA PARA TORNQUIST (Fotos y notas)","datePublished":"2013-06-27T21:19:43+00:00","dateModified":"2013-06-27T21:19:43+00:00","mainEntityOfPage":{"@id":"https:\/\/www.celttv.com.ar\/index.php\/2013\/06\/27\/comenzo-la-ejecucion-de-una-importante-obra-para-tornquist-fotos-y-notas\/"},"wordCount":969,"publisher":{"@id":"https:\/\/www.celttv.com.ar\/#organization"},"articleSection":["Comunidad","Destacadas","Pol\u00edtica"],"inLanguage":"es"},{"@type":"WebPage","@id":"https:\/\/www.celttv.com.ar\/index.php\/2013\/06\/27\/comenzo-la-ejecucion-de-una-importante-obra-para-tornquist-fotos-y-notas\/","url":"https:\/\/www.celttv.com.ar\/index.php\/2013\/06\/27\/comenzo-la-ejecucion-de-una-importante-obra-para-tornquist-fotos-y-notas\/","name":"COMENZO LA EJECUCION DE UNA IMPORTANTE OBRA PARA TORNQUIST (Fotos y notas) - CELTTV","isPartOf":{"@id":"https:\/\/www.celttv.com.ar\/#website"},"datePublished":"2013-06-27T21:19:43+00:00","dateModified":"2013-06-27T21:19:43+00:00","description":"Sitio web de noticias de la localidad de Tornquist, provincia de Buenos Aires, Rep\u00fablica Argentina. Contenido propio originado por periodistas de CELTTV, el canal de TV local de la Cooperativa El\u00e9ctrica de Tornquist. Turismo, Pol\u00edtica, Sociedad, Deporte, Cultura y todo el contenido de inter\u00e9s general que la gente del pueblo y la regi\u00f3n debe conocer.","breadcrumb":{"@id":"https:\/\/www.celttv.com.ar\/index.php\/2013\/06\/27\/comenzo-la-ejecucion-de-una-importante-obra-para-tornquist-fotos-y-notas\/#breadcrumb"},"inLanguage":"es","potentialAction":[{"@type":"ReadAction","target":["https:\/\/www.celttv.com.ar\/index.php\/2013\/06\/27\/comenzo-la-ejecucion-de-una-importante-obra-para-tornquist-fotos-y-notas\/"]}]},{"@type":"BreadcrumbList","@id":"https:\/\/www.celttv.com.ar\/index.php\/2013\/06\/27\/comenzo-la-ejecucion-de-una-importante-obra-para-tornquist-fotos-y-notas\/#breadcrumb","itemListElement":[{"@type":"ListItem","position":1,"name":"Inicio","item":"https:\/\/www.celttv.com.ar\/"},{"@type":"ListItem","position":2,"name":"COMENZO LA EJECUCION DE UNA IMPORTANTE OBRA PARA TORNQUIST (Fotos y notas)"}]},{"@type":"WebSite","@id":"https:\/\/www.celttv.com.ar\/#website","url":"https:\/\/www.celttv.com.ar\/","name":"CELTTV","description":"Cooperativa El\u00e9ctrica de Tornquist","publisher":{"@id":"https:\/\/www.celttv.com.ar\/#organization"},"potentialAction":[{"@type":"SearchAction","target":{"@type":"EntryPoint","urlTemplate":"https:\/\/www.celttv.com.ar\/?s={search_term_string}"},"query-input":"required name=search_term_string"}],"inLanguage":"es"},{"@type":"Organization","@id":"https:\/\/www.celttv.com.ar\/#organization","name":"CELTTV","url":"https:\/\/www.celttv.com.ar\/","sameAs":["https:\/\/www.youtube.com\/channel\/UCz_oIt8Hig64Ub-EmcNPIhg","https:\/\/www.facebook.com\/celtTV\/"],"logo":{"@type":"ImageObject","inLanguage":"es","@id":"https:\/\/www.celttv.com.ar\/#\/schema\/logo\/image\/","url":"http:\/\/www.celttv.com.ar\/wp-content\/uploads\/2022\/08\/logo-1.png","contentUrl":"http:\/\/www.celttv.com.ar\/wp-content\/uploads\/2022\/08\/logo-1.png","width":461,"height":159,"caption":"CELTTV"},"image":{"@id":"https:\/\/www.celttv.com.ar\/#\/schema\/logo\/image\/"}},{"@type":"Person","@id":"https:\/\/www.celttv.com.ar\/#\/schema\/person\/6d99c072dba59953809c81446e9d0ace","name":"ulises","image":{"@type":"ImageObject","inLanguage":"es","@id":"https:\/\/www.celttv.com.ar\/#\/schema\/person\/image\/","url":"https:\/\/secure.gravatar.com\/avatar\/7f2c48bdc33b30088f941fb6082e555f2874c98e20cb159d7b92b50eadfce793?s=96&d=mm&r=g","contentUrl":"https:\/\/secure.gravatar.com\/avatar\/7f2c48bdc33b30088f941fb6082e555f2874c98e20cb159d7b92b50eadfce793?s=96&d=mm&r=g","caption":"ulises"},"sameAs":["http:\/\/www.celttv.com.ar"]}]}},"_links":{"self":[{"href":"https:\/\/www.celttv.com.ar\/index.php\/wp-json\/wp\/v2\/posts\/12393","targetHints":{"allow":["GET"]}}],"collection":[{"href":"https:\/\/www.celttv.com.ar\/index.php\/wp-json\/wp\/v2\/posts"}],"about":[{"href":"https:\/\/www.celttv.com.ar\/index.php\/wp-json\/wp\/v2\/types\/post"}],"author":[{"embeddable":true,"href":"https:\/\/www.celttv.com.ar\/index.php\/wp-json\/wp\/v2\/users\/1"}],"replies":[{"embeddable":true,"href":"https:\/\/www.celttv.com.ar\/index.php\/wp-json\/wp\/v2\/comments?post=12393"}],"version-history":[{"count":0,"href":"https:\/\/www.celttv.com.ar\/index.php\/wp-json\/wp\/v2\/posts\/12393\/revisions"}],"wp:attachment":[{"href":"https:\/\/www.celttv.com.ar\/index.php\/wp-json\/wp\/v2\/media?parent=12393"}],"wp:term":[{"taxonomy":"category","embeddable":true,"href":"https:\/\/www.celttv.com.ar\/index.php\/wp-json\/wp\/v2\/categories?post=12393"},{"taxonomy":"post_tag","embeddable":true,"href":"https:\/\/www.celttv.com.ar\/index.php\/wp-json\/wp\/v2\/tags?post=12393"}],"curies":[{"name":"wp","href":"https:\/\/api.w.org\/{rel}","templated":true}]}}