{"id":12428,"date":"2013-06-30T14:07:27","date_gmt":"2013-06-30T14:07:27","guid":{"rendered":"http:\/\/www.tvcnoticias.com.ar\/?p=12428"},"modified":"2013-06-30T14:07:27","modified_gmt":"2013-06-30T14:07:27","slug":"pelicura-vivio-un-dia-de-fiesta-y-concientizacion-fotos","status":"publish","type":"post","link":"https:\/\/www.celttv.com.ar\/index.php\/2013\/06\/30\/pelicura-vivio-un-dia-de-fiesta-y-concientizacion-fotos\/","title":{"rendered":"PELICURA VIVIO UN DIA DE FIESTA Y CONCIENTIZACION (Fotos)"},"content":{"rendered":"<p><br \/>\nEl lanzamiento del Programa Puntos Limpios en la localidad, una charla sobre la importancia de reciclar y cuidar el medio ambiente, la forestaci\u00f3n de cuatro ejemplares de roble en la plaza del lugar y la exposici\u00f3n de los trabajos realizados por los chicos de las escuelas para la Feria de Ciencia y Tecnolog\u00eda, conformaron las actividades desarrolladas ayer en Pelicur\u00e1, con la presencia del intendente municipal, licenciado Gustavo Trankels.<br \/>\nLa iniciativa comenz\u00f3 en la Escuela N\u00b0 9 \u201cSan Francisco del Monte\u201d, con la presencia de alumnos, docentes y padres de ese establecimiento, de las escuelas N\u00b0 18 Paraje La Esther y N\u00b0 20 Paraje El Pilar, y del JIRIMM N\u00b0 1.<br \/>\nTambi\u00e9n estuvieron presentes el delegado Rub\u00e9n Malcotti; el secretario de Producci\u00f3n y Medio Ambiente municipal, Ricardo Valentini; el director de la mencionada dependencia, V\u00edctor Ant\u00f3n; la Inspectora Jefe Distrital, profesora Ana Skolak; la Inspectora de Nivel Primario, profesora Patricia Larrainzar; los ingenieros forestales Walter Taylor (de la comuna) y Gustavo Boyer (a cargo de la Estaci\u00f3n Forestal Sierra de la Ventana); y Luis Vilchez (de la misma Estaci\u00f3n Forestal).<br \/>\nLas autoridades recorrieron la muestra perteneciente a la etapa escolar de la Feria de Ciencia y Tecnolog\u00eda, para la cual los alumnos abordaron diferentes tem\u00e1ticas relacionadas con aspectos de la naturaleza. Los chicos se encargaron de explicar cada uno de los proyectos desarrollados, demostrando el inter\u00e9s existente en este tipo de iniciativas.<br \/>\nPosteriormente, V\u00edctor Ant\u00f3n encabez\u00f3 una charla de concientizaci\u00f3n ambiental, que incluy\u00f3 los principales objetivos del Programa Puntos Limpios, que de esta manera contin\u00faa extendi\u00e9ndose por el distrito.<br \/>\nLa tem\u00e1tica tambi\u00e9n abarc\u00f3 la importancia del reciclado, el ciclo del tetra pak, la necesidad de utilizar responsablemente el agua potable y la trascendente decisi\u00f3n tomada hace poco m\u00e1s de un a\u00f1o por la administraci\u00f3n que conduce el intendente Trankels, de prohibir el uso de bolsas tipo camiseta, iniciativa que fue imitada por algunos distritos vecinos.<br \/>\nLa jornada se complet\u00f3 con la entrega de tres ejemplares de Gualeguay para las escuelas N\u00b0 18 y 20, provenientes de la Estaci\u00f3n Forestal que funciona dentro del Parque Provincial Ernesto Tornquist y la forestaci\u00f3n de cuatro robles en el espacio verde de Pelicur\u00e1, uno por cada una de las tres instituciones de la localidad (escuela, jard\u00edn y Club Pelicurense) y otro por la delegaci\u00f3n.<br \/>\nEl intendente Trankels destac\u00f3 la importancia de haber expandido el Programa Puntos Limpios a otra localidad del distrito, con el objetivo de concientizar a la poblaci\u00f3n sobre el reciclado y sus beneficios, acci\u00f3n que permite continuar extendiendo la pol\u00edtica de residuos s\u00f3lidos urbanos iniciada durante su gesti\u00f3n.<br \/>\n\u201cQuiero destacar el compromiso de la gente de Pelicur\u00e1 en colaborar con el cuidado del medio ambiente. Considero que result\u00f3 una jornada muy fruct\u00edfera, debido a que contamos con la participaci\u00f3n de las entidades y los vecinos del lugar. Trabajando juntos continuaremos desarrollando nuestro distrito de manera sustentable, pensando en las generaciones futuras. Agradezco el esfuerzo de las docentes y las instituciones, que nos est\u00e1n apoyando fuertemente en esta iniciativa\u201d, consider\u00f3 el jefe comunal.<br \/>\n&nbsp;<\/p>\n","protected":false},"excerpt":{"rendered":"<p>El lanzamiento del Programa Puntos Limpios en la localidad, una charla sobre la importancia de reciclar y cuidar el medio ambiente, la forestaci\u00f3n de cuatro ejemplares de roble en la plaza del lugar y la exposici\u00f3n de los trabajos realizados por los chicos de las escuelas para la Feria de Ciencia y Tecnolog\u00eda, conformaron las [&hellip;]<\/p>\n","protected":false},"author":1,"featured_media":0,"comment_status":"closed","ping_status":"open","sticky":false,"template":"","format":"standard","meta":{"footnotes":""},"categories":[51,52,53],"tags":[],"class_list":["post-12428","post","type-post","status-publish","format-standard","hentry","category-comunidad","category-destacadas","category-politica"],"yoast_head":"<!-- This site is optimized with the Yoast SEO plugin v19.7.1 - https:\/\/yoast.com\/wordpress\/plugins\/seo\/ -->\n<title>PELICURA VIVIO UN DIA DE FIESTA Y CONCIENTIZACION (Fotos) - CELTTV<\/title>\n<meta name=\"description\" content=\"Sitio web de noticias de la localidad de Tornquist, provincia de Buenos Aires, Rep\u00fablica Argentina. Contenido propio originado por periodistas de CELTTV, el canal de TV local de la Cooperativa El\u00e9ctrica de Tornquist. Turismo, Pol\u00edtica, Sociedad, Deporte, Cultura y todo el contenido de inter\u00e9s general que la gente del pueblo y la regi\u00f3n debe conocer.\" \/>\n<meta name=\"robots\" content=\"index, follow, max-snippet:-1, max-image-preview:large, max-video-preview:-1\" \/>\n<link rel=\"canonical\" href=\"https:\/\/www.celttv.com.ar\/index.php\/2013\/06\/30\/pelicura-vivio-un-dia-de-fiesta-y-concientizacion-fotos\/\" \/>\n<meta property=\"og:locale\" content=\"es_ES\" \/>\n<meta property=\"og:type\" content=\"article\" \/>\n<meta property=\"og:title\" content=\"PELICURA VIVIO UN DIA DE FIESTA Y CONCIENTIZACION (Fotos) - CELTTV\" \/>\n<meta property=\"og:description\" content=\"Sitio web de noticias de la localidad de Tornquist, provincia de Buenos Aires, Rep\u00fablica Argentina. Contenido propio originado por periodistas de CELTTV, el canal de TV local de la Cooperativa El\u00e9ctrica de Tornquist. Turismo, Pol\u00edtica, Sociedad, Deporte, Cultura y todo el contenido de inter\u00e9s general que la gente del pueblo y la regi\u00f3n debe conocer.\" \/>\n<meta property=\"og:url\" content=\"https:\/\/www.celttv.com.ar\/index.php\/2013\/06\/30\/pelicura-vivio-un-dia-de-fiesta-y-concientizacion-fotos\/\" \/>\n<meta property=\"og:site_name\" content=\"CELTTV\" \/>\n<meta property=\"article:publisher\" content=\"https:\/\/www.facebook.com\/celtTV\/\" \/>\n<meta property=\"article:published_time\" content=\"2013-06-30T14:07:27+00:00\" \/>\n<meta name=\"author\" content=\"ulises\" \/>\n<meta name=\"twitter:card\" content=\"summary_large_image\" \/>\n<meta name=\"twitter:label1\" content=\"Escrito por\" \/>\n\t<meta name=\"twitter:data1\" content=\"ulises\" \/>\n\t<meta name=\"twitter:label2\" content=\"Tiempo de lectura\" \/>\n\t<meta name=\"twitter:data2\" content=\"3 minutos\" \/>\n<script type=\"application\/ld+json\" class=\"yoast-schema-graph\">{\"@context\":\"https:\/\/schema.org\",\"@graph\":[{\"@type\":\"NewsArticle\",\"@id\":\"https:\/\/www.celttv.com.ar\/index.php\/2013\/06\/30\/pelicura-vivio-un-dia-de-fiesta-y-concientizacion-fotos\/#article\",\"isPartOf\":{\"@id\":\"https:\/\/www.celttv.com.ar\/index.php\/2013\/06\/30\/pelicura-vivio-un-dia-de-fiesta-y-concientizacion-fotos\/\"},\"author\":{\"name\":\"ulises\",\"@id\":\"https:\/\/www.celttv.com.ar\/#\/schema\/person\/6d99c072dba59953809c81446e9d0ace\"},\"headline\":\"PELICURA VIVIO UN DIA DE FIESTA Y CONCIENTIZACION (Fotos)\",\"datePublished\":\"2013-06-30T14:07:27+00:00\",\"dateModified\":\"2013-06-30T14:07:27+00:00\",\"mainEntityOfPage\":{\"@id\":\"https:\/\/www.celttv.com.ar\/index.php\/2013\/06\/30\/pelicura-vivio-un-dia-de-fiesta-y-concientizacion-fotos\/\"},\"wordCount\":545,\"publisher\":{\"@id\":\"https:\/\/www.celttv.com.ar\/#organization\"},\"articleSection\":[\"Comunidad\",\"Destacadas\",\"Pol\u00edtica\"],\"inLanguage\":\"es\"},{\"@type\":\"WebPage\",\"@id\":\"https:\/\/www.celttv.com.ar\/index.php\/2013\/06\/30\/pelicura-vivio-un-dia-de-fiesta-y-concientizacion-fotos\/\",\"url\":\"https:\/\/www.celttv.com.ar\/index.php\/2013\/06\/30\/pelicura-vivio-un-dia-de-fiesta-y-concientizacion-fotos\/\",\"name\":\"PELICURA VIVIO UN DIA DE FIESTA Y CONCIENTIZACION (Fotos) - CELTTV\",\"isPartOf\":{\"@id\":\"https:\/\/www.celttv.com.ar\/#website\"},\"datePublished\":\"2013-06-30T14:07:27+00:00\",\"dateModified\":\"2013-06-30T14:07:27+00:00\",\"description\":\"Sitio web de noticias de la localidad de Tornquist, provincia de Buenos Aires, Rep\u00fablica Argentina. Contenido propio originado por periodistas de CELTTV, el canal de TV local de la Cooperativa El\u00e9ctrica de Tornquist. Turismo, Pol\u00edtica, Sociedad, Deporte, Cultura y todo el contenido de inter\u00e9s general que la gente del pueblo y la regi\u00f3n debe conocer.\",\"breadcrumb\":{\"@id\":\"https:\/\/www.celttv.com.ar\/index.php\/2013\/06\/30\/pelicura-vivio-un-dia-de-fiesta-y-concientizacion-fotos\/#breadcrumb\"},\"inLanguage\":\"es\",\"potentialAction\":[{\"@type\":\"ReadAction\",\"target\":[\"https:\/\/www.celttv.com.ar\/index.php\/2013\/06\/30\/pelicura-vivio-un-dia-de-fiesta-y-concientizacion-fotos\/\"]}]},{\"@type\":\"BreadcrumbList\",\"@id\":\"https:\/\/www.celttv.com.ar\/index.php\/2013\/06\/30\/pelicura-vivio-un-dia-de-fiesta-y-concientizacion-fotos\/#breadcrumb\",\"itemListElement\":[{\"@type\":\"ListItem\",\"position\":1,\"name\":\"Inicio\",\"item\":\"https:\/\/www.celttv.com.ar\/\"},{\"@type\":\"ListItem\",\"position\":2,\"name\":\"PELICURA VIVIO UN DIA DE FIESTA Y CONCIENTIZACION (Fotos)\"}]},{\"@type\":\"WebSite\",\"@id\":\"https:\/\/www.celttv.com.ar\/#website\",\"url\":\"https:\/\/www.celttv.com.ar\/\",\"name\":\"CELTTV\",\"description\":\"Cooperativa El\u00e9ctrica de Tornquist\",\"publisher\":{\"@id\":\"https:\/\/www.celttv.com.ar\/#organization\"},\"potentialAction\":[{\"@type\":\"SearchAction\",\"target\":{\"@type\":\"EntryPoint\",\"urlTemplate\":\"https:\/\/www.celttv.com.ar\/?s={search_term_string}\"},\"query-input\":\"required name=search_term_string\"}],\"inLanguage\":\"es\"},{\"@type\":\"Organization\",\"@id\":\"https:\/\/www.celttv.com.ar\/#organization\",\"name\":\"CELTTV\",\"url\":\"https:\/\/www.celttv.com.ar\/\",\"sameAs\":[\"https:\/\/www.youtube.com\/channel\/UCz_oIt8Hig64Ub-EmcNPIhg\",\"https:\/\/www.facebook.com\/celtTV\/\"],\"logo\":{\"@type\":\"ImageObject\",\"inLanguage\":\"es\",\"@id\":\"https:\/\/www.celttv.com.ar\/#\/schema\/logo\/image\/\",\"url\":\"http:\/\/www.celttv.com.ar\/wp-content\/uploads\/2022\/08\/logo-1.png\",\"contentUrl\":\"http:\/\/www.celttv.com.ar\/wp-content\/uploads\/2022\/08\/logo-1.png\",\"width\":461,\"height\":159,\"caption\":\"CELTTV\"},\"image\":{\"@id\":\"https:\/\/www.celttv.com.ar\/#\/schema\/logo\/image\/\"}},{\"@type\":\"Person\",\"@id\":\"https:\/\/www.celttv.com.ar\/#\/schema\/person\/6d99c072dba59953809c81446e9d0ace\",\"name\":\"ulises\",\"image\":{\"@type\":\"ImageObject\",\"inLanguage\":\"es\",\"@id\":\"https:\/\/www.celttv.com.ar\/#\/schema\/person\/image\/\",\"url\":\"https:\/\/secure.gravatar.com\/avatar\/7f2c48bdc33b30088f941fb6082e555f2874c98e20cb159d7b92b50eadfce793?s=96&d=mm&r=g\",\"contentUrl\":\"https:\/\/secure.gravatar.com\/avatar\/7f2c48bdc33b30088f941fb6082e555f2874c98e20cb159d7b92b50eadfce793?s=96&d=mm&r=g\",\"caption\":\"ulises\"},\"sameAs\":[\"http:\/\/www.celttv.com.ar\"]}]}<\/script>\n<!-- \/ Yoast SEO plugin. -->","yoast_head_json":{"title":"PELICURA VIVIO UN DIA DE FIESTA Y CONCIENTIZACION (Fotos) - CELTTV","description":"Sitio web de noticias de la localidad de Tornquist, provincia de Buenos Aires, Rep\u00fablica Argentina. Contenido propio originado por periodistas de CELTTV, el canal de TV local de la Cooperativa El\u00e9ctrica de Tornquist. Turismo, Pol\u00edtica, Sociedad, Deporte, Cultura y todo el contenido de inter\u00e9s general que la gente del pueblo y la regi\u00f3n debe conocer.","robots":{"index":"index","follow":"follow","max-snippet":"max-snippet:-1","max-image-preview":"max-image-preview:large","max-video-preview":"max-video-preview:-1"},"canonical":"https:\/\/www.celttv.com.ar\/index.php\/2013\/06\/30\/pelicura-vivio-un-dia-de-fiesta-y-concientizacion-fotos\/","og_locale":"es_ES","og_type":"article","og_title":"PELICURA VIVIO UN DIA DE FIESTA Y CONCIENTIZACION (Fotos) - CELTTV","og_description":"Sitio web de noticias de la localidad de Tornquist, provincia de Buenos Aires, Rep\u00fablica Argentina. Contenido propio originado por periodistas de CELTTV, el canal de TV local de la Cooperativa El\u00e9ctrica de Tornquist. Turismo, Pol\u00edtica, Sociedad, Deporte, Cultura y todo el contenido de inter\u00e9s general que la gente del pueblo y la regi\u00f3n debe conocer.","og_url":"https:\/\/www.celttv.com.ar\/index.php\/2013\/06\/30\/pelicura-vivio-un-dia-de-fiesta-y-concientizacion-fotos\/","og_site_name":"CELTTV","article_publisher":"https:\/\/www.facebook.com\/celtTV\/","article_published_time":"2013-06-30T14:07:27+00:00","author":"ulises","twitter_card":"summary_large_image","twitter_misc":{"Escrito por":"ulises","Tiempo de lectura":"3 minutos"},"schema":{"@context":"https:\/\/schema.org","@graph":[{"@type":"NewsArticle","@id":"https:\/\/www.celttv.com.ar\/index.php\/2013\/06\/30\/pelicura-vivio-un-dia-de-fiesta-y-concientizacion-fotos\/#article","isPartOf":{"@id":"https:\/\/www.celttv.com.ar\/index.php\/2013\/06\/30\/pelicura-vivio-un-dia-de-fiesta-y-concientizacion-fotos\/"},"author":{"name":"ulises","@id":"https:\/\/www.celttv.com.ar\/#\/schema\/person\/6d99c072dba59953809c81446e9d0ace"},"headline":"PELICURA VIVIO UN DIA DE FIESTA Y CONCIENTIZACION (Fotos)","datePublished":"2013-06-30T14:07:27+00:00","dateModified":"2013-06-30T14:07:27+00:00","mainEntityOfPage":{"@id":"https:\/\/www.celttv.com.ar\/index.php\/2013\/06\/30\/pelicura-vivio-un-dia-de-fiesta-y-concientizacion-fotos\/"},"wordCount":545,"publisher":{"@id":"https:\/\/www.celttv.com.ar\/#organization"},"articleSection":["Comunidad","Destacadas","Pol\u00edtica"],"inLanguage":"es"},{"@type":"WebPage","@id":"https:\/\/www.celttv.com.ar\/index.php\/2013\/06\/30\/pelicura-vivio-un-dia-de-fiesta-y-concientizacion-fotos\/","url":"https:\/\/www.celttv.com.ar\/index.php\/2013\/06\/30\/pelicura-vivio-un-dia-de-fiesta-y-concientizacion-fotos\/","name":"PELICURA VIVIO UN DIA DE FIESTA Y CONCIENTIZACION (Fotos) - CELTTV","isPartOf":{"@id":"https:\/\/www.celttv.com.ar\/#website"},"datePublished":"2013-06-30T14:07:27+00:00","dateModified":"2013-06-30T14:07:27+00:00","description":"Sitio web de noticias de la localidad de Tornquist, provincia de Buenos Aires, Rep\u00fablica Argentina. Contenido propio originado por periodistas de CELTTV, el canal de TV local de la Cooperativa El\u00e9ctrica de Tornquist. Turismo, Pol\u00edtica, Sociedad, Deporte, Cultura y todo el contenido de inter\u00e9s general que la gente del pueblo y la regi\u00f3n debe conocer.","breadcrumb":{"@id":"https:\/\/www.celttv.com.ar\/index.php\/2013\/06\/30\/pelicura-vivio-un-dia-de-fiesta-y-concientizacion-fotos\/#breadcrumb"},"inLanguage":"es","potentialAction":[{"@type":"ReadAction","target":["https:\/\/www.celttv.com.ar\/index.php\/2013\/06\/30\/pelicura-vivio-un-dia-de-fiesta-y-concientizacion-fotos\/"]}]},{"@type":"BreadcrumbList","@id":"https:\/\/www.celttv.com.ar\/index.php\/2013\/06\/30\/pelicura-vivio-un-dia-de-fiesta-y-concientizacion-fotos\/#breadcrumb","itemListElement":[{"@type":"ListItem","position":1,"name":"Inicio","item":"https:\/\/www.celttv.com.ar\/"},{"@type":"ListItem","position":2,"name":"PELICURA VIVIO UN DIA DE FIESTA Y CONCIENTIZACION (Fotos)"}]},{"@type":"WebSite","@id":"https:\/\/www.celttv.com.ar\/#website","url":"https:\/\/www.celttv.com.ar\/","name":"CELTTV","description":"Cooperativa El\u00e9ctrica de Tornquist","publisher":{"@id":"https:\/\/www.celttv.com.ar\/#organization"},"potentialAction":[{"@type":"SearchAction","target":{"@type":"EntryPoint","urlTemplate":"https:\/\/www.celttv.com.ar\/?s={search_term_string}"},"query-input":"required name=search_term_string"}],"inLanguage":"es"},{"@type":"Organization","@id":"https:\/\/www.celttv.com.ar\/#organization","name":"CELTTV","url":"https:\/\/www.celttv.com.ar\/","sameAs":["https:\/\/www.youtube.com\/channel\/UCz_oIt8Hig64Ub-EmcNPIhg","https:\/\/www.facebook.com\/celtTV\/"],"logo":{"@type":"ImageObject","inLanguage":"es","@id":"https:\/\/www.celttv.com.ar\/#\/schema\/logo\/image\/","url":"http:\/\/www.celttv.com.ar\/wp-content\/uploads\/2022\/08\/logo-1.png","contentUrl":"http:\/\/www.celttv.com.ar\/wp-content\/uploads\/2022\/08\/logo-1.png","width":461,"height":159,"caption":"CELTTV"},"image":{"@id":"https:\/\/www.celttv.com.ar\/#\/schema\/logo\/image\/"}},{"@type":"Person","@id":"https:\/\/www.celttv.com.ar\/#\/schema\/person\/6d99c072dba59953809c81446e9d0ace","name":"ulises","image":{"@type":"ImageObject","inLanguage":"es","@id":"https:\/\/www.celttv.com.ar\/#\/schema\/person\/image\/","url":"https:\/\/secure.gravatar.com\/avatar\/7f2c48bdc33b30088f941fb6082e555f2874c98e20cb159d7b92b50eadfce793?s=96&d=mm&r=g","contentUrl":"https:\/\/secure.gravatar.com\/avatar\/7f2c48bdc33b30088f941fb6082e555f2874c98e20cb159d7b92b50eadfce793?s=96&d=mm&r=g","caption":"ulises"},"sameAs":["http:\/\/www.celttv.com.ar"]}]}},"_links":{"self":[{"href":"https:\/\/www.celttv.com.ar\/index.php\/wp-json\/wp\/v2\/posts\/12428","targetHints":{"allow":["GET"]}}],"collection":[{"href":"https:\/\/www.celttv.com.ar\/index.php\/wp-json\/wp\/v2\/posts"}],"about":[{"href":"https:\/\/www.celttv.com.ar\/index.php\/wp-json\/wp\/v2\/types\/post"}],"author":[{"embeddable":true,"href":"https:\/\/www.celttv.com.ar\/index.php\/wp-json\/wp\/v2\/users\/1"}],"replies":[{"embeddable":true,"href":"https:\/\/www.celttv.com.ar\/index.php\/wp-json\/wp\/v2\/comments?post=12428"}],"version-history":[{"count":0,"href":"https:\/\/www.celttv.com.ar\/index.php\/wp-json\/wp\/v2\/posts\/12428\/revisions"}],"wp:attachment":[{"href":"https:\/\/www.celttv.com.ar\/index.php\/wp-json\/wp\/v2\/media?parent=12428"}],"wp:term":[{"taxonomy":"category","embeddable":true,"href":"https:\/\/www.celttv.com.ar\/index.php\/wp-json\/wp\/v2\/categories?post=12428"},{"taxonomy":"post_tag","embeddable":true,"href":"https:\/\/www.celttv.com.ar\/index.php\/wp-json\/wp\/v2\/tags?post=12428"}],"curies":[{"name":"wp","href":"https:\/\/api.w.org\/{rel}","templated":true}]}}